
{"id":10585,"date":"2018-08-19T00:06:02","date_gmt":"2018-08-19T03:06:02","guid":{"rendered":"http:\/\/www.oarcanjo.net\/site\/?p=10585"},"modified":"2018-06-25T08:14:20","modified_gmt":"2018-06-25T11:14:20","slug":"santo-ezequiel-moreno-y-diaz-2","status":"publish","type":"post","link":"https:\/\/www.oarcanjo.net\/site\/santo-ezequiel-moreno-y-diaz-2\/","title":{"rendered":"Santo Ezequiel Moreno y Diaz"},"content":{"rendered":"<p><img loading=\"lazy\" decoding=\"async\" src=\"http:\/\/saints.sqpn.com\/sainte43.jpg\" alt=\"\" width=\"210\" height=\"300\" \/><\/p>\n<p>19 de Agosto<\/p>\n<p>Ezequiel Moreno y Diaz nasceu no dia 9 de abril de 1848, em Alfaro Terazona, Espanha. Seus pais, honrados e piedosos, deram aos cinco filhos uma educa\u00e7\u00e3o crist\u00e3. Ezequiel percebeu desde crian\u00e7a a chamada de Deus \u00e0 vida religiosa e mission\u00e1ria.<\/p>\n<p>Seguindo o exemplo do seu irm\u00e3o mais velho, Eust\u00e1quio, em 1864 vestiu o h\u00e1bito religioso no Convento dos agostinianos recoletos de Monteagudo, em Navarra. Tomou o nome de frei Ezequiel de Nossa Senhora do Ros\u00e1rio quando emitiu os votos solenes em 1866. Tr\u00eas anos depois, foi enviado para as Ilhas Filipinas, onde permaneceu por quinze anos, ganhando notoriedade pela integridade do seu apostolado mission\u00e1rio.<\/p>\n<p>Em 1885, Ezequiel Moreno foi nomeado superior do Convento de Monteagudo, retornando para a Espanha. Ap\u00f3s tr\u00eas anos, quando terminou o seu mandato, os irm\u00e3os da Col\u00f4mbia pediram ajuda \u00e0 Espanha e ele se ofereceu como volunt\u00e1rio. Nomeado superior da expedi\u00e7\u00e3o de sete mission\u00e1rios, em 1888, partiu da Espanha em dire\u00e7\u00e3o \u00e0 Col\u00f4mbia.<\/p>\n<p>Antes de tudo, restabeleceu a observ\u00e2ncia das Regras religiosas nas comunidades da Ordem. Depois, trabalhou para a reativa\u00e7\u00e3o das miss\u00f5es de Los Llanos de Casanare, exercida, anteriormente, pelos agostinianos recoletos.<\/p>\n<p>Com cartas exaltando a necessidade e o valor das miss\u00f5es, despertava o entusiasmo do governo e das autoridades eclesi\u00e1sticas, al\u00e9m de estimular o \u00e2nimo dos religiosos.<\/p>\n<p>Ezequiel Moreno foi consagrado bispo de Pinara e vig\u00e1rio apost\u00f3lico de Casanare em 1894. Pretendia acabar ali os seus dias, por\u00e9m Deus o tinha destinado para uma tarefa mais \u00e1rdua e delicada. Um ano depois, foi nomeado bispo de Pasto. O novo minist\u00e9rio foi seu verdadeiro calv\u00e1rio, sendo submetido \u00e0 humilha\u00e7\u00f5es, menosprezo, cal\u00fanias, persegui\u00e7\u00f5es. Chegou, em algumas circunst\u00e2ncias, a experimentar momentos de abandono por parte dos seus irm\u00e3os do clero.<\/p>\n<p>Assim, para p\u00f4r um fim \u00e0s pol\u00eamicas existentes, em 1898 foi para Roma apresentar sua ren\u00fancia ao papa Le\u00e3o XIII, que n\u00e3o aceitou. Teve, ent\u00e3o, de retornar \u00e0 sua sede episcopal, onde, al\u00e9m dos novos ataques pessoais, esperavam-no as afli\u00e7\u00f5es da sangrenta guerra civil que se desencadeara.<\/p>\n<p>Adoeceu em 1905, passando por um r\u00e1pido e sofrido final, acometido por um c\u00e2ncer agressivo no nariz, depois de duas opera\u00e7\u00f5es sem \u00eaxito feitas na Espanha. Morreu no dia 19 de agosto de 1906, na sua cela do Convento de Monteagudo, sendo sepultado na igreja de Nossa Senhora do Caminho, desse convento.<\/p>\n<p>A fama de sua santidade difundiu-se entre os crist\u00e3os, sobretudo nos da Col\u00f4mbia. Muitas curas, especialmente de c\u00e2ncer, foram atribu\u00eddas \u00e0 sua intercess\u00e3o, sendo beatificado em 1975. O an\u00fancio de sua canoniza\u00e7\u00e3o foi feito pelo papa Jo\u00e3o Paulo II em 1992, na cidade de S\u00e3o Domingos, quando apresentou santo Ezequiel Moreno y Diaz ao mundo como exemplo de mission\u00e1rio e pastor, na festa do V Centen\u00e1rio da Evangeliza\u00e7\u00e3o da Am\u00e9rica<\/p>\n<div id=\"themify_builder_content-10585\" data-postid=\"10585\" class=\"themify_builder_content themify_builder_content-10585 themify_builder themify_builder_front\">\n\t<\/div>\n<!-- \/themify_builder_content -->","protected":false},"excerpt":{"rendered":"<p>19 de Agosto Ezequiel Moreno y Diaz nasceu no dia 9 de abril de 1848, em Alfaro Terazona, Espanha. Seus pais, honrados e piedosos, deram aos cinco filhos uma educa\u00e7\u00e3o crist\u00e3. Ezequiel percebeu desde crian\u00e7a a chamada de Deus \u00e0 vida religiosa e mission\u00e1ria. Seguindo o exemplo do seu irm\u00e3o mais velho, Eust\u00e1quio, em 1864 [&hellip;]<\/p>\n","protected":false},"author":14,"featured_media":0,"comment_status":"open","ping_status":"open","sticky":false,"template":"","format":"standard","meta":{"ngg_post_thumbnail":0,"footnotes":""},"categories":[186],"tags":[],"yoast_head":"<!-- This site is optimized with the Yoast SEO plugin v23.5 - https:\/\/yoast.com\/wordpress\/plugins\/seo\/ -->\n<title>Santo Ezequiel Moreno y Diaz - O Arcanjo no ar<\/title>\n<meta name=\"robots\" content=\"index, follow, max-snippet:-1, max-image-preview:large, max-video-preview:-1\" \/>\n<link rel=\"canonical\" href=\"https:\/\/www.oarcanjo.net\/site\/santo-ezequiel-moreno-y-diaz-2\/\" \/>\n<meta property=\"og:locale\" content=\"pt_BR\" \/>\n<meta property=\"og:type\" content=\"article\" \/>\n<meta property=\"og:title\" content=\"Santo Ezequiel Moreno y Diaz - O Arcanjo no ar\" \/>\n<meta property=\"og:description\" content=\"19 de Agosto Ezequiel Moreno y Diaz nasceu no dia 9 de abril de 1848, em Alfaro Terazona, Espanha. Seus pais, honrados e piedosos, deram aos cinco filhos uma educa\u00e7\u00e3o crist\u00e3. Ezequiel percebeu desde crian\u00e7a a chamada de Deus \u00e0 vida religiosa e mission\u00e1ria. Seguindo o exemplo do seu irm\u00e3o mais velho, Eust\u00e1quio, em 1864 [&hellip;]\" \/>\n<meta property=\"og:url\" content=\"https:\/\/www.oarcanjo.net\/site\/santo-ezequiel-moreno-y-diaz-2\/\" \/>\n<meta property=\"og:site_name\" content=\"O Arcanjo no ar\" \/>\n<meta property=\"article:publisher\" content=\"https:\/\/www.facebook.com\/OArcanjoNoAr\/\" \/>\n<meta property=\"article:published_time\" content=\"2018-08-19T03:06:02+00:00\" \/>\n<meta property=\"article:modified_time\" content=\"2018-06-25T11:14:20+00:00\" \/>\n<meta property=\"og:image\" content=\"http:\/\/saints.sqpn.com\/sainte43.jpg\" \/>\n<meta name=\"author\" content=\"danilo\" \/>\n<meta name=\"twitter:card\" content=\"summary_large_image\" \/>\n<meta name=\"twitter:label1\" content=\"Escrito por\" \/>\n\t<meta name=\"twitter:data1\" content=\"danilo\" \/>\n\t<meta name=\"twitter:label2\" content=\"Est. tempo de leitura\" \/>\n\t<meta name=\"twitter:data2\" content=\"2 minutos\" \/>\n<script type=\"application\/ld+json\" class=\"yoast-schema-graph\">{\"@context\":\"https:\/\/schema.org\",\"@graph\":[{\"@type\":\"Article\",\"@id\":\"https:\/\/www.oarcanjo.net\/site\/santo-ezequiel-moreno-y-diaz-2\/#article\",\"isPartOf\":{\"@id\":\"https:\/\/www.oarcanjo.net\/site\/santo-ezequiel-moreno-y-diaz-2\/\"},\"author\":{\"name\":\"danilo\",\"@id\":\"https:\/\/www.oarcanjo.net\/site\/#\/schema\/person\/5eb9480bedd2f3c97e430ce128c29c6c\"},\"headline\":\"Santo Ezequiel Moreno y Diaz\",\"datePublished\":\"2018-08-19T03:06:02+00:00\",\"dateModified\":\"2018-06-25T11:14:20+00:00\",\"mainEntityOfPage\":{\"@id\":\"https:\/\/www.oarcanjo.net\/site\/santo-ezequiel-moreno-y-diaz-2\/\"},\"wordCount\":499,\"commentCount\":1,\"publisher\":{\"@id\":\"https:\/\/www.oarcanjo.net\/site\/#organization\"},\"image\":{\"@id\":\"https:\/\/www.oarcanjo.net\/site\/santo-ezequiel-moreno-y-diaz-2\/#primaryimage\"},\"thumbnailUrl\":\"http:\/\/saints.sqpn.com\/sainte43.jpg\",\"articleSection\":[\"Testemunhos\"],\"inLanguage\":\"pt-BR\",\"potentialAction\":[{\"@type\":\"CommentAction\",\"name\":\"Comment\",\"target\":[\"https:\/\/www.oarcanjo.net\/site\/santo-ezequiel-moreno-y-diaz-2\/#respond\"]}]},{\"@type\":\"WebPage\",\"@id\":\"https:\/\/www.oarcanjo.net\/site\/santo-ezequiel-moreno-y-diaz-2\/\",\"url\":\"https:\/\/www.oarcanjo.net\/site\/santo-ezequiel-moreno-y-diaz-2\/\",\"name\":\"Santo Ezequiel Moreno y Diaz - O Arcanjo no ar\",\"isPartOf\":{\"@id\":\"https:\/\/www.oarcanjo.net\/site\/#website\"},\"primaryImageOfPage\":{\"@id\":\"https:\/\/www.oarcanjo.net\/site\/santo-ezequiel-moreno-y-diaz-2\/#primaryimage\"},\"image\":{\"@id\":\"https:\/\/www.oarcanjo.net\/site\/santo-ezequiel-moreno-y-diaz-2\/#primaryimage\"},\"thumbnailUrl\":\"http:\/\/saints.sqpn.com\/sainte43.jpg\",\"datePublished\":\"2018-08-19T03:06:02+00:00\",\"dateModified\":\"2018-06-25T11:14:20+00:00\",\"breadcrumb\":{\"@id\":\"https:\/\/www.oarcanjo.net\/site\/santo-ezequiel-moreno-y-diaz-2\/#breadcrumb\"},\"inLanguage\":\"pt-BR\",\"potentialAction\":[{\"@type\":\"ReadAction\",\"target\":[\"https:\/\/www.oarcanjo.net\/site\/santo-ezequiel-moreno-y-diaz-2\/\"]}]},{\"@type\":\"ImageObject\",\"inLanguage\":\"pt-BR\",\"@id\":\"https:\/\/www.oarcanjo.net\/site\/santo-ezequiel-moreno-y-diaz-2\/#primaryimage\",\"url\":\"http:\/\/saints.sqpn.com\/sainte43.jpg\",\"contentUrl\":\"http:\/\/saints.sqpn.com\/sainte43.jpg\"},{\"@type\":\"BreadcrumbList\",\"@id\":\"https:\/\/www.oarcanjo.net\/site\/santo-ezequiel-moreno-y-diaz-2\/#breadcrumb\",\"itemListElement\":[{\"@type\":\"ListItem\",\"position\":1,\"name\":\"In\u00edcio\",\"item\":\"https:\/\/www.oarcanjo.net\/site\/\"},{\"@type\":\"ListItem\",\"position\":2,\"name\":\"Santo Ezequiel Moreno y Diaz\"}]},{\"@type\":\"WebSite\",\"@id\":\"https:\/\/www.oarcanjo.net\/site\/#website\",\"url\":\"https:\/\/www.oarcanjo.net\/site\/\",\"name\":\"O Arcanjo no ar\",\"description\":\"Site da Par\u00f3quia S\u00e3o Miguel Arcanjo (Arquidiocese de SP)\",\"publisher\":{\"@id\":\"https:\/\/www.oarcanjo.net\/site\/#organization\"},\"potentialAction\":[{\"@type\":\"SearchAction\",\"target\":{\"@type\":\"EntryPoint\",\"urlTemplate\":\"https:\/\/www.oarcanjo.net\/site\/?s={search_term_string}\"},\"query-input\":{\"@type\":\"PropertyValueSpecification\",\"valueRequired\":true,\"valueName\":\"search_term_string\"}}],\"inLanguage\":\"pt-BR\"},{\"@type\":\"Organization\",\"@id\":\"https:\/\/www.oarcanjo.net\/site\/#organization\",\"name\":\"Par\u00f3quia S\u00e3o Miguel Arcanjo\",\"url\":\"https:\/\/www.oarcanjo.net\/site\/\",\"logo\":{\"@type\":\"ImageObject\",\"inLanguage\":\"pt-BR\",\"@id\":\"https:\/\/www.oarcanjo.net\/site\/#\/schema\/logo\/image\/\",\"url\":\"https:\/\/www.oarcanjo.net\/site\/wp-content\/uploads\/LogoOArcanjo.png\",\"contentUrl\":\"https:\/\/www.oarcanjo.net\/site\/wp-content\/uploads\/LogoOArcanjo.png\",\"width\":319,\"height\":99,\"caption\":\"Par\u00f3quia S\u00e3o Miguel Arcanjo\"},\"image\":{\"@id\":\"https:\/\/www.oarcanjo.net\/site\/#\/schema\/logo\/image\/\"},\"sameAs\":[\"https:\/\/www.facebook.com\/OArcanjoNoAr\/\"]},{\"@type\":\"Person\",\"@id\":\"https:\/\/www.oarcanjo.net\/site\/#\/schema\/person\/5eb9480bedd2f3c97e430ce128c29c6c\",\"name\":\"danilo\"}]}<\/script>\n<!-- \/ Yoast SEO plugin. -->","yoast_head_json":{"title":"Santo Ezequiel Moreno y Diaz - O Arcanjo no ar","robots":{"index":"index","follow":"follow","max-snippet":"max-snippet:-1","max-image-preview":"max-image-preview:large","max-video-preview":"max-video-preview:-1"},"canonical":"https:\/\/www.oarcanjo.net\/site\/santo-ezequiel-moreno-y-diaz-2\/","og_locale":"pt_BR","og_type":"article","og_title":"Santo Ezequiel Moreno y Diaz - O Arcanjo no ar","og_description":"19 de Agosto Ezequiel Moreno y Diaz nasceu no dia 9 de abril de 1848, em Alfaro Terazona, Espanha. Seus pais, honrados e piedosos, deram aos cinco filhos uma educa\u00e7\u00e3o crist\u00e3. Ezequiel percebeu desde crian\u00e7a a chamada de Deus \u00e0 vida religiosa e mission\u00e1ria. Seguindo o exemplo do seu irm\u00e3o mais velho, Eust\u00e1quio, em 1864 [&hellip;]","og_url":"https:\/\/www.oarcanjo.net\/site\/santo-ezequiel-moreno-y-diaz-2\/","og_site_name":"O Arcanjo no ar","article_publisher":"https:\/\/www.facebook.com\/OArcanjoNoAr\/","article_published_time":"2018-08-19T03:06:02+00:00","article_modified_time":"2018-06-25T11:14:20+00:00","og_image":[{"url":"http:\/\/saints.sqpn.com\/sainte43.jpg"}],"author":"danilo","twitter_card":"summary_large_image","twitter_misc":{"Escrito por":"danilo","Est. tempo de leitura":"2 minutos"},"schema":{"@context":"https:\/\/schema.org","@graph":[{"@type":"Article","@id":"https:\/\/www.oarcanjo.net\/site\/santo-ezequiel-moreno-y-diaz-2\/#article","isPartOf":{"@id":"https:\/\/www.oarcanjo.net\/site\/santo-ezequiel-moreno-y-diaz-2\/"},"author":{"name":"danilo","@id":"https:\/\/www.oarcanjo.net\/site\/#\/schema\/person\/5eb9480bedd2f3c97e430ce128c29c6c"},"headline":"Santo Ezequiel Moreno y Diaz","datePublished":"2018-08-19T03:06:02+00:00","dateModified":"2018-06-25T11:14:20+00:00","mainEntityOfPage":{"@id":"https:\/\/www.oarcanjo.net\/site\/santo-ezequiel-moreno-y-diaz-2\/"},"wordCount":499,"commentCount":1,"publisher":{"@id":"https:\/\/www.oarcanjo.net\/site\/#organization"},"image":{"@id":"https:\/\/www.oarcanjo.net\/site\/santo-ezequiel-moreno-y-diaz-2\/#primaryimage"},"thumbnailUrl":"http:\/\/saints.sqpn.com\/sainte43.jpg","articleSection":["Testemunhos"],"inLanguage":"pt-BR","potentialAction":[{"@type":"CommentAction","name":"Comment","target":["https:\/\/www.oarcanjo.net\/site\/santo-ezequiel-moreno-y-diaz-2\/#respond"]}]},{"@type":"WebPage","@id":"https:\/\/www.oarcanjo.net\/site\/santo-ezequiel-moreno-y-diaz-2\/","url":"https:\/\/www.oarcanjo.net\/site\/santo-ezequiel-moreno-y-diaz-2\/","name":"Santo Ezequiel Moreno y Diaz - O Arcanjo no ar","isPartOf":{"@id":"https:\/\/www.oarcanjo.net\/site\/#website"},"primaryImageOfPage":{"@id":"https:\/\/www.oarcanjo.net\/site\/santo-ezequiel-moreno-y-diaz-2\/#primaryimage"},"image":{"@id":"https:\/\/www.oarcanjo.net\/site\/santo-ezequiel-moreno-y-diaz-2\/#primaryimage"},"thumbnailUrl":"http:\/\/saints.sqpn.com\/sainte43.jpg","datePublished":"2018-08-19T03:06:02+00:00","dateModified":"2018-06-25T11:14:20+00:00","breadcrumb":{"@id":"https:\/\/www.oarcanjo.net\/site\/santo-ezequiel-moreno-y-diaz-2\/#breadcrumb"},"inLanguage":"pt-BR","potentialAction":[{"@type":"ReadAction","target":["https:\/\/www.oarcanjo.net\/site\/santo-ezequiel-moreno-y-diaz-2\/"]}]},{"@type":"ImageObject","inLanguage":"pt-BR","@id":"https:\/\/www.oarcanjo.net\/site\/santo-ezequiel-moreno-y-diaz-2\/#primaryimage","url":"http:\/\/saints.sqpn.com\/sainte43.jpg","contentUrl":"http:\/\/saints.sqpn.com\/sainte43.jpg"},{"@type":"BreadcrumbList","@id":"https:\/\/www.oarcanjo.net\/site\/santo-ezequiel-moreno-y-diaz-2\/#breadcrumb","itemListElement":[{"@type":"ListItem","position":1,"name":"In\u00edcio","item":"https:\/\/www.oarcanjo.net\/site\/"},{"@type":"ListItem","position":2,"name":"Santo Ezequiel Moreno y Diaz"}]},{"@type":"WebSite","@id":"https:\/\/www.oarcanjo.net\/site\/#website","url":"https:\/\/www.oarcanjo.net\/site\/","name":"O Arcanjo no ar","description":"Site da Par\u00f3quia S\u00e3o Miguel Arcanjo (Arquidiocese de SP)","publisher":{"@id":"https:\/\/www.oarcanjo.net\/site\/#organization"},"potentialAction":[{"@type":"SearchAction","target":{"@type":"EntryPoint","urlTemplate":"https:\/\/www.oarcanjo.net\/site\/?s={search_term_string}"},"query-input":{"@type":"PropertyValueSpecification","valueRequired":true,"valueName":"search_term_string"}}],"inLanguage":"pt-BR"},{"@type":"Organization","@id":"https:\/\/www.oarcanjo.net\/site\/#organization","name":"Par\u00f3quia S\u00e3o Miguel Arcanjo","url":"https:\/\/www.oarcanjo.net\/site\/","logo":{"@type":"ImageObject","inLanguage":"pt-BR","@id":"https:\/\/www.oarcanjo.net\/site\/#\/schema\/logo\/image\/","url":"https:\/\/www.oarcanjo.net\/site\/wp-content\/uploads\/LogoOArcanjo.png","contentUrl":"https:\/\/www.oarcanjo.net\/site\/wp-content\/uploads\/LogoOArcanjo.png","width":319,"height":99,"caption":"Par\u00f3quia S\u00e3o Miguel Arcanjo"},"image":{"@id":"https:\/\/www.oarcanjo.net\/site\/#\/schema\/logo\/image\/"},"sameAs":["https:\/\/www.facebook.com\/OArcanjoNoAr\/"]},{"@type":"Person","@id":"https:\/\/www.oarcanjo.net\/site\/#\/schema\/person\/5eb9480bedd2f3c97e430ce128c29c6c","name":"danilo"}]}},"publishpress_future_action":{"enabled":false,"date":"2026-05-08 05:58:07","action":"category","newStatus":"draft","terms":[],"taxonomy":"category"},"publishpress_future_workflow_manual_trigger":{"enabledWorkflows":[]},"_links":{"self":[{"href":"https:\/\/www.oarcanjo.net\/site\/wp-json\/wp\/v2\/posts\/10585"}],"collection":[{"href":"https:\/\/www.oarcanjo.net\/site\/wp-json\/wp\/v2\/posts"}],"about":[{"href":"https:\/\/www.oarcanjo.net\/site\/wp-json\/wp\/v2\/types\/post"}],"author":[{"embeddable":true,"href":"https:\/\/www.oarcanjo.net\/site\/wp-json\/wp\/v2\/users\/14"}],"replies":[{"embeddable":true,"href":"https:\/\/www.oarcanjo.net\/site\/wp-json\/wp\/v2\/comments?post=10585"}],"version-history":[{"count":1,"href":"https:\/\/www.oarcanjo.net\/site\/wp-json\/wp\/v2\/posts\/10585\/revisions"}],"predecessor-version":[{"id":88845,"href":"https:\/\/www.oarcanjo.net\/site\/wp-json\/wp\/v2\/posts\/10585\/revisions\/88845"}],"wp:attachment":[{"href":"https:\/\/www.oarcanjo.net\/site\/wp-json\/wp\/v2\/media?parent=10585"}],"wp:term":[{"taxonomy":"category","embeddable":true,"href":"https:\/\/www.oarcanjo.net\/site\/wp-json\/wp\/v2\/categories?post=10585"},{"taxonomy":"post_tag","embeddable":true,"href":"https:\/\/www.oarcanjo.net\/site\/wp-json\/wp\/v2\/tags?post=10585"}],"curies":[{"name":"wp","href":"https:\/\/api.w.org\/{rel}","templated":true}]}}