
{"id":10587,"date":"2018-08-19T00:07:56","date_gmt":"2018-08-19T03:07:56","guid":{"rendered":"http:\/\/www.oarcanjo.net\/site\/?p=10587"},"modified":"2018-06-25T08:14:28","modified_gmt":"2018-06-25T11:14:28","slug":"sao-ludovico-luiz-de-anjou","status":"publish","type":"post","link":"https:\/\/www.oarcanjo.net\/site\/sao-ludovico-luiz-de-anjou\/","title":{"rendered":"S\u00e3o Ludovico (Luiz de Anjou)"},"content":{"rendered":"<p><img loading=\"lazy\" decoding=\"async\" src=\"http:\/\/www.derradeirasgracas.com\/images\/1.%20O%20Santo%20do%20Dia%20-%20Fotos\/Santos%20de%20Agosto%20-%20Fotos\/S%C3%A3o%20Ludovico%20(Luiz%20de%20Anjou).gif\" alt=\"\" width=\"121\" height=\"159\" \/><\/p>\n<p>19 de Agosto<\/p>\n<p>Ludovico de Anjou, embora de descend\u00eancia francesa, nasceu na It\u00e1lia, provavelmente na Sardenha, em 1274. Era o mais velho entre os quatorze irm\u00e3os. Sua m\u00e3e era Maria, sobrinha de santa Isabel da Hungria e irm\u00e3 de tr\u00eas pr\u00edncipes que tamb\u00e9m chegaram a ser reis e santos: Est\u00eav\u00e3o, Ladislau e Henrique. Seu pai era Carlos II de Anjou, rei de N\u00e1poles, Sic\u00edlia, Jerusal\u00e9m e Hungria, e filho do papa Inoc\u00eancio II. Ludovico tamb\u00e9m era sobrinho-neto de s\u00e3o Luiz IX, rei da Fran\u00e7a.<\/p>\n<p>Em 1284, come\u00e7ou a crise da Casa Real de Anjou, na It\u00e1lia meridional. O pai de Ludovico tornou-se prisioneiro dos reis de Arag\u00e3o da Espanha, e sua liberdade foi concedida, depois de tr\u00eas anos, mediante troca de ref\u00e9ns. O rei espanhol Afonso III exigiu que esses fossem os tr\u00eas sucessores diretos do rei Carlos II: Ludovico, Roberto e Raimundo.<\/p>\n<p>Eles foram muito maltratados e Ludovico em especial, pois era o mais velho e tinha treze anos de idade. Tratado com aspereza e crueldade, pagando pelo rancor que o rei de Arag\u00e3o nutria pela pol\u00edtica do papa e do rei de Anjou. Motivo que o levou a quebrar todos os acordos firmados antes da troca dos ref\u00e9ns. O cativeiro dos pr\u00edncipes durou sete anos.<\/p>\n<p>Ludovico aceitou a longa pris\u00e3o com abnega\u00e7\u00e3o e paci\u00eancia. Mas j\u00e1 estava acostumado com a vida de penit\u00eancia. Desde pequeno, ele n\u00e3o dormia na sua cama real, preferindo o ch\u00e3o duro e frio. Assim, aquele per\u00edodo no c\u00e1rcere s\u00f3 cristalizou a santidade do jovem pr\u00edncipe. Era tratado cruelmente e deixado junto com os leprosos, os quais cuidava com zelo e carinho. N\u00e3o temia o cont\u00e1gio, que seria motivo de felicidade, pois poderia sofrer um pouco e imitar o sofrimento de Cristo.<\/p>\n<p>Esse seu per\u00edodo de cativeiro foi acompanhado pelos frades da Ordem de S\u00e3o Francisco, principalmente pelo frei Jacques Deuze, depois eleito papa. Foi ele que presenciou e registrou as curas prodigiosas feitas por intercess\u00e3o de Ludovico. Tamb\u00e9m acompanhou o jovem pr\u00edncipe quando ele adoeceu gravemente, testemunhando a sua milagrosa cura e a decis\u00e3o de tornar-se um simples frade franciscano.<\/p>\n<p>Finalmente, a paz voltou entre as fam\u00edlias reais de Arag\u00e3o e Anjou. Em janeiro de 1296, os tr\u00eas pr\u00edncipes foram libertados Assim que chegaram a N\u00e1poles, Ludovico renunciou ao trono real em favor do seu irm\u00e3o Roberto.<\/p>\n<p>Ingressou na vida religiosa no Convento de Ara Coeli, dos franciscanos, em Roma. Em maio do mesmo ano, voltou para N\u00e1poles, onde recebeu as sagradas ordens. Mas foi chamado pelo papa Celestino V, que o queria bispo da diocese de Toulouse, na Fran\u00e7a, que estava vaga. Ludovico, devendo obedi\u00eancia, aceitou.<\/p>\n<p>Por\u00e9m, sendo um frade franciscano, dispensou a luxuosa resid\u00eancia episcopal, preferindo a pobreza dos conventos da irmandade. Todavia, muito enfraquecido, pegou tuberculose. Apesar disso, foi a Roma assistir \u00e0 canoniza\u00e7\u00e3o de Luiz IX, rei da Fran\u00e7a, seu tio-av\u00f4. A fadiga da viagem agravou a doen\u00e7a e ele acabou morrendo, no dia 19 de agosto de 1297, aos vinte e tr\u00eas anos de idade.<\/p>\n<p>O bispo Ludovico de Toulouse foi proclamado santo em 1317 pelo papa Jo\u00e3o XXII, frei Jacques Douze, que presenciou sua penit\u00eancia e suas curas milagrosas durante o cativeiro. As fam\u00edlias da realeza de Anjou e de Arag\u00e3o, unidas, presenciaram a cerim\u00f4nia.<\/p>\n<div id=\"themify_builder_content-10587\" data-postid=\"10587\" class=\"themify_builder_content themify_builder_content-10587 themify_builder themify_builder_front\">\n\t<\/div>\n<!-- \/themify_builder_content -->","protected":false},"excerpt":{"rendered":"<p>19 de Agosto Ludovico de Anjou, embora de descend\u00eancia francesa, nasceu na It\u00e1lia, provavelmente na Sardenha, em 1274. Era o mais velho entre os quatorze irm\u00e3os. Sua m\u00e3e era Maria, sobrinha de santa Isabel da Hungria e irm\u00e3 de tr\u00eas pr\u00edncipes que tamb\u00e9m chegaram a ser reis e santos: Est\u00eav\u00e3o, Ladislau e Henrique. Seu pai [&hellip;]<\/p>\n","protected":false},"author":14,"featured_media":0,"comment_status":"open","ping_status":"open","sticky":false,"template":"","format":"standard","meta":{"ngg_post_thumbnail":0,"footnotes":""},"categories":[186],"tags":[],"yoast_head":"<!-- This site is optimized with the Yoast SEO plugin v23.5 - https:\/\/yoast.com\/wordpress\/plugins\/seo\/ -->\n<title>S\u00e3o Ludovico (Luiz de Anjou) - O Arcanjo no ar<\/title>\n<meta name=\"robots\" content=\"index, follow, max-snippet:-1, max-image-preview:large, max-video-preview:-1\" \/>\n<link rel=\"canonical\" href=\"https:\/\/www.oarcanjo.net\/site\/sao-ludovico-luiz-de-anjou\/\" \/>\n<meta property=\"og:locale\" content=\"pt_BR\" \/>\n<meta property=\"og:type\" content=\"article\" \/>\n<meta property=\"og:title\" content=\"S\u00e3o Ludovico (Luiz de Anjou) - O Arcanjo no ar\" \/>\n<meta property=\"og:description\" content=\"19 de Agosto Ludovico de Anjou, embora de descend\u00eancia francesa, nasceu na It\u00e1lia, provavelmente na Sardenha, em 1274. Era o mais velho entre os quatorze irm\u00e3os. Sua m\u00e3e era Maria, sobrinha de santa Isabel da Hungria e irm\u00e3 de tr\u00eas pr\u00edncipes que tamb\u00e9m chegaram a ser reis e santos: Est\u00eav\u00e3o, Ladislau e Henrique. Seu pai [&hellip;]\" \/>\n<meta property=\"og:url\" content=\"https:\/\/www.oarcanjo.net\/site\/sao-ludovico-luiz-de-anjou\/\" \/>\n<meta property=\"og:site_name\" content=\"O Arcanjo no ar\" \/>\n<meta property=\"article:publisher\" content=\"https:\/\/www.facebook.com\/OArcanjoNoAr\/\" \/>\n<meta property=\"article:published_time\" content=\"2018-08-19T03:07:56+00:00\" \/>\n<meta property=\"article:modified_time\" content=\"2018-06-25T11:14:28+00:00\" \/>\n<meta property=\"og:image\" content=\"http:\/\/www.derradeirasgracas.com\/images\/1.%20O%20Santo%20do%20Dia%20-%20Fotos\/Santos%20de%20Agosto%20-%20Fotos\/S%C3%A3o%20Ludovico%20(Luiz%20de%20Anjou).gif\" \/>\n<meta name=\"author\" content=\"danilo\" \/>\n<meta name=\"twitter:card\" content=\"summary_large_image\" \/>\n<meta name=\"twitter:label1\" content=\"Escrito por\" \/>\n\t<meta name=\"twitter:data1\" content=\"danilo\" \/>\n\t<meta name=\"twitter:label2\" content=\"Est. tempo de leitura\" \/>\n\t<meta name=\"twitter:data2\" content=\"3 minutos\" \/>\n<script type=\"application\/ld+json\" class=\"yoast-schema-graph\">{\"@context\":\"https:\/\/schema.org\",\"@graph\":[{\"@type\":\"Article\",\"@id\":\"https:\/\/www.oarcanjo.net\/site\/sao-ludovico-luiz-de-anjou\/#article\",\"isPartOf\":{\"@id\":\"https:\/\/www.oarcanjo.net\/site\/sao-ludovico-luiz-de-anjou\/\"},\"author\":{\"name\":\"danilo\",\"@id\":\"https:\/\/www.oarcanjo.net\/site\/#\/schema\/person\/5eb9480bedd2f3c97e430ce128c29c6c\"},\"headline\":\"S\u00e3o Ludovico (Luiz de Anjou)\",\"datePublished\":\"2018-08-19T03:07:56+00:00\",\"dateModified\":\"2018-06-25T11:14:28+00:00\",\"mainEntityOfPage\":{\"@id\":\"https:\/\/www.oarcanjo.net\/site\/sao-ludovico-luiz-de-anjou\/\"},\"wordCount\":599,\"commentCount\":0,\"publisher\":{\"@id\":\"https:\/\/www.oarcanjo.net\/site\/#organization\"},\"image\":{\"@id\":\"https:\/\/www.oarcanjo.net\/site\/sao-ludovico-luiz-de-anjou\/#primaryimage\"},\"thumbnailUrl\":\"http:\/\/www.derradeirasgracas.com\/images\/1.%20O%20Santo%20do%20Dia%20-%20Fotos\/Santos%20de%20Agosto%20-%20Fotos\/S%C3%A3o%20Ludovico%20(Luiz%20de%20Anjou).gif\",\"articleSection\":[\"Testemunhos\"],\"inLanguage\":\"pt-BR\",\"potentialAction\":[{\"@type\":\"CommentAction\",\"name\":\"Comment\",\"target\":[\"https:\/\/www.oarcanjo.net\/site\/sao-ludovico-luiz-de-anjou\/#respond\"]}]},{\"@type\":\"WebPage\",\"@id\":\"https:\/\/www.oarcanjo.net\/site\/sao-ludovico-luiz-de-anjou\/\",\"url\":\"https:\/\/www.oarcanjo.net\/site\/sao-ludovico-luiz-de-anjou\/\",\"name\":\"S\u00e3o Ludovico (Luiz de Anjou) - O Arcanjo no ar\",\"isPartOf\":{\"@id\":\"https:\/\/www.oarcanjo.net\/site\/#website\"},\"primaryImageOfPage\":{\"@id\":\"https:\/\/www.oarcanjo.net\/site\/sao-ludovico-luiz-de-anjou\/#primaryimage\"},\"image\":{\"@id\":\"https:\/\/www.oarcanjo.net\/site\/sao-ludovico-luiz-de-anjou\/#primaryimage\"},\"thumbnailUrl\":\"http:\/\/www.derradeirasgracas.com\/images\/1.%20O%20Santo%20do%20Dia%20-%20Fotos\/Santos%20de%20Agosto%20-%20Fotos\/S%C3%A3o%20Ludovico%20(Luiz%20de%20Anjou).gif\",\"datePublished\":\"2018-08-19T03:07:56+00:00\",\"dateModified\":\"2018-06-25T11:14:28+00:00\",\"breadcrumb\":{\"@id\":\"https:\/\/www.oarcanjo.net\/site\/sao-ludovico-luiz-de-anjou\/#breadcrumb\"},\"inLanguage\":\"pt-BR\",\"potentialAction\":[{\"@type\":\"ReadAction\",\"target\":[\"https:\/\/www.oarcanjo.net\/site\/sao-ludovico-luiz-de-anjou\/\"]}]},{\"@type\":\"ImageObject\",\"inLanguage\":\"pt-BR\",\"@id\":\"https:\/\/www.oarcanjo.net\/site\/sao-ludovico-luiz-de-anjou\/#primaryimage\",\"url\":\"http:\/\/www.derradeirasgracas.com\/images\/1.%20O%20Santo%20do%20Dia%20-%20Fotos\/Santos%20de%20Agosto%20-%20Fotos\/S%C3%A3o%20Ludovico%20(Luiz%20de%20Anjou).gif\",\"contentUrl\":\"http:\/\/www.derradeirasgracas.com\/images\/1.%20O%20Santo%20do%20Dia%20-%20Fotos\/Santos%20de%20Agosto%20-%20Fotos\/S%C3%A3o%20Ludovico%20(Luiz%20de%20Anjou).gif\"},{\"@type\":\"BreadcrumbList\",\"@id\":\"https:\/\/www.oarcanjo.net\/site\/sao-ludovico-luiz-de-anjou\/#breadcrumb\",\"itemListElement\":[{\"@type\":\"ListItem\",\"position\":1,\"name\":\"In\u00edcio\",\"item\":\"https:\/\/www.oarcanjo.net\/site\/\"},{\"@type\":\"ListItem\",\"position\":2,\"name\":\"S\u00e3o Ludovico (Luiz de Anjou)\"}]},{\"@type\":\"WebSite\",\"@id\":\"https:\/\/www.oarcanjo.net\/site\/#website\",\"url\":\"https:\/\/www.oarcanjo.net\/site\/\",\"name\":\"O Arcanjo no ar\",\"description\":\"Site da Par\u00f3quia S\u00e3o Miguel Arcanjo (Arquidiocese de SP)\",\"publisher\":{\"@id\":\"https:\/\/www.oarcanjo.net\/site\/#organization\"},\"potentialAction\":[{\"@type\":\"SearchAction\",\"target\":{\"@type\":\"EntryPoint\",\"urlTemplate\":\"https:\/\/www.oarcanjo.net\/site\/?s={search_term_string}\"},\"query-input\":{\"@type\":\"PropertyValueSpecification\",\"valueRequired\":true,\"valueName\":\"search_term_string\"}}],\"inLanguage\":\"pt-BR\"},{\"@type\":\"Organization\",\"@id\":\"https:\/\/www.oarcanjo.net\/site\/#organization\",\"name\":\"Par\u00f3quia S\u00e3o Miguel Arcanjo\",\"url\":\"https:\/\/www.oarcanjo.net\/site\/\",\"logo\":{\"@type\":\"ImageObject\",\"inLanguage\":\"pt-BR\",\"@id\":\"https:\/\/www.oarcanjo.net\/site\/#\/schema\/logo\/image\/\",\"url\":\"https:\/\/www.oarcanjo.net\/site\/wp-content\/uploads\/LogoOArcanjo.png\",\"contentUrl\":\"https:\/\/www.oarcanjo.net\/site\/wp-content\/uploads\/LogoOArcanjo.png\",\"width\":319,\"height\":99,\"caption\":\"Par\u00f3quia S\u00e3o Miguel Arcanjo\"},\"image\":{\"@id\":\"https:\/\/www.oarcanjo.net\/site\/#\/schema\/logo\/image\/\"},\"sameAs\":[\"https:\/\/www.facebook.com\/OArcanjoNoAr\/\"]},{\"@type\":\"Person\",\"@id\":\"https:\/\/www.oarcanjo.net\/site\/#\/schema\/person\/5eb9480bedd2f3c97e430ce128c29c6c\",\"name\":\"danilo\"}]}<\/script>\n<!-- \/ Yoast SEO plugin. -->","yoast_head_json":{"title":"S\u00e3o Ludovico (Luiz de Anjou) - O Arcanjo no ar","robots":{"index":"index","follow":"follow","max-snippet":"max-snippet:-1","max-image-preview":"max-image-preview:large","max-video-preview":"max-video-preview:-1"},"canonical":"https:\/\/www.oarcanjo.net\/site\/sao-ludovico-luiz-de-anjou\/","og_locale":"pt_BR","og_type":"article","og_title":"S\u00e3o Ludovico (Luiz de Anjou) - O Arcanjo no ar","og_description":"19 de Agosto Ludovico de Anjou, embora de descend\u00eancia francesa, nasceu na It\u00e1lia, provavelmente na Sardenha, em 1274. Era o mais velho entre os quatorze irm\u00e3os. Sua m\u00e3e era Maria, sobrinha de santa Isabel da Hungria e irm\u00e3 de tr\u00eas pr\u00edncipes que tamb\u00e9m chegaram a ser reis e santos: Est\u00eav\u00e3o, Ladislau e Henrique. Seu pai [&hellip;]","og_url":"https:\/\/www.oarcanjo.net\/site\/sao-ludovico-luiz-de-anjou\/","og_site_name":"O Arcanjo no ar","article_publisher":"https:\/\/www.facebook.com\/OArcanjoNoAr\/","article_published_time":"2018-08-19T03:07:56+00:00","article_modified_time":"2018-06-25T11:14:28+00:00","og_image":[{"url":"http:\/\/www.derradeirasgracas.com\/images\/1.%20O%20Santo%20do%20Dia%20-%20Fotos\/Santos%20de%20Agosto%20-%20Fotos\/S%C3%A3o%20Ludovico%20(Luiz%20de%20Anjou).gif"}],"author":"danilo","twitter_card":"summary_large_image","twitter_misc":{"Escrito por":"danilo","Est. tempo de leitura":"3 minutos"},"schema":{"@context":"https:\/\/schema.org","@graph":[{"@type":"Article","@id":"https:\/\/www.oarcanjo.net\/site\/sao-ludovico-luiz-de-anjou\/#article","isPartOf":{"@id":"https:\/\/www.oarcanjo.net\/site\/sao-ludovico-luiz-de-anjou\/"},"author":{"name":"danilo","@id":"https:\/\/www.oarcanjo.net\/site\/#\/schema\/person\/5eb9480bedd2f3c97e430ce128c29c6c"},"headline":"S\u00e3o Ludovico (Luiz de Anjou)","datePublished":"2018-08-19T03:07:56+00:00","dateModified":"2018-06-25T11:14:28+00:00","mainEntityOfPage":{"@id":"https:\/\/www.oarcanjo.net\/site\/sao-ludovico-luiz-de-anjou\/"},"wordCount":599,"commentCount":0,"publisher":{"@id":"https:\/\/www.oarcanjo.net\/site\/#organization"},"image":{"@id":"https:\/\/www.oarcanjo.net\/site\/sao-ludovico-luiz-de-anjou\/#primaryimage"},"thumbnailUrl":"http:\/\/www.derradeirasgracas.com\/images\/1.%20O%20Santo%20do%20Dia%20-%20Fotos\/Santos%20de%20Agosto%20-%20Fotos\/S%C3%A3o%20Ludovico%20(Luiz%20de%20Anjou).gif","articleSection":["Testemunhos"],"inLanguage":"pt-BR","potentialAction":[{"@type":"CommentAction","name":"Comment","target":["https:\/\/www.oarcanjo.net\/site\/sao-ludovico-luiz-de-anjou\/#respond"]}]},{"@type":"WebPage","@id":"https:\/\/www.oarcanjo.net\/site\/sao-ludovico-luiz-de-anjou\/","url":"https:\/\/www.oarcanjo.net\/site\/sao-ludovico-luiz-de-anjou\/","name":"S\u00e3o Ludovico (Luiz de Anjou) - O Arcanjo no ar","isPartOf":{"@id":"https:\/\/www.oarcanjo.net\/site\/#website"},"primaryImageOfPage":{"@id":"https:\/\/www.oarcanjo.net\/site\/sao-ludovico-luiz-de-anjou\/#primaryimage"},"image":{"@id":"https:\/\/www.oarcanjo.net\/site\/sao-ludovico-luiz-de-anjou\/#primaryimage"},"thumbnailUrl":"http:\/\/www.derradeirasgracas.com\/images\/1.%20O%20Santo%20do%20Dia%20-%20Fotos\/Santos%20de%20Agosto%20-%20Fotos\/S%C3%A3o%20Ludovico%20(Luiz%20de%20Anjou).gif","datePublished":"2018-08-19T03:07:56+00:00","dateModified":"2018-06-25T11:14:28+00:00","breadcrumb":{"@id":"https:\/\/www.oarcanjo.net\/site\/sao-ludovico-luiz-de-anjou\/#breadcrumb"},"inLanguage":"pt-BR","potentialAction":[{"@type":"ReadAction","target":["https:\/\/www.oarcanjo.net\/site\/sao-ludovico-luiz-de-anjou\/"]}]},{"@type":"ImageObject","inLanguage":"pt-BR","@id":"https:\/\/www.oarcanjo.net\/site\/sao-ludovico-luiz-de-anjou\/#primaryimage","url":"http:\/\/www.derradeirasgracas.com\/images\/1.%20O%20Santo%20do%20Dia%20-%20Fotos\/Santos%20de%20Agosto%20-%20Fotos\/S%C3%A3o%20Ludovico%20(Luiz%20de%20Anjou).gif","contentUrl":"http:\/\/www.derradeirasgracas.com\/images\/1.%20O%20Santo%20do%20Dia%20-%20Fotos\/Santos%20de%20Agosto%20-%20Fotos\/S%C3%A3o%20Ludovico%20(Luiz%20de%20Anjou).gif"},{"@type":"BreadcrumbList","@id":"https:\/\/www.oarcanjo.net\/site\/sao-ludovico-luiz-de-anjou\/#breadcrumb","itemListElement":[{"@type":"ListItem","position":1,"name":"In\u00edcio","item":"https:\/\/www.oarcanjo.net\/site\/"},{"@type":"ListItem","position":2,"name":"S\u00e3o Ludovico (Luiz de Anjou)"}]},{"@type":"WebSite","@id":"https:\/\/www.oarcanjo.net\/site\/#website","url":"https:\/\/www.oarcanjo.net\/site\/","name":"O Arcanjo no ar","description":"Site da Par\u00f3quia S\u00e3o Miguel Arcanjo (Arquidiocese de SP)","publisher":{"@id":"https:\/\/www.oarcanjo.net\/site\/#organization"},"potentialAction":[{"@type":"SearchAction","target":{"@type":"EntryPoint","urlTemplate":"https:\/\/www.oarcanjo.net\/site\/?s={search_term_string}"},"query-input":{"@type":"PropertyValueSpecification","valueRequired":true,"valueName":"search_term_string"}}],"inLanguage":"pt-BR"},{"@type":"Organization","@id":"https:\/\/www.oarcanjo.net\/site\/#organization","name":"Par\u00f3quia S\u00e3o Miguel Arcanjo","url":"https:\/\/www.oarcanjo.net\/site\/","logo":{"@type":"ImageObject","inLanguage":"pt-BR","@id":"https:\/\/www.oarcanjo.net\/site\/#\/schema\/logo\/image\/","url":"https:\/\/www.oarcanjo.net\/site\/wp-content\/uploads\/LogoOArcanjo.png","contentUrl":"https:\/\/www.oarcanjo.net\/site\/wp-content\/uploads\/LogoOArcanjo.png","width":319,"height":99,"caption":"Par\u00f3quia S\u00e3o Miguel Arcanjo"},"image":{"@id":"https:\/\/www.oarcanjo.net\/site\/#\/schema\/logo\/image\/"},"sameAs":["https:\/\/www.facebook.com\/OArcanjoNoAr\/"]},{"@type":"Person","@id":"https:\/\/www.oarcanjo.net\/site\/#\/schema\/person\/5eb9480bedd2f3c97e430ce128c29c6c","name":"danilo"}]}},"publishpress_future_action":{"enabled":false,"date":"2026-05-08 05:59:24","action":"category","newStatus":"draft","terms":[],"taxonomy":"category"},"publishpress_future_workflow_manual_trigger":{"enabledWorkflows":[]},"_links":{"self":[{"href":"https:\/\/www.oarcanjo.net\/site\/wp-json\/wp\/v2\/posts\/10587"}],"collection":[{"href":"https:\/\/www.oarcanjo.net\/site\/wp-json\/wp\/v2\/posts"}],"about":[{"href":"https:\/\/www.oarcanjo.net\/site\/wp-json\/wp\/v2\/types\/post"}],"author":[{"embeddable":true,"href":"https:\/\/www.oarcanjo.net\/site\/wp-json\/wp\/v2\/users\/14"}],"replies":[{"embeddable":true,"href":"https:\/\/www.oarcanjo.net\/site\/wp-json\/wp\/v2\/comments?post=10587"}],"version-history":[{"count":1,"href":"https:\/\/www.oarcanjo.net\/site\/wp-json\/wp\/v2\/posts\/10587\/revisions"}],"predecessor-version":[{"id":88846,"href":"https:\/\/www.oarcanjo.net\/site\/wp-json\/wp\/v2\/posts\/10587\/revisions\/88846"}],"wp:attachment":[{"href":"https:\/\/www.oarcanjo.net\/site\/wp-json\/wp\/v2\/media?parent=10587"}],"wp:term":[{"taxonomy":"category","embeddable":true,"href":"https:\/\/www.oarcanjo.net\/site\/wp-json\/wp\/v2\/categories?post=10587"},{"taxonomy":"post_tag","embeddable":true,"href":"https:\/\/www.oarcanjo.net\/site\/wp-json\/wp\/v2\/tags?post=10587"}],"curies":[{"name":"wp","href":"https:\/\/api.w.org\/{rel}","templated":true}]}}