
{"id":10595,"date":"2018-08-21T00:00:41","date_gmt":"2018-08-21T03:00:41","guid":{"rendered":"http:\/\/www.oarcanjo.net\/site\/?p=10595"},"modified":"2018-06-25T08:14:39","modified_gmt":"2018-06-25T11:14:39","slug":"sao-pio-x","status":"publish","type":"post","link":"https:\/\/www.oarcanjo.net\/site\/sao-pio-x\/","title":{"rendered":"S\u00e3o Pio X"},"content":{"rendered":"<p><img loading=\"lazy\" decoding=\"async\" src=\"http:\/\/1.bp.blogspot.com\/_3-cF317qLqY\/RriEQ3onDkI\/AAAAAAAAAEI\/gN0UuDX3Z3M\/s1600\/saoPioX3.JPG\" alt=\"\" width=\"234\" height=\"258\" \/><\/p>\n<p>21 de Agosto<\/p>\n<p>Seu nome de batismo era Jos\u00e9 Melquior Sarto, oriundo de fam\u00edlia humilde e numerosa, mas de vida no seguimento de Cristo. Nasceu numa pequena aldeia de Riese, na diocese de Treviso, no norte da It\u00e1lia, no dia 2 de junho de 1835. Desde cedo, Jos\u00e9 demonstrava ser muito inteligente e, por causa disso, seus pais fizeram grande esfor\u00e7o para que ele estudasse. Todos os dias, durante quatro anos, o menino caminhava com os p\u00e9s descal\u00e7os por quil\u00f4metros a fio, tendo no bolso apenas um peda\u00e7o de p\u00e3o para o almo\u00e7o. E desde crian\u00e7a manifestou sua vontade de ser padre.<\/p>\n<p>Quando seu pai faleceu, sua m\u00e3e, Margarida, uma camponesa corajosa e pia, n\u00e3o permitiu que ele abandonasse o caminho escolhido para auxiliar no sustento da casa. Ficou no semin\u00e1rio e, aos vinte e tr\u00eas anos, recebeu a ordena\u00e7\u00e3o sacerdotal com m\u00e9rito nos estudos. Teve uma r\u00e1pida ascens\u00e3o dentro da Igreja. Primeiro, foi vice-vig\u00e1rio em uma pequena aldeia, depois vig\u00e1rio de uma importante par\u00f3quia, c\u00f4nego da catedral de Treviso, bispo da diocese de M\u00e2ntua, cardeal de Veneza e, ap\u00f3s a morte do grande papa Le\u00e3o XIII, foi eleito seu sucessor, com o nome de Pio X, em 1903.<\/p>\n<p>No Vaticano, Jos\u00e9 Sarto continuou sua vida no rigor da simplicidade, mod\u00e9stia e pobreza. Surpreendeu o mundo cat\u00f3lico quando adotou como lema de seu pontificado &#8220;restaurar as coisas em Cristo&#8221;. Tal meta traduziu-se em vigilante aten\u00e7\u00e3o \u00e0 vida interna da Igreja. Realizou algumas renova\u00e7\u00f5es dentro da Igreja, criando bibliotecas eclesi\u00e1sticas e efetuando reformas nos semin\u00e1rios. Pelo grande amor que dispensava \u00e0 m\u00fasica sagrada, renovou-a. Reformou, tamb\u00e9m, o brevi\u00e1rio. Sua intensa devo\u00e7\u00e3o \u00e0 eucaristia permitiu que os fi\u00e9is pudessem receber a comunh\u00e3o di\u00e1ria, autorizando, tamb\u00e9m, que a primeira comunh\u00e3o fosse ministrada \u00e0s crian\u00e7as a partir dos sete anos de idade. Instituiu o ensino do catecismo em todas as par\u00f3quias e para todas as idades, como caminho para recuperar a f\u00e9, e imp\u00f4s-se fortemente contra o modernismo. Outra importante caracter\u00edstica de sua personalidade era a bondade suave e radiante que todos notavam e sentiam na sua presen\u00e7a.<\/p>\n<p>Pio X n\u00e3o foi apenas um te\u00f3logo. Foi um pastor dedicado e, sobretudo, extremamente devoto, que sentia satisfa\u00e7\u00e3o em definir-se como &#8220;um simples p\u00e1roco do campo&#8221;. Ficou muito amargurado quando previu a Primeira Guerra Mundial e sentiu a impot\u00eancia de nada poder fazer para que ela n\u00e3o acontecesse. Possuindo o dom da cura, ainda em vida intercedeu em v\u00e1rios milagres. Consta dos relatos que as pessoas doentes que tinham contato com ele se curavam. Discorrendo sobre tal fato, ele mesmo explicava como sendo &#8220;o poder das chaves de s\u00e3o Pedro&#8221;. Quando algu\u00e9m o chamava de &#8220;padre santo&#8221;, ele corrigia sorrindo: &#8220;N\u00e3o se diz santo, mas Sarto&#8221;, numa alus\u00e3o ao seu sobrenome de fam\u00edlia.<\/p>\n<p>No dia 20 de agosto de 1914, aos setenta e nove anos, Pio X morreu. O povo, de imediato, passou a vener\u00e1-lo como um santo. Mas s\u00f3 em 1954 ele foi oficialmente canonizado.<\/p>\n<div id=\"themify_builder_content-10595\" data-postid=\"10595\" class=\"themify_builder_content themify_builder_content-10595 themify_builder themify_builder_front\">\n\t<\/div>\n<!-- \/themify_builder_content -->","protected":false},"excerpt":{"rendered":"<p>21 de Agosto Seu nome de batismo era Jos\u00e9 Melquior Sarto, oriundo de fam\u00edlia humilde e numerosa, mas de vida no seguimento de Cristo. Nasceu numa pequena aldeia de Riese, na diocese de Treviso, no norte da It\u00e1lia, no dia 2 de junho de 1835. Desde cedo, Jos\u00e9 demonstrava ser muito inteligente e, por causa [&hellip;]<\/p>\n","protected":false},"author":14,"featured_media":0,"comment_status":"open","ping_status":"open","sticky":false,"template":"","format":"standard","meta":{"ngg_post_thumbnail":0,"footnotes":""},"categories":[186],"tags":[],"yoast_head":"<!-- This site is optimized with the Yoast SEO plugin v23.5 - https:\/\/yoast.com\/wordpress\/plugins\/seo\/ -->\n<title>S\u00e3o Pio X - O Arcanjo no ar<\/title>\n<meta name=\"robots\" content=\"index, follow, max-snippet:-1, max-image-preview:large, max-video-preview:-1\" \/>\n<link rel=\"canonical\" href=\"https:\/\/www.oarcanjo.net\/site\/sao-pio-x\/\" \/>\n<meta property=\"og:locale\" content=\"pt_BR\" \/>\n<meta property=\"og:type\" content=\"article\" \/>\n<meta property=\"og:title\" content=\"S\u00e3o Pio X - O Arcanjo no ar\" \/>\n<meta property=\"og:description\" content=\"21 de Agosto Seu nome de batismo era Jos\u00e9 Melquior Sarto, oriundo de fam\u00edlia humilde e numerosa, mas de vida no seguimento de Cristo. Nasceu numa pequena aldeia de Riese, na diocese de Treviso, no norte da It\u00e1lia, no dia 2 de junho de 1835. Desde cedo, Jos\u00e9 demonstrava ser muito inteligente e, por causa [&hellip;]\" \/>\n<meta property=\"og:url\" content=\"https:\/\/www.oarcanjo.net\/site\/sao-pio-x\/\" \/>\n<meta property=\"og:site_name\" content=\"O Arcanjo no ar\" \/>\n<meta property=\"article:publisher\" content=\"https:\/\/www.facebook.com\/OArcanjoNoAr\/\" \/>\n<meta property=\"article:published_time\" content=\"2018-08-21T03:00:41+00:00\" \/>\n<meta property=\"article:modified_time\" content=\"2018-06-25T11:14:39+00:00\" \/>\n<meta property=\"og:image\" content=\"http:\/\/1.bp.blogspot.com\/_3-cF317qLqY\/RriEQ3onDkI\/AAAAAAAAAEI\/gN0UuDX3Z3M\/s1600\/saoPioX3.JPG\" \/>\n<meta name=\"author\" content=\"danilo\" \/>\n<meta name=\"twitter:card\" content=\"summary_large_image\" \/>\n<meta name=\"twitter:label1\" content=\"Escrito por\" \/>\n\t<meta name=\"twitter:data1\" content=\"danilo\" \/>\n\t<meta name=\"twitter:label2\" content=\"Est. tempo de leitura\" \/>\n\t<meta name=\"twitter:data2\" content=\"3 minutos\" \/>\n<script type=\"application\/ld+json\" class=\"yoast-schema-graph\">{\"@context\":\"https:\/\/schema.org\",\"@graph\":[{\"@type\":\"Article\",\"@id\":\"https:\/\/www.oarcanjo.net\/site\/sao-pio-x\/#article\",\"isPartOf\":{\"@id\":\"https:\/\/www.oarcanjo.net\/site\/sao-pio-x\/\"},\"author\":{\"name\":\"danilo\",\"@id\":\"https:\/\/www.oarcanjo.net\/site\/#\/schema\/person\/5eb9480bedd2f3c97e430ce128c29c6c\"},\"headline\":\"S\u00e3o Pio X\",\"datePublished\":\"2018-08-21T03:00:41+00:00\",\"dateModified\":\"2018-06-25T11:14:39+00:00\",\"mainEntityOfPage\":{\"@id\":\"https:\/\/www.oarcanjo.net\/site\/sao-pio-x\/\"},\"wordCount\":542,\"commentCount\":0,\"publisher\":{\"@id\":\"https:\/\/www.oarcanjo.net\/site\/#organization\"},\"image\":{\"@id\":\"https:\/\/www.oarcanjo.net\/site\/sao-pio-x\/#primaryimage\"},\"thumbnailUrl\":\"http:\/\/1.bp.blogspot.com\/_3-cF317qLqY\/RriEQ3onDkI\/AAAAAAAAAEI\/gN0UuDX3Z3M\/s1600\/saoPioX3.JPG\",\"articleSection\":[\"Testemunhos\"],\"inLanguage\":\"pt-BR\",\"potentialAction\":[{\"@type\":\"CommentAction\",\"name\":\"Comment\",\"target\":[\"https:\/\/www.oarcanjo.net\/site\/sao-pio-x\/#respond\"]}]},{\"@type\":\"WebPage\",\"@id\":\"https:\/\/www.oarcanjo.net\/site\/sao-pio-x\/\",\"url\":\"https:\/\/www.oarcanjo.net\/site\/sao-pio-x\/\",\"name\":\"S\u00e3o Pio X - O Arcanjo no ar\",\"isPartOf\":{\"@id\":\"https:\/\/www.oarcanjo.net\/site\/#website\"},\"primaryImageOfPage\":{\"@id\":\"https:\/\/www.oarcanjo.net\/site\/sao-pio-x\/#primaryimage\"},\"image\":{\"@id\":\"https:\/\/www.oarcanjo.net\/site\/sao-pio-x\/#primaryimage\"},\"thumbnailUrl\":\"http:\/\/1.bp.blogspot.com\/_3-cF317qLqY\/RriEQ3onDkI\/AAAAAAAAAEI\/gN0UuDX3Z3M\/s1600\/saoPioX3.JPG\",\"datePublished\":\"2018-08-21T03:00:41+00:00\",\"dateModified\":\"2018-06-25T11:14:39+00:00\",\"breadcrumb\":{\"@id\":\"https:\/\/www.oarcanjo.net\/site\/sao-pio-x\/#breadcrumb\"},\"inLanguage\":\"pt-BR\",\"potentialAction\":[{\"@type\":\"ReadAction\",\"target\":[\"https:\/\/www.oarcanjo.net\/site\/sao-pio-x\/\"]}]},{\"@type\":\"ImageObject\",\"inLanguage\":\"pt-BR\",\"@id\":\"https:\/\/www.oarcanjo.net\/site\/sao-pio-x\/#primaryimage\",\"url\":\"http:\/\/1.bp.blogspot.com\/_3-cF317qLqY\/RriEQ3onDkI\/AAAAAAAAAEI\/gN0UuDX3Z3M\/s1600\/saoPioX3.JPG\",\"contentUrl\":\"http:\/\/1.bp.blogspot.com\/_3-cF317qLqY\/RriEQ3onDkI\/AAAAAAAAAEI\/gN0UuDX3Z3M\/s1600\/saoPioX3.JPG\"},{\"@type\":\"BreadcrumbList\",\"@id\":\"https:\/\/www.oarcanjo.net\/site\/sao-pio-x\/#breadcrumb\",\"itemListElement\":[{\"@type\":\"ListItem\",\"position\":1,\"name\":\"In\u00edcio\",\"item\":\"https:\/\/www.oarcanjo.net\/site\/\"},{\"@type\":\"ListItem\",\"position\":2,\"name\":\"S\u00e3o Pio X\"}]},{\"@type\":\"WebSite\",\"@id\":\"https:\/\/www.oarcanjo.net\/site\/#website\",\"url\":\"https:\/\/www.oarcanjo.net\/site\/\",\"name\":\"O Arcanjo no ar\",\"description\":\"Site da Par\u00f3quia S\u00e3o Miguel Arcanjo (Arquidiocese de SP)\",\"publisher\":{\"@id\":\"https:\/\/www.oarcanjo.net\/site\/#organization\"},\"potentialAction\":[{\"@type\":\"SearchAction\",\"target\":{\"@type\":\"EntryPoint\",\"urlTemplate\":\"https:\/\/www.oarcanjo.net\/site\/?s={search_term_string}\"},\"query-input\":{\"@type\":\"PropertyValueSpecification\",\"valueRequired\":true,\"valueName\":\"search_term_string\"}}],\"inLanguage\":\"pt-BR\"},{\"@type\":\"Organization\",\"@id\":\"https:\/\/www.oarcanjo.net\/site\/#organization\",\"name\":\"Par\u00f3quia S\u00e3o Miguel Arcanjo\",\"url\":\"https:\/\/www.oarcanjo.net\/site\/\",\"logo\":{\"@type\":\"ImageObject\",\"inLanguage\":\"pt-BR\",\"@id\":\"https:\/\/www.oarcanjo.net\/site\/#\/schema\/logo\/image\/\",\"url\":\"https:\/\/www.oarcanjo.net\/site\/wp-content\/uploads\/LogoOArcanjo.png\",\"contentUrl\":\"https:\/\/www.oarcanjo.net\/site\/wp-content\/uploads\/LogoOArcanjo.png\",\"width\":319,\"height\":99,\"caption\":\"Par\u00f3quia S\u00e3o Miguel Arcanjo\"},\"image\":{\"@id\":\"https:\/\/www.oarcanjo.net\/site\/#\/schema\/logo\/image\/\"},\"sameAs\":[\"https:\/\/www.facebook.com\/OArcanjoNoAr\/\"]},{\"@type\":\"Person\",\"@id\":\"https:\/\/www.oarcanjo.net\/site\/#\/schema\/person\/5eb9480bedd2f3c97e430ce128c29c6c\",\"name\":\"danilo\"}]}<\/script>\n<!-- \/ Yoast SEO plugin. -->","yoast_head_json":{"title":"S\u00e3o Pio X - O Arcanjo no ar","robots":{"index":"index","follow":"follow","max-snippet":"max-snippet:-1","max-image-preview":"max-image-preview:large","max-video-preview":"max-video-preview:-1"},"canonical":"https:\/\/www.oarcanjo.net\/site\/sao-pio-x\/","og_locale":"pt_BR","og_type":"article","og_title":"S\u00e3o Pio X - O Arcanjo no ar","og_description":"21 de Agosto Seu nome de batismo era Jos\u00e9 Melquior Sarto, oriundo de fam\u00edlia humilde e numerosa, mas de vida no seguimento de Cristo. Nasceu numa pequena aldeia de Riese, na diocese de Treviso, no norte da It\u00e1lia, no dia 2 de junho de 1835. Desde cedo, Jos\u00e9 demonstrava ser muito inteligente e, por causa [&hellip;]","og_url":"https:\/\/www.oarcanjo.net\/site\/sao-pio-x\/","og_site_name":"O Arcanjo no ar","article_publisher":"https:\/\/www.facebook.com\/OArcanjoNoAr\/","article_published_time":"2018-08-21T03:00:41+00:00","article_modified_time":"2018-06-25T11:14:39+00:00","og_image":[{"url":"http:\/\/1.bp.blogspot.com\/_3-cF317qLqY\/RriEQ3onDkI\/AAAAAAAAAEI\/gN0UuDX3Z3M\/s1600\/saoPioX3.JPG"}],"author":"danilo","twitter_card":"summary_large_image","twitter_misc":{"Escrito por":"danilo","Est. tempo de leitura":"3 minutos"},"schema":{"@context":"https:\/\/schema.org","@graph":[{"@type":"Article","@id":"https:\/\/www.oarcanjo.net\/site\/sao-pio-x\/#article","isPartOf":{"@id":"https:\/\/www.oarcanjo.net\/site\/sao-pio-x\/"},"author":{"name":"danilo","@id":"https:\/\/www.oarcanjo.net\/site\/#\/schema\/person\/5eb9480bedd2f3c97e430ce128c29c6c"},"headline":"S\u00e3o Pio X","datePublished":"2018-08-21T03:00:41+00:00","dateModified":"2018-06-25T11:14:39+00:00","mainEntityOfPage":{"@id":"https:\/\/www.oarcanjo.net\/site\/sao-pio-x\/"},"wordCount":542,"commentCount":0,"publisher":{"@id":"https:\/\/www.oarcanjo.net\/site\/#organization"},"image":{"@id":"https:\/\/www.oarcanjo.net\/site\/sao-pio-x\/#primaryimage"},"thumbnailUrl":"http:\/\/1.bp.blogspot.com\/_3-cF317qLqY\/RriEQ3onDkI\/AAAAAAAAAEI\/gN0UuDX3Z3M\/s1600\/saoPioX3.JPG","articleSection":["Testemunhos"],"inLanguage":"pt-BR","potentialAction":[{"@type":"CommentAction","name":"Comment","target":["https:\/\/www.oarcanjo.net\/site\/sao-pio-x\/#respond"]}]},{"@type":"WebPage","@id":"https:\/\/www.oarcanjo.net\/site\/sao-pio-x\/","url":"https:\/\/www.oarcanjo.net\/site\/sao-pio-x\/","name":"S\u00e3o Pio X - O Arcanjo no ar","isPartOf":{"@id":"https:\/\/www.oarcanjo.net\/site\/#website"},"primaryImageOfPage":{"@id":"https:\/\/www.oarcanjo.net\/site\/sao-pio-x\/#primaryimage"},"image":{"@id":"https:\/\/www.oarcanjo.net\/site\/sao-pio-x\/#primaryimage"},"thumbnailUrl":"http:\/\/1.bp.blogspot.com\/_3-cF317qLqY\/RriEQ3onDkI\/AAAAAAAAAEI\/gN0UuDX3Z3M\/s1600\/saoPioX3.JPG","datePublished":"2018-08-21T03:00:41+00:00","dateModified":"2018-06-25T11:14:39+00:00","breadcrumb":{"@id":"https:\/\/www.oarcanjo.net\/site\/sao-pio-x\/#breadcrumb"},"inLanguage":"pt-BR","potentialAction":[{"@type":"ReadAction","target":["https:\/\/www.oarcanjo.net\/site\/sao-pio-x\/"]}]},{"@type":"ImageObject","inLanguage":"pt-BR","@id":"https:\/\/www.oarcanjo.net\/site\/sao-pio-x\/#primaryimage","url":"http:\/\/1.bp.blogspot.com\/_3-cF317qLqY\/RriEQ3onDkI\/AAAAAAAAAEI\/gN0UuDX3Z3M\/s1600\/saoPioX3.JPG","contentUrl":"http:\/\/1.bp.blogspot.com\/_3-cF317qLqY\/RriEQ3onDkI\/AAAAAAAAAEI\/gN0UuDX3Z3M\/s1600\/saoPioX3.JPG"},{"@type":"BreadcrumbList","@id":"https:\/\/www.oarcanjo.net\/site\/sao-pio-x\/#breadcrumb","itemListElement":[{"@type":"ListItem","position":1,"name":"In\u00edcio","item":"https:\/\/www.oarcanjo.net\/site\/"},{"@type":"ListItem","position":2,"name":"S\u00e3o Pio X"}]},{"@type":"WebSite","@id":"https:\/\/www.oarcanjo.net\/site\/#website","url":"https:\/\/www.oarcanjo.net\/site\/","name":"O Arcanjo no ar","description":"Site da Par\u00f3quia S\u00e3o Miguel Arcanjo (Arquidiocese de SP)","publisher":{"@id":"https:\/\/www.oarcanjo.net\/site\/#organization"},"potentialAction":[{"@type":"SearchAction","target":{"@type":"EntryPoint","urlTemplate":"https:\/\/www.oarcanjo.net\/site\/?s={search_term_string}"},"query-input":{"@type":"PropertyValueSpecification","valueRequired":true,"valueName":"search_term_string"}}],"inLanguage":"pt-BR"},{"@type":"Organization","@id":"https:\/\/www.oarcanjo.net\/site\/#organization","name":"Par\u00f3quia S\u00e3o Miguel Arcanjo","url":"https:\/\/www.oarcanjo.net\/site\/","logo":{"@type":"ImageObject","inLanguage":"pt-BR","@id":"https:\/\/www.oarcanjo.net\/site\/#\/schema\/logo\/image\/","url":"https:\/\/www.oarcanjo.net\/site\/wp-content\/uploads\/LogoOArcanjo.png","contentUrl":"https:\/\/www.oarcanjo.net\/site\/wp-content\/uploads\/LogoOArcanjo.png","width":319,"height":99,"caption":"Par\u00f3quia S\u00e3o Miguel Arcanjo"},"image":{"@id":"https:\/\/www.oarcanjo.net\/site\/#\/schema\/logo\/image\/"},"sameAs":["https:\/\/www.facebook.com\/OArcanjoNoAr\/"]},{"@type":"Person","@id":"https:\/\/www.oarcanjo.net\/site\/#\/schema\/person\/5eb9480bedd2f3c97e430ce128c29c6c","name":"danilo"}]}},"publishpress_future_action":{"enabled":false,"date":"2026-05-08 07:28:38","action":"category","newStatus":"draft","terms":[],"taxonomy":"category"},"publishpress_future_workflow_manual_trigger":{"enabledWorkflows":[]},"_links":{"self":[{"href":"https:\/\/www.oarcanjo.net\/site\/wp-json\/wp\/v2\/posts\/10595"}],"collection":[{"href":"https:\/\/www.oarcanjo.net\/site\/wp-json\/wp\/v2\/posts"}],"about":[{"href":"https:\/\/www.oarcanjo.net\/site\/wp-json\/wp\/v2\/types\/post"}],"author":[{"embeddable":true,"href":"https:\/\/www.oarcanjo.net\/site\/wp-json\/wp\/v2\/users\/14"}],"replies":[{"embeddable":true,"href":"https:\/\/www.oarcanjo.net\/site\/wp-json\/wp\/v2\/comments?post=10595"}],"version-history":[{"count":1,"href":"https:\/\/www.oarcanjo.net\/site\/wp-json\/wp\/v2\/posts\/10595\/revisions"}],"predecessor-version":[{"id":88848,"href":"https:\/\/www.oarcanjo.net\/site\/wp-json\/wp\/v2\/posts\/10595\/revisions\/88848"}],"wp:attachment":[{"href":"https:\/\/www.oarcanjo.net\/site\/wp-json\/wp\/v2\/media?parent=10595"}],"wp:term":[{"taxonomy":"category","embeddable":true,"href":"https:\/\/www.oarcanjo.net\/site\/wp-json\/wp\/v2\/categories?post=10595"},{"taxonomy":"post_tag","embeddable":true,"href":"https:\/\/www.oarcanjo.net\/site\/wp-json\/wp\/v2\/tags?post=10595"}],"curies":[{"name":"wp","href":"https:\/\/api.w.org\/{rel}","templated":true}]}}