
{"id":10597,"date":"2018-08-22T00:03:10","date_gmt":"2018-08-22T03:03:10","guid":{"rendered":"http:\/\/www.oarcanjo.net\/site\/?p=10597"},"modified":"2018-06-25T08:14:44","modified_gmt":"2018-06-25T11:14:44","slug":"sao-filipe-benicio","status":"publish","type":"post","link":"https:\/\/www.oarcanjo.net\/site\/sao-filipe-benicio\/","title":{"rendered":"S\u00e3o Filipe Ben\u00edcio"},"content":{"rendered":"<p><img loading=\"lazy\" decoding=\"async\" src=\"http:\/\/1.bp.blogspot.com\/_WY3qKeZY6L0\/So-jiECv0sI\/AAAAAAAALic\/CLcoDn3IeGo\/s400\/FilipeBen%C3%ADcio.gif\" alt=\"\" width=\"150\" height=\"190\" \/><\/p>\n<p>22 de Agosto<\/p>\n<p>Filipe Ben\u00edcio nasceu no dia 15 de agosto de 1233, no seio de uma rica fam\u00edlia da nobreza, em Floren\u00e7a, It\u00e1lia. Aos treze anos, foi enviado, com seu preceptor, a Paris para estudar medicina. Voltou e foi para a Universidade de P\u00e1dua, onde, aos dezenove anos, formou-se em filosofia e medicina. Depois, durante um ano, exerceu a profiss\u00e3o na sua cidade natal.<\/p>\n<p>Devoto de Maria e muito religioso, possu\u00eda, tamb\u00e9m, s\u00f3lida forma\u00e7\u00e3o religiosa. Nesse per\u00edodo de estabelecimento profissional, passou a freq\u00fcentar a igreja do mosteiro e com os religiosos aprofundou o estudo das Sagradas Escrituras. Logo suas ora\u00e7\u00f5es frutificaram e recebeu o chamado para a vida religiosa. Filipe contou que tudo aconteceu diante do crucifixo de Jesus: uma luz veio do c\u00e9u e uma voz mandou-o servir ao Senhor, na Ordem dos Servitas.<\/p>\n<p>Foi a Monte Sen\u00e1rio, pediu admiss\u00e3o nos Servos de Maria, onde ingressou, em 1254, como irm\u00e3o leigo, destacando-se logo pela ret\u00f3rica. Certo dia do ano 1258, estava em companhia de um sacerdote e o prior quando encontraram dois dominicanos no caminho. Conversaram um bom tempo e Filipe discursou com tanta desenvoltura, sabedoria e eloq\u00fc\u00eancia que nesse mesmo ano foi ordenado sacerdote.<\/p>\n<p>Em 1262, foi nomeado professor de novi\u00e7os e vig\u00e1rio assistente do prior-geral. Por voto un\u00e2nime, em 1267, foi eleito prior-geral da Ordem dos Servitas. Quando o papa Clemente IV morreu, no ano seguinte, Filipe foi proposto como candidato \u00e0 c\u00e1tedra de Pedro, mas retirou-se para as montanhas, onde ficou por algum tempo.<\/p>\n<p>Sob sua dire\u00e7\u00e3o os frades servitas expandiram-se rapidamente e com sucesso. Participou do Conc\u00edlio Ecum\u00eanico de Lyon, em 1274, na Fran\u00e7a. Era um conciliador, sua prega\u00e7\u00e3o talentosa e eficiente trouxe frutos ben\u00e9ficos para a Ordem e para a Igreja.<\/p>\n<p>Atuou, a pedido de Roma, para promover a paz na acirrada disputa entre duas fam\u00edlias dominantes de Forli, cidade do norte da It\u00e1lia, em 1283. Eram os guelfos apoiando os pont\u00edfices e os guibelinos, os imperadores germ\u00e2nicos. L\u00e1, Felipe recebeu um tapa no rosto, do jovem guibelino Peregrino Laziosi. Filipe aceitou o golpe. O jovem, mais tarde, arrependeu-se. Foi ao seu encontro, pediu desculpas e ingressou na Ordem. Peregrino tornou-se t\u00e3o humilde e caridoso para com o povo que se tornou um dos santos da Igreja.<\/p>\n<p>Segundo os registros da Ordem e a tradi\u00e7\u00e3o, Filipe gozava da fama de santidade em vida. Morreu em 22 de agosto de 1285 na cidade de Todi, quando voltava para Roma. Foi canonizado pelo papa Clemente X em 1617. Suas rel\u00edquias est\u00e3o sob a guarda da igreja Santa Maria das Gra\u00e7as, em Floren\u00e7a, sua cidade natal. A mem\u00f3ria de s\u00e3o Filipe Ben\u00edcio \u00e9 celebrada no dia 22 de agosto. Algumas localidades comemoram no dia seguinte, devido \u00e0 festa da Santa Virgem Maria Rainha.<\/p>\n<div id=\"themify_builder_content-10597\" data-postid=\"10597\" class=\"themify_builder_content themify_builder_content-10597 themify_builder themify_builder_front\">\n\t<\/div>\n<!-- \/themify_builder_content -->","protected":false},"excerpt":{"rendered":"<p>22 de Agosto Filipe Ben\u00edcio nasceu no dia 15 de agosto de 1233, no seio de uma rica fam\u00edlia da nobreza, em Floren\u00e7a, It\u00e1lia. Aos treze anos, foi enviado, com seu preceptor, a Paris para estudar medicina. Voltou e foi para a Universidade de P\u00e1dua, onde, aos dezenove anos, formou-se em filosofia e medicina. Depois, [&hellip;]<\/p>\n","protected":false},"author":14,"featured_media":0,"comment_status":"open","ping_status":"open","sticky":false,"template":"","format":"standard","meta":{"ngg_post_thumbnail":0,"footnotes":""},"categories":[186],"tags":[],"yoast_head":"<!-- This site is optimized with the Yoast SEO plugin v23.5 - https:\/\/yoast.com\/wordpress\/plugins\/seo\/ -->\n<title>S\u00e3o Filipe Ben\u00edcio - O Arcanjo no ar<\/title>\n<meta name=\"robots\" content=\"index, follow, max-snippet:-1, max-image-preview:large, max-video-preview:-1\" \/>\n<link rel=\"canonical\" href=\"https:\/\/www.oarcanjo.net\/site\/sao-filipe-benicio\/\" \/>\n<meta property=\"og:locale\" content=\"pt_BR\" \/>\n<meta property=\"og:type\" content=\"article\" \/>\n<meta property=\"og:title\" content=\"S\u00e3o Filipe Ben\u00edcio - O Arcanjo no ar\" \/>\n<meta property=\"og:description\" content=\"22 de Agosto Filipe Ben\u00edcio nasceu no dia 15 de agosto de 1233, no seio de uma rica fam\u00edlia da nobreza, em Floren\u00e7a, It\u00e1lia. Aos treze anos, foi enviado, com seu preceptor, a Paris para estudar medicina. Voltou e foi para a Universidade de P\u00e1dua, onde, aos dezenove anos, formou-se em filosofia e medicina. Depois, [&hellip;]\" \/>\n<meta property=\"og:url\" content=\"https:\/\/www.oarcanjo.net\/site\/sao-filipe-benicio\/\" \/>\n<meta property=\"og:site_name\" content=\"O Arcanjo no ar\" \/>\n<meta property=\"article:publisher\" content=\"https:\/\/www.facebook.com\/OArcanjoNoAr\/\" \/>\n<meta property=\"article:published_time\" content=\"2018-08-22T03:03:10+00:00\" \/>\n<meta property=\"article:modified_time\" content=\"2018-06-25T11:14:44+00:00\" \/>\n<meta property=\"og:image\" content=\"http:\/\/1.bp.blogspot.com\/_WY3qKeZY6L0\/So-jiECv0sI\/AAAAAAAALic\/CLcoDn3IeGo\/s400\/FilipeBen%C3%ADcio.gif\" \/>\n<meta name=\"author\" content=\"danilo\" \/>\n<meta name=\"twitter:card\" content=\"summary_large_image\" \/>\n<meta name=\"twitter:label1\" content=\"Escrito por\" \/>\n\t<meta name=\"twitter:data1\" content=\"danilo\" \/>\n\t<meta name=\"twitter:label2\" content=\"Est. tempo de leitura\" \/>\n\t<meta name=\"twitter:data2\" content=\"2 minutos\" \/>\n<script type=\"application\/ld+json\" class=\"yoast-schema-graph\">{\"@context\":\"https:\/\/schema.org\",\"@graph\":[{\"@type\":\"Article\",\"@id\":\"https:\/\/www.oarcanjo.net\/site\/sao-filipe-benicio\/#article\",\"isPartOf\":{\"@id\":\"https:\/\/www.oarcanjo.net\/site\/sao-filipe-benicio\/\"},\"author\":{\"name\":\"danilo\",\"@id\":\"https:\/\/www.oarcanjo.net\/site\/#\/schema\/person\/5eb9480bedd2f3c97e430ce128c29c6c\"},\"headline\":\"S\u00e3o Filipe Ben\u00edcio\",\"datePublished\":\"2018-08-22T03:03:10+00:00\",\"dateModified\":\"2018-06-25T11:14:44+00:00\",\"mainEntityOfPage\":{\"@id\":\"https:\/\/www.oarcanjo.net\/site\/sao-filipe-benicio\/\"},\"wordCount\":488,\"commentCount\":0,\"publisher\":{\"@id\":\"https:\/\/www.oarcanjo.net\/site\/#organization\"},\"image\":{\"@id\":\"https:\/\/www.oarcanjo.net\/site\/sao-filipe-benicio\/#primaryimage\"},\"thumbnailUrl\":\"http:\/\/1.bp.blogspot.com\/_WY3qKeZY6L0\/So-jiECv0sI\/AAAAAAAALic\/CLcoDn3IeGo\/s400\/FilipeBen%C3%ADcio.gif\",\"articleSection\":[\"Testemunhos\"],\"inLanguage\":\"pt-BR\",\"potentialAction\":[{\"@type\":\"CommentAction\",\"name\":\"Comment\",\"target\":[\"https:\/\/www.oarcanjo.net\/site\/sao-filipe-benicio\/#respond\"]}]},{\"@type\":\"WebPage\",\"@id\":\"https:\/\/www.oarcanjo.net\/site\/sao-filipe-benicio\/\",\"url\":\"https:\/\/www.oarcanjo.net\/site\/sao-filipe-benicio\/\",\"name\":\"S\u00e3o Filipe Ben\u00edcio - O Arcanjo no ar\",\"isPartOf\":{\"@id\":\"https:\/\/www.oarcanjo.net\/site\/#website\"},\"primaryImageOfPage\":{\"@id\":\"https:\/\/www.oarcanjo.net\/site\/sao-filipe-benicio\/#primaryimage\"},\"image\":{\"@id\":\"https:\/\/www.oarcanjo.net\/site\/sao-filipe-benicio\/#primaryimage\"},\"thumbnailUrl\":\"http:\/\/1.bp.blogspot.com\/_WY3qKeZY6L0\/So-jiECv0sI\/AAAAAAAALic\/CLcoDn3IeGo\/s400\/FilipeBen%C3%ADcio.gif\",\"datePublished\":\"2018-08-22T03:03:10+00:00\",\"dateModified\":\"2018-06-25T11:14:44+00:00\",\"breadcrumb\":{\"@id\":\"https:\/\/www.oarcanjo.net\/site\/sao-filipe-benicio\/#breadcrumb\"},\"inLanguage\":\"pt-BR\",\"potentialAction\":[{\"@type\":\"ReadAction\",\"target\":[\"https:\/\/www.oarcanjo.net\/site\/sao-filipe-benicio\/\"]}]},{\"@type\":\"ImageObject\",\"inLanguage\":\"pt-BR\",\"@id\":\"https:\/\/www.oarcanjo.net\/site\/sao-filipe-benicio\/#primaryimage\",\"url\":\"http:\/\/1.bp.blogspot.com\/_WY3qKeZY6L0\/So-jiECv0sI\/AAAAAAAALic\/CLcoDn3IeGo\/s400\/FilipeBen%C3%ADcio.gif\",\"contentUrl\":\"http:\/\/1.bp.blogspot.com\/_WY3qKeZY6L0\/So-jiECv0sI\/AAAAAAAALic\/CLcoDn3IeGo\/s400\/FilipeBen%C3%ADcio.gif\"},{\"@type\":\"BreadcrumbList\",\"@id\":\"https:\/\/www.oarcanjo.net\/site\/sao-filipe-benicio\/#breadcrumb\",\"itemListElement\":[{\"@type\":\"ListItem\",\"position\":1,\"name\":\"In\u00edcio\",\"item\":\"https:\/\/www.oarcanjo.net\/site\/\"},{\"@type\":\"ListItem\",\"position\":2,\"name\":\"S\u00e3o Filipe Ben\u00edcio\"}]},{\"@type\":\"WebSite\",\"@id\":\"https:\/\/www.oarcanjo.net\/site\/#website\",\"url\":\"https:\/\/www.oarcanjo.net\/site\/\",\"name\":\"O Arcanjo no ar\",\"description\":\"Site da Par\u00f3quia S\u00e3o Miguel Arcanjo (Arquidiocese de SP)\",\"publisher\":{\"@id\":\"https:\/\/www.oarcanjo.net\/site\/#organization\"},\"potentialAction\":[{\"@type\":\"SearchAction\",\"target\":{\"@type\":\"EntryPoint\",\"urlTemplate\":\"https:\/\/www.oarcanjo.net\/site\/?s={search_term_string}\"},\"query-input\":{\"@type\":\"PropertyValueSpecification\",\"valueRequired\":true,\"valueName\":\"search_term_string\"}}],\"inLanguage\":\"pt-BR\"},{\"@type\":\"Organization\",\"@id\":\"https:\/\/www.oarcanjo.net\/site\/#organization\",\"name\":\"Par\u00f3quia S\u00e3o Miguel Arcanjo\",\"url\":\"https:\/\/www.oarcanjo.net\/site\/\",\"logo\":{\"@type\":\"ImageObject\",\"inLanguage\":\"pt-BR\",\"@id\":\"https:\/\/www.oarcanjo.net\/site\/#\/schema\/logo\/image\/\",\"url\":\"https:\/\/www.oarcanjo.net\/site\/wp-content\/uploads\/LogoOArcanjo.png\",\"contentUrl\":\"https:\/\/www.oarcanjo.net\/site\/wp-content\/uploads\/LogoOArcanjo.png\",\"width\":319,\"height\":99,\"caption\":\"Par\u00f3quia S\u00e3o Miguel Arcanjo\"},\"image\":{\"@id\":\"https:\/\/www.oarcanjo.net\/site\/#\/schema\/logo\/image\/\"},\"sameAs\":[\"https:\/\/www.facebook.com\/OArcanjoNoAr\/\"]},{\"@type\":\"Person\",\"@id\":\"https:\/\/www.oarcanjo.net\/site\/#\/schema\/person\/5eb9480bedd2f3c97e430ce128c29c6c\",\"name\":\"danilo\"}]}<\/script>\n<!-- \/ Yoast SEO plugin. -->","yoast_head_json":{"title":"S\u00e3o Filipe Ben\u00edcio - O Arcanjo no ar","robots":{"index":"index","follow":"follow","max-snippet":"max-snippet:-1","max-image-preview":"max-image-preview:large","max-video-preview":"max-video-preview:-1"},"canonical":"https:\/\/www.oarcanjo.net\/site\/sao-filipe-benicio\/","og_locale":"pt_BR","og_type":"article","og_title":"S\u00e3o Filipe Ben\u00edcio - O Arcanjo no ar","og_description":"22 de Agosto Filipe Ben\u00edcio nasceu no dia 15 de agosto de 1233, no seio de uma rica fam\u00edlia da nobreza, em Floren\u00e7a, It\u00e1lia. Aos treze anos, foi enviado, com seu preceptor, a Paris para estudar medicina. Voltou e foi para a Universidade de P\u00e1dua, onde, aos dezenove anos, formou-se em filosofia e medicina. Depois, [&hellip;]","og_url":"https:\/\/www.oarcanjo.net\/site\/sao-filipe-benicio\/","og_site_name":"O Arcanjo no ar","article_publisher":"https:\/\/www.facebook.com\/OArcanjoNoAr\/","article_published_time":"2018-08-22T03:03:10+00:00","article_modified_time":"2018-06-25T11:14:44+00:00","og_image":[{"url":"http:\/\/1.bp.blogspot.com\/_WY3qKeZY6L0\/So-jiECv0sI\/AAAAAAAALic\/CLcoDn3IeGo\/s400\/FilipeBen%C3%ADcio.gif"}],"author":"danilo","twitter_card":"summary_large_image","twitter_misc":{"Escrito por":"danilo","Est. tempo de leitura":"2 minutos"},"schema":{"@context":"https:\/\/schema.org","@graph":[{"@type":"Article","@id":"https:\/\/www.oarcanjo.net\/site\/sao-filipe-benicio\/#article","isPartOf":{"@id":"https:\/\/www.oarcanjo.net\/site\/sao-filipe-benicio\/"},"author":{"name":"danilo","@id":"https:\/\/www.oarcanjo.net\/site\/#\/schema\/person\/5eb9480bedd2f3c97e430ce128c29c6c"},"headline":"S\u00e3o Filipe Ben\u00edcio","datePublished":"2018-08-22T03:03:10+00:00","dateModified":"2018-06-25T11:14:44+00:00","mainEntityOfPage":{"@id":"https:\/\/www.oarcanjo.net\/site\/sao-filipe-benicio\/"},"wordCount":488,"commentCount":0,"publisher":{"@id":"https:\/\/www.oarcanjo.net\/site\/#organization"},"image":{"@id":"https:\/\/www.oarcanjo.net\/site\/sao-filipe-benicio\/#primaryimage"},"thumbnailUrl":"http:\/\/1.bp.blogspot.com\/_WY3qKeZY6L0\/So-jiECv0sI\/AAAAAAAALic\/CLcoDn3IeGo\/s400\/FilipeBen%C3%ADcio.gif","articleSection":["Testemunhos"],"inLanguage":"pt-BR","potentialAction":[{"@type":"CommentAction","name":"Comment","target":["https:\/\/www.oarcanjo.net\/site\/sao-filipe-benicio\/#respond"]}]},{"@type":"WebPage","@id":"https:\/\/www.oarcanjo.net\/site\/sao-filipe-benicio\/","url":"https:\/\/www.oarcanjo.net\/site\/sao-filipe-benicio\/","name":"S\u00e3o Filipe Ben\u00edcio - O Arcanjo no ar","isPartOf":{"@id":"https:\/\/www.oarcanjo.net\/site\/#website"},"primaryImageOfPage":{"@id":"https:\/\/www.oarcanjo.net\/site\/sao-filipe-benicio\/#primaryimage"},"image":{"@id":"https:\/\/www.oarcanjo.net\/site\/sao-filipe-benicio\/#primaryimage"},"thumbnailUrl":"http:\/\/1.bp.blogspot.com\/_WY3qKeZY6L0\/So-jiECv0sI\/AAAAAAAALic\/CLcoDn3IeGo\/s400\/FilipeBen%C3%ADcio.gif","datePublished":"2018-08-22T03:03:10+00:00","dateModified":"2018-06-25T11:14:44+00:00","breadcrumb":{"@id":"https:\/\/www.oarcanjo.net\/site\/sao-filipe-benicio\/#breadcrumb"},"inLanguage":"pt-BR","potentialAction":[{"@type":"ReadAction","target":["https:\/\/www.oarcanjo.net\/site\/sao-filipe-benicio\/"]}]},{"@type":"ImageObject","inLanguage":"pt-BR","@id":"https:\/\/www.oarcanjo.net\/site\/sao-filipe-benicio\/#primaryimage","url":"http:\/\/1.bp.blogspot.com\/_WY3qKeZY6L0\/So-jiECv0sI\/AAAAAAAALic\/CLcoDn3IeGo\/s400\/FilipeBen%C3%ADcio.gif","contentUrl":"http:\/\/1.bp.blogspot.com\/_WY3qKeZY6L0\/So-jiECv0sI\/AAAAAAAALic\/CLcoDn3IeGo\/s400\/FilipeBen%C3%ADcio.gif"},{"@type":"BreadcrumbList","@id":"https:\/\/www.oarcanjo.net\/site\/sao-filipe-benicio\/#breadcrumb","itemListElement":[{"@type":"ListItem","position":1,"name":"In\u00edcio","item":"https:\/\/www.oarcanjo.net\/site\/"},{"@type":"ListItem","position":2,"name":"S\u00e3o Filipe Ben\u00edcio"}]},{"@type":"WebSite","@id":"https:\/\/www.oarcanjo.net\/site\/#website","url":"https:\/\/www.oarcanjo.net\/site\/","name":"O Arcanjo no ar","description":"Site da Par\u00f3quia S\u00e3o Miguel Arcanjo (Arquidiocese de SP)","publisher":{"@id":"https:\/\/www.oarcanjo.net\/site\/#organization"},"potentialAction":[{"@type":"SearchAction","target":{"@type":"EntryPoint","urlTemplate":"https:\/\/www.oarcanjo.net\/site\/?s={search_term_string}"},"query-input":{"@type":"PropertyValueSpecification","valueRequired":true,"valueName":"search_term_string"}}],"inLanguage":"pt-BR"},{"@type":"Organization","@id":"https:\/\/www.oarcanjo.net\/site\/#organization","name":"Par\u00f3quia S\u00e3o Miguel Arcanjo","url":"https:\/\/www.oarcanjo.net\/site\/","logo":{"@type":"ImageObject","inLanguage":"pt-BR","@id":"https:\/\/www.oarcanjo.net\/site\/#\/schema\/logo\/image\/","url":"https:\/\/www.oarcanjo.net\/site\/wp-content\/uploads\/LogoOArcanjo.png","contentUrl":"https:\/\/www.oarcanjo.net\/site\/wp-content\/uploads\/LogoOArcanjo.png","width":319,"height":99,"caption":"Par\u00f3quia S\u00e3o Miguel Arcanjo"},"image":{"@id":"https:\/\/www.oarcanjo.net\/site\/#\/schema\/logo\/image\/"},"sameAs":["https:\/\/www.facebook.com\/OArcanjoNoAr\/"]},{"@type":"Person","@id":"https:\/\/www.oarcanjo.net\/site\/#\/schema\/person\/5eb9480bedd2f3c97e430ce128c29c6c","name":"danilo"}]}},"publishpress_future_action":{"enabled":false,"date":"2026-05-08 05:14:35","action":"category","newStatus":"draft","terms":[],"taxonomy":"category"},"publishpress_future_workflow_manual_trigger":{"enabledWorkflows":[]},"_links":{"self":[{"href":"https:\/\/www.oarcanjo.net\/site\/wp-json\/wp\/v2\/posts\/10597"}],"collection":[{"href":"https:\/\/www.oarcanjo.net\/site\/wp-json\/wp\/v2\/posts"}],"about":[{"href":"https:\/\/www.oarcanjo.net\/site\/wp-json\/wp\/v2\/types\/post"}],"author":[{"embeddable":true,"href":"https:\/\/www.oarcanjo.net\/site\/wp-json\/wp\/v2\/users\/14"}],"replies":[{"embeddable":true,"href":"https:\/\/www.oarcanjo.net\/site\/wp-json\/wp\/v2\/comments?post=10597"}],"version-history":[{"count":1,"href":"https:\/\/www.oarcanjo.net\/site\/wp-json\/wp\/v2\/posts\/10597\/revisions"}],"predecessor-version":[{"id":88849,"href":"https:\/\/www.oarcanjo.net\/site\/wp-json\/wp\/v2\/posts\/10597\/revisions\/88849"}],"wp:attachment":[{"href":"https:\/\/www.oarcanjo.net\/site\/wp-json\/wp\/v2\/media?parent=10597"}],"wp:term":[{"taxonomy":"category","embeddable":true,"href":"https:\/\/www.oarcanjo.net\/site\/wp-json\/wp\/v2\/categories?post=10597"},{"taxonomy":"post_tag","embeddable":true,"href":"https:\/\/www.oarcanjo.net\/site\/wp-json\/wp\/v2\/tags?post=10597"}],"curies":[{"name":"wp","href":"https:\/\/api.w.org\/{rel}","templated":true}]}}