
{"id":10601,"date":"2018-08-23T00:07:09","date_gmt":"2018-08-23T03:07:09","guid":{"rendered":"http:\/\/www.oarcanjo.net\/site\/?p=10601"},"modified":"2018-06-25T08:14:48","modified_gmt":"2018-06-25T11:14:48","slug":"santa-rosa-de-lima","status":"publish","type":"post","link":"https:\/\/www.oarcanjo.net\/site\/santa-rosa-de-lima\/","title":{"rendered":"Santa Rosa de Lima"},"content":{"rendered":"<p><img loading=\"lazy\" decoding=\"async\" src=\"http:\/\/upload.wikimedia.org\/wikipedia\/commons\/8\/88\/Sta_Rosa_de_Lima_por_Claudio_Coello.jpg\" alt=\"\" width=\"339\" height=\"500\" \/><\/p>\n<p>23 de Agosto<\/p>\n<p>Isabel Flores y de Oliva nasceu na cidade de Lima, capital do Peru, no dia 20 de abril de 1586. A d\u00e9cima dos treze filhos de Gaspar Flores e Maria de Oliva. \u00c0 medida que crescia com o rosto rosado e belo, recebeu dos familiares o apelido de Rosa, como ficou conhecida. Seus pais eram ricos espanh\u00f3is que se haviam mudado para a pr\u00f3spera col\u00f4nia do Peru, mas os neg\u00f3cios declinaram e eles ficaram na mis\u00e9ria.<\/p>\n<p>Ainda crian\u00e7a, Rosa teve grande inclina\u00e7\u00e3o \u00e0 ora\u00e7\u00e3o e \u00e0 medita\u00e7\u00e3o, sendo dotada de dons especiais de profecia. J\u00e1 adolescente, enquanto rezava diante da imagem da Virgem Maria, decidiu entregar sua vida somente a Cristo. Apesar dos apelos da fam\u00edlia, que contava com sua ajuda para o sustento, ela ingressou na Ordem Terceira Dominicana, tomando como exemplo de vida santa Catarina de Sena. Dedicou-se, ent\u00e3o, ao jejum, \u00e0s severas penit\u00eancias e \u00e0 ora\u00e7\u00e3o contemplativa, aumentando seus dons de profecia e prod\u00edgios. E, para perder a vaidade, cortou os cabelos e engrossou as m\u00e3os, trabalhando na lavoura com os pais.<\/p>\n<p>Aos vinte anos, pediu e obteve licen\u00e7a para emitir os votos religiosos em casa e n\u00e3o no convento, como terci\u00e1ria dominicana. Quando vestiu o h\u00e1bito e se consagrou, mudou o nome para Rosa e acrescentou Santa Maria, por causa de sua grande devo\u00e7\u00e3o \u00e0 Virgem Maria, passando a ser chamada Rosa de Santa Maria.<\/p>\n<p>Construiu uma pequena cela no fundo do quintal da casa de seus pais, levando uma vida de austeridade, de mortifica\u00e7\u00e3o e de abandono \u00e0 vontade de Deus. A partir do h\u00e1bito, ela imprimiu ainda mais rigor \u00e0s penit\u00eancias. Come\u00e7ou a usar, na cabe\u00e7a, uma coroa de metal espinhento, disfar\u00e7ada com bot\u00f5es de rosas. Aumentou os dias de jejum e dormia sobre uma t\u00e1bua com pregos. Passou a sustentar a fam\u00edlia com as rendas e bordados que fazia, pois seu confessor consentiu que ela n\u00e3o sa\u00edsse mais de sua cela, exceto para receber a eucaristia. Vivendo em cont\u00ednuo contato com Deus, atingiu um alto grau de vida contemplativa e experi\u00eancia m\u00edstica, compreendendo em profundidade o mist\u00e9rio da Paix\u00e3o e Morte de Jesus.<\/p>\n<p>Rosa cumpriu sua voca\u00e7\u00e3o, devotando-se \u00e0 eucaristia e \u00e0 Virgem Maria, cuidando para afastar o pecado do seu cora\u00e7\u00e3o, conforme a espiritualidade da \u00e9poca. Aos trinta e um anos de idade, foi acometida por uma grave doen\u00e7a, que lhe causou sofrimentos e danos f\u00edsicos. Assim, retirou-se para a casa de sua benfeitora, Maria de Uz\u00e1tegui, agora Mosteiro de Santa Rosa, para cumprir a profecia de sua morte. Todo ano, ela passava o Dia de S\u00e3o Bartolomeu em ora\u00e7\u00e3o, pois, dizia: &#8220;este \u00e9 o dia das minhas n\u00fapcias eternas&#8221;. E assim foi, at\u00e9 morrer no dia 24 de agosto de 1617. O seu sepultamento parou toda a cidade de Lima.<\/p>\n<p>Muitos milagres aconteceram por sua intercess\u00e3o ap\u00f3s sua morte. Rosa foi beatificada em 1667 e tornou-se a primeira santa da Am\u00e9rica Latina ao ser canonizada, em 1671, pelo papa Clemente X. Dois anos depois, foi proclamada Padroeira da Am\u00e9rica Latina, das Filipinas e das \u00cdndias Orientais, com a festa lit\u00fargica marcada para o dia 23 de agosto. A devo\u00e7\u00e3o a santa Rosa de Lima propagou-se rapidamente nos pa\u00edses latino-americanos, sendo venerada pelos fi\u00e9is como Padroeira dos Jardineiros e dos Floristas.<\/p>\n<p><img loading=\"lazy\" decoding=\"async\" src=\"http:\/\/mw2.google.com\/mw-panoramio\/photos\/medium\/7682239.jpg\" alt=\"Santuario de Santa Rosa de Lima.\" width=\"500\" height=\"375\" \/><\/p>\n<p>Santu\u00e1rio Santa Rosa De Lima<\/p>\n<div id=\"themify_builder_content-10601\" data-postid=\"10601\" class=\"themify_builder_content themify_builder_content-10601 themify_builder themify_builder_front\">\n\t<\/div>\n<!-- \/themify_builder_content -->","protected":false},"excerpt":{"rendered":"<p>23 de Agosto Isabel Flores y de Oliva nasceu na cidade de Lima, capital do Peru, no dia 20 de abril de 1586. A d\u00e9cima dos treze filhos de Gaspar Flores e Maria de Oliva. \u00c0 medida que crescia com o rosto rosado e belo, recebeu dos familiares o apelido de Rosa, como ficou conhecida. [&hellip;]<\/p>\n","protected":false},"author":14,"featured_media":0,"comment_status":"open","ping_status":"open","sticky":false,"template":"","format":"standard","meta":{"ngg_post_thumbnail":0,"footnotes":""},"categories":[186],"tags":[],"yoast_head":"<!-- This site is optimized with the Yoast SEO plugin v23.5 - https:\/\/yoast.com\/wordpress\/plugins\/seo\/ -->\n<title>Santa Rosa de Lima - O Arcanjo no ar<\/title>\n<meta name=\"robots\" content=\"index, follow, max-snippet:-1, max-image-preview:large, max-video-preview:-1\" \/>\n<link rel=\"canonical\" href=\"https:\/\/www.oarcanjo.net\/site\/santa-rosa-de-lima\/\" \/>\n<meta property=\"og:locale\" content=\"pt_BR\" \/>\n<meta property=\"og:type\" content=\"article\" \/>\n<meta property=\"og:title\" content=\"Santa Rosa de Lima - O Arcanjo no ar\" \/>\n<meta property=\"og:description\" content=\"23 de Agosto Isabel Flores y de Oliva nasceu na cidade de Lima, capital do Peru, no dia 20 de abril de 1586. A d\u00e9cima dos treze filhos de Gaspar Flores e Maria de Oliva. \u00c0 medida que crescia com o rosto rosado e belo, recebeu dos familiares o apelido de Rosa, como ficou conhecida. [&hellip;]\" \/>\n<meta property=\"og:url\" content=\"https:\/\/www.oarcanjo.net\/site\/santa-rosa-de-lima\/\" \/>\n<meta property=\"og:site_name\" content=\"O Arcanjo no ar\" \/>\n<meta property=\"article:publisher\" content=\"https:\/\/www.facebook.com\/OArcanjoNoAr\/\" \/>\n<meta property=\"article:published_time\" content=\"2018-08-23T03:07:09+00:00\" \/>\n<meta property=\"article:modified_time\" content=\"2018-06-25T11:14:48+00:00\" \/>\n<meta property=\"og:image\" content=\"http:\/\/upload.wikimedia.org\/wikipedia\/commons\/8\/88\/Sta_Rosa_de_Lima_por_Claudio_Coello.jpg\" \/>\n<meta name=\"author\" content=\"danilo\" \/>\n<meta name=\"twitter:card\" content=\"summary_large_image\" \/>\n<meta name=\"twitter:label1\" content=\"Escrito por\" \/>\n\t<meta name=\"twitter:data1\" content=\"danilo\" \/>\n\t<meta name=\"twitter:label2\" content=\"Est. tempo de leitura\" \/>\n\t<meta name=\"twitter:data2\" content=\"3 minutos\" \/>\n<script type=\"application\/ld+json\" class=\"yoast-schema-graph\">{\"@context\":\"https:\/\/schema.org\",\"@graph\":[{\"@type\":\"Article\",\"@id\":\"https:\/\/www.oarcanjo.net\/site\/santa-rosa-de-lima\/#article\",\"isPartOf\":{\"@id\":\"https:\/\/www.oarcanjo.net\/site\/santa-rosa-de-lima\/\"},\"author\":{\"name\":\"danilo\",\"@id\":\"https:\/\/www.oarcanjo.net\/site\/#\/schema\/person\/5eb9480bedd2f3c97e430ce128c29c6c\"},\"headline\":\"Santa Rosa de Lima\",\"datePublished\":\"2018-08-23T03:07:09+00:00\",\"dateModified\":\"2018-06-25T11:14:48+00:00\",\"mainEntityOfPage\":{\"@id\":\"https:\/\/www.oarcanjo.net\/site\/santa-rosa-de-lima\/\"},\"wordCount\":588,\"commentCount\":1,\"publisher\":{\"@id\":\"https:\/\/www.oarcanjo.net\/site\/#organization\"},\"image\":{\"@id\":\"https:\/\/www.oarcanjo.net\/site\/santa-rosa-de-lima\/#primaryimage\"},\"thumbnailUrl\":\"http:\/\/upload.wikimedia.org\/wikipedia\/commons\/8\/88\/Sta_Rosa_de_Lima_por_Claudio_Coello.jpg\",\"articleSection\":[\"Testemunhos\"],\"inLanguage\":\"pt-BR\",\"potentialAction\":[{\"@type\":\"CommentAction\",\"name\":\"Comment\",\"target\":[\"https:\/\/www.oarcanjo.net\/site\/santa-rosa-de-lima\/#respond\"]}]},{\"@type\":\"WebPage\",\"@id\":\"https:\/\/www.oarcanjo.net\/site\/santa-rosa-de-lima\/\",\"url\":\"https:\/\/www.oarcanjo.net\/site\/santa-rosa-de-lima\/\",\"name\":\"Santa Rosa de Lima - O Arcanjo no ar\",\"isPartOf\":{\"@id\":\"https:\/\/www.oarcanjo.net\/site\/#website\"},\"primaryImageOfPage\":{\"@id\":\"https:\/\/www.oarcanjo.net\/site\/santa-rosa-de-lima\/#primaryimage\"},\"image\":{\"@id\":\"https:\/\/www.oarcanjo.net\/site\/santa-rosa-de-lima\/#primaryimage\"},\"thumbnailUrl\":\"http:\/\/upload.wikimedia.org\/wikipedia\/commons\/8\/88\/Sta_Rosa_de_Lima_por_Claudio_Coello.jpg\",\"datePublished\":\"2018-08-23T03:07:09+00:00\",\"dateModified\":\"2018-06-25T11:14:48+00:00\",\"breadcrumb\":{\"@id\":\"https:\/\/www.oarcanjo.net\/site\/santa-rosa-de-lima\/#breadcrumb\"},\"inLanguage\":\"pt-BR\",\"potentialAction\":[{\"@type\":\"ReadAction\",\"target\":[\"https:\/\/www.oarcanjo.net\/site\/santa-rosa-de-lima\/\"]}]},{\"@type\":\"ImageObject\",\"inLanguage\":\"pt-BR\",\"@id\":\"https:\/\/www.oarcanjo.net\/site\/santa-rosa-de-lima\/#primaryimage\",\"url\":\"http:\/\/upload.wikimedia.org\/wikipedia\/commons\/8\/88\/Sta_Rosa_de_Lima_por_Claudio_Coello.jpg\",\"contentUrl\":\"http:\/\/upload.wikimedia.org\/wikipedia\/commons\/8\/88\/Sta_Rosa_de_Lima_por_Claudio_Coello.jpg\"},{\"@type\":\"BreadcrumbList\",\"@id\":\"https:\/\/www.oarcanjo.net\/site\/santa-rosa-de-lima\/#breadcrumb\",\"itemListElement\":[{\"@type\":\"ListItem\",\"position\":1,\"name\":\"In\u00edcio\",\"item\":\"https:\/\/www.oarcanjo.net\/site\/\"},{\"@type\":\"ListItem\",\"position\":2,\"name\":\"Santa Rosa de Lima\"}]},{\"@type\":\"WebSite\",\"@id\":\"https:\/\/www.oarcanjo.net\/site\/#website\",\"url\":\"https:\/\/www.oarcanjo.net\/site\/\",\"name\":\"O Arcanjo no ar\",\"description\":\"Site da Par\u00f3quia S\u00e3o Miguel Arcanjo (Arquidiocese de SP)\",\"publisher\":{\"@id\":\"https:\/\/www.oarcanjo.net\/site\/#organization\"},\"potentialAction\":[{\"@type\":\"SearchAction\",\"target\":{\"@type\":\"EntryPoint\",\"urlTemplate\":\"https:\/\/www.oarcanjo.net\/site\/?s={search_term_string}\"},\"query-input\":{\"@type\":\"PropertyValueSpecification\",\"valueRequired\":true,\"valueName\":\"search_term_string\"}}],\"inLanguage\":\"pt-BR\"},{\"@type\":\"Organization\",\"@id\":\"https:\/\/www.oarcanjo.net\/site\/#organization\",\"name\":\"Par\u00f3quia S\u00e3o Miguel Arcanjo\",\"url\":\"https:\/\/www.oarcanjo.net\/site\/\",\"logo\":{\"@type\":\"ImageObject\",\"inLanguage\":\"pt-BR\",\"@id\":\"https:\/\/www.oarcanjo.net\/site\/#\/schema\/logo\/image\/\",\"url\":\"https:\/\/www.oarcanjo.net\/site\/wp-content\/uploads\/LogoOArcanjo.png\",\"contentUrl\":\"https:\/\/www.oarcanjo.net\/site\/wp-content\/uploads\/LogoOArcanjo.png\",\"width\":319,\"height\":99,\"caption\":\"Par\u00f3quia S\u00e3o Miguel Arcanjo\"},\"image\":{\"@id\":\"https:\/\/www.oarcanjo.net\/site\/#\/schema\/logo\/image\/\"},\"sameAs\":[\"https:\/\/www.facebook.com\/OArcanjoNoAr\/\"]},{\"@type\":\"Person\",\"@id\":\"https:\/\/www.oarcanjo.net\/site\/#\/schema\/person\/5eb9480bedd2f3c97e430ce128c29c6c\",\"name\":\"danilo\"}]}<\/script>\n<!-- \/ Yoast SEO plugin. -->","yoast_head_json":{"title":"Santa Rosa de Lima - O Arcanjo no ar","robots":{"index":"index","follow":"follow","max-snippet":"max-snippet:-1","max-image-preview":"max-image-preview:large","max-video-preview":"max-video-preview:-1"},"canonical":"https:\/\/www.oarcanjo.net\/site\/santa-rosa-de-lima\/","og_locale":"pt_BR","og_type":"article","og_title":"Santa Rosa de Lima - O Arcanjo no ar","og_description":"23 de Agosto Isabel Flores y de Oliva nasceu na cidade de Lima, capital do Peru, no dia 20 de abril de 1586. A d\u00e9cima dos treze filhos de Gaspar Flores e Maria de Oliva. \u00c0 medida que crescia com o rosto rosado e belo, recebeu dos familiares o apelido de Rosa, como ficou conhecida. [&hellip;]","og_url":"https:\/\/www.oarcanjo.net\/site\/santa-rosa-de-lima\/","og_site_name":"O Arcanjo no ar","article_publisher":"https:\/\/www.facebook.com\/OArcanjoNoAr\/","article_published_time":"2018-08-23T03:07:09+00:00","article_modified_time":"2018-06-25T11:14:48+00:00","og_image":[{"url":"http:\/\/upload.wikimedia.org\/wikipedia\/commons\/8\/88\/Sta_Rosa_de_Lima_por_Claudio_Coello.jpg"}],"author":"danilo","twitter_card":"summary_large_image","twitter_misc":{"Escrito por":"danilo","Est. tempo de leitura":"3 minutos"},"schema":{"@context":"https:\/\/schema.org","@graph":[{"@type":"Article","@id":"https:\/\/www.oarcanjo.net\/site\/santa-rosa-de-lima\/#article","isPartOf":{"@id":"https:\/\/www.oarcanjo.net\/site\/santa-rosa-de-lima\/"},"author":{"name":"danilo","@id":"https:\/\/www.oarcanjo.net\/site\/#\/schema\/person\/5eb9480bedd2f3c97e430ce128c29c6c"},"headline":"Santa Rosa de Lima","datePublished":"2018-08-23T03:07:09+00:00","dateModified":"2018-06-25T11:14:48+00:00","mainEntityOfPage":{"@id":"https:\/\/www.oarcanjo.net\/site\/santa-rosa-de-lima\/"},"wordCount":588,"commentCount":1,"publisher":{"@id":"https:\/\/www.oarcanjo.net\/site\/#organization"},"image":{"@id":"https:\/\/www.oarcanjo.net\/site\/santa-rosa-de-lima\/#primaryimage"},"thumbnailUrl":"http:\/\/upload.wikimedia.org\/wikipedia\/commons\/8\/88\/Sta_Rosa_de_Lima_por_Claudio_Coello.jpg","articleSection":["Testemunhos"],"inLanguage":"pt-BR","potentialAction":[{"@type":"CommentAction","name":"Comment","target":["https:\/\/www.oarcanjo.net\/site\/santa-rosa-de-lima\/#respond"]}]},{"@type":"WebPage","@id":"https:\/\/www.oarcanjo.net\/site\/santa-rosa-de-lima\/","url":"https:\/\/www.oarcanjo.net\/site\/santa-rosa-de-lima\/","name":"Santa Rosa de Lima - O Arcanjo no ar","isPartOf":{"@id":"https:\/\/www.oarcanjo.net\/site\/#website"},"primaryImageOfPage":{"@id":"https:\/\/www.oarcanjo.net\/site\/santa-rosa-de-lima\/#primaryimage"},"image":{"@id":"https:\/\/www.oarcanjo.net\/site\/santa-rosa-de-lima\/#primaryimage"},"thumbnailUrl":"http:\/\/upload.wikimedia.org\/wikipedia\/commons\/8\/88\/Sta_Rosa_de_Lima_por_Claudio_Coello.jpg","datePublished":"2018-08-23T03:07:09+00:00","dateModified":"2018-06-25T11:14:48+00:00","breadcrumb":{"@id":"https:\/\/www.oarcanjo.net\/site\/santa-rosa-de-lima\/#breadcrumb"},"inLanguage":"pt-BR","potentialAction":[{"@type":"ReadAction","target":["https:\/\/www.oarcanjo.net\/site\/santa-rosa-de-lima\/"]}]},{"@type":"ImageObject","inLanguage":"pt-BR","@id":"https:\/\/www.oarcanjo.net\/site\/santa-rosa-de-lima\/#primaryimage","url":"http:\/\/upload.wikimedia.org\/wikipedia\/commons\/8\/88\/Sta_Rosa_de_Lima_por_Claudio_Coello.jpg","contentUrl":"http:\/\/upload.wikimedia.org\/wikipedia\/commons\/8\/88\/Sta_Rosa_de_Lima_por_Claudio_Coello.jpg"},{"@type":"BreadcrumbList","@id":"https:\/\/www.oarcanjo.net\/site\/santa-rosa-de-lima\/#breadcrumb","itemListElement":[{"@type":"ListItem","position":1,"name":"In\u00edcio","item":"https:\/\/www.oarcanjo.net\/site\/"},{"@type":"ListItem","position":2,"name":"Santa Rosa de Lima"}]},{"@type":"WebSite","@id":"https:\/\/www.oarcanjo.net\/site\/#website","url":"https:\/\/www.oarcanjo.net\/site\/","name":"O Arcanjo no ar","description":"Site da Par\u00f3quia S\u00e3o Miguel Arcanjo (Arquidiocese de SP)","publisher":{"@id":"https:\/\/www.oarcanjo.net\/site\/#organization"},"potentialAction":[{"@type":"SearchAction","target":{"@type":"EntryPoint","urlTemplate":"https:\/\/www.oarcanjo.net\/site\/?s={search_term_string}"},"query-input":{"@type":"PropertyValueSpecification","valueRequired":true,"valueName":"search_term_string"}}],"inLanguage":"pt-BR"},{"@type":"Organization","@id":"https:\/\/www.oarcanjo.net\/site\/#organization","name":"Par\u00f3quia S\u00e3o Miguel Arcanjo","url":"https:\/\/www.oarcanjo.net\/site\/","logo":{"@type":"ImageObject","inLanguage":"pt-BR","@id":"https:\/\/www.oarcanjo.net\/site\/#\/schema\/logo\/image\/","url":"https:\/\/www.oarcanjo.net\/site\/wp-content\/uploads\/LogoOArcanjo.png","contentUrl":"https:\/\/www.oarcanjo.net\/site\/wp-content\/uploads\/LogoOArcanjo.png","width":319,"height":99,"caption":"Par\u00f3quia S\u00e3o Miguel Arcanjo"},"image":{"@id":"https:\/\/www.oarcanjo.net\/site\/#\/schema\/logo\/image\/"},"sameAs":["https:\/\/www.facebook.com\/OArcanjoNoAr\/"]},{"@type":"Person","@id":"https:\/\/www.oarcanjo.net\/site\/#\/schema\/person\/5eb9480bedd2f3c97e430ce128c29c6c","name":"danilo"}]}},"publishpress_future_action":{"enabled":false,"date":"2026-05-08 05:13:28","action":"category","newStatus":"draft","terms":[],"taxonomy":"category"},"publishpress_future_workflow_manual_trigger":{"enabledWorkflows":[]},"_links":{"self":[{"href":"https:\/\/www.oarcanjo.net\/site\/wp-json\/wp\/v2\/posts\/10601"}],"collection":[{"href":"https:\/\/www.oarcanjo.net\/site\/wp-json\/wp\/v2\/posts"}],"about":[{"href":"https:\/\/www.oarcanjo.net\/site\/wp-json\/wp\/v2\/types\/post"}],"author":[{"embeddable":true,"href":"https:\/\/www.oarcanjo.net\/site\/wp-json\/wp\/v2\/users\/14"}],"replies":[{"embeddable":true,"href":"https:\/\/www.oarcanjo.net\/site\/wp-json\/wp\/v2\/comments?post=10601"}],"version-history":[{"count":1,"href":"https:\/\/www.oarcanjo.net\/site\/wp-json\/wp\/v2\/posts\/10601\/revisions"}],"predecessor-version":[{"id":88850,"href":"https:\/\/www.oarcanjo.net\/site\/wp-json\/wp\/v2\/posts\/10601\/revisions\/88850"}],"wp:attachment":[{"href":"https:\/\/www.oarcanjo.net\/site\/wp-json\/wp\/v2\/media?parent=10601"}],"wp:term":[{"taxonomy":"category","embeddable":true,"href":"https:\/\/www.oarcanjo.net\/site\/wp-json\/wp\/v2\/categories?post=10601"},{"taxonomy":"post_tag","embeddable":true,"href":"https:\/\/www.oarcanjo.net\/site\/wp-json\/wp\/v2\/tags?post=10601"}],"curies":[{"name":"wp","href":"https:\/\/api.w.org\/{rel}","templated":true}]}}