
{"id":10605,"date":"2018-08-24T00:13:55","date_gmt":"2018-08-24T03:13:55","guid":{"rendered":"http:\/\/www.oarcanjo.net\/site\/?p=10605"},"modified":"2018-06-25T08:14:52","modified_gmt":"2018-06-25T11:14:52","slug":"santa-joana-antida-thouret","status":"publish","type":"post","link":"https:\/\/www.oarcanjo.net\/site\/santa-joana-antida-thouret\/","title":{"rendered":"Santa Joana Antida Thouret"},"content":{"rendered":"<p><img loading=\"lazy\" decoding=\"async\" src=\"http:\/\/4.bp.blogspot.com\/_z-c0Sh5Zlrs\/SK9fIk2MjbI\/AAAAAAAACOs\/RjIlT-1_1gM\/s400\/Santa+Joana+Antida+Thouret.jpg\" alt=\"\" width=\"150\" height=\"190\" \/><\/p>\n<p>24 de Agosto<\/p>\n<p>Fundou o Instituto das Filhas da Caridade de S\u00e3o Vicente de Paulo<\/p>\n<p>Joana Antida Thouret nasceu numa cidade chamada Sancey-le-Long, pr\u00f3xima de Besan\u00e7on, na Fran\u00e7a, no dia 27 de novembro de 1765. Francisco e Cl\u00e1udia eram seus pais, tiveram quatro filhos e ela foi a primeira. Joana cresceu muito bonita, de natureza melanc\u00f3lica, tinha a sa\u00fade delicada, um car\u00e1ter gentil e era muito caridosa. Desde a inf\u00e2ncia, manifestou sua voca\u00e7\u00e3o religiosa.<\/p>\n<p>Aos dezesseis anos, sua m\u00e3e morreu. Ficou t\u00e3o abalada que s\u00f3 encontrou amparo na imensa devo\u00e7\u00e3o que dedicava \u00e0 Virgem Maria. Assim, teve de assumir as responsabilidades da casa e da fam\u00edlia, da qual cuidou com muito amor e determina\u00e7\u00e3o. Por\u00e9m a voca\u00e7\u00e3o falava mais alto no seu cora\u00e7\u00e3o, que j\u00e1 havia entregue a Jesus. Chorou muito at\u00e9 que seu pai permitisse seu ingresso definitivo no convento. Tinha vinte e dois anos de idade quando foi fazer seu noviciado no Convento das Irm\u00e3s da Caridade de S\u00e3o Vicente de Paulo, em Paris.<\/p>\n<p>Naquela \u00e9poca, era normal a novi\u00e7a ser submetida aos trabalhos pesados da comunidade. Assim foi com Joana, que, em fun\u00e7\u00e3o da mudan\u00e7a de clima e do grande esfor\u00e7o f\u00edsico, acabou adoecendo gravemente. Temendo ser enviada de volta para a casa paterna, rezou muito pedindo a Deus que a curasse. Foi atendida por meio de uma dedicada enfermeira, que a tratou com medica\u00e7\u00e3o especial. Em 1788, recebeu o h\u00e1bito religioso das vicentinas.<\/p>\n<p>Depois disso, Joana andou pelo mundo pregando a Palavra de Deus, fazendo caridade, tratando dos doentes, mas principalmente sendo perseguida. Havia estourado a Revolu\u00e7\u00e3o na Fran\u00e7a, o clima anticlerical tornava a vida dos religiosos um verdadeiro terror. Muitos sacerdotes, religiosos e fi\u00e9is da Igreja foram denunciados, perseguidos, torturados e condenados \u00e0 morte por guilhotina. Tinha vinte e oito anos quando se viu atirada \u00e0 rua junto com outras religiosas. Joana ficou sem ter para onde ir. Junto com outras companheiras, foi para a Su\u00ed\u00e7a e, depois, para a Alemanha, voltando novamente para a Su\u00ed\u00e7a.<\/p>\n<p>Em 1797, fixou-se em Besan\u00e7on, onde fundou uma escola para meninas, mas sem deixar de cuidar dos enfermos. Entretanto os revolucion\u00e1rios descobriram-na e teve de esconder-se por dois anos. Em 1799, p\u00f4de retornar e, junto com quatro religiosas, fundou outra escola com farm\u00e1cia, formando o primeiro n\u00facleo do Instituto das Filhas da Caridade de S\u00e3o Vicente de Paulo. Logo as disc\u00edpulas de Joana Antida aumentaram e a nova congrega\u00e7\u00e3o expandiu-se pela Fran\u00e7a, Su\u00ed\u00e7a, Sab\u00f3ia e N\u00e1poles.<\/p>\n<p>Depois disso, em 1810, foi enviada para assumir a dire\u00e7\u00e3o de um grande hospital de N\u00e1poles, onde Joana Antida passou a \u00faltima etapa de sua vida, empreendendo intensa atividade, abrindo muitos institutos, desenvolvendo sua congrega\u00e7\u00e3o. A fundadora morreu no dia 24 de agosto de 1826, no seu convento de N\u00e1poles, rodeada por suas religiosas. O papa Pio XI proclamou-a santa em 1934, e indicou sua celebra\u00e7\u00e3o para o dia de sua morte.<\/p>\n<div id=\"themify_builder_content-10605\" data-postid=\"10605\" class=\"themify_builder_content themify_builder_content-10605 themify_builder themify_builder_front\">\n\t<\/div>\n<!-- \/themify_builder_content -->","protected":false},"excerpt":{"rendered":"<p>24 de Agosto Fundou o Instituto das Filhas da Caridade de S\u00e3o Vicente de Paulo Joana Antida Thouret nasceu numa cidade chamada Sancey-le-Long, pr\u00f3xima de Besan\u00e7on, na Fran\u00e7a, no dia 27 de novembro de 1765. Francisco e Cl\u00e1udia eram seus pais, tiveram quatro filhos e ela foi a primeira. Joana cresceu muito bonita, de natureza [&hellip;]<\/p>\n","protected":false},"author":14,"featured_media":0,"comment_status":"open","ping_status":"open","sticky":false,"template":"","format":"standard","meta":{"ngg_post_thumbnail":0,"footnotes":""},"categories":[186],"tags":[],"yoast_head":"<!-- This site is optimized with the Yoast SEO plugin v23.5 - https:\/\/yoast.com\/wordpress\/plugins\/seo\/ -->\n<title>Santa Joana Antida Thouret - O Arcanjo no ar<\/title>\n<meta name=\"robots\" content=\"index, follow, max-snippet:-1, max-image-preview:large, max-video-preview:-1\" \/>\n<link rel=\"canonical\" href=\"https:\/\/www.oarcanjo.net\/site\/santa-joana-antida-thouret\/\" \/>\n<meta property=\"og:locale\" content=\"pt_BR\" \/>\n<meta property=\"og:type\" content=\"article\" \/>\n<meta property=\"og:title\" content=\"Santa Joana Antida Thouret - O Arcanjo no ar\" \/>\n<meta property=\"og:description\" content=\"24 de Agosto Fundou o Instituto das Filhas da Caridade de S\u00e3o Vicente de Paulo Joana Antida Thouret nasceu numa cidade chamada Sancey-le-Long, pr\u00f3xima de Besan\u00e7on, na Fran\u00e7a, no dia 27 de novembro de 1765. Francisco e Cl\u00e1udia eram seus pais, tiveram quatro filhos e ela foi a primeira. Joana cresceu muito bonita, de natureza [&hellip;]\" \/>\n<meta property=\"og:url\" content=\"https:\/\/www.oarcanjo.net\/site\/santa-joana-antida-thouret\/\" \/>\n<meta property=\"og:site_name\" content=\"O Arcanjo no ar\" \/>\n<meta property=\"article:publisher\" content=\"https:\/\/www.facebook.com\/OArcanjoNoAr\/\" \/>\n<meta property=\"article:published_time\" content=\"2018-08-24T03:13:55+00:00\" \/>\n<meta property=\"article:modified_time\" content=\"2018-06-25T11:14:52+00:00\" \/>\n<meta property=\"og:image\" content=\"http:\/\/4.bp.blogspot.com\/_z-c0Sh5Zlrs\/SK9fIk2MjbI\/AAAAAAAACOs\/RjIlT-1_1gM\/s400\/Santa+Joana+Antida+Thouret.jpg\" \/>\n<meta name=\"author\" content=\"danilo\" \/>\n<meta name=\"twitter:card\" content=\"summary_large_image\" \/>\n<meta name=\"twitter:label1\" content=\"Escrito por\" \/>\n\t<meta name=\"twitter:data1\" content=\"danilo\" \/>\n\t<meta name=\"twitter:label2\" content=\"Est. tempo de leitura\" \/>\n\t<meta name=\"twitter:data2\" content=\"3 minutos\" \/>\n<script type=\"application\/ld+json\" class=\"yoast-schema-graph\">{\"@context\":\"https:\/\/schema.org\",\"@graph\":[{\"@type\":\"Article\",\"@id\":\"https:\/\/www.oarcanjo.net\/site\/santa-joana-antida-thouret\/#article\",\"isPartOf\":{\"@id\":\"https:\/\/www.oarcanjo.net\/site\/santa-joana-antida-thouret\/\"},\"author\":{\"name\":\"danilo\",\"@id\":\"https:\/\/www.oarcanjo.net\/site\/#\/schema\/person\/5eb9480bedd2f3c97e430ce128c29c6c\"},\"headline\":\"Santa Joana Antida Thouret\",\"datePublished\":\"2018-08-24T03:13:55+00:00\",\"dateModified\":\"2018-06-25T11:14:52+00:00\",\"mainEntityOfPage\":{\"@id\":\"https:\/\/www.oarcanjo.net\/site\/santa-joana-antida-thouret\/\"},\"wordCount\":519,\"commentCount\":0,\"publisher\":{\"@id\":\"https:\/\/www.oarcanjo.net\/site\/#organization\"},\"image\":{\"@id\":\"https:\/\/www.oarcanjo.net\/site\/santa-joana-antida-thouret\/#primaryimage\"},\"thumbnailUrl\":\"http:\/\/4.bp.blogspot.com\/_z-c0Sh5Zlrs\/SK9fIk2MjbI\/AAAAAAAACOs\/RjIlT-1_1gM\/s400\/Santa+Joana+Antida+Thouret.jpg\",\"articleSection\":[\"Testemunhos\"],\"inLanguage\":\"pt-BR\",\"potentialAction\":[{\"@type\":\"CommentAction\",\"name\":\"Comment\",\"target\":[\"https:\/\/www.oarcanjo.net\/site\/santa-joana-antida-thouret\/#respond\"]}]},{\"@type\":\"WebPage\",\"@id\":\"https:\/\/www.oarcanjo.net\/site\/santa-joana-antida-thouret\/\",\"url\":\"https:\/\/www.oarcanjo.net\/site\/santa-joana-antida-thouret\/\",\"name\":\"Santa Joana Antida Thouret - O Arcanjo no ar\",\"isPartOf\":{\"@id\":\"https:\/\/www.oarcanjo.net\/site\/#website\"},\"primaryImageOfPage\":{\"@id\":\"https:\/\/www.oarcanjo.net\/site\/santa-joana-antida-thouret\/#primaryimage\"},\"image\":{\"@id\":\"https:\/\/www.oarcanjo.net\/site\/santa-joana-antida-thouret\/#primaryimage\"},\"thumbnailUrl\":\"http:\/\/4.bp.blogspot.com\/_z-c0Sh5Zlrs\/SK9fIk2MjbI\/AAAAAAAACOs\/RjIlT-1_1gM\/s400\/Santa+Joana+Antida+Thouret.jpg\",\"datePublished\":\"2018-08-24T03:13:55+00:00\",\"dateModified\":\"2018-06-25T11:14:52+00:00\",\"breadcrumb\":{\"@id\":\"https:\/\/www.oarcanjo.net\/site\/santa-joana-antida-thouret\/#breadcrumb\"},\"inLanguage\":\"pt-BR\",\"potentialAction\":[{\"@type\":\"ReadAction\",\"target\":[\"https:\/\/www.oarcanjo.net\/site\/santa-joana-antida-thouret\/\"]}]},{\"@type\":\"ImageObject\",\"inLanguage\":\"pt-BR\",\"@id\":\"https:\/\/www.oarcanjo.net\/site\/santa-joana-antida-thouret\/#primaryimage\",\"url\":\"http:\/\/4.bp.blogspot.com\/_z-c0Sh5Zlrs\/SK9fIk2MjbI\/AAAAAAAACOs\/RjIlT-1_1gM\/s400\/Santa+Joana+Antida+Thouret.jpg\",\"contentUrl\":\"http:\/\/4.bp.blogspot.com\/_z-c0Sh5Zlrs\/SK9fIk2MjbI\/AAAAAAAACOs\/RjIlT-1_1gM\/s400\/Santa+Joana+Antida+Thouret.jpg\"},{\"@type\":\"BreadcrumbList\",\"@id\":\"https:\/\/www.oarcanjo.net\/site\/santa-joana-antida-thouret\/#breadcrumb\",\"itemListElement\":[{\"@type\":\"ListItem\",\"position\":1,\"name\":\"In\u00edcio\",\"item\":\"https:\/\/www.oarcanjo.net\/site\/\"},{\"@type\":\"ListItem\",\"position\":2,\"name\":\"Santa Joana Antida Thouret\"}]},{\"@type\":\"WebSite\",\"@id\":\"https:\/\/www.oarcanjo.net\/site\/#website\",\"url\":\"https:\/\/www.oarcanjo.net\/site\/\",\"name\":\"O Arcanjo no ar\",\"description\":\"Site da Par\u00f3quia S\u00e3o Miguel Arcanjo (Arquidiocese de SP)\",\"publisher\":{\"@id\":\"https:\/\/www.oarcanjo.net\/site\/#organization\"},\"potentialAction\":[{\"@type\":\"SearchAction\",\"target\":{\"@type\":\"EntryPoint\",\"urlTemplate\":\"https:\/\/www.oarcanjo.net\/site\/?s={search_term_string}\"},\"query-input\":{\"@type\":\"PropertyValueSpecification\",\"valueRequired\":true,\"valueName\":\"search_term_string\"}}],\"inLanguage\":\"pt-BR\"},{\"@type\":\"Organization\",\"@id\":\"https:\/\/www.oarcanjo.net\/site\/#organization\",\"name\":\"Par\u00f3quia S\u00e3o Miguel Arcanjo\",\"url\":\"https:\/\/www.oarcanjo.net\/site\/\",\"logo\":{\"@type\":\"ImageObject\",\"inLanguage\":\"pt-BR\",\"@id\":\"https:\/\/www.oarcanjo.net\/site\/#\/schema\/logo\/image\/\",\"url\":\"https:\/\/www.oarcanjo.net\/site\/wp-content\/uploads\/LogoOArcanjo.png\",\"contentUrl\":\"https:\/\/www.oarcanjo.net\/site\/wp-content\/uploads\/LogoOArcanjo.png\",\"width\":319,\"height\":99,\"caption\":\"Par\u00f3quia S\u00e3o Miguel Arcanjo\"},\"image\":{\"@id\":\"https:\/\/www.oarcanjo.net\/site\/#\/schema\/logo\/image\/\"},\"sameAs\":[\"https:\/\/www.facebook.com\/OArcanjoNoAr\/\"]},{\"@type\":\"Person\",\"@id\":\"https:\/\/www.oarcanjo.net\/site\/#\/schema\/person\/5eb9480bedd2f3c97e430ce128c29c6c\",\"name\":\"danilo\"}]}<\/script>\n<!-- \/ Yoast SEO plugin. -->","yoast_head_json":{"title":"Santa Joana Antida Thouret - O Arcanjo no ar","robots":{"index":"index","follow":"follow","max-snippet":"max-snippet:-1","max-image-preview":"max-image-preview:large","max-video-preview":"max-video-preview:-1"},"canonical":"https:\/\/www.oarcanjo.net\/site\/santa-joana-antida-thouret\/","og_locale":"pt_BR","og_type":"article","og_title":"Santa Joana Antida Thouret - O Arcanjo no ar","og_description":"24 de Agosto Fundou o Instituto das Filhas da Caridade de S\u00e3o Vicente de Paulo Joana Antida Thouret nasceu numa cidade chamada Sancey-le-Long, pr\u00f3xima de Besan\u00e7on, na Fran\u00e7a, no dia 27 de novembro de 1765. Francisco e Cl\u00e1udia eram seus pais, tiveram quatro filhos e ela foi a primeira. Joana cresceu muito bonita, de natureza [&hellip;]","og_url":"https:\/\/www.oarcanjo.net\/site\/santa-joana-antida-thouret\/","og_site_name":"O Arcanjo no ar","article_publisher":"https:\/\/www.facebook.com\/OArcanjoNoAr\/","article_published_time":"2018-08-24T03:13:55+00:00","article_modified_time":"2018-06-25T11:14:52+00:00","og_image":[{"url":"http:\/\/4.bp.blogspot.com\/_z-c0Sh5Zlrs\/SK9fIk2MjbI\/AAAAAAAACOs\/RjIlT-1_1gM\/s400\/Santa+Joana+Antida+Thouret.jpg"}],"author":"danilo","twitter_card":"summary_large_image","twitter_misc":{"Escrito por":"danilo","Est. tempo de leitura":"3 minutos"},"schema":{"@context":"https:\/\/schema.org","@graph":[{"@type":"Article","@id":"https:\/\/www.oarcanjo.net\/site\/santa-joana-antida-thouret\/#article","isPartOf":{"@id":"https:\/\/www.oarcanjo.net\/site\/santa-joana-antida-thouret\/"},"author":{"name":"danilo","@id":"https:\/\/www.oarcanjo.net\/site\/#\/schema\/person\/5eb9480bedd2f3c97e430ce128c29c6c"},"headline":"Santa Joana Antida Thouret","datePublished":"2018-08-24T03:13:55+00:00","dateModified":"2018-06-25T11:14:52+00:00","mainEntityOfPage":{"@id":"https:\/\/www.oarcanjo.net\/site\/santa-joana-antida-thouret\/"},"wordCount":519,"commentCount":0,"publisher":{"@id":"https:\/\/www.oarcanjo.net\/site\/#organization"},"image":{"@id":"https:\/\/www.oarcanjo.net\/site\/santa-joana-antida-thouret\/#primaryimage"},"thumbnailUrl":"http:\/\/4.bp.blogspot.com\/_z-c0Sh5Zlrs\/SK9fIk2MjbI\/AAAAAAAACOs\/RjIlT-1_1gM\/s400\/Santa+Joana+Antida+Thouret.jpg","articleSection":["Testemunhos"],"inLanguage":"pt-BR","potentialAction":[{"@type":"CommentAction","name":"Comment","target":["https:\/\/www.oarcanjo.net\/site\/santa-joana-antida-thouret\/#respond"]}]},{"@type":"WebPage","@id":"https:\/\/www.oarcanjo.net\/site\/santa-joana-antida-thouret\/","url":"https:\/\/www.oarcanjo.net\/site\/santa-joana-antida-thouret\/","name":"Santa Joana Antida Thouret - O Arcanjo no ar","isPartOf":{"@id":"https:\/\/www.oarcanjo.net\/site\/#website"},"primaryImageOfPage":{"@id":"https:\/\/www.oarcanjo.net\/site\/santa-joana-antida-thouret\/#primaryimage"},"image":{"@id":"https:\/\/www.oarcanjo.net\/site\/santa-joana-antida-thouret\/#primaryimage"},"thumbnailUrl":"http:\/\/4.bp.blogspot.com\/_z-c0Sh5Zlrs\/SK9fIk2MjbI\/AAAAAAAACOs\/RjIlT-1_1gM\/s400\/Santa+Joana+Antida+Thouret.jpg","datePublished":"2018-08-24T03:13:55+00:00","dateModified":"2018-06-25T11:14:52+00:00","breadcrumb":{"@id":"https:\/\/www.oarcanjo.net\/site\/santa-joana-antida-thouret\/#breadcrumb"},"inLanguage":"pt-BR","potentialAction":[{"@type":"ReadAction","target":["https:\/\/www.oarcanjo.net\/site\/santa-joana-antida-thouret\/"]}]},{"@type":"ImageObject","inLanguage":"pt-BR","@id":"https:\/\/www.oarcanjo.net\/site\/santa-joana-antida-thouret\/#primaryimage","url":"http:\/\/4.bp.blogspot.com\/_z-c0Sh5Zlrs\/SK9fIk2MjbI\/AAAAAAAACOs\/RjIlT-1_1gM\/s400\/Santa+Joana+Antida+Thouret.jpg","contentUrl":"http:\/\/4.bp.blogspot.com\/_z-c0Sh5Zlrs\/SK9fIk2MjbI\/AAAAAAAACOs\/RjIlT-1_1gM\/s400\/Santa+Joana+Antida+Thouret.jpg"},{"@type":"BreadcrumbList","@id":"https:\/\/www.oarcanjo.net\/site\/santa-joana-antida-thouret\/#breadcrumb","itemListElement":[{"@type":"ListItem","position":1,"name":"In\u00edcio","item":"https:\/\/www.oarcanjo.net\/site\/"},{"@type":"ListItem","position":2,"name":"Santa Joana Antida Thouret"}]},{"@type":"WebSite","@id":"https:\/\/www.oarcanjo.net\/site\/#website","url":"https:\/\/www.oarcanjo.net\/site\/","name":"O Arcanjo no ar","description":"Site da Par\u00f3quia S\u00e3o Miguel Arcanjo (Arquidiocese de SP)","publisher":{"@id":"https:\/\/www.oarcanjo.net\/site\/#organization"},"potentialAction":[{"@type":"SearchAction","target":{"@type":"EntryPoint","urlTemplate":"https:\/\/www.oarcanjo.net\/site\/?s={search_term_string}"},"query-input":{"@type":"PropertyValueSpecification","valueRequired":true,"valueName":"search_term_string"}}],"inLanguage":"pt-BR"},{"@type":"Organization","@id":"https:\/\/www.oarcanjo.net\/site\/#organization","name":"Par\u00f3quia S\u00e3o Miguel Arcanjo","url":"https:\/\/www.oarcanjo.net\/site\/","logo":{"@type":"ImageObject","inLanguage":"pt-BR","@id":"https:\/\/www.oarcanjo.net\/site\/#\/schema\/logo\/image\/","url":"https:\/\/www.oarcanjo.net\/site\/wp-content\/uploads\/LogoOArcanjo.png","contentUrl":"https:\/\/www.oarcanjo.net\/site\/wp-content\/uploads\/LogoOArcanjo.png","width":319,"height":99,"caption":"Par\u00f3quia S\u00e3o Miguel Arcanjo"},"image":{"@id":"https:\/\/www.oarcanjo.net\/site\/#\/schema\/logo\/image\/"},"sameAs":["https:\/\/www.facebook.com\/OArcanjoNoAr\/"]},{"@type":"Person","@id":"https:\/\/www.oarcanjo.net\/site\/#\/schema\/person\/5eb9480bedd2f3c97e430ce128c29c6c","name":"danilo"}]}},"publishpress_future_action":{"enabled":false,"date":"2026-05-08 05:14:35","action":"category","newStatus":"draft","terms":[],"taxonomy":"category"},"publishpress_future_workflow_manual_trigger":{"enabledWorkflows":[]},"_links":{"self":[{"href":"https:\/\/www.oarcanjo.net\/site\/wp-json\/wp\/v2\/posts\/10605"}],"collection":[{"href":"https:\/\/www.oarcanjo.net\/site\/wp-json\/wp\/v2\/posts"}],"about":[{"href":"https:\/\/www.oarcanjo.net\/site\/wp-json\/wp\/v2\/types\/post"}],"author":[{"embeddable":true,"href":"https:\/\/www.oarcanjo.net\/site\/wp-json\/wp\/v2\/users\/14"}],"replies":[{"embeddable":true,"href":"https:\/\/www.oarcanjo.net\/site\/wp-json\/wp\/v2\/comments?post=10605"}],"version-history":[{"count":1,"href":"https:\/\/www.oarcanjo.net\/site\/wp-json\/wp\/v2\/posts\/10605\/revisions"}],"predecessor-version":[{"id":88851,"href":"https:\/\/www.oarcanjo.net\/site\/wp-json\/wp\/v2\/posts\/10605\/revisions\/88851"}],"wp:attachment":[{"href":"https:\/\/www.oarcanjo.net\/site\/wp-json\/wp\/v2\/media?parent=10605"}],"wp:term":[{"taxonomy":"category","embeddable":true,"href":"https:\/\/www.oarcanjo.net\/site\/wp-json\/wp\/v2\/categories?post=10605"},{"taxonomy":"post_tag","embeddable":true,"href":"https:\/\/www.oarcanjo.net\/site\/wp-json\/wp\/v2\/tags?post=10605"}],"curies":[{"name":"wp","href":"https:\/\/api.w.org\/{rel}","templated":true}]}}