
{"id":106053,"date":"2021-02-14T15:39:25","date_gmt":"2021-02-14T18:39:25","guid":{"rendered":"https:\/\/www.oarcanjo.net\/site\/?p=106053"},"modified":"2021-02-17T10:34:01","modified_gmt":"2021-02-17T13:34:01","slug":"pe-julio-sobre-a-campanha-da-fraternidade-e-uma-campanha-corajosa","status":"publish","type":"post","link":"https:\/\/www.oarcanjo.net\/site\/pe-julio-sobre-a-campanha-da-fraternidade-e-uma-campanha-corajosa\/","title":{"rendered":"Pe. Julio sobre a Campanha da Fraternidade: &#8220;\u00e9 uma campanha corajosa&#8221;"},"content":{"rendered":"<p>\u00c9 uma campanha corajosa! Igrejas crist\u00e3s que se unem contra a viol\u00eancia. N\u00e3o queremos armas, queremos vida! No final da missa de 14\/02\/2021, o Pe. Julio Lancellotti manifestou apoio \u00e0 Campanha da Fraternidade, que ser\u00e1 lan\u00e7ada oficialmente na quarta-feira de Cinzas. Este ano, a CF \u00e9 ecum\u00eanica e tem como lema &#8220;Cristo \u00e9 a nossa paz: do que era dividido, fez uma unidade&#8221;.<\/p>\n<p><iframe loading=\"lazy\" width=\"700\" height=\"394\" src=\"https:\/\/www.youtube.com\/embed\/v4IK2r9k7QI?rel=0\" frameborder=\"0\" allow=\"accelerometer; autoplay; clipboard-write; encrypted-media; gyroscope; picture-in-picture\" allowfullscreen><\/iframe><\/p>\n<div id=\"themify_builder_content-106053\" data-postid=\"106053\" class=\"themify_builder_content themify_builder_content-106053 themify_builder themify_builder_front\">\n\t<\/div>\n<!-- \/themify_builder_content -->","protected":false},"excerpt":{"rendered":"<p>Pe. Julio manifesta apoio \u00e0 CF que este ano \u00e9 ecum\u00eanica e tem como lema &#8220;Cristo \u00e9 a nossa paz: do que era dividido, fez uma unidade&#8221;<\/p>\n","protected":false},"author":5,"featured_media":106054,"comment_status":"open","ping_status":"open","sticky":false,"template":"","format":"standard","meta":{"ngg_post_thumbnail":0,"footnotes":""},"categories":[3,8,280],"tags":[],"yoast_head":"<!-- This site is optimized with the Yoast SEO plugin v23.5 - https:\/\/yoast.com\/wordpress\/plugins\/seo\/ -->\n<title>Pe. Julio sobre a Campanha da Fraternidade: &quot;\u00e9 uma campanha corajosa&quot; - O Arcanjo no ar<\/title>\n<meta name=\"robots\" content=\"index, follow, max-snippet:-1, max-image-preview:large, max-video-preview:-1\" \/>\n<link rel=\"canonical\" href=\"https:\/\/www.oarcanjo.net\/site\/pe-julio-sobre-a-campanha-da-fraternidade-e-uma-campanha-corajosa\/\" \/>\n<meta property=\"og:locale\" content=\"pt_BR\" \/>\n<meta property=\"og:type\" content=\"article\" \/>\n<meta property=\"og:title\" content=\"Pe. Julio sobre a Campanha da Fraternidade: &quot;\u00e9 uma campanha corajosa&quot; - O Arcanjo no ar\" \/>\n<meta property=\"og:description\" content=\"Pe. Julio manifesta apoio \u00e0 CF que este ano \u00e9 ecum\u00eanica e tem como lema &quot;Cristo \u00e9 a nossa paz: do que era dividido, fez uma unidade&quot;\" \/>\n<meta property=\"og:url\" content=\"https:\/\/www.oarcanjo.net\/site\/pe-julio-sobre-a-campanha-da-fraternidade-e-uma-campanha-corajosa\/\" \/>\n<meta property=\"og:site_name\" content=\"O Arcanjo no ar\" \/>\n<meta property=\"article:publisher\" content=\"https:\/\/www.facebook.com\/OArcanjoNoAr\/\" \/>\n<meta property=\"article:published_time\" content=\"2021-02-14T18:39:25+00:00\" \/>\n<meta property=\"article:modified_time\" content=\"2021-02-17T13:34:01+00:00\" \/>\n<meta property=\"og:image\" content=\"https:\/\/www.oarcanjo.net\/site\/wp-content\/uploads\/20210214CF01.png\" \/>\n\t<meta property=\"og:image:width\" content=\"1303\" \/>\n\t<meta property=\"og:image:height\" content=\"730\" \/>\n\t<meta property=\"og:image:type\" content=\"image\/png\" \/>\n<meta name=\"author\" content=\"editor\" \/>\n<meta name=\"twitter:card\" content=\"summary_large_image\" \/>\n<meta name=\"twitter:label1\" content=\"Escrito por\" \/>\n\t<meta name=\"twitter:data1\" content=\"editor\" \/>\n<script type=\"application\/ld+json\" class=\"yoast-schema-graph\">{\"@context\":\"https:\/\/schema.org\",\"@graph\":[{\"@type\":\"Article\",\"@id\":\"https:\/\/www.oarcanjo.net\/site\/pe-julio-sobre-a-campanha-da-fraternidade-e-uma-campanha-corajosa\/#article\",\"isPartOf\":{\"@id\":\"https:\/\/www.oarcanjo.net\/site\/pe-julio-sobre-a-campanha-da-fraternidade-e-uma-campanha-corajosa\/\"},\"author\":{\"name\":\"editor\",\"@id\":\"https:\/\/www.oarcanjo.net\/site\/#\/schema\/person\/f7024d007863202483a31326673a0838\"},\"headline\":\"Pe. Julio sobre a Campanha da Fraternidade: &#8220;\u00e9 uma campanha corajosa&#8221;\",\"datePublished\":\"2021-02-14T18:39:25+00:00\",\"dateModified\":\"2021-02-17T13:34:01+00:00\",\"mainEntityOfPage\":{\"@id\":\"https:\/\/www.oarcanjo.net\/site\/pe-julio-sobre-a-campanha-da-fraternidade-e-uma-campanha-corajosa\/\"},\"wordCount\":73,\"commentCount\":1,\"publisher\":{\"@id\":\"https:\/\/www.oarcanjo.net\/site\/#organization\"},\"image\":{\"@id\":\"https:\/\/www.oarcanjo.net\/site\/pe-julio-sobre-a-campanha-da-fraternidade-e-uma-campanha-corajosa\/#primaryimage\"},\"thumbnailUrl\":\"https:\/\/www.oarcanjo.net\/site\/wp-content\/uploads\/20210214CF01.png\",\"articleSection\":[\"Destaques\",\"Not\u00edcias\",\"V\u00eddeos\"],\"inLanguage\":\"pt-BR\",\"potentialAction\":[{\"@type\":\"CommentAction\",\"name\":\"Comment\",\"target\":[\"https:\/\/www.oarcanjo.net\/site\/pe-julio-sobre-a-campanha-da-fraternidade-e-uma-campanha-corajosa\/#respond\"]}]},{\"@type\":\"WebPage\",\"@id\":\"https:\/\/www.oarcanjo.net\/site\/pe-julio-sobre-a-campanha-da-fraternidade-e-uma-campanha-corajosa\/\",\"url\":\"https:\/\/www.oarcanjo.net\/site\/pe-julio-sobre-a-campanha-da-fraternidade-e-uma-campanha-corajosa\/\",\"name\":\"Pe. Julio sobre a Campanha da Fraternidade: \\\"\u00e9 uma campanha corajosa\\\" - O Arcanjo no ar\",\"isPartOf\":{\"@id\":\"https:\/\/www.oarcanjo.net\/site\/#website\"},\"primaryImageOfPage\":{\"@id\":\"https:\/\/www.oarcanjo.net\/site\/pe-julio-sobre-a-campanha-da-fraternidade-e-uma-campanha-corajosa\/#primaryimage\"},\"image\":{\"@id\":\"https:\/\/www.oarcanjo.net\/site\/pe-julio-sobre-a-campanha-da-fraternidade-e-uma-campanha-corajosa\/#primaryimage\"},\"thumbnailUrl\":\"https:\/\/www.oarcanjo.net\/site\/wp-content\/uploads\/20210214CF01.png\",\"datePublished\":\"2021-02-14T18:39:25+00:00\",\"dateModified\":\"2021-02-17T13:34:01+00:00\",\"breadcrumb\":{\"@id\":\"https:\/\/www.oarcanjo.net\/site\/pe-julio-sobre-a-campanha-da-fraternidade-e-uma-campanha-corajosa\/#breadcrumb\"},\"inLanguage\":\"pt-BR\",\"potentialAction\":[{\"@type\":\"ReadAction\",\"target\":[\"https:\/\/www.oarcanjo.net\/site\/pe-julio-sobre-a-campanha-da-fraternidade-e-uma-campanha-corajosa\/\"]}]},{\"@type\":\"ImageObject\",\"inLanguage\":\"pt-BR\",\"@id\":\"https:\/\/www.oarcanjo.net\/site\/pe-julio-sobre-a-campanha-da-fraternidade-e-uma-campanha-corajosa\/#primaryimage\",\"url\":\"https:\/\/www.oarcanjo.net\/site\/wp-content\/uploads\/20210214CF01.png\",\"contentUrl\":\"https:\/\/www.oarcanjo.net\/site\/wp-content\/uploads\/20210214CF01.png\",\"width\":1303,\"height\":730},{\"@type\":\"BreadcrumbList\",\"@id\":\"https:\/\/www.oarcanjo.net\/site\/pe-julio-sobre-a-campanha-da-fraternidade-e-uma-campanha-corajosa\/#breadcrumb\",\"itemListElement\":[{\"@type\":\"ListItem\",\"position\":1,\"name\":\"In\u00edcio\",\"item\":\"https:\/\/www.oarcanjo.net\/site\/\"},{\"@type\":\"ListItem\",\"position\":2,\"name\":\"Pe. Julio sobre a Campanha da Fraternidade: &#8220;\u00e9 uma campanha corajosa&#8221;\"}]},{\"@type\":\"WebSite\",\"@id\":\"https:\/\/www.oarcanjo.net\/site\/#website\",\"url\":\"https:\/\/www.oarcanjo.net\/site\/\",\"name\":\"O Arcanjo no ar\",\"description\":\"Site da Par\u00f3quia S\u00e3o Miguel Arcanjo (Arquidiocese de SP)\",\"publisher\":{\"@id\":\"https:\/\/www.oarcanjo.net\/site\/#organization\"},\"potentialAction\":[{\"@type\":\"SearchAction\",\"target\":{\"@type\":\"EntryPoint\",\"urlTemplate\":\"https:\/\/www.oarcanjo.net\/site\/?s={search_term_string}\"},\"query-input\":{\"@type\":\"PropertyValueSpecification\",\"valueRequired\":true,\"valueName\":\"search_term_string\"}}],\"inLanguage\":\"pt-BR\"},{\"@type\":\"Organization\",\"@id\":\"https:\/\/www.oarcanjo.net\/site\/#organization\",\"name\":\"Par\u00f3quia S\u00e3o Miguel Arcanjo\",\"url\":\"https:\/\/www.oarcanjo.net\/site\/\",\"logo\":{\"@type\":\"ImageObject\",\"inLanguage\":\"pt-BR\",\"@id\":\"https:\/\/www.oarcanjo.net\/site\/#\/schema\/logo\/image\/\",\"url\":\"https:\/\/www.oarcanjo.net\/site\/wp-content\/uploads\/LogoOArcanjo.png\",\"contentUrl\":\"https:\/\/www.oarcanjo.net\/site\/wp-content\/uploads\/LogoOArcanjo.png\",\"width\":319,\"height\":99,\"caption\":\"Par\u00f3quia S\u00e3o Miguel Arcanjo\"},\"image\":{\"@id\":\"https:\/\/www.oarcanjo.net\/site\/#\/schema\/logo\/image\/\"},\"sameAs\":[\"https:\/\/www.facebook.com\/OArcanjoNoAr\/\"]},{\"@type\":\"Person\",\"@id\":\"https:\/\/www.oarcanjo.net\/site\/#\/schema\/person\/f7024d007863202483a31326673a0838\",\"name\":\"editor\",\"sameAs\":[\"http:\/\/www.oarcanjo.net\"]}]}<\/script>\n<!-- \/ Yoast SEO plugin. -->","yoast_head_json":{"title":"Pe. Julio sobre a Campanha da Fraternidade: \"\u00e9 uma campanha corajosa\" - O Arcanjo no ar","robots":{"index":"index","follow":"follow","max-snippet":"max-snippet:-1","max-image-preview":"max-image-preview:large","max-video-preview":"max-video-preview:-1"},"canonical":"https:\/\/www.oarcanjo.net\/site\/pe-julio-sobre-a-campanha-da-fraternidade-e-uma-campanha-corajosa\/","og_locale":"pt_BR","og_type":"article","og_title":"Pe. Julio sobre a Campanha da Fraternidade: \"\u00e9 uma campanha corajosa\" - O Arcanjo no ar","og_description":"Pe. Julio manifesta apoio \u00e0 CF que este ano \u00e9 ecum\u00eanica e tem como lema \"Cristo \u00e9 a nossa paz: do que era dividido, fez uma unidade\"","og_url":"https:\/\/www.oarcanjo.net\/site\/pe-julio-sobre-a-campanha-da-fraternidade-e-uma-campanha-corajosa\/","og_site_name":"O Arcanjo no ar","article_publisher":"https:\/\/www.facebook.com\/OArcanjoNoAr\/","article_published_time":"2021-02-14T18:39:25+00:00","article_modified_time":"2021-02-17T13:34:01+00:00","og_image":[{"width":1303,"height":730,"url":"https:\/\/www.oarcanjo.net\/site\/wp-content\/uploads\/20210214CF01.png","type":"image\/png"}],"author":"editor","twitter_card":"summary_large_image","twitter_misc":{"Escrito por":"editor"},"schema":{"@context":"https:\/\/schema.org","@graph":[{"@type":"Article","@id":"https:\/\/www.oarcanjo.net\/site\/pe-julio-sobre-a-campanha-da-fraternidade-e-uma-campanha-corajosa\/#article","isPartOf":{"@id":"https:\/\/www.oarcanjo.net\/site\/pe-julio-sobre-a-campanha-da-fraternidade-e-uma-campanha-corajosa\/"},"author":{"name":"editor","@id":"https:\/\/www.oarcanjo.net\/site\/#\/schema\/person\/f7024d007863202483a31326673a0838"},"headline":"Pe. Julio sobre a Campanha da Fraternidade: &#8220;\u00e9 uma campanha corajosa&#8221;","datePublished":"2021-02-14T18:39:25+00:00","dateModified":"2021-02-17T13:34:01+00:00","mainEntityOfPage":{"@id":"https:\/\/www.oarcanjo.net\/site\/pe-julio-sobre-a-campanha-da-fraternidade-e-uma-campanha-corajosa\/"},"wordCount":73,"commentCount":1,"publisher":{"@id":"https:\/\/www.oarcanjo.net\/site\/#organization"},"image":{"@id":"https:\/\/www.oarcanjo.net\/site\/pe-julio-sobre-a-campanha-da-fraternidade-e-uma-campanha-corajosa\/#primaryimage"},"thumbnailUrl":"https:\/\/www.oarcanjo.net\/site\/wp-content\/uploads\/20210214CF01.png","articleSection":["Destaques","Not\u00edcias","V\u00eddeos"],"inLanguage":"pt-BR","potentialAction":[{"@type":"CommentAction","name":"Comment","target":["https:\/\/www.oarcanjo.net\/site\/pe-julio-sobre-a-campanha-da-fraternidade-e-uma-campanha-corajosa\/#respond"]}]},{"@type":"WebPage","@id":"https:\/\/www.oarcanjo.net\/site\/pe-julio-sobre-a-campanha-da-fraternidade-e-uma-campanha-corajosa\/","url":"https:\/\/www.oarcanjo.net\/site\/pe-julio-sobre-a-campanha-da-fraternidade-e-uma-campanha-corajosa\/","name":"Pe. Julio sobre a Campanha da Fraternidade: \"\u00e9 uma campanha corajosa\" - O Arcanjo no ar","isPartOf":{"@id":"https:\/\/www.oarcanjo.net\/site\/#website"},"primaryImageOfPage":{"@id":"https:\/\/www.oarcanjo.net\/site\/pe-julio-sobre-a-campanha-da-fraternidade-e-uma-campanha-corajosa\/#primaryimage"},"image":{"@id":"https:\/\/www.oarcanjo.net\/site\/pe-julio-sobre-a-campanha-da-fraternidade-e-uma-campanha-corajosa\/#primaryimage"},"thumbnailUrl":"https:\/\/www.oarcanjo.net\/site\/wp-content\/uploads\/20210214CF01.png","datePublished":"2021-02-14T18:39:25+00:00","dateModified":"2021-02-17T13:34:01+00:00","breadcrumb":{"@id":"https:\/\/www.oarcanjo.net\/site\/pe-julio-sobre-a-campanha-da-fraternidade-e-uma-campanha-corajosa\/#breadcrumb"},"inLanguage":"pt-BR","potentialAction":[{"@type":"ReadAction","target":["https:\/\/www.oarcanjo.net\/site\/pe-julio-sobre-a-campanha-da-fraternidade-e-uma-campanha-corajosa\/"]}]},{"@type":"ImageObject","inLanguage":"pt-BR","@id":"https:\/\/www.oarcanjo.net\/site\/pe-julio-sobre-a-campanha-da-fraternidade-e-uma-campanha-corajosa\/#primaryimage","url":"https:\/\/www.oarcanjo.net\/site\/wp-content\/uploads\/20210214CF01.png","contentUrl":"https:\/\/www.oarcanjo.net\/site\/wp-content\/uploads\/20210214CF01.png","width":1303,"height":730},{"@type":"BreadcrumbList","@id":"https:\/\/www.oarcanjo.net\/site\/pe-julio-sobre-a-campanha-da-fraternidade-e-uma-campanha-corajosa\/#breadcrumb","itemListElement":[{"@type":"ListItem","position":1,"name":"In\u00edcio","item":"https:\/\/www.oarcanjo.net\/site\/"},{"@type":"ListItem","position":2,"name":"Pe. Julio sobre a Campanha da Fraternidade: &#8220;\u00e9 uma campanha corajosa&#8221;"}]},{"@type":"WebSite","@id":"https:\/\/www.oarcanjo.net\/site\/#website","url":"https:\/\/www.oarcanjo.net\/site\/","name":"O Arcanjo no ar","description":"Site da Par\u00f3quia S\u00e3o Miguel Arcanjo (Arquidiocese de SP)","publisher":{"@id":"https:\/\/www.oarcanjo.net\/site\/#organization"},"potentialAction":[{"@type":"SearchAction","target":{"@type":"EntryPoint","urlTemplate":"https:\/\/www.oarcanjo.net\/site\/?s={search_term_string}"},"query-input":{"@type":"PropertyValueSpecification","valueRequired":true,"valueName":"search_term_string"}}],"inLanguage":"pt-BR"},{"@type":"Organization","@id":"https:\/\/www.oarcanjo.net\/site\/#organization","name":"Par\u00f3quia S\u00e3o Miguel Arcanjo","url":"https:\/\/www.oarcanjo.net\/site\/","logo":{"@type":"ImageObject","inLanguage":"pt-BR","@id":"https:\/\/www.oarcanjo.net\/site\/#\/schema\/logo\/image\/","url":"https:\/\/www.oarcanjo.net\/site\/wp-content\/uploads\/LogoOArcanjo.png","contentUrl":"https:\/\/www.oarcanjo.net\/site\/wp-content\/uploads\/LogoOArcanjo.png","width":319,"height":99,"caption":"Par\u00f3quia S\u00e3o Miguel Arcanjo"},"image":{"@id":"https:\/\/www.oarcanjo.net\/site\/#\/schema\/logo\/image\/"},"sameAs":["https:\/\/www.facebook.com\/OArcanjoNoAr\/"]},{"@type":"Person","@id":"https:\/\/www.oarcanjo.net\/site\/#\/schema\/person\/f7024d007863202483a31326673a0838","name":"editor","sameAs":["http:\/\/www.oarcanjo.net"]}]}},"publishpress_future_action":{"enabled":false,"date":"2026-05-09 02:38:05","action":"category","newStatus":"draft","terms":[],"taxonomy":"category"},"publishpress_future_workflow_manual_trigger":{"enabledWorkflows":[]},"_links":{"self":[{"href":"https:\/\/www.oarcanjo.net\/site\/wp-json\/wp\/v2\/posts\/106053"}],"collection":[{"href":"https:\/\/www.oarcanjo.net\/site\/wp-json\/wp\/v2\/posts"}],"about":[{"href":"https:\/\/www.oarcanjo.net\/site\/wp-json\/wp\/v2\/types\/post"}],"author":[{"embeddable":true,"href":"https:\/\/www.oarcanjo.net\/site\/wp-json\/wp\/v2\/users\/5"}],"replies":[{"embeddable":true,"href":"https:\/\/www.oarcanjo.net\/site\/wp-json\/wp\/v2\/comments?post=106053"}],"version-history":[{"count":2,"href":"https:\/\/www.oarcanjo.net\/site\/wp-json\/wp\/v2\/posts\/106053\/revisions"}],"predecessor-version":[{"id":106056,"href":"https:\/\/www.oarcanjo.net\/site\/wp-json\/wp\/v2\/posts\/106053\/revisions\/106056"}],"wp:featuredmedia":[{"embeddable":true,"href":"https:\/\/www.oarcanjo.net\/site\/wp-json\/wp\/v2\/media\/106054"}],"wp:attachment":[{"href":"https:\/\/www.oarcanjo.net\/site\/wp-json\/wp\/v2\/media?parent=106053"}],"wp:term":[{"taxonomy":"category","embeddable":true,"href":"https:\/\/www.oarcanjo.net\/site\/wp-json\/wp\/v2\/categories?post=106053"},{"taxonomy":"post_tag","embeddable":true,"href":"https:\/\/www.oarcanjo.net\/site\/wp-json\/wp\/v2\/tags?post=106053"}],"curies":[{"name":"wp","href":"https:\/\/api.w.org\/{rel}","templated":true}]}}