
{"id":10607,"date":"2018-08-24T00:15:42","date_gmt":"2018-08-24T03:15:42","guid":{"rendered":"http:\/\/www.oarcanjo.net\/site\/?p=10607"},"modified":"2018-06-25T08:14:57","modified_gmt":"2018-06-25T11:14:57","slug":"sao-bartolomeu","status":"publish","type":"post","link":"https:\/\/www.oarcanjo.net\/site\/sao-bartolomeu\/","title":{"rendered":"S\u00e3o Bartolomeu"},"content":{"rendered":"<p><img loading=\"lazy\" decoding=\"async\" src=\"http:\/\/www.anaflavia.com.br\/portaldosanjos\/saobartolomeu.jpg\" alt=\"\" width=\"235\" height=\"400\" \/><\/p>\n<p>24 de Agosto<\/p>\n<p>Bartolomeu, tamb\u00e9m chamado Natanael, foi um dos doze primeiros ap\u00f3stolos de Jesus. \u00c9 assim descrito nos evangelhos de Jo\u00e3o, Mateus, Marcos e Lucas, e tamb\u00e9m nos Atos dos Ap\u00f3stolos.<br \/>\nBartolomeu nasceu em Can\u00e1, na Galil\u00e9ia, uma pequena aldeia a quatorze quil\u00f4metros de Nazar\u00e9. Era filho do agricultor Tholmai. No Evangelho, ele tamb\u00e9m \u00e9 chamado de Natanael. Em hebraico, a palavra &#8220;bar&#8221; que dizer &#8220;filho&#8221; e &#8220;tholmai&#8221; significa &#8220;agricultor&#8221;. Por isso os historiadores s\u00e3o un\u00e2nimes em afirmar que Bartolomeu-Natanael trata-se de uma s\u00f3 pessoa. Seu melhor amigo era Filipe e ambos eram viajantes. Foi o ap\u00f3stolo Filipe que o apresentou ao Messias.<\/p>\n<p>At\u00e9 esse seu primeiro encontro com Jesus, Bartolomeu era c\u00e9tico e, \u00e0s vezes, ir\u00f4nico com rela\u00e7\u00e3o \u00e0s coisas de Deus. Por\u00e9m, depois de convertido, tornou-se um dos ap\u00f3stolos mais ativos e presentes na vida p\u00fablica de Jesus. Mas a melhor descri\u00e7\u00e3o que temos de Bartolomeu foi feita pelo pr\u00f3prio Mestre: &#8220;Aqui est\u00e1 um verdadeiro israelita, no qual n\u00e3o h\u00e1 fingimento&#8221;.<\/p>\n<p>Ele teve o privil\u00e9gio de estar ao lado de Jesus durante quase toda a miss\u00e3o do Mestre na terra. Compartilhou seu cotidiano, presenciou seus milagres, ouviu seus ensinamentos, viu Cristo ressuscitado nas margens do lago de Tiber\u00edades e, finalmente, assistiu sua ascens\u00e3o ao c\u00e9u.<\/p>\n<p>Depois de Pentecostes, Bartolomeu foi pregar a Boa-Nova. Encerradas essas narrativas dos evangelhos hist\u00f3ricos, entram as narrativas dos ap\u00f3crifos, isto \u00e9, das antigas tradi\u00e7\u00f5es. A mais conhecida \u00e9 da Arm\u00eania, que conta que Bartolomeu foi evangelizar as regi\u00f5es da \u00cdndia, Arm\u00eania Menor e Mesopot\u00e2mia.<\/p>\n<p>Superou dificuldades incr\u00edveis, de idioma e cultura, e converteu muitas pessoas e v\u00e1rias cidades \u00e0 f\u00e9 do Cristo, pregando segundo o evangelho de s\u00e3o Mateus. Foi na Arm\u00eania, depois de converter o rei Pol\u00edmio, a esposa e mais doze cidades, que ele teria sofrido o mart\u00edrio, motivado pela inveja dos sacerdotes pag\u00e3os, os quais insuflaram Astiages, irm\u00e3o do rei, e conseguiram uma ordem para matar o ap\u00f3stolo. Bartolomeu foi esfolado vivo e, como n\u00e3o morreu, foi decapitado. Era o dia 24 de agosto de 51.<\/p>\n<p>A Igreja comemora s\u00e3o Bartolomeu Ap\u00f3stolo no dia de sua morte. Ele se tornou o modelo para quem se deixa conduzir pelo outro ao Senhor Jesus Cristo.<\/p>\n<div id=\"themify_builder_content-10607\" data-postid=\"10607\" class=\"themify_builder_content themify_builder_content-10607 themify_builder themify_builder_front\">\n\t<\/div>\n<!-- \/themify_builder_content -->","protected":false},"excerpt":{"rendered":"<p>24 de Agosto Bartolomeu, tamb\u00e9m chamado Natanael, foi um dos doze primeiros ap\u00f3stolos de Jesus. \u00c9 assim descrito nos evangelhos de Jo\u00e3o, Mateus, Marcos e Lucas, e tamb\u00e9m nos Atos dos Ap\u00f3stolos. Bartolomeu nasceu em Can\u00e1, na Galil\u00e9ia, uma pequena aldeia a quatorze quil\u00f4metros de Nazar\u00e9. Era filho do agricultor Tholmai. No Evangelho, ele tamb\u00e9m [&hellip;]<\/p>\n","protected":false},"author":14,"featured_media":0,"comment_status":"open","ping_status":"open","sticky":false,"template":"","format":"standard","meta":{"ngg_post_thumbnail":0,"footnotes":""},"categories":[186],"tags":[],"yoast_head":"<!-- This site is optimized with the Yoast SEO plugin v23.5 - https:\/\/yoast.com\/wordpress\/plugins\/seo\/ -->\n<title>S\u00e3o Bartolomeu - O Arcanjo no ar<\/title>\n<meta name=\"robots\" content=\"index, follow, max-snippet:-1, max-image-preview:large, max-video-preview:-1\" \/>\n<link rel=\"canonical\" href=\"https:\/\/www.oarcanjo.net\/site\/sao-bartolomeu\/\" \/>\n<meta property=\"og:locale\" content=\"pt_BR\" \/>\n<meta property=\"og:type\" content=\"article\" \/>\n<meta property=\"og:title\" content=\"S\u00e3o Bartolomeu - O Arcanjo no ar\" \/>\n<meta property=\"og:description\" content=\"24 de Agosto Bartolomeu, tamb\u00e9m chamado Natanael, foi um dos doze primeiros ap\u00f3stolos de Jesus. \u00c9 assim descrito nos evangelhos de Jo\u00e3o, Mateus, Marcos e Lucas, e tamb\u00e9m nos Atos dos Ap\u00f3stolos. Bartolomeu nasceu em Can\u00e1, na Galil\u00e9ia, uma pequena aldeia a quatorze quil\u00f4metros de Nazar\u00e9. Era filho do agricultor Tholmai. No Evangelho, ele tamb\u00e9m [&hellip;]\" \/>\n<meta property=\"og:url\" content=\"https:\/\/www.oarcanjo.net\/site\/sao-bartolomeu\/\" \/>\n<meta property=\"og:site_name\" content=\"O Arcanjo no ar\" \/>\n<meta property=\"article:publisher\" content=\"https:\/\/www.facebook.com\/OArcanjoNoAr\/\" \/>\n<meta property=\"article:published_time\" content=\"2018-08-24T03:15:42+00:00\" \/>\n<meta property=\"article:modified_time\" content=\"2018-06-25T11:14:57+00:00\" \/>\n<meta property=\"og:image\" content=\"http:\/\/www.anaflavia.com.br\/portaldosanjos\/saobartolomeu.jpg\" \/>\n<meta name=\"author\" content=\"danilo\" \/>\n<meta name=\"twitter:card\" content=\"summary_large_image\" \/>\n<meta name=\"twitter:label1\" content=\"Escrito por\" \/>\n\t<meta name=\"twitter:data1\" content=\"danilo\" \/>\n\t<meta name=\"twitter:label2\" content=\"Est. tempo de leitura\" \/>\n\t<meta name=\"twitter:data2\" content=\"2 minutos\" \/>\n<script type=\"application\/ld+json\" class=\"yoast-schema-graph\">{\"@context\":\"https:\/\/schema.org\",\"@graph\":[{\"@type\":\"Article\",\"@id\":\"https:\/\/www.oarcanjo.net\/site\/sao-bartolomeu\/#article\",\"isPartOf\":{\"@id\":\"https:\/\/www.oarcanjo.net\/site\/sao-bartolomeu\/\"},\"author\":{\"name\":\"danilo\",\"@id\":\"https:\/\/www.oarcanjo.net\/site\/#\/schema\/person\/5eb9480bedd2f3c97e430ce128c29c6c\"},\"headline\":\"S\u00e3o Bartolomeu\",\"datePublished\":\"2018-08-24T03:15:42+00:00\",\"dateModified\":\"2018-06-25T11:14:57+00:00\",\"mainEntityOfPage\":{\"@id\":\"https:\/\/www.oarcanjo.net\/site\/sao-bartolomeu\/\"},\"wordCount\":403,\"commentCount\":0,\"publisher\":{\"@id\":\"https:\/\/www.oarcanjo.net\/site\/#organization\"},\"image\":{\"@id\":\"https:\/\/www.oarcanjo.net\/site\/sao-bartolomeu\/#primaryimage\"},\"thumbnailUrl\":\"http:\/\/www.anaflavia.com.br\/portaldosanjos\/saobartolomeu.jpg\",\"articleSection\":[\"Testemunhos\"],\"inLanguage\":\"pt-BR\",\"potentialAction\":[{\"@type\":\"CommentAction\",\"name\":\"Comment\",\"target\":[\"https:\/\/www.oarcanjo.net\/site\/sao-bartolomeu\/#respond\"]}]},{\"@type\":\"WebPage\",\"@id\":\"https:\/\/www.oarcanjo.net\/site\/sao-bartolomeu\/\",\"url\":\"https:\/\/www.oarcanjo.net\/site\/sao-bartolomeu\/\",\"name\":\"S\u00e3o Bartolomeu - O Arcanjo no ar\",\"isPartOf\":{\"@id\":\"https:\/\/www.oarcanjo.net\/site\/#website\"},\"primaryImageOfPage\":{\"@id\":\"https:\/\/www.oarcanjo.net\/site\/sao-bartolomeu\/#primaryimage\"},\"image\":{\"@id\":\"https:\/\/www.oarcanjo.net\/site\/sao-bartolomeu\/#primaryimage\"},\"thumbnailUrl\":\"http:\/\/www.anaflavia.com.br\/portaldosanjos\/saobartolomeu.jpg\",\"datePublished\":\"2018-08-24T03:15:42+00:00\",\"dateModified\":\"2018-06-25T11:14:57+00:00\",\"breadcrumb\":{\"@id\":\"https:\/\/www.oarcanjo.net\/site\/sao-bartolomeu\/#breadcrumb\"},\"inLanguage\":\"pt-BR\",\"potentialAction\":[{\"@type\":\"ReadAction\",\"target\":[\"https:\/\/www.oarcanjo.net\/site\/sao-bartolomeu\/\"]}]},{\"@type\":\"ImageObject\",\"inLanguage\":\"pt-BR\",\"@id\":\"https:\/\/www.oarcanjo.net\/site\/sao-bartolomeu\/#primaryimage\",\"url\":\"http:\/\/www.anaflavia.com.br\/portaldosanjos\/saobartolomeu.jpg\",\"contentUrl\":\"http:\/\/www.anaflavia.com.br\/portaldosanjos\/saobartolomeu.jpg\"},{\"@type\":\"BreadcrumbList\",\"@id\":\"https:\/\/www.oarcanjo.net\/site\/sao-bartolomeu\/#breadcrumb\",\"itemListElement\":[{\"@type\":\"ListItem\",\"position\":1,\"name\":\"In\u00edcio\",\"item\":\"https:\/\/www.oarcanjo.net\/site\/\"},{\"@type\":\"ListItem\",\"position\":2,\"name\":\"S\u00e3o Bartolomeu\"}]},{\"@type\":\"WebSite\",\"@id\":\"https:\/\/www.oarcanjo.net\/site\/#website\",\"url\":\"https:\/\/www.oarcanjo.net\/site\/\",\"name\":\"O Arcanjo no ar\",\"description\":\"Site da Par\u00f3quia S\u00e3o Miguel Arcanjo (Arquidiocese de SP)\",\"publisher\":{\"@id\":\"https:\/\/www.oarcanjo.net\/site\/#organization\"},\"potentialAction\":[{\"@type\":\"SearchAction\",\"target\":{\"@type\":\"EntryPoint\",\"urlTemplate\":\"https:\/\/www.oarcanjo.net\/site\/?s={search_term_string}\"},\"query-input\":{\"@type\":\"PropertyValueSpecification\",\"valueRequired\":true,\"valueName\":\"search_term_string\"}}],\"inLanguage\":\"pt-BR\"},{\"@type\":\"Organization\",\"@id\":\"https:\/\/www.oarcanjo.net\/site\/#organization\",\"name\":\"Par\u00f3quia S\u00e3o Miguel Arcanjo\",\"url\":\"https:\/\/www.oarcanjo.net\/site\/\",\"logo\":{\"@type\":\"ImageObject\",\"inLanguage\":\"pt-BR\",\"@id\":\"https:\/\/www.oarcanjo.net\/site\/#\/schema\/logo\/image\/\",\"url\":\"https:\/\/www.oarcanjo.net\/site\/wp-content\/uploads\/LogoOArcanjo.png\",\"contentUrl\":\"https:\/\/www.oarcanjo.net\/site\/wp-content\/uploads\/LogoOArcanjo.png\",\"width\":319,\"height\":99,\"caption\":\"Par\u00f3quia S\u00e3o Miguel Arcanjo\"},\"image\":{\"@id\":\"https:\/\/www.oarcanjo.net\/site\/#\/schema\/logo\/image\/\"},\"sameAs\":[\"https:\/\/www.facebook.com\/OArcanjoNoAr\/\"]},{\"@type\":\"Person\",\"@id\":\"https:\/\/www.oarcanjo.net\/site\/#\/schema\/person\/5eb9480bedd2f3c97e430ce128c29c6c\",\"name\":\"danilo\"}]}<\/script>\n<!-- \/ Yoast SEO plugin. -->","yoast_head_json":{"title":"S\u00e3o Bartolomeu - O Arcanjo no ar","robots":{"index":"index","follow":"follow","max-snippet":"max-snippet:-1","max-image-preview":"max-image-preview:large","max-video-preview":"max-video-preview:-1"},"canonical":"https:\/\/www.oarcanjo.net\/site\/sao-bartolomeu\/","og_locale":"pt_BR","og_type":"article","og_title":"S\u00e3o Bartolomeu - O Arcanjo no ar","og_description":"24 de Agosto Bartolomeu, tamb\u00e9m chamado Natanael, foi um dos doze primeiros ap\u00f3stolos de Jesus. \u00c9 assim descrito nos evangelhos de Jo\u00e3o, Mateus, Marcos e Lucas, e tamb\u00e9m nos Atos dos Ap\u00f3stolos. Bartolomeu nasceu em Can\u00e1, na Galil\u00e9ia, uma pequena aldeia a quatorze quil\u00f4metros de Nazar\u00e9. Era filho do agricultor Tholmai. No Evangelho, ele tamb\u00e9m [&hellip;]","og_url":"https:\/\/www.oarcanjo.net\/site\/sao-bartolomeu\/","og_site_name":"O Arcanjo no ar","article_publisher":"https:\/\/www.facebook.com\/OArcanjoNoAr\/","article_published_time":"2018-08-24T03:15:42+00:00","article_modified_time":"2018-06-25T11:14:57+00:00","og_image":[{"url":"http:\/\/www.anaflavia.com.br\/portaldosanjos\/saobartolomeu.jpg"}],"author":"danilo","twitter_card":"summary_large_image","twitter_misc":{"Escrito por":"danilo","Est. tempo de leitura":"2 minutos"},"schema":{"@context":"https:\/\/schema.org","@graph":[{"@type":"Article","@id":"https:\/\/www.oarcanjo.net\/site\/sao-bartolomeu\/#article","isPartOf":{"@id":"https:\/\/www.oarcanjo.net\/site\/sao-bartolomeu\/"},"author":{"name":"danilo","@id":"https:\/\/www.oarcanjo.net\/site\/#\/schema\/person\/5eb9480bedd2f3c97e430ce128c29c6c"},"headline":"S\u00e3o Bartolomeu","datePublished":"2018-08-24T03:15:42+00:00","dateModified":"2018-06-25T11:14:57+00:00","mainEntityOfPage":{"@id":"https:\/\/www.oarcanjo.net\/site\/sao-bartolomeu\/"},"wordCount":403,"commentCount":0,"publisher":{"@id":"https:\/\/www.oarcanjo.net\/site\/#organization"},"image":{"@id":"https:\/\/www.oarcanjo.net\/site\/sao-bartolomeu\/#primaryimage"},"thumbnailUrl":"http:\/\/www.anaflavia.com.br\/portaldosanjos\/saobartolomeu.jpg","articleSection":["Testemunhos"],"inLanguage":"pt-BR","potentialAction":[{"@type":"CommentAction","name":"Comment","target":["https:\/\/www.oarcanjo.net\/site\/sao-bartolomeu\/#respond"]}]},{"@type":"WebPage","@id":"https:\/\/www.oarcanjo.net\/site\/sao-bartolomeu\/","url":"https:\/\/www.oarcanjo.net\/site\/sao-bartolomeu\/","name":"S\u00e3o Bartolomeu - O Arcanjo no ar","isPartOf":{"@id":"https:\/\/www.oarcanjo.net\/site\/#website"},"primaryImageOfPage":{"@id":"https:\/\/www.oarcanjo.net\/site\/sao-bartolomeu\/#primaryimage"},"image":{"@id":"https:\/\/www.oarcanjo.net\/site\/sao-bartolomeu\/#primaryimage"},"thumbnailUrl":"http:\/\/www.anaflavia.com.br\/portaldosanjos\/saobartolomeu.jpg","datePublished":"2018-08-24T03:15:42+00:00","dateModified":"2018-06-25T11:14:57+00:00","breadcrumb":{"@id":"https:\/\/www.oarcanjo.net\/site\/sao-bartolomeu\/#breadcrumb"},"inLanguage":"pt-BR","potentialAction":[{"@type":"ReadAction","target":["https:\/\/www.oarcanjo.net\/site\/sao-bartolomeu\/"]}]},{"@type":"ImageObject","inLanguage":"pt-BR","@id":"https:\/\/www.oarcanjo.net\/site\/sao-bartolomeu\/#primaryimage","url":"http:\/\/www.anaflavia.com.br\/portaldosanjos\/saobartolomeu.jpg","contentUrl":"http:\/\/www.anaflavia.com.br\/portaldosanjos\/saobartolomeu.jpg"},{"@type":"BreadcrumbList","@id":"https:\/\/www.oarcanjo.net\/site\/sao-bartolomeu\/#breadcrumb","itemListElement":[{"@type":"ListItem","position":1,"name":"In\u00edcio","item":"https:\/\/www.oarcanjo.net\/site\/"},{"@type":"ListItem","position":2,"name":"S\u00e3o Bartolomeu"}]},{"@type":"WebSite","@id":"https:\/\/www.oarcanjo.net\/site\/#website","url":"https:\/\/www.oarcanjo.net\/site\/","name":"O Arcanjo no ar","description":"Site da Par\u00f3quia S\u00e3o Miguel Arcanjo (Arquidiocese de SP)","publisher":{"@id":"https:\/\/www.oarcanjo.net\/site\/#organization"},"potentialAction":[{"@type":"SearchAction","target":{"@type":"EntryPoint","urlTemplate":"https:\/\/www.oarcanjo.net\/site\/?s={search_term_string}"},"query-input":{"@type":"PropertyValueSpecification","valueRequired":true,"valueName":"search_term_string"}}],"inLanguage":"pt-BR"},{"@type":"Organization","@id":"https:\/\/www.oarcanjo.net\/site\/#organization","name":"Par\u00f3quia S\u00e3o Miguel Arcanjo","url":"https:\/\/www.oarcanjo.net\/site\/","logo":{"@type":"ImageObject","inLanguage":"pt-BR","@id":"https:\/\/www.oarcanjo.net\/site\/#\/schema\/logo\/image\/","url":"https:\/\/www.oarcanjo.net\/site\/wp-content\/uploads\/LogoOArcanjo.png","contentUrl":"https:\/\/www.oarcanjo.net\/site\/wp-content\/uploads\/LogoOArcanjo.png","width":319,"height":99,"caption":"Par\u00f3quia S\u00e3o Miguel Arcanjo"},"image":{"@id":"https:\/\/www.oarcanjo.net\/site\/#\/schema\/logo\/image\/"},"sameAs":["https:\/\/www.facebook.com\/OArcanjoNoAr\/"]},{"@type":"Person","@id":"https:\/\/www.oarcanjo.net\/site\/#\/schema\/person\/5eb9480bedd2f3c97e430ce128c29c6c","name":"danilo"}]}},"publishpress_future_action":{"enabled":false,"date":"2026-05-08 05:04:34","action":"category","newStatus":"draft","terms":[],"taxonomy":"category"},"publishpress_future_workflow_manual_trigger":{"enabledWorkflows":[]},"_links":{"self":[{"href":"https:\/\/www.oarcanjo.net\/site\/wp-json\/wp\/v2\/posts\/10607"}],"collection":[{"href":"https:\/\/www.oarcanjo.net\/site\/wp-json\/wp\/v2\/posts"}],"about":[{"href":"https:\/\/www.oarcanjo.net\/site\/wp-json\/wp\/v2\/types\/post"}],"author":[{"embeddable":true,"href":"https:\/\/www.oarcanjo.net\/site\/wp-json\/wp\/v2\/users\/14"}],"replies":[{"embeddable":true,"href":"https:\/\/www.oarcanjo.net\/site\/wp-json\/wp\/v2\/comments?post=10607"}],"version-history":[{"count":1,"href":"https:\/\/www.oarcanjo.net\/site\/wp-json\/wp\/v2\/posts\/10607\/revisions"}],"predecessor-version":[{"id":88852,"href":"https:\/\/www.oarcanjo.net\/site\/wp-json\/wp\/v2\/posts\/10607\/revisions\/88852"}],"wp:attachment":[{"href":"https:\/\/www.oarcanjo.net\/site\/wp-json\/wp\/v2\/media?parent=10607"}],"wp:term":[{"taxonomy":"category","embeddable":true,"href":"https:\/\/www.oarcanjo.net\/site\/wp-json\/wp\/v2\/categories?post=10607"},{"taxonomy":"post_tag","embeddable":true,"href":"https:\/\/www.oarcanjo.net\/site\/wp-json\/wp\/v2\/tags?post=10607"}],"curies":[{"name":"wp","href":"https:\/\/api.w.org\/{rel}","templated":true}]}}