
{"id":10611,"date":"2010-08-19T13:04:14","date_gmt":"2010-08-19T16:04:14","guid":{"rendered":"http:\/\/www.oarcanjo.net\/site\/?p=10611"},"modified":"2010-08-19T13:04:14","modified_gmt":"2010-08-19T16:04:14","slug":"leigos-na-cidade-dos-homens-construtores-da-cidade-de-deus","status":"publish","type":"post","link":"https:\/\/www.oarcanjo.net\/site\/leigos-na-cidade-dos-homens-construtores-da-cidade-de-deus\/","title":{"rendered":"Leigos, na cidade dos homens, construtores da cidade de Deus"},"content":{"rendered":"<p>Cardeal \u00a0Odilo P. Scherer<\/p>\n<p>No m\u00eas das voca\u00e7\u00f5es, destacamos a voca\u00e7\u00e3o dos crist\u00e3os leigos e leigas. S\u00e3o todos os membros da Igreja que vivem sua f\u00e9 e sua consagra\u00e7\u00e3o batismal nas condi\u00e7\u00f5es ordin\u00e1rias da vida: na fam\u00edlia, nas profiss\u00f5es, no mundo da cultura ou exercendo responsabilidades sociais. \u00c9 o imenso povo de Deus presente em todo o tecido social, permeando-o com o sal e fermento do Evangelho e irradiando sobre as realidades deste mundo a luz de Cristo, que tamb\u00e9m ilumina sua pr\u00f3pria vida.\u00a0<\/p>\n<p>Com frequ\u00eancia, somos levados a considerar como \u201ccrist\u00e3os leigos\u201d apenas aqueles que realizam atividades pastorais no ambiente eclesial propriamente dito. Certamente, a sua participa\u00e7\u00e3o na vida da Igreja, naquilo que lhes compete, \u00e9 de suma import\u00e2ncia e a Igreja agradece a sua colabora\u00e7\u00e3o generosa nas diversas responsabilidades das comunidades eclesiais, como a catequese, a anima\u00e7\u00e3o lit\u00fargica ou as muitas formas de a\u00e7\u00e3o pastoral e administrativa. No entanto, nem todos os fi\u00e9is leigos poderiam estar empenhados em alguma pastoral.\u00a0<\/p>\n<p>De fato, por\u00e9m, a voca\u00e7\u00e3o primordial dos fi\u00e9is leigos \u00e9 testemunhar a novidade do Reino de Deus no \u201cmundo secular\u201d (cf LG 31), l\u00e1 onde a Igreja n\u00e3o est\u00e1 presente de forma institucional. Trata-se de um vast\u00edssimo e desafiador campo para a a\u00e7\u00e3o mission\u00e1ria da Igreja, a ser atingido sobretudo atrav\u00e9s dos leigos. A vida na comunidade eclesial, as celebra\u00e7\u00f5es lit\u00fargicas e as organiza\u00e7\u00f5es eclesiais s\u00e3o momentos e espa\u00e7os necess\u00e1rios para o cultivo e a alimenta\u00e7\u00e3o da f\u00e9, para o suporte e o preparo para a a\u00e7\u00e3o no mundo; toda a vida do crist\u00e3o leva \u00e0 Eucaristia e, dela, tira sua for\u00e7a toda a fecundidade para a viv\u00eancia apost\u00f3lica di\u00e1ria. O mesmo poderia ser dito da Palavra de Deus: dela parte todo impulso para a miss\u00e3o e, ao mesmo tempo, toda a\u00e7\u00e3o crist\u00e3 no mundo requer constante retorno \u00e0 Palavra de Deus para iluminar, discernir, encorajar e sustentar a viv\u00eancia da f\u00e9. Mas a vida crist\u00e3 n\u00e3o se restringe a esses momentos e espa\u00e7os.\u00a0<\/p>\n<p>Na solenidade da Assun\u00e7\u00e3o de Nossa Senhora ao c\u00e9u, celebrada dia 15 de agosto, apareceu mais de uma vez a men\u00e7\u00e3o do simbolismo bonito da \u201carca de Deus\u201d, introduzida na cidade santa (1Cr 15; Sl 131\/132). A arca continha as t\u00e1buas da Lei de Deus e lembrava sempre a Alian\u00e7a de Deus com seu povo no sop\u00e9 do Sinai: \u201cse guardardes as minhas palavras, minhas leis e mandamentos (&#8230;), eu serei o vosso Deus e v\u00f3s sereis o meu povo\u201d. Depois de edificar a cidadela de Si\u00e3o (Jerusal\u00e9m), Davi introduziu nela a arca para simbolizar a permanente presen\u00e7a salvadora de Deus com seu povo (cf 1Cr 15). E a observ\u00e2ncia da suprema Lei era sinal de fidelidade do povo ao seu compromisso para com Deus: \u201cFaremos tudo o que o Senhor nos ordenar\u201d. Ao mesmo tempo, esta fidelidade a Deus ordenava o conv\u00edvio social e assegurava a paz.\u00a0<\/p>\n<p>A imagem da arca \u00e9 aplicada a Maria, que nos trouxe o Salvador e supremo revelador da vontade de Deus. Bonito \u00e9 o Evangelho da visita de Maria \u00e0 sua prima Isabel (cf Lc 1,39-56); ela \u00e9 a arca da Alian\u00e7a introduzida na casa de Zacarias e Isabel; a casa fica cheia de Deus! Elevada ao c\u00e9u, Maria \u00e9 a arca de Deus introduzida solenemente na \u201ccidade santa\u201d, a Jerusal\u00e9m celeste e definitiva, an\u00fancio e sinal da plenitude da reden\u00e7\u00e3o, quando tamb\u00e9m a morte ser\u00e1 vencida (cf Ap 11,19; 12,10).<\/p>\n<p>\u00a0A imagem da arca tamb\u00e9m se aplica \u00e0 Igreja que, \u00e0 imagem de Maria, tem a miss\u00e3o de ser o sinal da perene presen\u00e7a e a\u00e7\u00e3o salvadora de Deus no meio dos homens. A comunidade crist\u00e3, Igreja viva, e cada um de seus membros, deve irradiar o reino de Deus no mundo; pela a\u00e7\u00e3o mission\u00e1ria da Igreja, a cidade dos homens, edifica-se em cidade de Deus, at\u00e9 que chegue o grande \u201cdia do Senhor\u201d. Esta miss\u00e3o cabe, de maneira especial, aos crist\u00e3os leigos e leigas, que est\u00e3o em contato direto com as \u201crealidades terrestres\u201d e atuam no \u201cmundo secular\u201d.\u00a0<\/p>\n<p>O Conc\u00edlio indica que \u00e9 l\u00e1 que os leigos s\u00e3o chamados por Deus \u201cpara que, exercendo seu pr\u00f3prio of\u00edcio guiados pelo esp\u00edrito evang\u00e9lico, como o fermento na massa, de dentro contribuam para santificar o mundo. E assim manifestem Cristo aos outros, especialmente pelo testemunho de sua vida resplandecente de f\u00e9, esperan\u00e7a e caridade\u201d (LG 31). Voca\u00e7\u00e3o bonita e miss\u00e3o grandiosa, para cuja realiza\u00e7\u00e3o podem contar com a fidelidade de Cristo Salvador, que os envia: \u201ceu estarei sempre convosco, at\u00e9 o fim dos tempos\u201d (Mt 28,20).<\/p>\n<p>\u00a0Publicado em O S\u00c3O PAULO, ed. de 16.08.2010<\/p>\n<p>Card. Odilo P. Scherer<\/p>\n<p>Arcebispo de S\u00e3o Paulo<\/p>\n<div id=\"themify_builder_content-10611\" data-postid=\"10611\" class=\"themify_builder_content themify_builder_content-10611 themify_builder themify_builder_front\">\n\t<\/div>\n<!-- \/themify_builder_content -->","protected":false},"excerpt":{"rendered":"<p>Cardeal \u00a0Odilo P. Scherer No m\u00eas das voca\u00e7\u00f5es, destacamos a voca\u00e7\u00e3o dos crist\u00e3os leigos e leigas. S\u00e3o todos os membros da Igreja que vivem sua f\u00e9 e sua consagra\u00e7\u00e3o batismal nas condi\u00e7\u00f5es ordin\u00e1rias da vida: na fam\u00edlia, nas profiss\u00f5es, no mundo da cultura ou exercendo responsabilidades sociais. \u00c9 o imenso povo de Deus presente em [&hellip;]<\/p>\n","protected":false},"author":15,"featured_media":0,"comment_status":"open","ping_status":"open","sticky":false,"template":"","format":"standard","meta":{"ngg_post_thumbnail":0,"footnotes":""},"categories":[9],"tags":[],"yoast_head":"<!-- This site is optimized with the Yoast SEO plugin v23.5 - https:\/\/yoast.com\/wordpress\/plugins\/seo\/ -->\n<title>Leigos, na cidade dos homens, construtores da cidade de Deus - O Arcanjo no ar<\/title>\n<meta name=\"robots\" content=\"index, follow, max-snippet:-1, max-image-preview:large, max-video-preview:-1\" \/>\n<link rel=\"canonical\" href=\"https:\/\/www.oarcanjo.net\/site\/leigos-na-cidade-dos-homens-construtores-da-cidade-de-deus\/\" \/>\n<meta property=\"og:locale\" content=\"pt_BR\" \/>\n<meta property=\"og:type\" content=\"article\" \/>\n<meta property=\"og:title\" content=\"Leigos, na cidade dos homens, construtores da cidade de Deus - O Arcanjo no ar\" \/>\n<meta property=\"og:description\" content=\"Cardeal \u00a0Odilo P. Scherer No m\u00eas das voca\u00e7\u00f5es, destacamos a voca\u00e7\u00e3o dos crist\u00e3os leigos e leigas. S\u00e3o todos os membros da Igreja que vivem sua f\u00e9 e sua consagra\u00e7\u00e3o batismal nas condi\u00e7\u00f5es ordin\u00e1rias da vida: na fam\u00edlia, nas profiss\u00f5es, no mundo da cultura ou exercendo responsabilidades sociais. \u00c9 o imenso povo de Deus presente em [&hellip;]\" \/>\n<meta property=\"og:url\" content=\"https:\/\/www.oarcanjo.net\/site\/leigos-na-cidade-dos-homens-construtores-da-cidade-de-deus\/\" \/>\n<meta property=\"og:site_name\" content=\"O Arcanjo no ar\" \/>\n<meta property=\"article:publisher\" content=\"https:\/\/www.facebook.com\/OArcanjoNoAr\/\" \/>\n<meta property=\"article:published_time\" content=\"2010-08-19T16:04:14+00:00\" \/>\n<meta property=\"og:image\" content=\"https:\/\/www.oarcanjo.net\/site\/wp-content\/uploads\/logo-o-arcanjo-no-ar-facebook.png\" \/>\n\t<meta property=\"og:image:width\" content=\"300\" \/>\n\t<meta property=\"og:image:height\" content=\"300\" \/>\n\t<meta property=\"og:image:type\" content=\"image\/png\" \/>\n<meta name=\"author\" content=\"Alexandre Nunes\" \/>\n<meta name=\"twitter:card\" content=\"summary_large_image\" \/>\n<meta name=\"twitter:label1\" content=\"Escrito por\" \/>\n\t<meta name=\"twitter:data1\" content=\"Alexandre Nunes\" \/>\n\t<meta name=\"twitter:label2\" content=\"Est. tempo de leitura\" \/>\n\t<meta name=\"twitter:data2\" content=\"4 minutos\" \/>\n<script type=\"application\/ld+json\" class=\"yoast-schema-graph\">{\"@context\":\"https:\/\/schema.org\",\"@graph\":[{\"@type\":\"Article\",\"@id\":\"https:\/\/www.oarcanjo.net\/site\/leigos-na-cidade-dos-homens-construtores-da-cidade-de-deus\/#article\",\"isPartOf\":{\"@id\":\"https:\/\/www.oarcanjo.net\/site\/leigos-na-cidade-dos-homens-construtores-da-cidade-de-deus\/\"},\"author\":{\"name\":\"Alexandre Nunes\",\"@id\":\"https:\/\/www.oarcanjo.net\/site\/#\/schema\/person\/0a2ae077c1a09b69d29928e3b9f1c0d1\"},\"headline\":\"Leigos, na cidade dos homens, construtores da cidade de Deus\",\"datePublished\":\"2010-08-19T16:04:14+00:00\",\"dateModified\":\"2010-08-19T16:04:14+00:00\",\"mainEntityOfPage\":{\"@id\":\"https:\/\/www.oarcanjo.net\/site\/leigos-na-cidade-dos-homens-construtores-da-cidade-de-deus\/\"},\"wordCount\":835,\"commentCount\":2,\"publisher\":{\"@id\":\"https:\/\/www.oarcanjo.net\/site\/#organization\"},\"articleSection\":[\"Reflex\u00f5es\"],\"inLanguage\":\"pt-BR\",\"potentialAction\":[{\"@type\":\"CommentAction\",\"name\":\"Comment\",\"target\":[\"https:\/\/www.oarcanjo.net\/site\/leigos-na-cidade-dos-homens-construtores-da-cidade-de-deus\/#respond\"]}]},{\"@type\":\"WebPage\",\"@id\":\"https:\/\/www.oarcanjo.net\/site\/leigos-na-cidade-dos-homens-construtores-da-cidade-de-deus\/\",\"url\":\"https:\/\/www.oarcanjo.net\/site\/leigos-na-cidade-dos-homens-construtores-da-cidade-de-deus\/\",\"name\":\"Leigos, na cidade dos homens, construtores da cidade de Deus - O Arcanjo no ar\",\"isPartOf\":{\"@id\":\"https:\/\/www.oarcanjo.net\/site\/#website\"},\"datePublished\":\"2010-08-19T16:04:14+00:00\",\"dateModified\":\"2010-08-19T16:04:14+00:00\",\"breadcrumb\":{\"@id\":\"https:\/\/www.oarcanjo.net\/site\/leigos-na-cidade-dos-homens-construtores-da-cidade-de-deus\/#breadcrumb\"},\"inLanguage\":\"pt-BR\",\"potentialAction\":[{\"@type\":\"ReadAction\",\"target\":[\"https:\/\/www.oarcanjo.net\/site\/leigos-na-cidade-dos-homens-construtores-da-cidade-de-deus\/\"]}]},{\"@type\":\"BreadcrumbList\",\"@id\":\"https:\/\/www.oarcanjo.net\/site\/leigos-na-cidade-dos-homens-construtores-da-cidade-de-deus\/#breadcrumb\",\"itemListElement\":[{\"@type\":\"ListItem\",\"position\":1,\"name\":\"In\u00edcio\",\"item\":\"https:\/\/www.oarcanjo.net\/site\/\"},{\"@type\":\"ListItem\",\"position\":2,\"name\":\"Leigos, na cidade dos homens, construtores da cidade de Deus\"}]},{\"@type\":\"WebSite\",\"@id\":\"https:\/\/www.oarcanjo.net\/site\/#website\",\"url\":\"https:\/\/www.oarcanjo.net\/site\/\",\"name\":\"O Arcanjo no ar\",\"description\":\"Site da Par\u00f3quia S\u00e3o Miguel Arcanjo (Arquidiocese de SP)\",\"publisher\":{\"@id\":\"https:\/\/www.oarcanjo.net\/site\/#organization\"},\"potentialAction\":[{\"@type\":\"SearchAction\",\"target\":{\"@type\":\"EntryPoint\",\"urlTemplate\":\"https:\/\/www.oarcanjo.net\/site\/?s={search_term_string}\"},\"query-input\":{\"@type\":\"PropertyValueSpecification\",\"valueRequired\":true,\"valueName\":\"search_term_string\"}}],\"inLanguage\":\"pt-BR\"},{\"@type\":\"Organization\",\"@id\":\"https:\/\/www.oarcanjo.net\/site\/#organization\",\"name\":\"Par\u00f3quia S\u00e3o Miguel Arcanjo\",\"url\":\"https:\/\/www.oarcanjo.net\/site\/\",\"logo\":{\"@type\":\"ImageObject\",\"inLanguage\":\"pt-BR\",\"@id\":\"https:\/\/www.oarcanjo.net\/site\/#\/schema\/logo\/image\/\",\"url\":\"https:\/\/www.oarcanjo.net\/site\/wp-content\/uploads\/LogoOArcanjo.png\",\"contentUrl\":\"https:\/\/www.oarcanjo.net\/site\/wp-content\/uploads\/LogoOArcanjo.png\",\"width\":319,\"height\":99,\"caption\":\"Par\u00f3quia S\u00e3o Miguel Arcanjo\"},\"image\":{\"@id\":\"https:\/\/www.oarcanjo.net\/site\/#\/schema\/logo\/image\/\"},\"sameAs\":[\"https:\/\/www.facebook.com\/OArcanjoNoAr\/\"]},{\"@type\":\"Person\",\"@id\":\"https:\/\/www.oarcanjo.net\/site\/#\/schema\/person\/0a2ae077c1a09b69d29928e3b9f1c0d1\",\"name\":\"Alexandre Nunes\",\"sameAs\":[\"http:\/\/alexandrenu.com\"]}]}<\/script>\n<!-- \/ Yoast SEO plugin. -->","yoast_head_json":{"title":"Leigos, na cidade dos homens, construtores da cidade de Deus - O Arcanjo no ar","robots":{"index":"index","follow":"follow","max-snippet":"max-snippet:-1","max-image-preview":"max-image-preview:large","max-video-preview":"max-video-preview:-1"},"canonical":"https:\/\/www.oarcanjo.net\/site\/leigos-na-cidade-dos-homens-construtores-da-cidade-de-deus\/","og_locale":"pt_BR","og_type":"article","og_title":"Leigos, na cidade dos homens, construtores da cidade de Deus - O Arcanjo no ar","og_description":"Cardeal \u00a0Odilo P. Scherer No m\u00eas das voca\u00e7\u00f5es, destacamos a voca\u00e7\u00e3o dos crist\u00e3os leigos e leigas. S\u00e3o todos os membros da Igreja que vivem sua f\u00e9 e sua consagra\u00e7\u00e3o batismal nas condi\u00e7\u00f5es ordin\u00e1rias da vida: na fam\u00edlia, nas profiss\u00f5es, no mundo da cultura ou exercendo responsabilidades sociais. \u00c9 o imenso povo de Deus presente em [&hellip;]","og_url":"https:\/\/www.oarcanjo.net\/site\/leigos-na-cidade-dos-homens-construtores-da-cidade-de-deus\/","og_site_name":"O Arcanjo no ar","article_publisher":"https:\/\/www.facebook.com\/OArcanjoNoAr\/","article_published_time":"2010-08-19T16:04:14+00:00","og_image":[{"width":300,"height":300,"url":"https:\/\/www.oarcanjo.net\/site\/wp-content\/uploads\/logo-o-arcanjo-no-ar-facebook.png","type":"image\/png"}],"author":"Alexandre Nunes","twitter_card":"summary_large_image","twitter_misc":{"Escrito por":"Alexandre Nunes","Est. tempo de leitura":"4 minutos"},"schema":{"@context":"https:\/\/schema.org","@graph":[{"@type":"Article","@id":"https:\/\/www.oarcanjo.net\/site\/leigos-na-cidade-dos-homens-construtores-da-cidade-de-deus\/#article","isPartOf":{"@id":"https:\/\/www.oarcanjo.net\/site\/leigos-na-cidade-dos-homens-construtores-da-cidade-de-deus\/"},"author":{"name":"Alexandre Nunes","@id":"https:\/\/www.oarcanjo.net\/site\/#\/schema\/person\/0a2ae077c1a09b69d29928e3b9f1c0d1"},"headline":"Leigos, na cidade dos homens, construtores da cidade de Deus","datePublished":"2010-08-19T16:04:14+00:00","dateModified":"2010-08-19T16:04:14+00:00","mainEntityOfPage":{"@id":"https:\/\/www.oarcanjo.net\/site\/leigos-na-cidade-dos-homens-construtores-da-cidade-de-deus\/"},"wordCount":835,"commentCount":2,"publisher":{"@id":"https:\/\/www.oarcanjo.net\/site\/#organization"},"articleSection":["Reflex\u00f5es"],"inLanguage":"pt-BR","potentialAction":[{"@type":"CommentAction","name":"Comment","target":["https:\/\/www.oarcanjo.net\/site\/leigos-na-cidade-dos-homens-construtores-da-cidade-de-deus\/#respond"]}]},{"@type":"WebPage","@id":"https:\/\/www.oarcanjo.net\/site\/leigos-na-cidade-dos-homens-construtores-da-cidade-de-deus\/","url":"https:\/\/www.oarcanjo.net\/site\/leigos-na-cidade-dos-homens-construtores-da-cidade-de-deus\/","name":"Leigos, na cidade dos homens, construtores da cidade de Deus - O Arcanjo no ar","isPartOf":{"@id":"https:\/\/www.oarcanjo.net\/site\/#website"},"datePublished":"2010-08-19T16:04:14+00:00","dateModified":"2010-08-19T16:04:14+00:00","breadcrumb":{"@id":"https:\/\/www.oarcanjo.net\/site\/leigos-na-cidade-dos-homens-construtores-da-cidade-de-deus\/#breadcrumb"},"inLanguage":"pt-BR","potentialAction":[{"@type":"ReadAction","target":["https:\/\/www.oarcanjo.net\/site\/leigos-na-cidade-dos-homens-construtores-da-cidade-de-deus\/"]}]},{"@type":"BreadcrumbList","@id":"https:\/\/www.oarcanjo.net\/site\/leigos-na-cidade-dos-homens-construtores-da-cidade-de-deus\/#breadcrumb","itemListElement":[{"@type":"ListItem","position":1,"name":"In\u00edcio","item":"https:\/\/www.oarcanjo.net\/site\/"},{"@type":"ListItem","position":2,"name":"Leigos, na cidade dos homens, construtores da cidade de Deus"}]},{"@type":"WebSite","@id":"https:\/\/www.oarcanjo.net\/site\/#website","url":"https:\/\/www.oarcanjo.net\/site\/","name":"O Arcanjo no ar","description":"Site da Par\u00f3quia S\u00e3o Miguel Arcanjo (Arquidiocese de SP)","publisher":{"@id":"https:\/\/www.oarcanjo.net\/site\/#organization"},"potentialAction":[{"@type":"SearchAction","target":{"@type":"EntryPoint","urlTemplate":"https:\/\/www.oarcanjo.net\/site\/?s={search_term_string}"},"query-input":{"@type":"PropertyValueSpecification","valueRequired":true,"valueName":"search_term_string"}}],"inLanguage":"pt-BR"},{"@type":"Organization","@id":"https:\/\/www.oarcanjo.net\/site\/#organization","name":"Par\u00f3quia S\u00e3o Miguel Arcanjo","url":"https:\/\/www.oarcanjo.net\/site\/","logo":{"@type":"ImageObject","inLanguage":"pt-BR","@id":"https:\/\/www.oarcanjo.net\/site\/#\/schema\/logo\/image\/","url":"https:\/\/www.oarcanjo.net\/site\/wp-content\/uploads\/LogoOArcanjo.png","contentUrl":"https:\/\/www.oarcanjo.net\/site\/wp-content\/uploads\/LogoOArcanjo.png","width":319,"height":99,"caption":"Par\u00f3quia S\u00e3o Miguel Arcanjo"},"image":{"@id":"https:\/\/www.oarcanjo.net\/site\/#\/schema\/logo\/image\/"},"sameAs":["https:\/\/www.facebook.com\/OArcanjoNoAr\/"]},{"@type":"Person","@id":"https:\/\/www.oarcanjo.net\/site\/#\/schema\/person\/0a2ae077c1a09b69d29928e3b9f1c0d1","name":"Alexandre Nunes","sameAs":["http:\/\/alexandrenu.com"]}]}},"publishpress_future_action":{"enabled":false,"date":"2026-05-10 05:38:10","action":"category","newStatus":"draft","terms":[],"taxonomy":"category"},"publishpress_future_workflow_manual_trigger":{"enabledWorkflows":[]},"_links":{"self":[{"href":"https:\/\/www.oarcanjo.net\/site\/wp-json\/wp\/v2\/posts\/10611"}],"collection":[{"href":"https:\/\/www.oarcanjo.net\/site\/wp-json\/wp\/v2\/posts"}],"about":[{"href":"https:\/\/www.oarcanjo.net\/site\/wp-json\/wp\/v2\/types\/post"}],"author":[{"embeddable":true,"href":"https:\/\/www.oarcanjo.net\/site\/wp-json\/wp\/v2\/users\/15"}],"replies":[{"embeddable":true,"href":"https:\/\/www.oarcanjo.net\/site\/wp-json\/wp\/v2\/comments?post=10611"}],"version-history":[{"count":0,"href":"https:\/\/www.oarcanjo.net\/site\/wp-json\/wp\/v2\/posts\/10611\/revisions"}],"wp:attachment":[{"href":"https:\/\/www.oarcanjo.net\/site\/wp-json\/wp\/v2\/media?parent=10611"}],"wp:term":[{"taxonomy":"category","embeddable":true,"href":"https:\/\/www.oarcanjo.net\/site\/wp-json\/wp\/v2\/categories?post=10611"},{"taxonomy":"post_tag","embeddable":true,"href":"https:\/\/www.oarcanjo.net\/site\/wp-json\/wp\/v2\/tags?post=10611"}],"curies":[{"name":"wp","href":"https:\/\/api.w.org\/{rel}","templated":true}]}}