
{"id":10614,"date":"2010-08-20T09:02:25","date_gmt":"2010-08-20T12:02:25","guid":{"rendered":"http:\/\/www.oarcanjo.net\/site\/?p=10614"},"modified":"2010-08-20T09:02:25","modified_gmt":"2010-08-20T12:02:25","slug":"a-desconcentracao-da-terra-diminuira-as-disparidades-sociais","status":"publish","type":"post","link":"https:\/\/www.oarcanjo.net\/site\/a-desconcentracao-da-terra-diminuira-as-disparidades-sociais\/","title":{"rendered":"A desconcentra\u00e7\u00e3o da terra diminuir\u00e1 as disparidades sociais"},"content":{"rendered":"<p>Lia Lima<\/p>\n<p>No per\u00edodo de 1\u00ba a 7 de setembro, o F\u00f3rum Nacional da reforma agr\u00e1ria e Justi\u00e7a no Campo promover\u00e1, em todo o Brasil, o Plebiscito pelo Limite da Propriedade Rural, que tem como objetivos conscientizar, mobilizar a sociedade brasileira sobre a necessidade, a import\u00e2ncia de se estabelecer um limite para a propriedade da terra e demonstrar ao Congresso Nacional que o povo brasileiro deseja que se inclua na Constitui\u00e7\u00e3o um novo inciso limitando a propriedade da terra a 35 m\u00f3dulos fiscais. \u00c1reas acima disso seriam incorporadas ao patrim\u00f4nio p\u00fablico e destinadas \u00e0 reforma agr\u00e1ria.<!--more--><\/p>\n<p>O m\u00f3dulo fiscal \u00e9 uma refer\u00eancia, estabelecida pelo Instituto Nacional de Coloniza\u00e7\u00e3o e Reforma Agr\u00e1ria (INCRA), que define a \u00e1rea m\u00ednima suficiente para prover o sustento de uma fam\u00edlia de trabalhadores e trabalhadoras rurais. Ele varia de regi\u00e3o para regi\u00e3o e \u00e9 definido para cada munic\u00edpio a partir da an\u00e1lise de v\u00e1rias regras, como por exemplo, a situa\u00e7\u00e3o geogr\u00e1fica, qualidade do solo, o relevo e condi\u00e7\u00f5es de acesso. No Cear\u00e1 o munic\u00edpio com menor m\u00f3dulo \u00e9 Fortaleza, com \u00e1rea equivalente a 5 hectares e o de maior m\u00f3dulo com \u00e1rea igual a 90 hectares. Com a aprova\u00e7\u00e3o da PEC, em Fortaleza os estabelecimentos rurais teriam no m\u00e1ximo 175 hectares e nos munic\u00edpios com m\u00f3dulo de 90 hectares, a propriedade teria uma \u00e1rea m\u00e1xima de 3.150 hectares, o excedente seria destinado \u00e0 reforma agr\u00e1ria.<\/p>\n<p>A introdu\u00e7\u00e3o desta medida resultaria numa disponibilidade imediata de 817.106 hectares de terra no Estado do Cear\u00e1 para as fam\u00edlias acampadas, atingindo apenas 209 propriedades, sem despender recursos p\u00fablicos para a indeniza\u00e7\u00e3o dos propriet\u00e1rios. Esses recursos que hoje s\u00e3o gastos em processos desapropriat\u00f3rios, poderiam ser empregados no apoio \u00e0 infraestrutura, ao cr\u00e9dito subsidiado e \u00e0 assist\u00eancia t\u00e9cnica para os assentamentos.<\/p>\n<p>De acordo com os \u00faltimos dados levantados pelo Instituto Brasileiro de Geografia Estat\u00edstica (IBGE) em 2006, no Cear\u00e1, os estabelecimentos rurais com menos de 10 hectares eram 257.459, com \u00e1rea de 533.763 hectares. Enquanto os estabelecimentos acima de 1.000 hectares eram apenas 682, com \u00e1rea equivalente a 1.461.505 hectares.<\/p>\n<p>O referido censo tamb\u00e9m revelou que, a agricultura familiar camponesa emprega 85% das pessoas ocupadas no campo, ou seja, 27,7 a cada 100 hectares e o valor bruto da produ\u00e7\u00e3o anual, por hectare \u00e9 de R$ 687,00. Em contrapartida as empresas do agroneg\u00f3cio s\u00f3 empregam 4,0 pessoas a cada 100 hectares e o valor bruto da produ\u00e7\u00e3o anual, por hectare corresponde a R$ 327,00. A agricultura familiar camponesas \u00e9 respons\u00e1vel ainda, pela produ\u00e7\u00e3o 91% do feij\u00e3o; 89% do milho em gr\u00e3o; 82% da mandioca; 81% dos su\u00ednos; 55% dos bovinos; 56% do leite; 53% do caf\u00e9; 25% das aves. Esses dados demonstram que a agricultura familiar camponesa, \u00e9 quem est\u00e1 suprindo de alimento \u00e0 mesa da popula\u00e7\u00e3o cearense.<\/p>\n<p>As terras de limitada capacidade produtiva est\u00e3o localizadas nos Sert\u00f5es Central e dos Inhamuns, onde tamb\u00e9m prevalecem regimes pluviom\u00e9tricos deficientes e irregulares. Ainda dependente de melhores estudos para bem caracterizar sua capacidade produtiva, encontra-se uma larga faixa de solos arenosos no litoral cearense, com precipita\u00e7\u00f5es pluviom\u00e9tricas de bastante regularidade e boa distribui\u00e7\u00e3o.<\/p>\n<p>A extens\u00e3o do territ\u00f3rio cearense \u00e9 de 148.825,602 km\u00b2, sendo 93% deste encravado no semi\u00e1rido, e, \u00e9 composto por 184 munic\u00edpios. Conforme contagem populacional realizada em 2009 pelo IBGE havia aproximadamente 8.547.809 habitantes no Estado, sendo que 75% deles residem em \u00e1reas urbanas e 25% na zona rural. Fortaleza, capital do Cear\u00e1, apresenta extens\u00e3o territorial de 313 km\u00b2 e popula\u00e7\u00e3o estimada em 2.505.552 habitantes. Vale salientar que existem atualmente na capital cearense 623 favelas e 99 \u00e1reas de risco, segundo informa\u00e7\u00f5es da Federa\u00e7\u00e3o de Bairros e Favelas.<\/p>\n<p>Estudos mostram que, por ano, cerca de 140 mil pessoas chegam \u00e0 capital cearense. O agravamento da situa\u00e7\u00e3o \u00e9 fruto da disparidade social, econ\u00f4mica, da concentra\u00e7\u00e3o da renda e da terra, o que obriga um consider\u00e1vel n\u00famero de sertanejos abandonarem as \u00e1reas rurais, contribuindo para que surjam novas \u00e1reas favelizadas.<\/p>\n<div id=\"themify_builder_content-10614\" data-postid=\"10614\" class=\"themify_builder_content themify_builder_content-10614 themify_builder themify_builder_front\">\n\t<\/div>\n<!-- \/themify_builder_content -->","protected":false},"excerpt":{"rendered":"<p>Lia Lima No per\u00edodo de 1\u00ba a 7 de setembro, o F\u00f3rum Nacional da reforma agr\u00e1ria e Justi\u00e7a no Campo promover\u00e1, em todo o Brasil, o Plebiscito pelo Limite da Propriedade Rural, que tem como objetivos conscientizar, mobilizar a sociedade brasileira sobre a necessidade, a import\u00e2ncia de se estabelecer um limite para a propriedade da [&hellip;]<\/p>\n","protected":false},"author":5,"featured_media":0,"comment_status":"open","ping_status":"open","sticky":false,"template":"","format":"standard","meta":{"ngg_post_thumbnail":0,"footnotes":""},"categories":[9],"tags":[75,1153,1021,1666,293],"yoast_head":"<!-- This site is optimized with the Yoast SEO plugin v23.5 - https:\/\/yoast.com\/wordpress\/plugins\/seo\/ -->\n<title>A desconcentra\u00e7\u00e3o da terra diminuir\u00e1 as disparidades sociais - O Arcanjo no ar<\/title>\n<meta name=\"robots\" content=\"index, follow, max-snippet:-1, max-image-preview:large, max-video-preview:-1\" \/>\n<link rel=\"canonical\" href=\"https:\/\/www.oarcanjo.net\/site\/a-desconcentracao-da-terra-diminuira-as-disparidades-sociais\/\" \/>\n<meta property=\"og:locale\" content=\"pt_BR\" \/>\n<meta property=\"og:type\" content=\"article\" \/>\n<meta property=\"og:title\" content=\"A desconcentra\u00e7\u00e3o da terra diminuir\u00e1 as disparidades sociais - O Arcanjo no ar\" \/>\n<meta property=\"og:description\" content=\"Lia Lima No per\u00edodo de 1\u00ba a 7 de setembro, o F\u00f3rum Nacional da reforma agr\u00e1ria e Justi\u00e7a no Campo promover\u00e1, em todo o Brasil, o Plebiscito pelo Limite da Propriedade Rural, que tem como objetivos conscientizar, mobilizar a sociedade brasileira sobre a necessidade, a import\u00e2ncia de se estabelecer um limite para a propriedade da [&hellip;]\" \/>\n<meta property=\"og:url\" content=\"https:\/\/www.oarcanjo.net\/site\/a-desconcentracao-da-terra-diminuira-as-disparidades-sociais\/\" \/>\n<meta property=\"og:site_name\" content=\"O Arcanjo no ar\" \/>\n<meta property=\"article:publisher\" content=\"https:\/\/www.facebook.com\/OArcanjoNoAr\/\" \/>\n<meta property=\"article:published_time\" content=\"2010-08-20T12:02:25+00:00\" \/>\n<meta property=\"og:image\" content=\"https:\/\/www.oarcanjo.net\/site\/wp-content\/uploads\/logo-o-arcanjo-no-ar-facebook.png\" \/>\n\t<meta property=\"og:image:width\" content=\"300\" \/>\n\t<meta property=\"og:image:height\" content=\"300\" \/>\n\t<meta property=\"og:image:type\" content=\"image\/png\" \/>\n<meta name=\"author\" content=\"editor\" \/>\n<meta name=\"twitter:card\" content=\"summary_large_image\" \/>\n<meta name=\"twitter:label1\" content=\"Escrito por\" \/>\n\t<meta name=\"twitter:data1\" content=\"editor\" \/>\n\t<meta name=\"twitter:label2\" content=\"Est. tempo de leitura\" \/>\n\t<meta name=\"twitter:data2\" content=\"3 minutos\" \/>\n<script type=\"application\/ld+json\" class=\"yoast-schema-graph\">{\"@context\":\"https:\/\/schema.org\",\"@graph\":[{\"@type\":\"Article\",\"@id\":\"https:\/\/www.oarcanjo.net\/site\/a-desconcentracao-da-terra-diminuira-as-disparidades-sociais\/#article\",\"isPartOf\":{\"@id\":\"https:\/\/www.oarcanjo.net\/site\/a-desconcentracao-da-terra-diminuira-as-disparidades-sociais\/\"},\"author\":{\"name\":\"editor\",\"@id\":\"https:\/\/www.oarcanjo.net\/site\/#\/schema\/person\/f7024d007863202483a31326673a0838\"},\"headline\":\"A desconcentra\u00e7\u00e3o da terra diminuir\u00e1 as disparidades sociais\",\"datePublished\":\"2010-08-20T12:02:25+00:00\",\"dateModified\":\"2010-08-20T12:02:25+00:00\",\"mainEntityOfPage\":{\"@id\":\"https:\/\/www.oarcanjo.net\/site\/a-desconcentracao-da-terra-diminuira-as-disparidades-sociais\/\"},\"wordCount\":669,\"commentCount\":0,\"publisher\":{\"@id\":\"https:\/\/www.oarcanjo.net\/site\/#organization\"},\"keywords\":[\"Justi\u00e7a social\",\"luta pela terra\",\"mobiliza\u00e7\u00e3o popular\",\"plebiscito sobre o limite da propriedade\",\"Reforma agr\u00e1ria\"],\"articleSection\":[\"Reflex\u00f5es\"],\"inLanguage\":\"pt-BR\",\"potentialAction\":[{\"@type\":\"CommentAction\",\"name\":\"Comment\",\"target\":[\"https:\/\/www.oarcanjo.net\/site\/a-desconcentracao-da-terra-diminuira-as-disparidades-sociais\/#respond\"]}]},{\"@type\":\"WebPage\",\"@id\":\"https:\/\/www.oarcanjo.net\/site\/a-desconcentracao-da-terra-diminuira-as-disparidades-sociais\/\",\"url\":\"https:\/\/www.oarcanjo.net\/site\/a-desconcentracao-da-terra-diminuira-as-disparidades-sociais\/\",\"name\":\"A desconcentra\u00e7\u00e3o da terra diminuir\u00e1 as disparidades sociais - O Arcanjo no ar\",\"isPartOf\":{\"@id\":\"https:\/\/www.oarcanjo.net\/site\/#website\"},\"datePublished\":\"2010-08-20T12:02:25+00:00\",\"dateModified\":\"2010-08-20T12:02:25+00:00\",\"breadcrumb\":{\"@id\":\"https:\/\/www.oarcanjo.net\/site\/a-desconcentracao-da-terra-diminuira-as-disparidades-sociais\/#breadcrumb\"},\"inLanguage\":\"pt-BR\",\"potentialAction\":[{\"@type\":\"ReadAction\",\"target\":[\"https:\/\/www.oarcanjo.net\/site\/a-desconcentracao-da-terra-diminuira-as-disparidades-sociais\/\"]}]},{\"@type\":\"BreadcrumbList\",\"@id\":\"https:\/\/www.oarcanjo.net\/site\/a-desconcentracao-da-terra-diminuira-as-disparidades-sociais\/#breadcrumb\",\"itemListElement\":[{\"@type\":\"ListItem\",\"position\":1,\"name\":\"In\u00edcio\",\"item\":\"https:\/\/www.oarcanjo.net\/site\/\"},{\"@type\":\"ListItem\",\"position\":2,\"name\":\"A desconcentra\u00e7\u00e3o da terra diminuir\u00e1 as disparidades sociais\"}]},{\"@type\":\"WebSite\",\"@id\":\"https:\/\/www.oarcanjo.net\/site\/#website\",\"url\":\"https:\/\/www.oarcanjo.net\/site\/\",\"name\":\"O Arcanjo no ar\",\"description\":\"Site da Par\u00f3quia S\u00e3o Miguel Arcanjo (Arquidiocese de SP)\",\"publisher\":{\"@id\":\"https:\/\/www.oarcanjo.net\/site\/#organization\"},\"potentialAction\":[{\"@type\":\"SearchAction\",\"target\":{\"@type\":\"EntryPoint\",\"urlTemplate\":\"https:\/\/www.oarcanjo.net\/site\/?s={search_term_string}\"},\"query-input\":{\"@type\":\"PropertyValueSpecification\",\"valueRequired\":true,\"valueName\":\"search_term_string\"}}],\"inLanguage\":\"pt-BR\"},{\"@type\":\"Organization\",\"@id\":\"https:\/\/www.oarcanjo.net\/site\/#organization\",\"name\":\"Par\u00f3quia S\u00e3o Miguel Arcanjo\",\"url\":\"https:\/\/www.oarcanjo.net\/site\/\",\"logo\":{\"@type\":\"ImageObject\",\"inLanguage\":\"pt-BR\",\"@id\":\"https:\/\/www.oarcanjo.net\/site\/#\/schema\/logo\/image\/\",\"url\":\"https:\/\/www.oarcanjo.net\/site\/wp-content\/uploads\/LogoOArcanjo.png\",\"contentUrl\":\"https:\/\/www.oarcanjo.net\/site\/wp-content\/uploads\/LogoOArcanjo.png\",\"width\":319,\"height\":99,\"caption\":\"Par\u00f3quia S\u00e3o Miguel Arcanjo\"},\"image\":{\"@id\":\"https:\/\/www.oarcanjo.net\/site\/#\/schema\/logo\/image\/\"},\"sameAs\":[\"https:\/\/www.facebook.com\/OArcanjoNoAr\/\"]},{\"@type\":\"Person\",\"@id\":\"https:\/\/www.oarcanjo.net\/site\/#\/schema\/person\/f7024d007863202483a31326673a0838\",\"name\":\"editor\",\"sameAs\":[\"http:\/\/www.oarcanjo.net\"]}]}<\/script>\n<!-- \/ Yoast SEO plugin. -->","yoast_head_json":{"title":"A desconcentra\u00e7\u00e3o da terra diminuir\u00e1 as disparidades sociais - O Arcanjo no ar","robots":{"index":"index","follow":"follow","max-snippet":"max-snippet:-1","max-image-preview":"max-image-preview:large","max-video-preview":"max-video-preview:-1"},"canonical":"https:\/\/www.oarcanjo.net\/site\/a-desconcentracao-da-terra-diminuira-as-disparidades-sociais\/","og_locale":"pt_BR","og_type":"article","og_title":"A desconcentra\u00e7\u00e3o da terra diminuir\u00e1 as disparidades sociais - O Arcanjo no ar","og_description":"Lia Lima No per\u00edodo de 1\u00ba a 7 de setembro, o F\u00f3rum Nacional da reforma agr\u00e1ria e Justi\u00e7a no Campo promover\u00e1, em todo o Brasil, o Plebiscito pelo Limite da Propriedade Rural, que tem como objetivos conscientizar, mobilizar a sociedade brasileira sobre a necessidade, a import\u00e2ncia de se estabelecer um limite para a propriedade da [&hellip;]","og_url":"https:\/\/www.oarcanjo.net\/site\/a-desconcentracao-da-terra-diminuira-as-disparidades-sociais\/","og_site_name":"O Arcanjo no ar","article_publisher":"https:\/\/www.facebook.com\/OArcanjoNoAr\/","article_published_time":"2010-08-20T12:02:25+00:00","og_image":[{"width":300,"height":300,"url":"https:\/\/www.oarcanjo.net\/site\/wp-content\/uploads\/logo-o-arcanjo-no-ar-facebook.png","type":"image\/png"}],"author":"editor","twitter_card":"summary_large_image","twitter_misc":{"Escrito por":"editor","Est. tempo de leitura":"3 minutos"},"schema":{"@context":"https:\/\/schema.org","@graph":[{"@type":"Article","@id":"https:\/\/www.oarcanjo.net\/site\/a-desconcentracao-da-terra-diminuira-as-disparidades-sociais\/#article","isPartOf":{"@id":"https:\/\/www.oarcanjo.net\/site\/a-desconcentracao-da-terra-diminuira-as-disparidades-sociais\/"},"author":{"name":"editor","@id":"https:\/\/www.oarcanjo.net\/site\/#\/schema\/person\/f7024d007863202483a31326673a0838"},"headline":"A desconcentra\u00e7\u00e3o da terra diminuir\u00e1 as disparidades sociais","datePublished":"2010-08-20T12:02:25+00:00","dateModified":"2010-08-20T12:02:25+00:00","mainEntityOfPage":{"@id":"https:\/\/www.oarcanjo.net\/site\/a-desconcentracao-da-terra-diminuira-as-disparidades-sociais\/"},"wordCount":669,"commentCount":0,"publisher":{"@id":"https:\/\/www.oarcanjo.net\/site\/#organization"},"keywords":["Justi\u00e7a social","luta pela terra","mobiliza\u00e7\u00e3o popular","plebiscito sobre o limite da propriedade","Reforma agr\u00e1ria"],"articleSection":["Reflex\u00f5es"],"inLanguage":"pt-BR","potentialAction":[{"@type":"CommentAction","name":"Comment","target":["https:\/\/www.oarcanjo.net\/site\/a-desconcentracao-da-terra-diminuira-as-disparidades-sociais\/#respond"]}]},{"@type":"WebPage","@id":"https:\/\/www.oarcanjo.net\/site\/a-desconcentracao-da-terra-diminuira-as-disparidades-sociais\/","url":"https:\/\/www.oarcanjo.net\/site\/a-desconcentracao-da-terra-diminuira-as-disparidades-sociais\/","name":"A desconcentra\u00e7\u00e3o da terra diminuir\u00e1 as disparidades sociais - O Arcanjo no ar","isPartOf":{"@id":"https:\/\/www.oarcanjo.net\/site\/#website"},"datePublished":"2010-08-20T12:02:25+00:00","dateModified":"2010-08-20T12:02:25+00:00","breadcrumb":{"@id":"https:\/\/www.oarcanjo.net\/site\/a-desconcentracao-da-terra-diminuira-as-disparidades-sociais\/#breadcrumb"},"inLanguage":"pt-BR","potentialAction":[{"@type":"ReadAction","target":["https:\/\/www.oarcanjo.net\/site\/a-desconcentracao-da-terra-diminuira-as-disparidades-sociais\/"]}]},{"@type":"BreadcrumbList","@id":"https:\/\/www.oarcanjo.net\/site\/a-desconcentracao-da-terra-diminuira-as-disparidades-sociais\/#breadcrumb","itemListElement":[{"@type":"ListItem","position":1,"name":"In\u00edcio","item":"https:\/\/www.oarcanjo.net\/site\/"},{"@type":"ListItem","position":2,"name":"A desconcentra\u00e7\u00e3o da terra diminuir\u00e1 as disparidades sociais"}]},{"@type":"WebSite","@id":"https:\/\/www.oarcanjo.net\/site\/#website","url":"https:\/\/www.oarcanjo.net\/site\/","name":"O Arcanjo no ar","description":"Site da Par\u00f3quia S\u00e3o Miguel Arcanjo (Arquidiocese de SP)","publisher":{"@id":"https:\/\/www.oarcanjo.net\/site\/#organization"},"potentialAction":[{"@type":"SearchAction","target":{"@type":"EntryPoint","urlTemplate":"https:\/\/www.oarcanjo.net\/site\/?s={search_term_string}"},"query-input":{"@type":"PropertyValueSpecification","valueRequired":true,"valueName":"search_term_string"}}],"inLanguage":"pt-BR"},{"@type":"Organization","@id":"https:\/\/www.oarcanjo.net\/site\/#organization","name":"Par\u00f3quia S\u00e3o Miguel Arcanjo","url":"https:\/\/www.oarcanjo.net\/site\/","logo":{"@type":"ImageObject","inLanguage":"pt-BR","@id":"https:\/\/www.oarcanjo.net\/site\/#\/schema\/logo\/image\/","url":"https:\/\/www.oarcanjo.net\/site\/wp-content\/uploads\/LogoOArcanjo.png","contentUrl":"https:\/\/www.oarcanjo.net\/site\/wp-content\/uploads\/LogoOArcanjo.png","width":319,"height":99,"caption":"Par\u00f3quia S\u00e3o Miguel Arcanjo"},"image":{"@id":"https:\/\/www.oarcanjo.net\/site\/#\/schema\/logo\/image\/"},"sameAs":["https:\/\/www.facebook.com\/OArcanjoNoAr\/"]},{"@type":"Person","@id":"https:\/\/www.oarcanjo.net\/site\/#\/schema\/person\/f7024d007863202483a31326673a0838","name":"editor","sameAs":["http:\/\/www.oarcanjo.net"]}]}},"publishpress_future_action":{"enabled":false,"date":"2026-05-10 06:09:40","action":"category","newStatus":"draft","terms":[],"taxonomy":"category"},"publishpress_future_workflow_manual_trigger":{"enabledWorkflows":[]},"_links":{"self":[{"href":"https:\/\/www.oarcanjo.net\/site\/wp-json\/wp\/v2\/posts\/10614"}],"collection":[{"href":"https:\/\/www.oarcanjo.net\/site\/wp-json\/wp\/v2\/posts"}],"about":[{"href":"https:\/\/www.oarcanjo.net\/site\/wp-json\/wp\/v2\/types\/post"}],"author":[{"embeddable":true,"href":"https:\/\/www.oarcanjo.net\/site\/wp-json\/wp\/v2\/users\/5"}],"replies":[{"embeddable":true,"href":"https:\/\/www.oarcanjo.net\/site\/wp-json\/wp\/v2\/comments?post=10614"}],"version-history":[{"count":0,"href":"https:\/\/www.oarcanjo.net\/site\/wp-json\/wp\/v2\/posts\/10614\/revisions"}],"wp:attachment":[{"href":"https:\/\/www.oarcanjo.net\/site\/wp-json\/wp\/v2\/media?parent=10614"}],"wp:term":[{"taxonomy":"category","embeddable":true,"href":"https:\/\/www.oarcanjo.net\/site\/wp-json\/wp\/v2\/categories?post=10614"},{"taxonomy":"post_tag","embeddable":true,"href":"https:\/\/www.oarcanjo.net\/site\/wp-json\/wp\/v2\/tags?post=10614"}],"curies":[{"name":"wp","href":"https:\/\/api.w.org\/{rel}","templated":true}]}}