
{"id":10616,"date":"2010-08-21T10:24:16","date_gmt":"2010-08-21T13:24:16","guid":{"rendered":"http:\/\/www.oarcanjo.net\/site\/?p=10616"},"modified":"2010-08-23T07:08:13","modified_gmt":"2010-08-23T10:08:13","slug":"a-porta-estreita","status":"publish","type":"post","link":"https:\/\/www.oarcanjo.net\/site\/a-porta-estreita\/","title":{"rendered":"A porta estreita!!!"},"content":{"rendered":"<p>Neste domingo do Tempo comum somos convidados a entrar pela porta estreita, que \u00e9 a porta do amor e da confian\u00e7a no Amor de Deus que salva e liberta e n\u00e3o em nossas pr\u00f3prias seguran\u00e7as e m\u00e9ritos.\u00a0A pr\u00e1tica da Justi\u00e7a do Reino nos transforma em irm\u00e3os e supera todo tipo de domina\u00e7\u00e3o que discrimina e desumaniza a vida.<\/p>\n<p>A gratuidade do amor de Deus \u00e9 que chama, do norte e do sul de todos os quadrantes da terra, sem nenhum privil\u00e9gio a n\u00e3o ser o amor e a ades\u00e3o ao seguimento de Jesus o Deus que se faz humano para caminhar conosco.<\/p>\n<p>N\u00e3o adianta dizer: n\u00f3s com\u00edamos e beb\u00edamos em tua presen\u00e7a, e Tu ensinastes em nossas pra\u00e7as. Pois a resposta dura vir\u00e1: N\u00e3o sei de onde sois, afastai-vos de mim v\u00f3s todos, que cometeis injusti\u00e7as!<\/p>\n<p>Resposta dura e exigente. Qual \u00e9 a justi\u00e7a de Deus, do reino?<\/p>\n<p>A\u00a0resposta est\u00e1 dentro do dito desconcertante de Jesus:<br \/>\nEis que h\u00e1 \u00faltimos que ser\u00e3o primeiros e primeiros que ser\u00e3o \u00faltimos.<\/p>\n<p>A seguran\u00e7a de quem ama \u00e9 o amor que transforma e humaniza a vida!<\/p>\n<p><object style=\"width: 470px; height: 330px;\" classid=\"clsid:6bf52a52-394a-11d3-b153-00c04f79faa6\" width=\"470\" height=\"330\" codebase=\"http:\/\/activex.microsoft.com\/activex\/controls\/mplayer\/en\/nsmp2inf.cab#Version=5,1,52,701\"><param name=\"autostart\" value=\"false\" \/><param name=\"url\" value=\"http:\/\/www.oarcanjo.net\/video\/Homilia20100822-final.wmv\" \/><embed style=\"width: 470px; height: 330px;\" type=\"application\/x-mplayer2\" width=\"470\" height=\"330\" src=\"http:\/\/www.oarcanjo.net\/video\/Homilia20100822-final.wmv\" autostart=\"false\"><\/embed><\/object><\/p>\n<div id=\"themify_builder_content-10616\" data-postid=\"10616\" class=\"themify_builder_content themify_builder_content-10616 themify_builder themify_builder_front\">\n\t<\/div>\n<!-- \/themify_builder_content -->","protected":false},"excerpt":{"rendered":"<p>Neste domingo do Tempo comum somos convidados a entrar pela porta estreita, que \u00e9 a porta do amor e da confian\u00e7a no Amor de Deus que salva e liberta e n\u00e3o em nossas pr\u00f3prias seguran\u00e7as e m\u00e9ritos.\u00a0A pr\u00e1tica da Justi\u00e7a do Reino nos transforma em irm\u00e3os e supera todo tipo de domina\u00e7\u00e3o que discrimina e [&hellip;]<\/p>\n","protected":false},"author":4,"featured_media":0,"comment_status":"open","ping_status":"open","sticky":false,"template":"","format":"standard","meta":{"ngg_post_thumbnail":0,"footnotes":""},"categories":[4,475],"tags":[1703],"yoast_head":"<!-- This site is optimized with the Yoast SEO plugin v23.5 - https:\/\/yoast.com\/wordpress\/plugins\/seo\/ -->\n<title>A porta estreita!!! - O Arcanjo no ar<\/title>\n<meta name=\"robots\" content=\"index, follow, max-snippet:-1, max-image-preview:large, max-video-preview:-1\" \/>\n<link rel=\"canonical\" href=\"https:\/\/www.oarcanjo.net\/site\/a-porta-estreita\/\" \/>\n<meta property=\"og:locale\" content=\"pt_BR\" \/>\n<meta property=\"og:type\" content=\"article\" \/>\n<meta property=\"og:title\" content=\"A porta estreita!!! - O Arcanjo no ar\" \/>\n<meta property=\"og:description\" content=\"Neste domingo do Tempo comum somos convidados a entrar pela porta estreita, que \u00e9 a porta do amor e da confian\u00e7a no Amor de Deus que salva e liberta e n\u00e3o em nossas pr\u00f3prias seguran\u00e7as e m\u00e9ritos.\u00a0A pr\u00e1tica da Justi\u00e7a do Reino nos transforma em irm\u00e3os e supera todo tipo de domina\u00e7\u00e3o que discrimina e [&hellip;]\" \/>\n<meta property=\"og:url\" content=\"https:\/\/www.oarcanjo.net\/site\/a-porta-estreita\/\" \/>\n<meta property=\"og:site_name\" content=\"O Arcanjo no ar\" \/>\n<meta property=\"article:publisher\" content=\"https:\/\/www.facebook.com\/OArcanjoNoAr\/\" \/>\n<meta property=\"article:published_time\" content=\"2010-08-21T13:24:16+00:00\" \/>\n<meta property=\"article:modified_time\" content=\"2010-08-23T10:08:13+00:00\" \/>\n<meta property=\"og:image\" content=\"https:\/\/www.oarcanjo.net\/site\/wp-content\/uploads\/logo-o-arcanjo-no-ar-facebook.png\" \/>\n\t<meta property=\"og:image:width\" content=\"300\" \/>\n\t<meta property=\"og:image:height\" content=\"300\" \/>\n\t<meta property=\"og:image:type\" content=\"image\/png\" \/>\n<meta name=\"author\" content=\"julio\" \/>\n<meta name=\"twitter:card\" content=\"summary_large_image\" \/>\n<meta name=\"twitter:label1\" content=\"Escrito por\" \/>\n\t<meta name=\"twitter:data1\" content=\"julio\" \/>\n\t<meta name=\"twitter:label2\" content=\"Est. tempo de leitura\" \/>\n\t<meta name=\"twitter:data2\" content=\"1 minuto\" \/>\n<script type=\"application\/ld+json\" class=\"yoast-schema-graph\">{\"@context\":\"https:\/\/schema.org\",\"@graph\":[{\"@type\":\"Article\",\"@id\":\"https:\/\/www.oarcanjo.net\/site\/a-porta-estreita\/#article\",\"isPartOf\":{\"@id\":\"https:\/\/www.oarcanjo.net\/site\/a-porta-estreita\/\"},\"author\":{\"name\":\"julio\",\"@id\":\"https:\/\/www.oarcanjo.net\/site\/#\/schema\/person\/d78ea01c648c91e29c364b516767079e\"},\"headline\":\"A porta estreita!!!\",\"datePublished\":\"2010-08-21T13:24:16+00:00\",\"dateModified\":\"2010-08-23T10:08:13+00:00\",\"mainEntityOfPage\":{\"@id\":\"https:\/\/www.oarcanjo.net\/site\/a-porta-estreita\/\"},\"wordCount\":208,\"commentCount\":6,\"publisher\":{\"@id\":\"https:\/\/www.oarcanjo.net\/site\/#organization\"},\"keywords\":[\"porta estreita\"],\"articleSection\":[\"Blog\",\"Homilias\"],\"inLanguage\":\"pt-BR\",\"potentialAction\":[{\"@type\":\"CommentAction\",\"name\":\"Comment\",\"target\":[\"https:\/\/www.oarcanjo.net\/site\/a-porta-estreita\/#respond\"]}]},{\"@type\":\"WebPage\",\"@id\":\"https:\/\/www.oarcanjo.net\/site\/a-porta-estreita\/\",\"url\":\"https:\/\/www.oarcanjo.net\/site\/a-porta-estreita\/\",\"name\":\"A porta estreita!!! - O Arcanjo no ar\",\"isPartOf\":{\"@id\":\"https:\/\/www.oarcanjo.net\/site\/#website\"},\"datePublished\":\"2010-08-21T13:24:16+00:00\",\"dateModified\":\"2010-08-23T10:08:13+00:00\",\"breadcrumb\":{\"@id\":\"https:\/\/www.oarcanjo.net\/site\/a-porta-estreita\/#breadcrumb\"},\"inLanguage\":\"pt-BR\",\"potentialAction\":[{\"@type\":\"ReadAction\",\"target\":[\"https:\/\/www.oarcanjo.net\/site\/a-porta-estreita\/\"]}]},{\"@type\":\"BreadcrumbList\",\"@id\":\"https:\/\/www.oarcanjo.net\/site\/a-porta-estreita\/#breadcrumb\",\"itemListElement\":[{\"@type\":\"ListItem\",\"position\":1,\"name\":\"In\u00edcio\",\"item\":\"https:\/\/www.oarcanjo.net\/site\/\"},{\"@type\":\"ListItem\",\"position\":2,\"name\":\"A porta estreita!!!\"}]},{\"@type\":\"WebSite\",\"@id\":\"https:\/\/www.oarcanjo.net\/site\/#website\",\"url\":\"https:\/\/www.oarcanjo.net\/site\/\",\"name\":\"O Arcanjo no ar\",\"description\":\"Site da Par\u00f3quia S\u00e3o Miguel Arcanjo (Arquidiocese de SP)\",\"publisher\":{\"@id\":\"https:\/\/www.oarcanjo.net\/site\/#organization\"},\"potentialAction\":[{\"@type\":\"SearchAction\",\"target\":{\"@type\":\"EntryPoint\",\"urlTemplate\":\"https:\/\/www.oarcanjo.net\/site\/?s={search_term_string}\"},\"query-input\":{\"@type\":\"PropertyValueSpecification\",\"valueRequired\":true,\"valueName\":\"search_term_string\"}}],\"inLanguage\":\"pt-BR\"},{\"@type\":\"Organization\",\"@id\":\"https:\/\/www.oarcanjo.net\/site\/#organization\",\"name\":\"Par\u00f3quia S\u00e3o Miguel Arcanjo\",\"url\":\"https:\/\/www.oarcanjo.net\/site\/\",\"logo\":{\"@type\":\"ImageObject\",\"inLanguage\":\"pt-BR\",\"@id\":\"https:\/\/www.oarcanjo.net\/site\/#\/schema\/logo\/image\/\",\"url\":\"https:\/\/www.oarcanjo.net\/site\/wp-content\/uploads\/LogoOArcanjo.png\",\"contentUrl\":\"https:\/\/www.oarcanjo.net\/site\/wp-content\/uploads\/LogoOArcanjo.png\",\"width\":319,\"height\":99,\"caption\":\"Par\u00f3quia S\u00e3o Miguel Arcanjo\"},\"image\":{\"@id\":\"https:\/\/www.oarcanjo.net\/site\/#\/schema\/logo\/image\/\"},\"sameAs\":[\"https:\/\/www.facebook.com\/OArcanjoNoAr\/\"]},{\"@type\":\"Person\",\"@id\":\"https:\/\/www.oarcanjo.net\/site\/#\/schema\/person\/d78ea01c648c91e29c364b516767079e\",\"name\":\"julio\",\"sameAs\":[\"http:\/\/www.oarcanjo.net\"]}]}<\/script>\n<!-- \/ Yoast SEO plugin. -->","yoast_head_json":{"title":"A porta estreita!!! - O Arcanjo no ar","robots":{"index":"index","follow":"follow","max-snippet":"max-snippet:-1","max-image-preview":"max-image-preview:large","max-video-preview":"max-video-preview:-1"},"canonical":"https:\/\/www.oarcanjo.net\/site\/a-porta-estreita\/","og_locale":"pt_BR","og_type":"article","og_title":"A porta estreita!!! - O Arcanjo no ar","og_description":"Neste domingo do Tempo comum somos convidados a entrar pela porta estreita, que \u00e9 a porta do amor e da confian\u00e7a no Amor de Deus que salva e liberta e n\u00e3o em nossas pr\u00f3prias seguran\u00e7as e m\u00e9ritos.\u00a0A pr\u00e1tica da Justi\u00e7a do Reino nos transforma em irm\u00e3os e supera todo tipo de domina\u00e7\u00e3o que discrimina e [&hellip;]","og_url":"https:\/\/www.oarcanjo.net\/site\/a-porta-estreita\/","og_site_name":"O Arcanjo no ar","article_publisher":"https:\/\/www.facebook.com\/OArcanjoNoAr\/","article_published_time":"2010-08-21T13:24:16+00:00","article_modified_time":"2010-08-23T10:08:13+00:00","og_image":[{"width":300,"height":300,"url":"https:\/\/www.oarcanjo.net\/site\/wp-content\/uploads\/logo-o-arcanjo-no-ar-facebook.png","type":"image\/png"}],"author":"julio","twitter_card":"summary_large_image","twitter_misc":{"Escrito por":"julio","Est. tempo de leitura":"1 minuto"},"schema":{"@context":"https:\/\/schema.org","@graph":[{"@type":"Article","@id":"https:\/\/www.oarcanjo.net\/site\/a-porta-estreita\/#article","isPartOf":{"@id":"https:\/\/www.oarcanjo.net\/site\/a-porta-estreita\/"},"author":{"name":"julio","@id":"https:\/\/www.oarcanjo.net\/site\/#\/schema\/person\/d78ea01c648c91e29c364b516767079e"},"headline":"A porta estreita!!!","datePublished":"2010-08-21T13:24:16+00:00","dateModified":"2010-08-23T10:08:13+00:00","mainEntityOfPage":{"@id":"https:\/\/www.oarcanjo.net\/site\/a-porta-estreita\/"},"wordCount":208,"commentCount":6,"publisher":{"@id":"https:\/\/www.oarcanjo.net\/site\/#organization"},"keywords":["porta estreita"],"articleSection":["Blog","Homilias"],"inLanguage":"pt-BR","potentialAction":[{"@type":"CommentAction","name":"Comment","target":["https:\/\/www.oarcanjo.net\/site\/a-porta-estreita\/#respond"]}]},{"@type":"WebPage","@id":"https:\/\/www.oarcanjo.net\/site\/a-porta-estreita\/","url":"https:\/\/www.oarcanjo.net\/site\/a-porta-estreita\/","name":"A porta estreita!!! - O Arcanjo no ar","isPartOf":{"@id":"https:\/\/www.oarcanjo.net\/site\/#website"},"datePublished":"2010-08-21T13:24:16+00:00","dateModified":"2010-08-23T10:08:13+00:00","breadcrumb":{"@id":"https:\/\/www.oarcanjo.net\/site\/a-porta-estreita\/#breadcrumb"},"inLanguage":"pt-BR","potentialAction":[{"@type":"ReadAction","target":["https:\/\/www.oarcanjo.net\/site\/a-porta-estreita\/"]}]},{"@type":"BreadcrumbList","@id":"https:\/\/www.oarcanjo.net\/site\/a-porta-estreita\/#breadcrumb","itemListElement":[{"@type":"ListItem","position":1,"name":"In\u00edcio","item":"https:\/\/www.oarcanjo.net\/site\/"},{"@type":"ListItem","position":2,"name":"A porta estreita!!!"}]},{"@type":"WebSite","@id":"https:\/\/www.oarcanjo.net\/site\/#website","url":"https:\/\/www.oarcanjo.net\/site\/","name":"O Arcanjo no ar","description":"Site da Par\u00f3quia S\u00e3o Miguel Arcanjo (Arquidiocese de SP)","publisher":{"@id":"https:\/\/www.oarcanjo.net\/site\/#organization"},"potentialAction":[{"@type":"SearchAction","target":{"@type":"EntryPoint","urlTemplate":"https:\/\/www.oarcanjo.net\/site\/?s={search_term_string}"},"query-input":{"@type":"PropertyValueSpecification","valueRequired":true,"valueName":"search_term_string"}}],"inLanguage":"pt-BR"},{"@type":"Organization","@id":"https:\/\/www.oarcanjo.net\/site\/#organization","name":"Par\u00f3quia S\u00e3o Miguel Arcanjo","url":"https:\/\/www.oarcanjo.net\/site\/","logo":{"@type":"ImageObject","inLanguage":"pt-BR","@id":"https:\/\/www.oarcanjo.net\/site\/#\/schema\/logo\/image\/","url":"https:\/\/www.oarcanjo.net\/site\/wp-content\/uploads\/LogoOArcanjo.png","contentUrl":"https:\/\/www.oarcanjo.net\/site\/wp-content\/uploads\/LogoOArcanjo.png","width":319,"height":99,"caption":"Par\u00f3quia S\u00e3o Miguel Arcanjo"},"image":{"@id":"https:\/\/www.oarcanjo.net\/site\/#\/schema\/logo\/image\/"},"sameAs":["https:\/\/www.facebook.com\/OArcanjoNoAr\/"]},{"@type":"Person","@id":"https:\/\/www.oarcanjo.net\/site\/#\/schema\/person\/d78ea01c648c91e29c364b516767079e","name":"julio","sameAs":["http:\/\/www.oarcanjo.net"]}]}},"publishpress_future_action":{"enabled":false,"date":"2026-05-09 07:24:31","action":"category","newStatus":"draft","terms":[],"taxonomy":"category"},"publishpress_future_workflow_manual_trigger":{"enabledWorkflows":[]},"_links":{"self":[{"href":"https:\/\/www.oarcanjo.net\/site\/wp-json\/wp\/v2\/posts\/10616"}],"collection":[{"href":"https:\/\/www.oarcanjo.net\/site\/wp-json\/wp\/v2\/posts"}],"about":[{"href":"https:\/\/www.oarcanjo.net\/site\/wp-json\/wp\/v2\/types\/post"}],"author":[{"embeddable":true,"href":"https:\/\/www.oarcanjo.net\/site\/wp-json\/wp\/v2\/users\/4"}],"replies":[{"embeddable":true,"href":"https:\/\/www.oarcanjo.net\/site\/wp-json\/wp\/v2\/comments?post=10616"}],"version-history":[{"count":0,"href":"https:\/\/www.oarcanjo.net\/site\/wp-json\/wp\/v2\/posts\/10616\/revisions"}],"wp:attachment":[{"href":"https:\/\/www.oarcanjo.net\/site\/wp-json\/wp\/v2\/media?parent=10616"}],"wp:term":[{"taxonomy":"category","embeddable":true,"href":"https:\/\/www.oarcanjo.net\/site\/wp-json\/wp\/v2\/categories?post=10616"},{"taxonomy":"post_tag","embeddable":true,"href":"https:\/\/www.oarcanjo.net\/site\/wp-json\/wp\/v2\/tags?post=10616"}],"curies":[{"name":"wp","href":"https:\/\/api.w.org\/{rel}","templated":true}]}}