
{"id":10618,"date":"2010-08-21T13:14:55","date_gmt":"2010-08-21T16:14:55","guid":{"rendered":"http:\/\/www.oarcanjo.net\/site\/?p=10618"},"modified":"2010-08-21T13:15:45","modified_gmt":"2010-08-21T16:15:45","slug":"notas-sobre-codigo-florestal-e-ficha-limpa","status":"publish","type":"post","link":"https:\/\/www.oarcanjo.net\/site\/notas-sobre-codigo-florestal-e-ficha-limpa\/","title":{"rendered":"Notas da CNBB sobre C\u00f3digo Florestal e Ficha Limpa"},"content":{"rendered":"<p>CNBB<\/p>\n<p>O Conselho Episcopal de Pastoral da CNBB (Consep) divulgou duas notas ao final de sua reuni\u00e3o, nesta quinta-feira, 17.  Uma das notas manifesta a posi\u00e7\u00e3o da Confer\u00eancia dos Bispos acerca das reformas do C\u00f3digo Florestal, aprovadas em julho pela Comiss\u00e3o Especial da C\u00e2mara dos Deputados. Na segunda nota, os bispos pedem a plena aplica\u00e7\u00e3o da lei 135\/2010, conhecida como Ficha Limpa.<!--more--><\/p>\n<p>&#8220;As altera\u00e7\u00f5es propostas [no novo C\u00f3digo Florestal], se aprovadas em definitivo, estar\u00e3o em descordo com o compromisso de redu\u00e7\u00e3o de g\u00e1s carb\u00f4nico, assumido pelo governo brasileiro em Copenhague, em dezembro de 2009, e transformado na lei n\u00ba 12. 187\/ 09 (Pol\u00edtica Nacional de Mudan\u00e7as Clim\u00e1ticas)&#8221;, afirma a nota da CNBB.<\/p>\n<p>Em rela\u00e7\u00e3o \u00e0 lei Ficha Limpa, os bispos dizem que esperam empenho do Poder Judici\u00e1rio na sua aplica\u00e7\u00e3o para as elei\u00e7\u00f5es deste ano.<\/p>\n<p>&#8220;Esperamos das inst\u00e2ncias do Poder Judici\u00e1rio que t\u00eam a miss\u00e3o institucional de arbitrar as controv\u00e9rsias em torno da aplica\u00e7\u00e3o da lei, marcadamente do Tribunal Superior Eleitoral e Supremo Tribunal Federal, o mesmo empenho efetivo que houve no Congresso Nacional na aprova\u00e7\u00e3o da iniciativa popular&#8221;, diz a nota.<\/p>\n<p>As duas notas ser\u00e3o apresentadas aos jornalistas numa coletiva de imprensa, hoje, \u00e0s 14:30h, na sala de imprensa da CNBB. Participar\u00e3o da coletiva o presidente da CNBB, dom Geraldo Lyrio Rocha, e o secret\u00e1rio Geral, dom Dimas Lara Barbosa.<\/p>\n<p>Confira as notas na \u00edntegra:<\/p>\n<p>\u2022 <a href=\"\/site\/wp-content\/uploads\/notacnbbcodigoflorestal.pdf\" target=\"_blank\">C\u00f3digo Florestal<\/a><\/p>\n<p>\u2022 <a href=\"\/site\/wp-content\/uploads\/notacnbbfichalimpa.pdf\" target=\"_blank\">Ficha Limpa<\/a><\/p>\n<div id=\"themify_builder_content-10618\" data-postid=\"10618\" class=\"themify_builder_content themify_builder_content-10618 themify_builder themify_builder_front\">\n\t<\/div>\n<!-- \/themify_builder_content -->","protected":false},"excerpt":{"rendered":"<p>CNBB O Conselho Episcopal de Pastoral da CNBB (Consep) divulgou duas notas ao final de sua reuni\u00e3o, nesta quinta-feira, 17. Uma das notas manifesta a posi\u00e7\u00e3o da Confer\u00eancia dos Bispos acerca das reformas do C\u00f3digo Florestal, aprovadas em julho pela Comiss\u00e3o Especial da C\u00e2mara dos Deputados. Na segunda nota, os bispos pedem a plena aplica\u00e7\u00e3o [&hellip;]<\/p>\n","protected":false},"author":5,"featured_media":0,"comment_status":"open","ping_status":"open","sticky":false,"template":"","format":"standard","meta":{"ngg_post_thumbnail":0,"footnotes":""},"categories":[8],"tags":[63,1090,1702,843,468,470],"yoast_head":"<!-- This site is optimized with the Yoast SEO plugin v23.5 - https:\/\/yoast.com\/wordpress\/plugins\/seo\/ -->\n<title>Notas da CNBB sobre C\u00f3digo Florestal e Ficha Limpa - O Arcanjo no ar<\/title>\n<meta name=\"robots\" content=\"index, follow, max-snippet:-1, max-image-preview:large, max-video-preview:-1\" \/>\n<link rel=\"canonical\" href=\"https:\/\/www.oarcanjo.net\/site\/notas-sobre-codigo-florestal-e-ficha-limpa\/\" \/>\n<meta property=\"og:locale\" content=\"pt_BR\" \/>\n<meta property=\"og:type\" content=\"article\" \/>\n<meta property=\"og:title\" content=\"Notas da CNBB sobre C\u00f3digo Florestal e Ficha Limpa - O Arcanjo no ar\" \/>\n<meta property=\"og:description\" content=\"CNBB O Conselho Episcopal de Pastoral da CNBB (Consep) divulgou duas notas ao final de sua reuni\u00e3o, nesta quinta-feira, 17. Uma das notas manifesta a posi\u00e7\u00e3o da Confer\u00eancia dos Bispos acerca das reformas do C\u00f3digo Florestal, aprovadas em julho pela Comiss\u00e3o Especial da C\u00e2mara dos Deputados. Na segunda nota, os bispos pedem a plena aplica\u00e7\u00e3o [&hellip;]\" \/>\n<meta property=\"og:url\" content=\"https:\/\/www.oarcanjo.net\/site\/notas-sobre-codigo-florestal-e-ficha-limpa\/\" \/>\n<meta property=\"og:site_name\" content=\"O Arcanjo no ar\" \/>\n<meta property=\"article:publisher\" content=\"https:\/\/www.facebook.com\/OArcanjoNoAr\/\" \/>\n<meta property=\"article:published_time\" content=\"2010-08-21T16:14:55+00:00\" \/>\n<meta property=\"article:modified_time\" content=\"2010-08-21T16:15:45+00:00\" \/>\n<meta property=\"og:image\" content=\"https:\/\/www.oarcanjo.net\/site\/wp-content\/uploads\/logo-o-arcanjo-no-ar-facebook.png\" \/>\n\t<meta property=\"og:image:width\" content=\"300\" \/>\n\t<meta property=\"og:image:height\" content=\"300\" \/>\n\t<meta property=\"og:image:type\" content=\"image\/png\" \/>\n<meta name=\"author\" content=\"editor\" \/>\n<meta name=\"twitter:card\" content=\"summary_large_image\" \/>\n<meta name=\"twitter:label1\" content=\"Escrito por\" \/>\n\t<meta name=\"twitter:data1\" content=\"editor\" \/>\n\t<meta name=\"twitter:label2\" content=\"Est. tempo de leitura\" \/>\n\t<meta name=\"twitter:data2\" content=\"1 minuto\" \/>\n<script type=\"application\/ld+json\" class=\"yoast-schema-graph\">{\"@context\":\"https:\/\/schema.org\",\"@graph\":[{\"@type\":\"Article\",\"@id\":\"https:\/\/www.oarcanjo.net\/site\/notas-sobre-codigo-florestal-e-ficha-limpa\/#article\",\"isPartOf\":{\"@id\":\"https:\/\/www.oarcanjo.net\/site\/notas-sobre-codigo-florestal-e-ficha-limpa\/\"},\"author\":{\"name\":\"editor\",\"@id\":\"https:\/\/www.oarcanjo.net\/site\/#\/schema\/person\/f7024d007863202483a31326673a0838\"},\"headline\":\"Notas da CNBB sobre C\u00f3digo Florestal e Ficha Limpa\",\"datePublished\":\"2010-08-21T16:14:55+00:00\",\"dateModified\":\"2010-08-21T16:15:45+00:00\",\"mainEntityOfPage\":{\"@id\":\"https:\/\/www.oarcanjo.net\/site\/notas-sobre-codigo-florestal-e-ficha-limpa\/\"},\"wordCount\":264,\"commentCount\":0,\"publisher\":{\"@id\":\"https:\/\/www.oarcanjo.net\/site\/#organization\"},\"keywords\":[\"CNBB\",\"Copenhague\",\"Cpodigo Florestal\",\"Ficha Limpa\",\"meio ambiente\",\"sustentabilidade\"],\"articleSection\":[\"Not\u00edcias\"],\"inLanguage\":\"pt-BR\",\"potentialAction\":[{\"@type\":\"CommentAction\",\"name\":\"Comment\",\"target\":[\"https:\/\/www.oarcanjo.net\/site\/notas-sobre-codigo-florestal-e-ficha-limpa\/#respond\"]}]},{\"@type\":\"WebPage\",\"@id\":\"https:\/\/www.oarcanjo.net\/site\/notas-sobre-codigo-florestal-e-ficha-limpa\/\",\"url\":\"https:\/\/www.oarcanjo.net\/site\/notas-sobre-codigo-florestal-e-ficha-limpa\/\",\"name\":\"Notas da CNBB sobre C\u00f3digo Florestal e Ficha Limpa - O Arcanjo no ar\",\"isPartOf\":{\"@id\":\"https:\/\/www.oarcanjo.net\/site\/#website\"},\"datePublished\":\"2010-08-21T16:14:55+00:00\",\"dateModified\":\"2010-08-21T16:15:45+00:00\",\"breadcrumb\":{\"@id\":\"https:\/\/www.oarcanjo.net\/site\/notas-sobre-codigo-florestal-e-ficha-limpa\/#breadcrumb\"},\"inLanguage\":\"pt-BR\",\"potentialAction\":[{\"@type\":\"ReadAction\",\"target\":[\"https:\/\/www.oarcanjo.net\/site\/notas-sobre-codigo-florestal-e-ficha-limpa\/\"]}]},{\"@type\":\"BreadcrumbList\",\"@id\":\"https:\/\/www.oarcanjo.net\/site\/notas-sobre-codigo-florestal-e-ficha-limpa\/#breadcrumb\",\"itemListElement\":[{\"@type\":\"ListItem\",\"position\":1,\"name\":\"In\u00edcio\",\"item\":\"https:\/\/www.oarcanjo.net\/site\/\"},{\"@type\":\"ListItem\",\"position\":2,\"name\":\"Notas da CNBB sobre C\u00f3digo Florestal e Ficha Limpa\"}]},{\"@type\":\"WebSite\",\"@id\":\"https:\/\/www.oarcanjo.net\/site\/#website\",\"url\":\"https:\/\/www.oarcanjo.net\/site\/\",\"name\":\"O Arcanjo no ar\",\"description\":\"Site da Par\u00f3quia S\u00e3o Miguel Arcanjo (Arquidiocese de SP)\",\"publisher\":{\"@id\":\"https:\/\/www.oarcanjo.net\/site\/#organization\"},\"potentialAction\":[{\"@type\":\"SearchAction\",\"target\":{\"@type\":\"EntryPoint\",\"urlTemplate\":\"https:\/\/www.oarcanjo.net\/site\/?s={search_term_string}\"},\"query-input\":{\"@type\":\"PropertyValueSpecification\",\"valueRequired\":true,\"valueName\":\"search_term_string\"}}],\"inLanguage\":\"pt-BR\"},{\"@type\":\"Organization\",\"@id\":\"https:\/\/www.oarcanjo.net\/site\/#organization\",\"name\":\"Par\u00f3quia S\u00e3o Miguel Arcanjo\",\"url\":\"https:\/\/www.oarcanjo.net\/site\/\",\"logo\":{\"@type\":\"ImageObject\",\"inLanguage\":\"pt-BR\",\"@id\":\"https:\/\/www.oarcanjo.net\/site\/#\/schema\/logo\/image\/\",\"url\":\"https:\/\/www.oarcanjo.net\/site\/wp-content\/uploads\/LogoOArcanjo.png\",\"contentUrl\":\"https:\/\/www.oarcanjo.net\/site\/wp-content\/uploads\/LogoOArcanjo.png\",\"width\":319,\"height\":99,\"caption\":\"Par\u00f3quia S\u00e3o Miguel Arcanjo\"},\"image\":{\"@id\":\"https:\/\/www.oarcanjo.net\/site\/#\/schema\/logo\/image\/\"},\"sameAs\":[\"https:\/\/www.facebook.com\/OArcanjoNoAr\/\"]},{\"@type\":\"Person\",\"@id\":\"https:\/\/www.oarcanjo.net\/site\/#\/schema\/person\/f7024d007863202483a31326673a0838\",\"name\":\"editor\",\"sameAs\":[\"http:\/\/www.oarcanjo.net\"]}]}<\/script>\n<!-- \/ Yoast SEO plugin. -->","yoast_head_json":{"title":"Notas da CNBB sobre C\u00f3digo Florestal e Ficha Limpa - O Arcanjo no ar","robots":{"index":"index","follow":"follow","max-snippet":"max-snippet:-1","max-image-preview":"max-image-preview:large","max-video-preview":"max-video-preview:-1"},"canonical":"https:\/\/www.oarcanjo.net\/site\/notas-sobre-codigo-florestal-e-ficha-limpa\/","og_locale":"pt_BR","og_type":"article","og_title":"Notas da CNBB sobre C\u00f3digo Florestal e Ficha Limpa - O Arcanjo no ar","og_description":"CNBB O Conselho Episcopal de Pastoral da CNBB (Consep) divulgou duas notas ao final de sua reuni\u00e3o, nesta quinta-feira, 17. Uma das notas manifesta a posi\u00e7\u00e3o da Confer\u00eancia dos Bispos acerca das reformas do C\u00f3digo Florestal, aprovadas em julho pela Comiss\u00e3o Especial da C\u00e2mara dos Deputados. Na segunda nota, os bispos pedem a plena aplica\u00e7\u00e3o [&hellip;]","og_url":"https:\/\/www.oarcanjo.net\/site\/notas-sobre-codigo-florestal-e-ficha-limpa\/","og_site_name":"O Arcanjo no ar","article_publisher":"https:\/\/www.facebook.com\/OArcanjoNoAr\/","article_published_time":"2010-08-21T16:14:55+00:00","article_modified_time":"2010-08-21T16:15:45+00:00","og_image":[{"width":300,"height":300,"url":"https:\/\/www.oarcanjo.net\/site\/wp-content\/uploads\/logo-o-arcanjo-no-ar-facebook.png","type":"image\/png"}],"author":"editor","twitter_card":"summary_large_image","twitter_misc":{"Escrito por":"editor","Est. tempo de leitura":"1 minuto"},"schema":{"@context":"https:\/\/schema.org","@graph":[{"@type":"Article","@id":"https:\/\/www.oarcanjo.net\/site\/notas-sobre-codigo-florestal-e-ficha-limpa\/#article","isPartOf":{"@id":"https:\/\/www.oarcanjo.net\/site\/notas-sobre-codigo-florestal-e-ficha-limpa\/"},"author":{"name":"editor","@id":"https:\/\/www.oarcanjo.net\/site\/#\/schema\/person\/f7024d007863202483a31326673a0838"},"headline":"Notas da CNBB sobre C\u00f3digo Florestal e Ficha Limpa","datePublished":"2010-08-21T16:14:55+00:00","dateModified":"2010-08-21T16:15:45+00:00","mainEntityOfPage":{"@id":"https:\/\/www.oarcanjo.net\/site\/notas-sobre-codigo-florestal-e-ficha-limpa\/"},"wordCount":264,"commentCount":0,"publisher":{"@id":"https:\/\/www.oarcanjo.net\/site\/#organization"},"keywords":["CNBB","Copenhague","Cpodigo Florestal","Ficha Limpa","meio ambiente","sustentabilidade"],"articleSection":["Not\u00edcias"],"inLanguage":"pt-BR","potentialAction":[{"@type":"CommentAction","name":"Comment","target":["https:\/\/www.oarcanjo.net\/site\/notas-sobre-codigo-florestal-e-ficha-limpa\/#respond"]}]},{"@type":"WebPage","@id":"https:\/\/www.oarcanjo.net\/site\/notas-sobre-codigo-florestal-e-ficha-limpa\/","url":"https:\/\/www.oarcanjo.net\/site\/notas-sobre-codigo-florestal-e-ficha-limpa\/","name":"Notas da CNBB sobre C\u00f3digo Florestal e Ficha Limpa - O Arcanjo no ar","isPartOf":{"@id":"https:\/\/www.oarcanjo.net\/site\/#website"},"datePublished":"2010-08-21T16:14:55+00:00","dateModified":"2010-08-21T16:15:45+00:00","breadcrumb":{"@id":"https:\/\/www.oarcanjo.net\/site\/notas-sobre-codigo-florestal-e-ficha-limpa\/#breadcrumb"},"inLanguage":"pt-BR","potentialAction":[{"@type":"ReadAction","target":["https:\/\/www.oarcanjo.net\/site\/notas-sobre-codigo-florestal-e-ficha-limpa\/"]}]},{"@type":"BreadcrumbList","@id":"https:\/\/www.oarcanjo.net\/site\/notas-sobre-codigo-florestal-e-ficha-limpa\/#breadcrumb","itemListElement":[{"@type":"ListItem","position":1,"name":"In\u00edcio","item":"https:\/\/www.oarcanjo.net\/site\/"},{"@type":"ListItem","position":2,"name":"Notas da CNBB sobre C\u00f3digo Florestal e Ficha Limpa"}]},{"@type":"WebSite","@id":"https:\/\/www.oarcanjo.net\/site\/#website","url":"https:\/\/www.oarcanjo.net\/site\/","name":"O Arcanjo no ar","description":"Site da Par\u00f3quia S\u00e3o Miguel Arcanjo (Arquidiocese de SP)","publisher":{"@id":"https:\/\/www.oarcanjo.net\/site\/#organization"},"potentialAction":[{"@type":"SearchAction","target":{"@type":"EntryPoint","urlTemplate":"https:\/\/www.oarcanjo.net\/site\/?s={search_term_string}"},"query-input":{"@type":"PropertyValueSpecification","valueRequired":true,"valueName":"search_term_string"}}],"inLanguage":"pt-BR"},{"@type":"Organization","@id":"https:\/\/www.oarcanjo.net\/site\/#organization","name":"Par\u00f3quia S\u00e3o Miguel Arcanjo","url":"https:\/\/www.oarcanjo.net\/site\/","logo":{"@type":"ImageObject","inLanguage":"pt-BR","@id":"https:\/\/www.oarcanjo.net\/site\/#\/schema\/logo\/image\/","url":"https:\/\/www.oarcanjo.net\/site\/wp-content\/uploads\/LogoOArcanjo.png","contentUrl":"https:\/\/www.oarcanjo.net\/site\/wp-content\/uploads\/LogoOArcanjo.png","width":319,"height":99,"caption":"Par\u00f3quia S\u00e3o Miguel Arcanjo"},"image":{"@id":"https:\/\/www.oarcanjo.net\/site\/#\/schema\/logo\/image\/"},"sameAs":["https:\/\/www.facebook.com\/OArcanjoNoAr\/"]},{"@type":"Person","@id":"https:\/\/www.oarcanjo.net\/site\/#\/schema\/person\/f7024d007863202483a31326673a0838","name":"editor","sameAs":["http:\/\/www.oarcanjo.net"]}]}},"publishpress_future_action":{"enabled":false,"date":"2026-05-09 09:04:31","action":"category","newStatus":"draft","terms":[],"taxonomy":"category"},"publishpress_future_workflow_manual_trigger":{"enabledWorkflows":[]},"_links":{"self":[{"href":"https:\/\/www.oarcanjo.net\/site\/wp-json\/wp\/v2\/posts\/10618"}],"collection":[{"href":"https:\/\/www.oarcanjo.net\/site\/wp-json\/wp\/v2\/posts"}],"about":[{"href":"https:\/\/www.oarcanjo.net\/site\/wp-json\/wp\/v2\/types\/post"}],"author":[{"embeddable":true,"href":"https:\/\/www.oarcanjo.net\/site\/wp-json\/wp\/v2\/users\/5"}],"replies":[{"embeddable":true,"href":"https:\/\/www.oarcanjo.net\/site\/wp-json\/wp\/v2\/comments?post=10618"}],"version-history":[{"count":0,"href":"https:\/\/www.oarcanjo.net\/site\/wp-json\/wp\/v2\/posts\/10618\/revisions"}],"wp:attachment":[{"href":"https:\/\/www.oarcanjo.net\/site\/wp-json\/wp\/v2\/media?parent=10618"}],"wp:term":[{"taxonomy":"category","embeddable":true,"href":"https:\/\/www.oarcanjo.net\/site\/wp-json\/wp\/v2\/categories?post=10618"},{"taxonomy":"post_tag","embeddable":true,"href":"https:\/\/www.oarcanjo.net\/site\/wp-json\/wp\/v2\/tags?post=10618"}],"curies":[{"name":"wp","href":"https:\/\/api.w.org\/{rel}","templated":true}]}}