
{"id":10627,"date":"2010-08-21T14:10:49","date_gmt":"2010-08-21T17:10:49","guid":{"rendered":"http:\/\/www.oarcanjo.net\/site\/?p=10627"},"modified":"2010-08-21T14:10:49","modified_gmt":"2010-08-21T17:10:49","slug":"fe-e-politica-de-novo","status":"publish","type":"post","link":"https:\/\/www.oarcanjo.net\/site\/fe-e-politica-de-novo\/","title":{"rendered":"F\u00e9 e pol\u00edtica: de novo?"},"content":{"rendered":"<p>Jung Mo Sung<\/p>\n<p>Eu sou de uma gera\u00e7\u00e3o de crist\u00e3os que foi marcada intensamente pelo debate sobre &#8220;a f\u00e9 e a pol\u00edtica&#8221;. Na d\u00e9cada de 1980, ser um crist\u00e3o que assumia a tarefa de anunciar a boa-nova de Jesus ao mundo e de &#8220;construir&#8221; o Reino de Deus era sin\u00f4nimo de discutir e fazer pol\u00edtica. Como diziam os te\u00f3logos e assessores das pastorais de ent\u00e3o, a pol\u00edtica \u00e9 o campo da luta pelo bem comum e justi\u00e7a social e as comunidades crist\u00e3s devem participar dela.<!--more--><\/p>\n<p>Falo disso n\u00e3o por um saudosismo, que sempre tende a pintar o passado melhor do que foi e assim v\u00ea o presente pior do que \u00e9. Mas porque penso que devemos -ou podemos- aproveitar as semanas que precedem a elei\u00e7\u00e3o e refletirmos sobre a f\u00e9 crist\u00e3, o compromisso com justi\u00e7a social e a pol\u00edtica.<\/p>\n<p>Eu penso que um dos diversos equ\u00edvocos que cometemos no passado, no meio de boa vontade e de muita doa\u00e7\u00e3o e luta, foi o de confundir os distintos campos que comp\u00f5e a rela\u00e7\u00e3o entre a f\u00e9, o compromisso social e a pol\u00edtica. Muitos de n\u00f3s pens\u00e1vamos que n\u00e3o h\u00e1 diferen\u00e7as qualitativas entres eles. Ser crist\u00e3o, membro de uma comunidade de f\u00e9, significava assumir o compromisso de &#8220;construir&#8221; o Reino de Deus. E a &#8220;constru\u00e7\u00e3o&#8221; do RD passava necessariamente pelas lutas sociais em favor dos pobres; e todas as lutas eram vistas como pol\u00edtica, sem uma distin\u00e7\u00e3o clara entre lutas sociais e a a\u00e7\u00e3o pol\u00edtica, ou entre o campo da sociedade civil e a esfera da sociedade pol\u00edtica. Assim, a f\u00e9 e a pol\u00edtica eram vistas como insepar\u00e1veis e, em alguns lugares, como indistingu\u00edveis. Por isso, muitas vezes se pensava que falar de pol\u00edtica era j\u00e1 anunciar o evangelho.<\/p>\n<p>Eu continuo com a convic\u00e7\u00e3o de que ser crist\u00e3o, ser seguidor de Jesus de Nazar\u00e9, \u00e9 anunciar a boa-nova (evangelho) aos pobres, a boa-nova da liberta\u00e7\u00e3o de todas as formas de opress\u00e3o que pesam sobre exclu\u00eddos\/as de todo o mundo. E n\u00e3o se pode fazer isso sem tomar parte nas lutas e\/ou a\u00e7\u00f5es sociais, ao lado das v\u00edtimas de sistemas econ\u00f4micos, pol\u00edticos, sociais e culturais opressivos e excludentes.<\/p>\n<p>Contudo, devemos tomar cuidado para n\u00e3o cair no erro de n\u00e3o perceber as diferen\u00e7as que existem nas din\u00e2micas e nas identidades entre as comunidades de f\u00e9, lutas sociais e o campo da pol\u00edtica e Estado.<\/p>\n<p>Essa confus\u00e3o est\u00e1 bastante presente na sociedade e tamb\u00e9m no interior das comunidades crist\u00e3s &#8220;engajadas&#8221; nas lutas sociais. Em grande parte, por causa da concep\u00e7\u00e3o de pol\u00edtica como &#8220;bem comum&#8221; t\u00e3o difundida nos in\u00fameros cursos e materiais espalhados Brasil afora. Como as comunidades devem lutar pelo bem comum, essa luta se d\u00e1 majoritariamente no campo social e se entende a pol\u00edtica como a busca do bem comum, parece que h\u00e1 um caminho que liga esses tr\u00eas campos sem grandes problemas.<\/p>\n<p>Esse tipo de confus\u00e3o pode trazer s\u00e9rios problemas pr\u00e1ticos. Um deles se d\u00e1 a partir da no\u00e7\u00e3o do &#8220;bem comum&#8221;. Como a discuss\u00e3o sobre o &#8220;bem&#8221; se d\u00e1 no campo da \u00e9tica, as igrejas crist\u00e3s costumam associar o debate e a luta pelo &#8220;bem comum&#8221; com a moral. No caso espec\u00edfico da teologia cat\u00f3lica cl\u00e1ssica, no campo da moral social. Nos semin\u00e1rios e nas faculdades de teologia, a quest\u00e3o dos problemas sociais, da pol\u00edtica e a busca do bem comum \u00e9 discutida nas aulas da moral social ou nas de doutrina social da Igreja. Isso pode gerar dois tipos de problemas. Primeiro \u00e9 a desvaloriza\u00e7\u00e3o da quest\u00e3o social, pois n\u00e3o faria parte da &#8220;teologia sistem\u00e1tica&#8221; que discute as quest\u00f5es fundamentais da f\u00e9. O compromisso e as lutas em favor das v\u00edtimas e dos pobres seriam no m\u00e1ximo uma aplica\u00e7\u00e3o da f\u00e9, mas n\u00e3o uma parte essencial da identidade de ser crist\u00e3o e da reflex\u00e3o teol\u00f3gica.<\/p>\n<p>O segundo \u00e9 a tend\u00eancia de &#8220;moraliza\u00e7\u00e3o&#8221; da discuss\u00e3o e a\u00e7\u00e3o pol\u00edtica. Na medida em que n\u00e3o se percebe as especificidades do campo pol\u00edtico (no sentido estrito relacionado ao Estado), n\u00e3o se discute as quest\u00f5es ligadas \u00e0s institui\u00e7\u00f5es e \u00e0 estrutura do Estado. Uma boa parte do debate se d\u00e1 em torno da &#8220;honestidade&#8221;, da &#8220;santidade&#8221;, dos candidatos e das acusa\u00e7\u00f5es de corrup\u00e7\u00e3o. (Isto sem falar em qu\u00e3o cat\u00f3lico ou crist\u00e3o \u00e9 o candidato e o quanto vai defender os interesses ou as doutrinas morais da Igreja. O que \u00e9 um grande equ\u00edvoco e uma tentativa de voltar ao tempo da cristandade.) \u00c9 claro que essas quest\u00f5es de honestidade e compet\u00eancia s\u00e3o tamb\u00e9m importantes, mas o que quero chamar aten\u00e7\u00e3o \u00e9 que n\u00e3o se constr\u00f3i uma sociedade mais justa e uma nova ordem pol\u00edtico-econ\u00f4mico-social reduzindo o debate \u00e0s quest\u00f5es morais ou a apelos morais. Se os apelos morais e a boa vontade fossem suficientes para criar um mundo mais justo, um mundo j\u00e1 teria sido &#8220;convertido&#8221; h\u00e1 s\u00e9culos atr\u00e1s. \u00c9 preciso recriar o Estado e o sistema econ\u00f4mico.<\/p>\n<p>Um efeito colateral destes problemas pode ser visto na aus\u00eancia de uma s\u00e9ria reflex\u00e3o teol\u00f3gica sobre o Estado na teologia latinoamericana. (A TL produziu uma consistente cr\u00edtica teol\u00f3gica ao mercado\/economia; e a filosofia da liberta\u00e7\u00e3o, especialmente Enrique Dussel, tem produzido uma filosofia pol\u00edtica da liberta\u00e7\u00e3o).<\/p>\n<p>Eu penso que devemos aproveitar esta \u00e9poca de elei\u00e7\u00e3o para rediscutirmos a quest\u00e3o da rela\u00e7\u00e3o entre a f\u00e9 e a pol\u00edtica. Precisamos aprender com os erros do passado e com as novas reflex\u00f5es te\u00f3ricas e pr\u00e1ticas que est\u00e3o surgindo no presente. (a continuar)<\/p>\n<div id=\"themify_builder_content-10627\" data-postid=\"10627\" class=\"themify_builder_content themify_builder_content-10627 themify_builder themify_builder_front\">\n\t<\/div>\n<!-- \/themify_builder_content -->","protected":false},"excerpt":{"rendered":"<p>Jung Mo Sung Eu sou de uma gera\u00e7\u00e3o de crist\u00e3os que foi marcada intensamente pelo debate sobre &#8220;a f\u00e9 e a pol\u00edtica&#8221;. Na d\u00e9cada de 1980, ser um crist\u00e3o que assumia a tarefa de anunciar a boa-nova de Jesus ao mundo e de &#8220;construir&#8221; o Reino de Deus era sin\u00f4nimo de discutir e fazer pol\u00edtica. [&hellip;]<\/p>\n","protected":false},"author":5,"featured_media":0,"comment_status":"open","ping_status":"open","sticky":false,"template":"","format":"standard","meta":{"ngg_post_thumbnail":0,"footnotes":""},"categories":[9],"tags":[375,1041,103,190],"yoast_head":"<!-- This site is optimized with the Yoast SEO plugin v23.5 - https:\/\/yoast.com\/wordpress\/plugins\/seo\/ -->\n<title>F\u00e9 e pol\u00edtica: de novo? - O Arcanjo no ar<\/title>\n<meta name=\"robots\" content=\"index, follow, max-snippet:-1, max-image-preview:large, max-video-preview:-1\" \/>\n<link rel=\"canonical\" href=\"https:\/\/www.oarcanjo.net\/site\/fe-e-politica-de-novo\/\" \/>\n<meta property=\"og:locale\" content=\"pt_BR\" \/>\n<meta property=\"og:type\" content=\"article\" \/>\n<meta property=\"og:title\" content=\"F\u00e9 e pol\u00edtica: de novo? - O Arcanjo no ar\" \/>\n<meta property=\"og:description\" content=\"Jung Mo Sung Eu sou de uma gera\u00e7\u00e3o de crist\u00e3os que foi marcada intensamente pelo debate sobre &#8220;a f\u00e9 e a pol\u00edtica&#8221;. Na d\u00e9cada de 1980, ser um crist\u00e3o que assumia a tarefa de anunciar a boa-nova de Jesus ao mundo e de &#8220;construir&#8221; o Reino de Deus era sin\u00f4nimo de discutir e fazer pol\u00edtica. [&hellip;]\" \/>\n<meta property=\"og:url\" content=\"https:\/\/www.oarcanjo.net\/site\/fe-e-politica-de-novo\/\" \/>\n<meta property=\"og:site_name\" content=\"O Arcanjo no ar\" \/>\n<meta property=\"article:publisher\" content=\"https:\/\/www.facebook.com\/OArcanjoNoAr\/\" \/>\n<meta property=\"article:published_time\" content=\"2010-08-21T17:10:49+00:00\" \/>\n<meta property=\"og:image\" content=\"https:\/\/www.oarcanjo.net\/site\/wp-content\/uploads\/logo-o-arcanjo-no-ar-facebook.png\" \/>\n\t<meta property=\"og:image:width\" content=\"300\" \/>\n\t<meta property=\"og:image:height\" content=\"300\" \/>\n\t<meta property=\"og:image:type\" content=\"image\/png\" \/>\n<meta name=\"author\" content=\"editor\" \/>\n<meta name=\"twitter:card\" content=\"summary_large_image\" \/>\n<meta name=\"twitter:label1\" content=\"Escrito por\" \/>\n\t<meta name=\"twitter:data1\" content=\"editor\" \/>\n\t<meta name=\"twitter:label2\" content=\"Est. tempo de leitura\" \/>\n\t<meta name=\"twitter:data2\" content=\"5 minutos\" \/>\n<script type=\"application\/ld+json\" class=\"yoast-schema-graph\">{\"@context\":\"https:\/\/schema.org\",\"@graph\":[{\"@type\":\"Article\",\"@id\":\"https:\/\/www.oarcanjo.net\/site\/fe-e-politica-de-novo\/#article\",\"isPartOf\":{\"@id\":\"https:\/\/www.oarcanjo.net\/site\/fe-e-politica-de-novo\/\"},\"author\":{\"name\":\"editor\",\"@id\":\"https:\/\/www.oarcanjo.net\/site\/#\/schema\/person\/f7024d007863202483a31326673a0838\"},\"headline\":\"F\u00e9 e pol\u00edtica: de novo?\",\"datePublished\":\"2010-08-21T17:10:49+00:00\",\"dateModified\":\"2010-08-21T17:10:49+00:00\",\"mainEntityOfPage\":{\"@id\":\"https:\/\/www.oarcanjo.net\/site\/fe-e-politica-de-novo\/\"},\"wordCount\":1017,\"commentCount\":0,\"publisher\":{\"@id\":\"https:\/\/www.oarcanjo.net\/site\/#organization\"},\"keywords\":[\"bem comum\",\"elei\u00e7\u00e3o\",\"f\u00e9 e pol\u00edtica\",\"teologia da liberta\u00e7\u00e3o\"],\"articleSection\":[\"Reflex\u00f5es\"],\"inLanguage\":\"pt-BR\",\"potentialAction\":[{\"@type\":\"CommentAction\",\"name\":\"Comment\",\"target\":[\"https:\/\/www.oarcanjo.net\/site\/fe-e-politica-de-novo\/#respond\"]}]},{\"@type\":\"WebPage\",\"@id\":\"https:\/\/www.oarcanjo.net\/site\/fe-e-politica-de-novo\/\",\"url\":\"https:\/\/www.oarcanjo.net\/site\/fe-e-politica-de-novo\/\",\"name\":\"F\u00e9 e pol\u00edtica: de novo? - O Arcanjo no ar\",\"isPartOf\":{\"@id\":\"https:\/\/www.oarcanjo.net\/site\/#website\"},\"datePublished\":\"2010-08-21T17:10:49+00:00\",\"dateModified\":\"2010-08-21T17:10:49+00:00\",\"breadcrumb\":{\"@id\":\"https:\/\/www.oarcanjo.net\/site\/fe-e-politica-de-novo\/#breadcrumb\"},\"inLanguage\":\"pt-BR\",\"potentialAction\":[{\"@type\":\"ReadAction\",\"target\":[\"https:\/\/www.oarcanjo.net\/site\/fe-e-politica-de-novo\/\"]}]},{\"@type\":\"BreadcrumbList\",\"@id\":\"https:\/\/www.oarcanjo.net\/site\/fe-e-politica-de-novo\/#breadcrumb\",\"itemListElement\":[{\"@type\":\"ListItem\",\"position\":1,\"name\":\"In\u00edcio\",\"item\":\"https:\/\/www.oarcanjo.net\/site\/\"},{\"@type\":\"ListItem\",\"position\":2,\"name\":\"F\u00e9 e pol\u00edtica: de novo?\"}]},{\"@type\":\"WebSite\",\"@id\":\"https:\/\/www.oarcanjo.net\/site\/#website\",\"url\":\"https:\/\/www.oarcanjo.net\/site\/\",\"name\":\"O Arcanjo no ar\",\"description\":\"Site da Par\u00f3quia S\u00e3o Miguel Arcanjo (Arquidiocese de SP)\",\"publisher\":{\"@id\":\"https:\/\/www.oarcanjo.net\/site\/#organization\"},\"potentialAction\":[{\"@type\":\"SearchAction\",\"target\":{\"@type\":\"EntryPoint\",\"urlTemplate\":\"https:\/\/www.oarcanjo.net\/site\/?s={search_term_string}\"},\"query-input\":{\"@type\":\"PropertyValueSpecification\",\"valueRequired\":true,\"valueName\":\"search_term_string\"}}],\"inLanguage\":\"pt-BR\"},{\"@type\":\"Organization\",\"@id\":\"https:\/\/www.oarcanjo.net\/site\/#organization\",\"name\":\"Par\u00f3quia S\u00e3o Miguel Arcanjo\",\"url\":\"https:\/\/www.oarcanjo.net\/site\/\",\"logo\":{\"@type\":\"ImageObject\",\"inLanguage\":\"pt-BR\",\"@id\":\"https:\/\/www.oarcanjo.net\/site\/#\/schema\/logo\/image\/\",\"url\":\"https:\/\/www.oarcanjo.net\/site\/wp-content\/uploads\/LogoOArcanjo.png\",\"contentUrl\":\"https:\/\/www.oarcanjo.net\/site\/wp-content\/uploads\/LogoOArcanjo.png\",\"width\":319,\"height\":99,\"caption\":\"Par\u00f3quia S\u00e3o Miguel Arcanjo\"},\"image\":{\"@id\":\"https:\/\/www.oarcanjo.net\/site\/#\/schema\/logo\/image\/\"},\"sameAs\":[\"https:\/\/www.facebook.com\/OArcanjoNoAr\/\"]},{\"@type\":\"Person\",\"@id\":\"https:\/\/www.oarcanjo.net\/site\/#\/schema\/person\/f7024d007863202483a31326673a0838\",\"name\":\"editor\",\"sameAs\":[\"http:\/\/www.oarcanjo.net\"]}]}<\/script>\n<!-- \/ Yoast SEO plugin. -->","yoast_head_json":{"title":"F\u00e9 e pol\u00edtica: de novo? - O Arcanjo no ar","robots":{"index":"index","follow":"follow","max-snippet":"max-snippet:-1","max-image-preview":"max-image-preview:large","max-video-preview":"max-video-preview:-1"},"canonical":"https:\/\/www.oarcanjo.net\/site\/fe-e-politica-de-novo\/","og_locale":"pt_BR","og_type":"article","og_title":"F\u00e9 e pol\u00edtica: de novo? - O Arcanjo no ar","og_description":"Jung Mo Sung Eu sou de uma gera\u00e7\u00e3o de crist\u00e3os que foi marcada intensamente pelo debate sobre &#8220;a f\u00e9 e a pol\u00edtica&#8221;. Na d\u00e9cada de 1980, ser um crist\u00e3o que assumia a tarefa de anunciar a boa-nova de Jesus ao mundo e de &#8220;construir&#8221; o Reino de Deus era sin\u00f4nimo de discutir e fazer pol\u00edtica. [&hellip;]","og_url":"https:\/\/www.oarcanjo.net\/site\/fe-e-politica-de-novo\/","og_site_name":"O Arcanjo no ar","article_publisher":"https:\/\/www.facebook.com\/OArcanjoNoAr\/","article_published_time":"2010-08-21T17:10:49+00:00","og_image":[{"width":300,"height":300,"url":"https:\/\/www.oarcanjo.net\/site\/wp-content\/uploads\/logo-o-arcanjo-no-ar-facebook.png","type":"image\/png"}],"author":"editor","twitter_card":"summary_large_image","twitter_misc":{"Escrito por":"editor","Est. tempo de leitura":"5 minutos"},"schema":{"@context":"https:\/\/schema.org","@graph":[{"@type":"Article","@id":"https:\/\/www.oarcanjo.net\/site\/fe-e-politica-de-novo\/#article","isPartOf":{"@id":"https:\/\/www.oarcanjo.net\/site\/fe-e-politica-de-novo\/"},"author":{"name":"editor","@id":"https:\/\/www.oarcanjo.net\/site\/#\/schema\/person\/f7024d007863202483a31326673a0838"},"headline":"F\u00e9 e pol\u00edtica: de novo?","datePublished":"2010-08-21T17:10:49+00:00","dateModified":"2010-08-21T17:10:49+00:00","mainEntityOfPage":{"@id":"https:\/\/www.oarcanjo.net\/site\/fe-e-politica-de-novo\/"},"wordCount":1017,"commentCount":0,"publisher":{"@id":"https:\/\/www.oarcanjo.net\/site\/#organization"},"keywords":["bem comum","elei\u00e7\u00e3o","f\u00e9 e pol\u00edtica","teologia da liberta\u00e7\u00e3o"],"articleSection":["Reflex\u00f5es"],"inLanguage":"pt-BR","potentialAction":[{"@type":"CommentAction","name":"Comment","target":["https:\/\/www.oarcanjo.net\/site\/fe-e-politica-de-novo\/#respond"]}]},{"@type":"WebPage","@id":"https:\/\/www.oarcanjo.net\/site\/fe-e-politica-de-novo\/","url":"https:\/\/www.oarcanjo.net\/site\/fe-e-politica-de-novo\/","name":"F\u00e9 e pol\u00edtica: de novo? - O Arcanjo no ar","isPartOf":{"@id":"https:\/\/www.oarcanjo.net\/site\/#website"},"datePublished":"2010-08-21T17:10:49+00:00","dateModified":"2010-08-21T17:10:49+00:00","breadcrumb":{"@id":"https:\/\/www.oarcanjo.net\/site\/fe-e-politica-de-novo\/#breadcrumb"},"inLanguage":"pt-BR","potentialAction":[{"@type":"ReadAction","target":["https:\/\/www.oarcanjo.net\/site\/fe-e-politica-de-novo\/"]}]},{"@type":"BreadcrumbList","@id":"https:\/\/www.oarcanjo.net\/site\/fe-e-politica-de-novo\/#breadcrumb","itemListElement":[{"@type":"ListItem","position":1,"name":"In\u00edcio","item":"https:\/\/www.oarcanjo.net\/site\/"},{"@type":"ListItem","position":2,"name":"F\u00e9 e pol\u00edtica: de novo?"}]},{"@type":"WebSite","@id":"https:\/\/www.oarcanjo.net\/site\/#website","url":"https:\/\/www.oarcanjo.net\/site\/","name":"O Arcanjo no ar","description":"Site da Par\u00f3quia S\u00e3o Miguel Arcanjo (Arquidiocese de SP)","publisher":{"@id":"https:\/\/www.oarcanjo.net\/site\/#organization"},"potentialAction":[{"@type":"SearchAction","target":{"@type":"EntryPoint","urlTemplate":"https:\/\/www.oarcanjo.net\/site\/?s={search_term_string}"},"query-input":{"@type":"PropertyValueSpecification","valueRequired":true,"valueName":"search_term_string"}}],"inLanguage":"pt-BR"},{"@type":"Organization","@id":"https:\/\/www.oarcanjo.net\/site\/#organization","name":"Par\u00f3quia S\u00e3o Miguel Arcanjo","url":"https:\/\/www.oarcanjo.net\/site\/","logo":{"@type":"ImageObject","inLanguage":"pt-BR","@id":"https:\/\/www.oarcanjo.net\/site\/#\/schema\/logo\/image\/","url":"https:\/\/www.oarcanjo.net\/site\/wp-content\/uploads\/LogoOArcanjo.png","contentUrl":"https:\/\/www.oarcanjo.net\/site\/wp-content\/uploads\/LogoOArcanjo.png","width":319,"height":99,"caption":"Par\u00f3quia S\u00e3o Miguel Arcanjo"},"image":{"@id":"https:\/\/www.oarcanjo.net\/site\/#\/schema\/logo\/image\/"},"sameAs":["https:\/\/www.facebook.com\/OArcanjoNoAr\/"]},{"@type":"Person","@id":"https:\/\/www.oarcanjo.net\/site\/#\/schema\/person\/f7024d007863202483a31326673a0838","name":"editor","sameAs":["http:\/\/www.oarcanjo.net"]}]}},"publishpress_future_action":{"enabled":false,"date":"2026-05-10 06:58:56","action":"category","newStatus":"draft","terms":[],"taxonomy":"category"},"publishpress_future_workflow_manual_trigger":{"enabledWorkflows":[]},"_links":{"self":[{"href":"https:\/\/www.oarcanjo.net\/site\/wp-json\/wp\/v2\/posts\/10627"}],"collection":[{"href":"https:\/\/www.oarcanjo.net\/site\/wp-json\/wp\/v2\/posts"}],"about":[{"href":"https:\/\/www.oarcanjo.net\/site\/wp-json\/wp\/v2\/types\/post"}],"author":[{"embeddable":true,"href":"https:\/\/www.oarcanjo.net\/site\/wp-json\/wp\/v2\/users\/5"}],"replies":[{"embeddable":true,"href":"https:\/\/www.oarcanjo.net\/site\/wp-json\/wp\/v2\/comments?post=10627"}],"version-history":[{"count":0,"href":"https:\/\/www.oarcanjo.net\/site\/wp-json\/wp\/v2\/posts\/10627\/revisions"}],"wp:attachment":[{"href":"https:\/\/www.oarcanjo.net\/site\/wp-json\/wp\/v2\/media?parent=10627"}],"wp:term":[{"taxonomy":"category","embeddable":true,"href":"https:\/\/www.oarcanjo.net\/site\/wp-json\/wp\/v2\/categories?post=10627"},{"taxonomy":"post_tag","embeddable":true,"href":"https:\/\/www.oarcanjo.net\/site\/wp-json\/wp\/v2\/tags?post=10627"}],"curies":[{"name":"wp","href":"https:\/\/api.w.org\/{rel}","templated":true}]}}