
{"id":10630,"date":"2010-08-22T22:32:21","date_gmt":"2010-08-23T01:32:21","guid":{"rendered":"http:\/\/www.oarcanjo.net\/site\/?p=10630"},"modified":"2010-09-07T19:51:50","modified_gmt":"2010-09-07T22:51:50","slug":"7-perguntas-e-respostas-sobre-o-plebiscito-popular-limite-de-propriedade-da-terra","status":"publish","type":"post","link":"https:\/\/www.oarcanjo.net\/site\/7-perguntas-e-respostas-sobre-o-plebiscito-popular-limite-de-propriedade-da-terra\/","title":{"rendered":"7 Perguntas e respostas sobre o Plebiscito Popular: Limite de Propriedade da Terra"},"content":{"rendered":"<p><strong>1- <\/strong><strong>Qual o mapa populacional existente hoje no Brasil?<\/strong><\/p>\n<p><strong>Resp<\/strong>: Mais de 80% da\u00a0 popula\u00e7\u00e3o brasileira vive hoje nas cidades, com perspectivas de n\u00fameros ainda maiores com o novo censo que est\u00e1 sendo realizado\u00a0 atualmente. Isso significa que a popula\u00e7\u00e3o rural est\u00e1 sendo expulsa de suas terras, vindo morar nas favelas e periferias das cidades, n\u00e3o encontrando nesses lugares, infra-estrutura adequada para uma vida digna. <strong>Fonte IBGE 2002<\/strong><\/p>\n<p><strong> <\/strong><\/p>\n<p><strong>2- <\/strong><strong>Como se comp\u00f5em hoje as propriedade rurais existentes no Brasil?<\/strong><\/p>\n<p><strong>Resp: <\/strong>Quase 50% das propriedades\u00a0 t\u00eam menos de 10 hectares e ocupam 2,36% da \u00e1rea total dispon\u00edvel do pa\u00eds. Na outra ponta, menos de 1% tem \u00e1rea acima de 1000 hectares e ocupam 44% das terras. A\u00ed faz parte o agro-neg\u00f3cio. <strong>Fonte IBGE- 2006<\/strong><\/p>\n<p><strong> <\/strong><\/p>\n<p><strong>3- <\/strong><strong>Sendo assim, como est\u00e1 o mapa econ\u00f4mico agropecu\u00e1rio no Brasil?<\/strong><\/p>\n<p><strong>Resp<\/strong>: Apesar do disparate que verificamos acima, as pequenas propriedades (agricultura camponesa), produzem 87% da produ\u00e7\u00e3o nacional de mandioca, 70% de feij\u00e3o, 46% do milho, 38% do caf\u00e9, 34% do arroz, 21% do trigo, 58% da produ\u00e7\u00e3o do leite, 59% de su\u00ednos, 50% das aves e 30% dos bovinos. A agricultura camponesa emprega <strong><em>74,4% das pessoas no campo<\/em><\/strong>, enquanto que o agro-neg\u00f3cio ao contr\u00e1rio do que se ouve na m\u00eddia, s\u00f3 oferece <strong><em>25,6%<\/em><\/strong> do total de m\u00e3o de obra.<\/p>\n<p><strong> <\/strong><\/p>\n<p><strong>4- <\/strong><strong>A concentra\u00e7\u00e3o de terras gera viol\u00eancia no campo aqui no Brasil?<\/strong><\/p>\n<p><strong>Resp: <\/strong>Nos \u00faltimos 25 anos desse processo de expuls\u00e3o das fam\u00edlias das terras pelos grandes latifundi\u00e1rios,\u00a0 1546 pessoas perderam a vida no campo, e o que mais nos impressiona \u00e9 que das 1163 ocorr\u00eancias de assassinato existentes, apenas 85 foram a julgamento, com apenas 20 mandantes dos crimes condenados. Esse \u00e9 um quadro triste da impunidade que reina absoluta em nosso pa\u00eds.<\/p>\n<p><strong>5- <\/strong><strong>Outros pa\u00edses\u00a0 j\u00e1 aprovaram o limite de propriedade da terra?<\/strong><\/p>\n<p><strong>Resp: <\/strong>Sim, muitos. Podemos citar alguns como Jap\u00e3o (1946), It\u00e1lia (1950), Peru (1969), \u00cdndia (1972), Cor\u00e9ia do Sul (1950), Egito (1969), Filipinas (1988) etc&#8230;.<\/p>\n<p>Cabe salientar que os limites\u00a0 estipulados\u00a0 nesses pa\u00edses,\u00a0 variou de <strong>3 hectares<\/strong> como no caso da Cor\u00e9ia do Sul \u00e0 <strong>300 hectares<\/strong> na It\u00e1lia, sempre portanto levando-se em considera\u00e7\u00e3o suas realidades. <strong>Fonte:Carter, Miguel- Combatendo a desigualdade social<\/strong><\/p>\n<p><strong> <\/strong><\/p>\n<p><strong>6- <\/strong><strong>E no Brasil, o que est\u00e1 sendo sugerido como limite de terra?<\/strong><\/p>\n<p><strong>Resp: <\/strong>Como o Brasil \u00e9 muito grande, com tantas diferen\u00e7as geogr\u00e1ficas e geol\u00f3gicas, criou-se em 1993, a Lei no. 8.629 que estabeleceu os tamanhos das propriedades em fun\u00e7\u00e3o de um referencial criado pelo Incra, chamado <strong>\u201c M\u00f3dulo Fiscal\u201d<\/strong> que significa <strong>\u201c \u00c1rea m\u00ednima suficiente para prover o sustento e a vida digna de uma fam\u00edlia rural\u201d<\/strong>. Sendo assim, hoje todos os estados do Brasil j\u00e1 apresentam valores diferentes em ha, para o M\u00f3dulo Fiscal. Por ex: em SP o MF m\u00e1ximo \u00e9 40 hectares. J\u00e1 no Amazonas \u00e9 100. No Rio G. do Sul \u00e9 40, na Bahia 70. <strong><em><span style=\"text-decoration: underline;\">A proposta de limite \u00e9 para<\/span><\/em><\/strong><span style=\"text-decoration: underline;\"> <strong><em>35 m\u00f3dulos fiscais<\/em><\/strong><\/span>, ou seja em SP por exemplo ter\u00edamos\u00a0 <strong><em>35 x 40 = 1400 hectares ,<\/em><\/strong> enquanto no Amazonas, seria de <strong><em>35 x 100= 3500 hectares.<\/em><\/strong><\/p>\n<p><strong>7- <\/strong><strong>Quantas propriedades ent\u00e3o seriam atingidas nesse limite?<\/strong><\/p>\n<p><strong>Resp: <\/strong>Apenas <strong>1%<\/strong> (50.000) de todas as propriedades existentes no Brasil seriam atingidas por esse instrumento de democratiza\u00e7\u00e3o da terra. Todas as demais permaneceriam como est\u00e3o.<\/p>\n<div id=\"themify_builder_content-10630\" data-postid=\"10630\" class=\"themify_builder_content themify_builder_content-10630 themify_builder themify_builder_front\">\n\t<\/div>\n<!-- \/themify_builder_content -->","protected":false},"excerpt":{"rendered":"<p>1- Qual o mapa populacional existente hoje no Brasil? Resp: Mais de 80% da\u00a0 popula\u00e7\u00e3o brasileira vive hoje nas cidades, com perspectivas de n\u00fameros ainda maiores com o novo censo que est\u00e1 sendo realizado\u00a0 atualmente. Isso significa que a popula\u00e7\u00e3o rural est\u00e1 sendo expulsa de suas terras, vindo morar nas favelas e periferias das cidades, [&hellip;]<\/p>\n","protected":false},"author":5,"featured_media":0,"comment_status":"open","ping_status":"open","sticky":false,"template":"","format":"standard","meta":{"ngg_post_thumbnail":0,"footnotes":""},"categories":[241,8],"tags":[44,1153,1021,1708,293],"yoast_head":"<!-- This site is optimized with the Yoast SEO plugin v23.5 - https:\/\/yoast.com\/wordpress\/plugins\/seo\/ -->\n<title>7 Perguntas e respostas sobre o Plebiscito Popular: Limite de Propriedade da Terra - O Arcanjo no ar<\/title>\n<meta name=\"robots\" content=\"index, follow, max-snippet:-1, max-image-preview:large, max-video-preview:-1\" \/>\n<link rel=\"canonical\" href=\"https:\/\/www.oarcanjo.net\/site\/7-perguntas-e-respostas-sobre-o-plebiscito-popular-limite-de-propriedade-da-terra\/\" \/>\n<meta property=\"og:locale\" content=\"pt_BR\" \/>\n<meta property=\"og:type\" content=\"article\" \/>\n<meta property=\"og:title\" content=\"7 Perguntas e respostas sobre o Plebiscito Popular: Limite de Propriedade da Terra - O Arcanjo no ar\" \/>\n<meta property=\"og:description\" content=\"1- Qual o mapa populacional existente hoje no Brasil? Resp: Mais de 80% da\u00a0 popula\u00e7\u00e3o brasileira vive hoje nas cidades, com perspectivas de n\u00fameros ainda maiores com o novo censo que est\u00e1 sendo realizado\u00a0 atualmente. Isso significa que a popula\u00e7\u00e3o rural est\u00e1 sendo expulsa de suas terras, vindo morar nas favelas e periferias das cidades, [&hellip;]\" \/>\n<meta property=\"og:url\" content=\"https:\/\/www.oarcanjo.net\/site\/7-perguntas-e-respostas-sobre-o-plebiscito-popular-limite-de-propriedade-da-terra\/\" \/>\n<meta property=\"og:site_name\" content=\"O Arcanjo no ar\" \/>\n<meta property=\"article:publisher\" content=\"https:\/\/www.facebook.com\/OArcanjoNoAr\/\" \/>\n<meta property=\"article:published_time\" content=\"2010-08-23T01:32:21+00:00\" \/>\n<meta property=\"article:modified_time\" content=\"2010-09-07T22:51:50+00:00\" \/>\n<meta property=\"og:image\" content=\"https:\/\/www.oarcanjo.net\/site\/wp-content\/uploads\/logo-o-arcanjo-no-ar-facebook.png\" \/>\n\t<meta property=\"og:image:width\" content=\"300\" \/>\n\t<meta property=\"og:image:height\" content=\"300\" \/>\n\t<meta property=\"og:image:type\" content=\"image\/png\" \/>\n<meta name=\"author\" content=\"editor\" \/>\n<meta name=\"twitter:card\" content=\"summary_large_image\" \/>\n<meta name=\"twitter:label1\" content=\"Escrito por\" \/>\n\t<meta name=\"twitter:data1\" content=\"editor\" \/>\n\t<meta name=\"twitter:label2\" content=\"Est. tempo de leitura\" \/>\n\t<meta name=\"twitter:data2\" content=\"3 minutos\" \/>\n<script type=\"application\/ld+json\" class=\"yoast-schema-graph\">{\"@context\":\"https:\/\/schema.org\",\"@graph\":[{\"@type\":\"Article\",\"@id\":\"https:\/\/www.oarcanjo.net\/site\/7-perguntas-e-respostas-sobre-o-plebiscito-popular-limite-de-propriedade-da-terra\/#article\",\"isPartOf\":{\"@id\":\"https:\/\/www.oarcanjo.net\/site\/7-perguntas-e-respostas-sobre-o-plebiscito-popular-limite-de-propriedade-da-terra\/\"},\"author\":{\"name\":\"editor\",\"@id\":\"https:\/\/www.oarcanjo.net\/site\/#\/schema\/person\/f7024d007863202483a31326673a0838\"},\"headline\":\"7 Perguntas e respostas sobre o Plebiscito Popular: Limite de Propriedade da Terra\",\"datePublished\":\"2010-08-23T01:32:21+00:00\",\"dateModified\":\"2010-09-07T22:51:50+00:00\",\"mainEntityOfPage\":{\"@id\":\"https:\/\/www.oarcanjo.net\/site\/7-perguntas-e-respostas-sobre-o-plebiscito-popular-limite-de-propriedade-da-terra\/\"},\"wordCount\":537,\"commentCount\":7,\"publisher\":{\"@id\":\"https:\/\/www.oarcanjo.net\/site\/#organization\"},\"keywords\":[\"grito dos exclu\u00eddos\",\"luta pela terra\",\"mobiliza\u00e7\u00e3o popular\",\"plebiscito sobre o limite da propriedade da terra\",\"Reforma agr\u00e1ria\"],\"articleSection\":[\"CF\",\"Not\u00edcias\"],\"inLanguage\":\"pt-BR\",\"potentialAction\":[{\"@type\":\"CommentAction\",\"name\":\"Comment\",\"target\":[\"https:\/\/www.oarcanjo.net\/site\/7-perguntas-e-respostas-sobre-o-plebiscito-popular-limite-de-propriedade-da-terra\/#respond\"]}]},{\"@type\":\"WebPage\",\"@id\":\"https:\/\/www.oarcanjo.net\/site\/7-perguntas-e-respostas-sobre-o-plebiscito-popular-limite-de-propriedade-da-terra\/\",\"url\":\"https:\/\/www.oarcanjo.net\/site\/7-perguntas-e-respostas-sobre-o-plebiscito-popular-limite-de-propriedade-da-terra\/\",\"name\":\"7 Perguntas e respostas sobre o Plebiscito Popular: Limite de Propriedade da Terra - O Arcanjo no ar\",\"isPartOf\":{\"@id\":\"https:\/\/www.oarcanjo.net\/site\/#website\"},\"datePublished\":\"2010-08-23T01:32:21+00:00\",\"dateModified\":\"2010-09-07T22:51:50+00:00\",\"breadcrumb\":{\"@id\":\"https:\/\/www.oarcanjo.net\/site\/7-perguntas-e-respostas-sobre-o-plebiscito-popular-limite-de-propriedade-da-terra\/#breadcrumb\"},\"inLanguage\":\"pt-BR\",\"potentialAction\":[{\"@type\":\"ReadAction\",\"target\":[\"https:\/\/www.oarcanjo.net\/site\/7-perguntas-e-respostas-sobre-o-plebiscito-popular-limite-de-propriedade-da-terra\/\"]}]},{\"@type\":\"BreadcrumbList\",\"@id\":\"https:\/\/www.oarcanjo.net\/site\/7-perguntas-e-respostas-sobre-o-plebiscito-popular-limite-de-propriedade-da-terra\/#breadcrumb\",\"itemListElement\":[{\"@type\":\"ListItem\",\"position\":1,\"name\":\"In\u00edcio\",\"item\":\"https:\/\/www.oarcanjo.net\/site\/\"},{\"@type\":\"ListItem\",\"position\":2,\"name\":\"7 Perguntas e respostas sobre o Plebiscito Popular: Limite de Propriedade da Terra\"}]},{\"@type\":\"WebSite\",\"@id\":\"https:\/\/www.oarcanjo.net\/site\/#website\",\"url\":\"https:\/\/www.oarcanjo.net\/site\/\",\"name\":\"O Arcanjo no ar\",\"description\":\"Site da Par\u00f3quia S\u00e3o Miguel Arcanjo (Arquidiocese de SP)\",\"publisher\":{\"@id\":\"https:\/\/www.oarcanjo.net\/site\/#organization\"},\"potentialAction\":[{\"@type\":\"SearchAction\",\"target\":{\"@type\":\"EntryPoint\",\"urlTemplate\":\"https:\/\/www.oarcanjo.net\/site\/?s={search_term_string}\"},\"query-input\":{\"@type\":\"PropertyValueSpecification\",\"valueRequired\":true,\"valueName\":\"search_term_string\"}}],\"inLanguage\":\"pt-BR\"},{\"@type\":\"Organization\",\"@id\":\"https:\/\/www.oarcanjo.net\/site\/#organization\",\"name\":\"Par\u00f3quia S\u00e3o Miguel Arcanjo\",\"url\":\"https:\/\/www.oarcanjo.net\/site\/\",\"logo\":{\"@type\":\"ImageObject\",\"inLanguage\":\"pt-BR\",\"@id\":\"https:\/\/www.oarcanjo.net\/site\/#\/schema\/logo\/image\/\",\"url\":\"https:\/\/www.oarcanjo.net\/site\/wp-content\/uploads\/LogoOArcanjo.png\",\"contentUrl\":\"https:\/\/www.oarcanjo.net\/site\/wp-content\/uploads\/LogoOArcanjo.png\",\"width\":319,\"height\":99,\"caption\":\"Par\u00f3quia S\u00e3o Miguel Arcanjo\"},\"image\":{\"@id\":\"https:\/\/www.oarcanjo.net\/site\/#\/schema\/logo\/image\/\"},\"sameAs\":[\"https:\/\/www.facebook.com\/OArcanjoNoAr\/\"]},{\"@type\":\"Person\",\"@id\":\"https:\/\/www.oarcanjo.net\/site\/#\/schema\/person\/f7024d007863202483a31326673a0838\",\"name\":\"editor\",\"sameAs\":[\"http:\/\/www.oarcanjo.net\"]}]}<\/script>\n<!-- \/ Yoast SEO plugin. -->","yoast_head_json":{"title":"7 Perguntas e respostas sobre o Plebiscito Popular: Limite de Propriedade da Terra - O Arcanjo no ar","robots":{"index":"index","follow":"follow","max-snippet":"max-snippet:-1","max-image-preview":"max-image-preview:large","max-video-preview":"max-video-preview:-1"},"canonical":"https:\/\/www.oarcanjo.net\/site\/7-perguntas-e-respostas-sobre-o-plebiscito-popular-limite-de-propriedade-da-terra\/","og_locale":"pt_BR","og_type":"article","og_title":"7 Perguntas e respostas sobre o Plebiscito Popular: Limite de Propriedade da Terra - O Arcanjo no ar","og_description":"1- Qual o mapa populacional existente hoje no Brasil? Resp: Mais de 80% da\u00a0 popula\u00e7\u00e3o brasileira vive hoje nas cidades, com perspectivas de n\u00fameros ainda maiores com o novo censo que est\u00e1 sendo realizado\u00a0 atualmente. Isso significa que a popula\u00e7\u00e3o rural est\u00e1 sendo expulsa de suas terras, vindo morar nas favelas e periferias das cidades, [&hellip;]","og_url":"https:\/\/www.oarcanjo.net\/site\/7-perguntas-e-respostas-sobre-o-plebiscito-popular-limite-de-propriedade-da-terra\/","og_site_name":"O Arcanjo no ar","article_publisher":"https:\/\/www.facebook.com\/OArcanjoNoAr\/","article_published_time":"2010-08-23T01:32:21+00:00","article_modified_time":"2010-09-07T22:51:50+00:00","og_image":[{"width":300,"height":300,"url":"https:\/\/www.oarcanjo.net\/site\/wp-content\/uploads\/logo-o-arcanjo-no-ar-facebook.png","type":"image\/png"}],"author":"editor","twitter_card":"summary_large_image","twitter_misc":{"Escrito por":"editor","Est. tempo de leitura":"3 minutos"},"schema":{"@context":"https:\/\/schema.org","@graph":[{"@type":"Article","@id":"https:\/\/www.oarcanjo.net\/site\/7-perguntas-e-respostas-sobre-o-plebiscito-popular-limite-de-propriedade-da-terra\/#article","isPartOf":{"@id":"https:\/\/www.oarcanjo.net\/site\/7-perguntas-e-respostas-sobre-o-plebiscito-popular-limite-de-propriedade-da-terra\/"},"author":{"name":"editor","@id":"https:\/\/www.oarcanjo.net\/site\/#\/schema\/person\/f7024d007863202483a31326673a0838"},"headline":"7 Perguntas e respostas sobre o Plebiscito Popular: Limite de Propriedade da Terra","datePublished":"2010-08-23T01:32:21+00:00","dateModified":"2010-09-07T22:51:50+00:00","mainEntityOfPage":{"@id":"https:\/\/www.oarcanjo.net\/site\/7-perguntas-e-respostas-sobre-o-plebiscito-popular-limite-de-propriedade-da-terra\/"},"wordCount":537,"commentCount":7,"publisher":{"@id":"https:\/\/www.oarcanjo.net\/site\/#organization"},"keywords":["grito dos exclu\u00eddos","luta pela terra","mobiliza\u00e7\u00e3o popular","plebiscito sobre o limite da propriedade da terra","Reforma agr\u00e1ria"],"articleSection":["CF","Not\u00edcias"],"inLanguage":"pt-BR","potentialAction":[{"@type":"CommentAction","name":"Comment","target":["https:\/\/www.oarcanjo.net\/site\/7-perguntas-e-respostas-sobre-o-plebiscito-popular-limite-de-propriedade-da-terra\/#respond"]}]},{"@type":"WebPage","@id":"https:\/\/www.oarcanjo.net\/site\/7-perguntas-e-respostas-sobre-o-plebiscito-popular-limite-de-propriedade-da-terra\/","url":"https:\/\/www.oarcanjo.net\/site\/7-perguntas-e-respostas-sobre-o-plebiscito-popular-limite-de-propriedade-da-terra\/","name":"7 Perguntas e respostas sobre o Plebiscito Popular: Limite de Propriedade da Terra - O Arcanjo no ar","isPartOf":{"@id":"https:\/\/www.oarcanjo.net\/site\/#website"},"datePublished":"2010-08-23T01:32:21+00:00","dateModified":"2010-09-07T22:51:50+00:00","breadcrumb":{"@id":"https:\/\/www.oarcanjo.net\/site\/7-perguntas-e-respostas-sobre-o-plebiscito-popular-limite-de-propriedade-da-terra\/#breadcrumb"},"inLanguage":"pt-BR","potentialAction":[{"@type":"ReadAction","target":["https:\/\/www.oarcanjo.net\/site\/7-perguntas-e-respostas-sobre-o-plebiscito-popular-limite-de-propriedade-da-terra\/"]}]},{"@type":"BreadcrumbList","@id":"https:\/\/www.oarcanjo.net\/site\/7-perguntas-e-respostas-sobre-o-plebiscito-popular-limite-de-propriedade-da-terra\/#breadcrumb","itemListElement":[{"@type":"ListItem","position":1,"name":"In\u00edcio","item":"https:\/\/www.oarcanjo.net\/site\/"},{"@type":"ListItem","position":2,"name":"7 Perguntas e respostas sobre o Plebiscito Popular: Limite de Propriedade da Terra"}]},{"@type":"WebSite","@id":"https:\/\/www.oarcanjo.net\/site\/#website","url":"https:\/\/www.oarcanjo.net\/site\/","name":"O Arcanjo no ar","description":"Site da Par\u00f3quia S\u00e3o Miguel Arcanjo (Arquidiocese de SP)","publisher":{"@id":"https:\/\/www.oarcanjo.net\/site\/#organization"},"potentialAction":[{"@type":"SearchAction","target":{"@type":"EntryPoint","urlTemplate":"https:\/\/www.oarcanjo.net\/site\/?s={search_term_string}"},"query-input":{"@type":"PropertyValueSpecification","valueRequired":true,"valueName":"search_term_string"}}],"inLanguage":"pt-BR"},{"@type":"Organization","@id":"https:\/\/www.oarcanjo.net\/site\/#organization","name":"Par\u00f3quia S\u00e3o Miguel Arcanjo","url":"https:\/\/www.oarcanjo.net\/site\/","logo":{"@type":"ImageObject","inLanguage":"pt-BR","@id":"https:\/\/www.oarcanjo.net\/site\/#\/schema\/logo\/image\/","url":"https:\/\/www.oarcanjo.net\/site\/wp-content\/uploads\/LogoOArcanjo.png","contentUrl":"https:\/\/www.oarcanjo.net\/site\/wp-content\/uploads\/LogoOArcanjo.png","width":319,"height":99,"caption":"Par\u00f3quia S\u00e3o Miguel Arcanjo"},"image":{"@id":"https:\/\/www.oarcanjo.net\/site\/#\/schema\/logo\/image\/"},"sameAs":["https:\/\/www.facebook.com\/OArcanjoNoAr\/"]},{"@type":"Person","@id":"https:\/\/www.oarcanjo.net\/site\/#\/schema\/person\/f7024d007863202483a31326673a0838","name":"editor","sameAs":["http:\/\/www.oarcanjo.net"]}]}},"publishpress_future_action":{"enabled":false,"date":"2026-05-09 07:56:02","action":"category","newStatus":"draft","terms":[],"taxonomy":"category"},"publishpress_future_workflow_manual_trigger":{"enabledWorkflows":[]},"_links":{"self":[{"href":"https:\/\/www.oarcanjo.net\/site\/wp-json\/wp\/v2\/posts\/10630"}],"collection":[{"href":"https:\/\/www.oarcanjo.net\/site\/wp-json\/wp\/v2\/posts"}],"about":[{"href":"https:\/\/www.oarcanjo.net\/site\/wp-json\/wp\/v2\/types\/post"}],"author":[{"embeddable":true,"href":"https:\/\/www.oarcanjo.net\/site\/wp-json\/wp\/v2\/users\/5"}],"replies":[{"embeddable":true,"href":"https:\/\/www.oarcanjo.net\/site\/wp-json\/wp\/v2\/comments?post=10630"}],"version-history":[{"count":0,"href":"https:\/\/www.oarcanjo.net\/site\/wp-json\/wp\/v2\/posts\/10630\/revisions"}],"wp:attachment":[{"href":"https:\/\/www.oarcanjo.net\/site\/wp-json\/wp\/v2\/media?parent=10630"}],"wp:term":[{"taxonomy":"category","embeddable":true,"href":"https:\/\/www.oarcanjo.net\/site\/wp-json\/wp\/v2\/categories?post=10630"},{"taxonomy":"post_tag","embeddable":true,"href":"https:\/\/www.oarcanjo.net\/site\/wp-json\/wp\/v2\/tags?post=10630"}],"curies":[{"name":"wp","href":"https:\/\/api.w.org\/{rel}","templated":true}]}}