
{"id":10638,"date":"2018-08-25T00:49:11","date_gmt":"2018-08-25T03:49:11","guid":{"rendered":"http:\/\/www.oarcanjo.net\/site\/?p=10638"},"modified":"2018-06-25T08:15:01","modified_gmt":"2018-06-25T11:15:01","slug":"santa-patricia","status":"publish","type":"post","link":"https:\/\/www.oarcanjo.net\/site\/santa-patricia\/","title":{"rendered":"Santa Patr\u00edcia"},"content":{"rendered":"<p><img loading=\"lazy\" decoding=\"async\" src=\"http:\/\/www.oremosjuntos.com\/Santa_Patricia_665.jpg\" alt=\"\" width=\"345\" height=\"516\" \/><\/p>\n<p>25 de Agosto<\/p>\n<p>Patr\u00edcia era descendente do imperador Constantino, o Grande. Nasceu no in\u00edcio do s\u00e9culo VII, em Constantinopla, e foi educada para a Corte pela sua dama Aglaia, uma crist\u00e3 muito devota. A pequena cresceu piedosa e, apesar da pouca idade, emitiu voto de virgindade a Cristo. Mas para manter-se fiel teve de fugir da cidade, porque seu pai, Constante II, ent\u00e3o imperador, insistia em impor-lhe um matrim\u00f4nio.<\/p>\n<p>Patr\u00edcia, ajudada por e em companhia de Aglaia, com algumas seguidoras, escondeu-se por algum tempo. Depois, embarcaram para as ilhas gregas, com destino \u00e0 It\u00e1lia, onde desembarcaram em N\u00e1poles. Patr\u00edcia ficou encantada com o local e indicou o lugar onde gostaria de ser sepultada. Em seguida, patrocinou a cidade ajudando a ornamentar muitas das novas igrejas, que eram desprovidas dos objetos lit\u00fargicos essenciais, e auxiliou financeiramente os conventos que atendiam os pobres e doentes.<\/p>\n<p>S\u00f3 ent\u00e3o viajou para Roma com Aglaia e as fi\u00e9is disc\u00edpulas, onde procurou prote\u00e7\u00e3o junto ao papa Lib\u00e9rio. Foi quando soube que seu pai j\u00e1 se havia resignado \u00e0 sua vontade. Recebeu, ent\u00e3o, o v\u00e9u, s\u00edmbolo de sua consagra\u00e7\u00e3o a Deus, das pr\u00f3prias m\u00e3os do sumo pont\u00edfice. Assim, elas retornaram a Constantinopla para Patr\u00edcia renunciar ao direito \u00e0 coroa e distribuir seus bens aos pobres, antes de seguirem, em peregrina\u00e7\u00e3o, para a Terra Santa.<\/p>\n<p>Por\u00e9m outros incidentes ocorreram. A embarca\u00e7\u00e3o distanciou-se dos v\u00e1rios perigos e desgovernou-se at\u00e9 espatifar-se nos rochedos da costa mar\u00edtima de N\u00e1poles. Precisamente na pequena ilha de Megaride, tamb\u00e9m conhecida como Castel dell&#8217;Ovo, onde havia um pequeno convento, no qual Patr\u00edcia morreu depois de algum tempo.<\/p>\n<p>Os funerais de Patr\u00edcia, segundo os registros, foram organizados pela fiel Aglaia e transcorreram de modo solene, com a participa\u00e7\u00e3o do bispo, do duque da cidade e de imensa multid\u00e3o. O carro, puxado por dois touros sem nenhum guia, parou diante do mosteiro das irm\u00e3s basilianas, dedicado aos santos Nicandro e Marciano, que Patr\u00edcia indicara para ser sepultada. L\u00e1 as rel\u00edquias permaneceram guardadas pelas irm\u00e3s que passaram a ser chamadas de &#8220;patricianas&#8221;, ou Irm\u00e3s de Santa Patr\u00edcia. Mais tarde, os basilianos transferiram as Regras para as dos beneditinos e essas irm\u00e3s tamb\u00e9m acompanharam a renova\u00e7\u00e3o.<\/p>\n<p>Para retribuir o carinho da santa que retornou a N\u00e1poles s\u00f3 para ser sepultada, a popula\u00e7\u00e3o difundia sempre mais seu culto, tornando-o forte e vigoroso. Em 1625, santa Patr\u00edcia foi proclamada co-Padroeira de N\u00e1poles, sendo t\u00e3o comemorada quanto o outro padroeiro, s\u00e3o Genaro, o c\u00e9lebre m\u00e1rtir.<\/p>\n<p>Por motivos hist\u00f3ricos, em 1864 suas rel\u00edquias foram transferidas para a capela lateral da espl\u00eandida igreja do Mosteiro de S\u00e3o Greg\u00f3rio Arm\u00eanio. A Igreja confirmou o culto santa Patr\u00edcia no dia 25 de agosto.<\/p>\n<div id=\"themify_builder_content-10638\" data-postid=\"10638\" class=\"themify_builder_content themify_builder_content-10638 themify_builder themify_builder_front\">\n\t<\/div>\n<!-- \/themify_builder_content -->","protected":false},"excerpt":{"rendered":"<p>25 de Agosto Patr\u00edcia era descendente do imperador Constantino, o Grande. Nasceu no in\u00edcio do s\u00e9culo VII, em Constantinopla, e foi educada para a Corte pela sua dama Aglaia, uma crist\u00e3 muito devota. A pequena cresceu piedosa e, apesar da pouca idade, emitiu voto de virgindade a Cristo. Mas para manter-se fiel teve de fugir [&hellip;]<\/p>\n","protected":false},"author":14,"featured_media":0,"comment_status":"open","ping_status":"open","sticky":false,"template":"","format":"standard","meta":{"ngg_post_thumbnail":0,"footnotes":""},"categories":[186],"tags":[],"yoast_head":"<!-- This site is optimized with the Yoast SEO plugin v23.5 - https:\/\/yoast.com\/wordpress\/plugins\/seo\/ -->\n<title>Santa Patr\u00edcia - O Arcanjo no ar<\/title>\n<meta name=\"robots\" content=\"index, follow, max-snippet:-1, max-image-preview:large, max-video-preview:-1\" \/>\n<link rel=\"canonical\" href=\"https:\/\/www.oarcanjo.net\/site\/santa-patricia\/\" \/>\n<meta property=\"og:locale\" content=\"pt_BR\" \/>\n<meta property=\"og:type\" content=\"article\" \/>\n<meta property=\"og:title\" content=\"Santa Patr\u00edcia - O Arcanjo no ar\" \/>\n<meta property=\"og:description\" content=\"25 de Agosto Patr\u00edcia era descendente do imperador Constantino, o Grande. Nasceu no in\u00edcio do s\u00e9culo VII, em Constantinopla, e foi educada para a Corte pela sua dama Aglaia, uma crist\u00e3 muito devota. A pequena cresceu piedosa e, apesar da pouca idade, emitiu voto de virgindade a Cristo. Mas para manter-se fiel teve de fugir [&hellip;]\" \/>\n<meta property=\"og:url\" content=\"https:\/\/www.oarcanjo.net\/site\/santa-patricia\/\" \/>\n<meta property=\"og:site_name\" content=\"O Arcanjo no ar\" \/>\n<meta property=\"article:publisher\" content=\"https:\/\/www.facebook.com\/OArcanjoNoAr\/\" \/>\n<meta property=\"article:published_time\" content=\"2018-08-25T03:49:11+00:00\" \/>\n<meta property=\"article:modified_time\" content=\"2018-06-25T11:15:01+00:00\" \/>\n<meta property=\"og:image\" content=\"http:\/\/www.oremosjuntos.com\/Santa_Patricia_665.jpg\" \/>\n<meta name=\"author\" content=\"danilo\" \/>\n<meta name=\"twitter:card\" content=\"summary_large_image\" \/>\n<meta name=\"twitter:label1\" content=\"Escrito por\" \/>\n\t<meta name=\"twitter:data1\" content=\"danilo\" \/>\n\t<meta name=\"twitter:label2\" content=\"Est. tempo de leitura\" \/>\n\t<meta name=\"twitter:data2\" content=\"2 minutos\" \/>\n<script type=\"application\/ld+json\" class=\"yoast-schema-graph\">{\"@context\":\"https:\/\/schema.org\",\"@graph\":[{\"@type\":\"Article\",\"@id\":\"https:\/\/www.oarcanjo.net\/site\/santa-patricia\/#article\",\"isPartOf\":{\"@id\":\"https:\/\/www.oarcanjo.net\/site\/santa-patricia\/\"},\"author\":{\"name\":\"danilo\",\"@id\":\"https:\/\/www.oarcanjo.net\/site\/#\/schema\/person\/5eb9480bedd2f3c97e430ce128c29c6c\"},\"headline\":\"Santa Patr\u00edcia\",\"datePublished\":\"2018-08-25T03:49:11+00:00\",\"dateModified\":\"2018-06-25T11:15:01+00:00\",\"mainEntityOfPage\":{\"@id\":\"https:\/\/www.oarcanjo.net\/site\/santa-patricia\/\"},\"wordCount\":491,\"commentCount\":0,\"publisher\":{\"@id\":\"https:\/\/www.oarcanjo.net\/site\/#organization\"},\"image\":{\"@id\":\"https:\/\/www.oarcanjo.net\/site\/santa-patricia\/#primaryimage\"},\"thumbnailUrl\":\"http:\/\/www.oremosjuntos.com\/Santa_Patricia_665.jpg\",\"articleSection\":[\"Testemunhos\"],\"inLanguage\":\"pt-BR\",\"potentialAction\":[{\"@type\":\"CommentAction\",\"name\":\"Comment\",\"target\":[\"https:\/\/www.oarcanjo.net\/site\/santa-patricia\/#respond\"]}]},{\"@type\":\"WebPage\",\"@id\":\"https:\/\/www.oarcanjo.net\/site\/santa-patricia\/\",\"url\":\"https:\/\/www.oarcanjo.net\/site\/santa-patricia\/\",\"name\":\"Santa Patr\u00edcia - O Arcanjo no ar\",\"isPartOf\":{\"@id\":\"https:\/\/www.oarcanjo.net\/site\/#website\"},\"primaryImageOfPage\":{\"@id\":\"https:\/\/www.oarcanjo.net\/site\/santa-patricia\/#primaryimage\"},\"image\":{\"@id\":\"https:\/\/www.oarcanjo.net\/site\/santa-patricia\/#primaryimage\"},\"thumbnailUrl\":\"http:\/\/www.oremosjuntos.com\/Santa_Patricia_665.jpg\",\"datePublished\":\"2018-08-25T03:49:11+00:00\",\"dateModified\":\"2018-06-25T11:15:01+00:00\",\"breadcrumb\":{\"@id\":\"https:\/\/www.oarcanjo.net\/site\/santa-patricia\/#breadcrumb\"},\"inLanguage\":\"pt-BR\",\"potentialAction\":[{\"@type\":\"ReadAction\",\"target\":[\"https:\/\/www.oarcanjo.net\/site\/santa-patricia\/\"]}]},{\"@type\":\"ImageObject\",\"inLanguage\":\"pt-BR\",\"@id\":\"https:\/\/www.oarcanjo.net\/site\/santa-patricia\/#primaryimage\",\"url\":\"http:\/\/www.oremosjuntos.com\/Santa_Patricia_665.jpg\",\"contentUrl\":\"http:\/\/www.oremosjuntos.com\/Santa_Patricia_665.jpg\"},{\"@type\":\"BreadcrumbList\",\"@id\":\"https:\/\/www.oarcanjo.net\/site\/santa-patricia\/#breadcrumb\",\"itemListElement\":[{\"@type\":\"ListItem\",\"position\":1,\"name\":\"In\u00edcio\",\"item\":\"https:\/\/www.oarcanjo.net\/site\/\"},{\"@type\":\"ListItem\",\"position\":2,\"name\":\"Santa Patr\u00edcia\"}]},{\"@type\":\"WebSite\",\"@id\":\"https:\/\/www.oarcanjo.net\/site\/#website\",\"url\":\"https:\/\/www.oarcanjo.net\/site\/\",\"name\":\"O Arcanjo no ar\",\"description\":\"Site da Par\u00f3quia S\u00e3o Miguel Arcanjo (Arquidiocese de SP)\",\"publisher\":{\"@id\":\"https:\/\/www.oarcanjo.net\/site\/#organization\"},\"potentialAction\":[{\"@type\":\"SearchAction\",\"target\":{\"@type\":\"EntryPoint\",\"urlTemplate\":\"https:\/\/www.oarcanjo.net\/site\/?s={search_term_string}\"},\"query-input\":{\"@type\":\"PropertyValueSpecification\",\"valueRequired\":true,\"valueName\":\"search_term_string\"}}],\"inLanguage\":\"pt-BR\"},{\"@type\":\"Organization\",\"@id\":\"https:\/\/www.oarcanjo.net\/site\/#organization\",\"name\":\"Par\u00f3quia S\u00e3o Miguel Arcanjo\",\"url\":\"https:\/\/www.oarcanjo.net\/site\/\",\"logo\":{\"@type\":\"ImageObject\",\"inLanguage\":\"pt-BR\",\"@id\":\"https:\/\/www.oarcanjo.net\/site\/#\/schema\/logo\/image\/\",\"url\":\"https:\/\/www.oarcanjo.net\/site\/wp-content\/uploads\/LogoOArcanjo.png\",\"contentUrl\":\"https:\/\/www.oarcanjo.net\/site\/wp-content\/uploads\/LogoOArcanjo.png\",\"width\":319,\"height\":99,\"caption\":\"Par\u00f3quia S\u00e3o Miguel Arcanjo\"},\"image\":{\"@id\":\"https:\/\/www.oarcanjo.net\/site\/#\/schema\/logo\/image\/\"},\"sameAs\":[\"https:\/\/www.facebook.com\/OArcanjoNoAr\/\"]},{\"@type\":\"Person\",\"@id\":\"https:\/\/www.oarcanjo.net\/site\/#\/schema\/person\/5eb9480bedd2f3c97e430ce128c29c6c\",\"name\":\"danilo\"}]}<\/script>\n<!-- \/ Yoast SEO plugin. -->","yoast_head_json":{"title":"Santa Patr\u00edcia - O Arcanjo no ar","robots":{"index":"index","follow":"follow","max-snippet":"max-snippet:-1","max-image-preview":"max-image-preview:large","max-video-preview":"max-video-preview:-1"},"canonical":"https:\/\/www.oarcanjo.net\/site\/santa-patricia\/","og_locale":"pt_BR","og_type":"article","og_title":"Santa Patr\u00edcia - O Arcanjo no ar","og_description":"25 de Agosto Patr\u00edcia era descendente do imperador Constantino, o Grande. Nasceu no in\u00edcio do s\u00e9culo VII, em Constantinopla, e foi educada para a Corte pela sua dama Aglaia, uma crist\u00e3 muito devota. A pequena cresceu piedosa e, apesar da pouca idade, emitiu voto de virgindade a Cristo. Mas para manter-se fiel teve de fugir [&hellip;]","og_url":"https:\/\/www.oarcanjo.net\/site\/santa-patricia\/","og_site_name":"O Arcanjo no ar","article_publisher":"https:\/\/www.facebook.com\/OArcanjoNoAr\/","article_published_time":"2018-08-25T03:49:11+00:00","article_modified_time":"2018-06-25T11:15:01+00:00","og_image":[{"url":"http:\/\/www.oremosjuntos.com\/Santa_Patricia_665.jpg"}],"author":"danilo","twitter_card":"summary_large_image","twitter_misc":{"Escrito por":"danilo","Est. tempo de leitura":"2 minutos"},"schema":{"@context":"https:\/\/schema.org","@graph":[{"@type":"Article","@id":"https:\/\/www.oarcanjo.net\/site\/santa-patricia\/#article","isPartOf":{"@id":"https:\/\/www.oarcanjo.net\/site\/santa-patricia\/"},"author":{"name":"danilo","@id":"https:\/\/www.oarcanjo.net\/site\/#\/schema\/person\/5eb9480bedd2f3c97e430ce128c29c6c"},"headline":"Santa Patr\u00edcia","datePublished":"2018-08-25T03:49:11+00:00","dateModified":"2018-06-25T11:15:01+00:00","mainEntityOfPage":{"@id":"https:\/\/www.oarcanjo.net\/site\/santa-patricia\/"},"wordCount":491,"commentCount":0,"publisher":{"@id":"https:\/\/www.oarcanjo.net\/site\/#organization"},"image":{"@id":"https:\/\/www.oarcanjo.net\/site\/santa-patricia\/#primaryimage"},"thumbnailUrl":"http:\/\/www.oremosjuntos.com\/Santa_Patricia_665.jpg","articleSection":["Testemunhos"],"inLanguage":"pt-BR","potentialAction":[{"@type":"CommentAction","name":"Comment","target":["https:\/\/www.oarcanjo.net\/site\/santa-patricia\/#respond"]}]},{"@type":"WebPage","@id":"https:\/\/www.oarcanjo.net\/site\/santa-patricia\/","url":"https:\/\/www.oarcanjo.net\/site\/santa-patricia\/","name":"Santa Patr\u00edcia - O Arcanjo no ar","isPartOf":{"@id":"https:\/\/www.oarcanjo.net\/site\/#website"},"primaryImageOfPage":{"@id":"https:\/\/www.oarcanjo.net\/site\/santa-patricia\/#primaryimage"},"image":{"@id":"https:\/\/www.oarcanjo.net\/site\/santa-patricia\/#primaryimage"},"thumbnailUrl":"http:\/\/www.oremosjuntos.com\/Santa_Patricia_665.jpg","datePublished":"2018-08-25T03:49:11+00:00","dateModified":"2018-06-25T11:15:01+00:00","breadcrumb":{"@id":"https:\/\/www.oarcanjo.net\/site\/santa-patricia\/#breadcrumb"},"inLanguage":"pt-BR","potentialAction":[{"@type":"ReadAction","target":["https:\/\/www.oarcanjo.net\/site\/santa-patricia\/"]}]},{"@type":"ImageObject","inLanguage":"pt-BR","@id":"https:\/\/www.oarcanjo.net\/site\/santa-patricia\/#primaryimage","url":"http:\/\/www.oremosjuntos.com\/Santa_Patricia_665.jpg","contentUrl":"http:\/\/www.oremosjuntos.com\/Santa_Patricia_665.jpg"},{"@type":"BreadcrumbList","@id":"https:\/\/www.oarcanjo.net\/site\/santa-patricia\/#breadcrumb","itemListElement":[{"@type":"ListItem","position":1,"name":"In\u00edcio","item":"https:\/\/www.oarcanjo.net\/site\/"},{"@type":"ListItem","position":2,"name":"Santa Patr\u00edcia"}]},{"@type":"WebSite","@id":"https:\/\/www.oarcanjo.net\/site\/#website","url":"https:\/\/www.oarcanjo.net\/site\/","name":"O Arcanjo no ar","description":"Site da Par\u00f3quia S\u00e3o Miguel Arcanjo (Arquidiocese de SP)","publisher":{"@id":"https:\/\/www.oarcanjo.net\/site\/#organization"},"potentialAction":[{"@type":"SearchAction","target":{"@type":"EntryPoint","urlTemplate":"https:\/\/www.oarcanjo.net\/site\/?s={search_term_string}"},"query-input":{"@type":"PropertyValueSpecification","valueRequired":true,"valueName":"search_term_string"}}],"inLanguage":"pt-BR"},{"@type":"Organization","@id":"https:\/\/www.oarcanjo.net\/site\/#organization","name":"Par\u00f3quia S\u00e3o Miguel Arcanjo","url":"https:\/\/www.oarcanjo.net\/site\/","logo":{"@type":"ImageObject","inLanguage":"pt-BR","@id":"https:\/\/www.oarcanjo.net\/site\/#\/schema\/logo\/image\/","url":"https:\/\/www.oarcanjo.net\/site\/wp-content\/uploads\/LogoOArcanjo.png","contentUrl":"https:\/\/www.oarcanjo.net\/site\/wp-content\/uploads\/LogoOArcanjo.png","width":319,"height":99,"caption":"Par\u00f3quia S\u00e3o Miguel Arcanjo"},"image":{"@id":"https:\/\/www.oarcanjo.net\/site\/#\/schema\/logo\/image\/"},"sameAs":["https:\/\/www.facebook.com\/OArcanjoNoAr\/"]},{"@type":"Person","@id":"https:\/\/www.oarcanjo.net\/site\/#\/schema\/person\/5eb9480bedd2f3c97e430ce128c29c6c","name":"danilo"}]}},"publishpress_future_action":{"enabled":false,"date":"2026-05-08 05:03:46","action":"category","newStatus":"draft","terms":[],"taxonomy":"category"},"publishpress_future_workflow_manual_trigger":{"enabledWorkflows":[]},"_links":{"self":[{"href":"https:\/\/www.oarcanjo.net\/site\/wp-json\/wp\/v2\/posts\/10638"}],"collection":[{"href":"https:\/\/www.oarcanjo.net\/site\/wp-json\/wp\/v2\/posts"}],"about":[{"href":"https:\/\/www.oarcanjo.net\/site\/wp-json\/wp\/v2\/types\/post"}],"author":[{"embeddable":true,"href":"https:\/\/www.oarcanjo.net\/site\/wp-json\/wp\/v2\/users\/14"}],"replies":[{"embeddable":true,"href":"https:\/\/www.oarcanjo.net\/site\/wp-json\/wp\/v2\/comments?post=10638"}],"version-history":[{"count":1,"href":"https:\/\/www.oarcanjo.net\/site\/wp-json\/wp\/v2\/posts\/10638\/revisions"}],"predecessor-version":[{"id":88853,"href":"https:\/\/www.oarcanjo.net\/site\/wp-json\/wp\/v2\/posts\/10638\/revisions\/88853"}],"wp:attachment":[{"href":"https:\/\/www.oarcanjo.net\/site\/wp-json\/wp\/v2\/media?parent=10638"}],"wp:term":[{"taxonomy":"category","embeddable":true,"href":"https:\/\/www.oarcanjo.net\/site\/wp-json\/wp\/v2\/categories?post=10638"},{"taxonomy":"post_tag","embeddable":true,"href":"https:\/\/www.oarcanjo.net\/site\/wp-json\/wp\/v2\/tags?post=10638"}],"curies":[{"name":"wp","href":"https:\/\/api.w.org\/{rel}","templated":true}]}}