
{"id":10642,"date":"2018-08-25T00:53:09","date_gmt":"2018-08-25T03:53:09","guid":{"rendered":"http:\/\/www.oarcanjo.net\/site\/?p=10642"},"modified":"2018-06-25T08:15:07","modified_gmt":"2018-06-25T11:15:07","slug":"sao-jose-calasanz","status":"publish","type":"post","link":"https:\/\/www.oarcanjo.net\/site\/sao-jose-calasanz\/","title":{"rendered":"S\u00e3o Jos\u00e9 Calasanz"},"content":{"rendered":"<p><img loading=\"lazy\" decoding=\"async\" src=\"http:\/\/www.cleofas.com.br\/virtual\/santodia\/scd0237_jose_calasanz.jpg\" alt=\"\" width=\"130\" height=\"180\" \/><\/p>\n<p>25 de Agosto<\/p>\n<p>Fundou a Congrega\u00e7\u00e3o dos Cl\u00e9rigos Pobres Regulares da M\u00e3e de Deus das Pias Escolas<\/p>\n<p>Jos\u00e9 Calasanz nasceu num castelo de Peralta de La Sal, em Arag\u00e3o, na Espanha, em 31 de julho de 1558. Procedente de uma fam\u00edlia nobre e muito religiosa, ele foi educado no rigor do respeito aos mandamentos de Deus. Desde cedo, mostrou sua voca\u00e7\u00e3o religiosa, mesmo contrariando seu pai, que o queria na carreira militar. Jos\u00e9 tanto insistiu que foi enviado para estudar teologia na Universidade de Val\u00eancia, para concluir seu prop\u00f3sito de servir a Deus. Ao terminar os estudos, aplicou-se nos exerc\u00edcios de piedade e pr\u00e1ticas de penit\u00eancia a fim para manter-se longe das tenta\u00e7\u00f5es e no seguimento de Cristo.<\/p>\n<p>Recebeu a ordena\u00e7\u00e3o sacerdotal em 1583, embora sem a presen\u00e7a do pai, que ainda n\u00e3o cedera \u00e0 sua voca\u00e7\u00e3o. Inicialmente, foi para um mosteiro, desejando uma vida de solid\u00e3o. Mas seu bispo, percebendo nele um alto grau de intelig\u00eancia, disse-lhe que sua miss\u00e3o era a prega\u00e7\u00e3o. Assim, dedicou-se \u00e0 atividade pastoral, sendo muito querido por todos os fi\u00e9is e bispos, que lhe davam v\u00e1rios encargos importantes a serem executados junto \u00e0 Santa S\u00e9.<\/p>\n<p>Em 1592, Jos\u00e9 Calasanz encontrou o caminho para a sua voca\u00e7\u00e3o: a educa\u00e7\u00e3o e forma\u00e7\u00e3o de jovens pobres e abandonados. Inicialmente, como membro da Confraria da Doutrina Crist\u00e3, atuando junto aos jovens pobres da par\u00f3quia de Santa Dorot\u00e9ia, onde era vig\u00e1rio cooperador. Em 1597, fundou a primeira escola gratuita para crian\u00e7as pobres, seguindo entusiasmado pelo grande n\u00famero de volunt\u00e1rios que se agregavam \u00e0 obra. Assim, em 1621 fundou a Congrega\u00e7\u00e3o dos Cl\u00e9rigos Pobres Regulares da M\u00e3e de Deus das Pias Escolas, cl\u00e9rigos regulares que t\u00eam um quarto voto: o comprometimento com a instru\u00e7\u00e3o dos jovens.<\/p>\n<p>O grande reconhecimento das escolas pias de Roma fez com que se espalhassem por toda a It\u00e1lia, alcan\u00e7ando a Espanha, Alemanha, Pol\u00f4nia e Mor\u00e1via. Mas, apesar do incontest\u00e1vel sucesso da nova Ordem, nos \u00faltimos anos de sua vida Jos\u00e9 teve de passar por uma terr\u00edvel prova\u00e7\u00e3o. Caluniado perante o Santo Of\u00edcio, foi julgado, deposto do cargo e a nova Congrega\u00e7\u00e3o ficou sem aprova\u00e7\u00e3o.<\/p>\n<p>Entretanto Jos\u00e9, humildemente, aceitou tudo sem revoltar-se. Morreu no dia 25 de agosto de 1648, aos noventa anos de idade, animando os seus sacerdotes para n\u00e3o desistirem da Ordem. Somente oito anos depois de sua morte o papa Alexandre VI reconheceu que ele era inocente e aprovou as regras da Ordem. Como o fundador previra, ela ressurgiu mais vigorosa do que antes.<\/p>\n<p>A ele foram atribu\u00eddas muitas intercess\u00f5es em milagres e gra\u00e7as, sendo canonizado em 1767. O culto a s\u00e3o Jos\u00e9 Calasanz ocorre no dia de sua morte. Desde 1948, ele \u00e9 celebrado em todo o mundo crist\u00e3o como Padroeiro das Escolas Populares, conforme foi proclamado pelo papa Pio XII.<\/p>\n<div id=\"themify_builder_content-10642\" data-postid=\"10642\" class=\"themify_builder_content themify_builder_content-10642 themify_builder themify_builder_front\">\n\t<\/div>\n<!-- \/themify_builder_content -->","protected":false},"excerpt":{"rendered":"<p>25 de Agosto Fundou a Congrega\u00e7\u00e3o dos Cl\u00e9rigos Pobres Regulares da M\u00e3e de Deus das Pias Escolas Jos\u00e9 Calasanz nasceu num castelo de Peralta de La Sal, em Arag\u00e3o, na Espanha, em 31 de julho de 1558. Procedente de uma fam\u00edlia nobre e muito religiosa, ele foi educado no rigor do respeito aos mandamentos de [&hellip;]<\/p>\n","protected":false},"author":14,"featured_media":0,"comment_status":"open","ping_status":"open","sticky":false,"template":"","format":"standard","meta":{"ngg_post_thumbnail":0,"footnotes":""},"categories":[186],"tags":[],"yoast_head":"<!-- This site is optimized with the Yoast SEO plugin v23.5 - https:\/\/yoast.com\/wordpress\/plugins\/seo\/ -->\n<title>S\u00e3o Jos\u00e9 Calasanz - O Arcanjo no ar<\/title>\n<meta name=\"robots\" content=\"index, follow, max-snippet:-1, max-image-preview:large, max-video-preview:-1\" \/>\n<link rel=\"canonical\" href=\"https:\/\/www.oarcanjo.net\/site\/sao-jose-calasanz\/\" \/>\n<meta property=\"og:locale\" content=\"pt_BR\" \/>\n<meta property=\"og:type\" content=\"article\" \/>\n<meta property=\"og:title\" content=\"S\u00e3o Jos\u00e9 Calasanz - O Arcanjo no ar\" \/>\n<meta property=\"og:description\" content=\"25 de Agosto Fundou a Congrega\u00e7\u00e3o dos Cl\u00e9rigos Pobres Regulares da M\u00e3e de Deus das Pias Escolas Jos\u00e9 Calasanz nasceu num castelo de Peralta de La Sal, em Arag\u00e3o, na Espanha, em 31 de julho de 1558. Procedente de uma fam\u00edlia nobre e muito religiosa, ele foi educado no rigor do respeito aos mandamentos de [&hellip;]\" \/>\n<meta property=\"og:url\" content=\"https:\/\/www.oarcanjo.net\/site\/sao-jose-calasanz\/\" \/>\n<meta property=\"og:site_name\" content=\"O Arcanjo no ar\" \/>\n<meta property=\"article:publisher\" content=\"https:\/\/www.facebook.com\/OArcanjoNoAr\/\" \/>\n<meta property=\"article:published_time\" content=\"2018-08-25T03:53:09+00:00\" \/>\n<meta property=\"article:modified_time\" content=\"2018-06-25T11:15:07+00:00\" \/>\n<meta property=\"og:image\" content=\"http:\/\/www.cleofas.com.br\/virtual\/santodia\/scd0237_jose_calasanz.jpg\" \/>\n<meta name=\"author\" content=\"danilo\" \/>\n<meta name=\"twitter:card\" content=\"summary_large_image\" \/>\n<meta name=\"twitter:label1\" content=\"Escrito por\" \/>\n\t<meta name=\"twitter:data1\" content=\"danilo\" \/>\n\t<meta name=\"twitter:label2\" content=\"Est. tempo de leitura\" \/>\n\t<meta name=\"twitter:data2\" content=\"2 minutos\" \/>\n<script type=\"application\/ld+json\" class=\"yoast-schema-graph\">{\"@context\":\"https:\/\/schema.org\",\"@graph\":[{\"@type\":\"Article\",\"@id\":\"https:\/\/www.oarcanjo.net\/site\/sao-jose-calasanz\/#article\",\"isPartOf\":{\"@id\":\"https:\/\/www.oarcanjo.net\/site\/sao-jose-calasanz\/\"},\"author\":{\"name\":\"danilo\",\"@id\":\"https:\/\/www.oarcanjo.net\/site\/#\/schema\/person\/5eb9480bedd2f3c97e430ce128c29c6c\"},\"headline\":\"S\u00e3o Jos\u00e9 Calasanz\",\"datePublished\":\"2018-08-25T03:53:09+00:00\",\"dateModified\":\"2018-06-25T11:15:07+00:00\",\"mainEntityOfPage\":{\"@id\":\"https:\/\/www.oarcanjo.net\/site\/sao-jose-calasanz\/\"},\"wordCount\":500,\"commentCount\":0,\"publisher\":{\"@id\":\"https:\/\/www.oarcanjo.net\/site\/#organization\"},\"image\":{\"@id\":\"https:\/\/www.oarcanjo.net\/site\/sao-jose-calasanz\/#primaryimage\"},\"thumbnailUrl\":\"http:\/\/www.cleofas.com.br\/virtual\/santodia\/scd0237_jose_calasanz.jpg\",\"articleSection\":[\"Testemunhos\"],\"inLanguage\":\"pt-BR\",\"potentialAction\":[{\"@type\":\"CommentAction\",\"name\":\"Comment\",\"target\":[\"https:\/\/www.oarcanjo.net\/site\/sao-jose-calasanz\/#respond\"]}]},{\"@type\":\"WebPage\",\"@id\":\"https:\/\/www.oarcanjo.net\/site\/sao-jose-calasanz\/\",\"url\":\"https:\/\/www.oarcanjo.net\/site\/sao-jose-calasanz\/\",\"name\":\"S\u00e3o Jos\u00e9 Calasanz - O Arcanjo no ar\",\"isPartOf\":{\"@id\":\"https:\/\/www.oarcanjo.net\/site\/#website\"},\"primaryImageOfPage\":{\"@id\":\"https:\/\/www.oarcanjo.net\/site\/sao-jose-calasanz\/#primaryimage\"},\"image\":{\"@id\":\"https:\/\/www.oarcanjo.net\/site\/sao-jose-calasanz\/#primaryimage\"},\"thumbnailUrl\":\"http:\/\/www.cleofas.com.br\/virtual\/santodia\/scd0237_jose_calasanz.jpg\",\"datePublished\":\"2018-08-25T03:53:09+00:00\",\"dateModified\":\"2018-06-25T11:15:07+00:00\",\"breadcrumb\":{\"@id\":\"https:\/\/www.oarcanjo.net\/site\/sao-jose-calasanz\/#breadcrumb\"},\"inLanguage\":\"pt-BR\",\"potentialAction\":[{\"@type\":\"ReadAction\",\"target\":[\"https:\/\/www.oarcanjo.net\/site\/sao-jose-calasanz\/\"]}]},{\"@type\":\"ImageObject\",\"inLanguage\":\"pt-BR\",\"@id\":\"https:\/\/www.oarcanjo.net\/site\/sao-jose-calasanz\/#primaryimage\",\"url\":\"http:\/\/www.cleofas.com.br\/virtual\/santodia\/scd0237_jose_calasanz.jpg\",\"contentUrl\":\"http:\/\/www.cleofas.com.br\/virtual\/santodia\/scd0237_jose_calasanz.jpg\"},{\"@type\":\"BreadcrumbList\",\"@id\":\"https:\/\/www.oarcanjo.net\/site\/sao-jose-calasanz\/#breadcrumb\",\"itemListElement\":[{\"@type\":\"ListItem\",\"position\":1,\"name\":\"In\u00edcio\",\"item\":\"https:\/\/www.oarcanjo.net\/site\/\"},{\"@type\":\"ListItem\",\"position\":2,\"name\":\"S\u00e3o Jos\u00e9 Calasanz\"}]},{\"@type\":\"WebSite\",\"@id\":\"https:\/\/www.oarcanjo.net\/site\/#website\",\"url\":\"https:\/\/www.oarcanjo.net\/site\/\",\"name\":\"O Arcanjo no ar\",\"description\":\"Site da Par\u00f3quia S\u00e3o Miguel Arcanjo (Arquidiocese de SP)\",\"publisher\":{\"@id\":\"https:\/\/www.oarcanjo.net\/site\/#organization\"},\"potentialAction\":[{\"@type\":\"SearchAction\",\"target\":{\"@type\":\"EntryPoint\",\"urlTemplate\":\"https:\/\/www.oarcanjo.net\/site\/?s={search_term_string}\"},\"query-input\":{\"@type\":\"PropertyValueSpecification\",\"valueRequired\":true,\"valueName\":\"search_term_string\"}}],\"inLanguage\":\"pt-BR\"},{\"@type\":\"Organization\",\"@id\":\"https:\/\/www.oarcanjo.net\/site\/#organization\",\"name\":\"Par\u00f3quia S\u00e3o Miguel Arcanjo\",\"url\":\"https:\/\/www.oarcanjo.net\/site\/\",\"logo\":{\"@type\":\"ImageObject\",\"inLanguage\":\"pt-BR\",\"@id\":\"https:\/\/www.oarcanjo.net\/site\/#\/schema\/logo\/image\/\",\"url\":\"https:\/\/www.oarcanjo.net\/site\/wp-content\/uploads\/LogoOArcanjo.png\",\"contentUrl\":\"https:\/\/www.oarcanjo.net\/site\/wp-content\/uploads\/LogoOArcanjo.png\",\"width\":319,\"height\":99,\"caption\":\"Par\u00f3quia S\u00e3o Miguel Arcanjo\"},\"image\":{\"@id\":\"https:\/\/www.oarcanjo.net\/site\/#\/schema\/logo\/image\/\"},\"sameAs\":[\"https:\/\/www.facebook.com\/OArcanjoNoAr\/\"]},{\"@type\":\"Person\",\"@id\":\"https:\/\/www.oarcanjo.net\/site\/#\/schema\/person\/5eb9480bedd2f3c97e430ce128c29c6c\",\"name\":\"danilo\"}]}<\/script>\n<!-- \/ Yoast SEO plugin. -->","yoast_head_json":{"title":"S\u00e3o Jos\u00e9 Calasanz - O Arcanjo no ar","robots":{"index":"index","follow":"follow","max-snippet":"max-snippet:-1","max-image-preview":"max-image-preview:large","max-video-preview":"max-video-preview:-1"},"canonical":"https:\/\/www.oarcanjo.net\/site\/sao-jose-calasanz\/","og_locale":"pt_BR","og_type":"article","og_title":"S\u00e3o Jos\u00e9 Calasanz - O Arcanjo no ar","og_description":"25 de Agosto Fundou a Congrega\u00e7\u00e3o dos Cl\u00e9rigos Pobres Regulares da M\u00e3e de Deus das Pias Escolas Jos\u00e9 Calasanz nasceu num castelo de Peralta de La Sal, em Arag\u00e3o, na Espanha, em 31 de julho de 1558. Procedente de uma fam\u00edlia nobre e muito religiosa, ele foi educado no rigor do respeito aos mandamentos de [&hellip;]","og_url":"https:\/\/www.oarcanjo.net\/site\/sao-jose-calasanz\/","og_site_name":"O Arcanjo no ar","article_publisher":"https:\/\/www.facebook.com\/OArcanjoNoAr\/","article_published_time":"2018-08-25T03:53:09+00:00","article_modified_time":"2018-06-25T11:15:07+00:00","og_image":[{"url":"http:\/\/www.cleofas.com.br\/virtual\/santodia\/scd0237_jose_calasanz.jpg"}],"author":"danilo","twitter_card":"summary_large_image","twitter_misc":{"Escrito por":"danilo","Est. tempo de leitura":"2 minutos"},"schema":{"@context":"https:\/\/schema.org","@graph":[{"@type":"Article","@id":"https:\/\/www.oarcanjo.net\/site\/sao-jose-calasanz\/#article","isPartOf":{"@id":"https:\/\/www.oarcanjo.net\/site\/sao-jose-calasanz\/"},"author":{"name":"danilo","@id":"https:\/\/www.oarcanjo.net\/site\/#\/schema\/person\/5eb9480bedd2f3c97e430ce128c29c6c"},"headline":"S\u00e3o Jos\u00e9 Calasanz","datePublished":"2018-08-25T03:53:09+00:00","dateModified":"2018-06-25T11:15:07+00:00","mainEntityOfPage":{"@id":"https:\/\/www.oarcanjo.net\/site\/sao-jose-calasanz\/"},"wordCount":500,"commentCount":0,"publisher":{"@id":"https:\/\/www.oarcanjo.net\/site\/#organization"},"image":{"@id":"https:\/\/www.oarcanjo.net\/site\/sao-jose-calasanz\/#primaryimage"},"thumbnailUrl":"http:\/\/www.cleofas.com.br\/virtual\/santodia\/scd0237_jose_calasanz.jpg","articleSection":["Testemunhos"],"inLanguage":"pt-BR","potentialAction":[{"@type":"CommentAction","name":"Comment","target":["https:\/\/www.oarcanjo.net\/site\/sao-jose-calasanz\/#respond"]}]},{"@type":"WebPage","@id":"https:\/\/www.oarcanjo.net\/site\/sao-jose-calasanz\/","url":"https:\/\/www.oarcanjo.net\/site\/sao-jose-calasanz\/","name":"S\u00e3o Jos\u00e9 Calasanz - O Arcanjo no ar","isPartOf":{"@id":"https:\/\/www.oarcanjo.net\/site\/#website"},"primaryImageOfPage":{"@id":"https:\/\/www.oarcanjo.net\/site\/sao-jose-calasanz\/#primaryimage"},"image":{"@id":"https:\/\/www.oarcanjo.net\/site\/sao-jose-calasanz\/#primaryimage"},"thumbnailUrl":"http:\/\/www.cleofas.com.br\/virtual\/santodia\/scd0237_jose_calasanz.jpg","datePublished":"2018-08-25T03:53:09+00:00","dateModified":"2018-06-25T11:15:07+00:00","breadcrumb":{"@id":"https:\/\/www.oarcanjo.net\/site\/sao-jose-calasanz\/#breadcrumb"},"inLanguage":"pt-BR","potentialAction":[{"@type":"ReadAction","target":["https:\/\/www.oarcanjo.net\/site\/sao-jose-calasanz\/"]}]},{"@type":"ImageObject","inLanguage":"pt-BR","@id":"https:\/\/www.oarcanjo.net\/site\/sao-jose-calasanz\/#primaryimage","url":"http:\/\/www.cleofas.com.br\/virtual\/santodia\/scd0237_jose_calasanz.jpg","contentUrl":"http:\/\/www.cleofas.com.br\/virtual\/santodia\/scd0237_jose_calasanz.jpg"},{"@type":"BreadcrumbList","@id":"https:\/\/www.oarcanjo.net\/site\/sao-jose-calasanz\/#breadcrumb","itemListElement":[{"@type":"ListItem","position":1,"name":"In\u00edcio","item":"https:\/\/www.oarcanjo.net\/site\/"},{"@type":"ListItem","position":2,"name":"S\u00e3o Jos\u00e9 Calasanz"}]},{"@type":"WebSite","@id":"https:\/\/www.oarcanjo.net\/site\/#website","url":"https:\/\/www.oarcanjo.net\/site\/","name":"O Arcanjo no ar","description":"Site da Par\u00f3quia S\u00e3o Miguel Arcanjo (Arquidiocese de SP)","publisher":{"@id":"https:\/\/www.oarcanjo.net\/site\/#organization"},"potentialAction":[{"@type":"SearchAction","target":{"@type":"EntryPoint","urlTemplate":"https:\/\/www.oarcanjo.net\/site\/?s={search_term_string}"},"query-input":{"@type":"PropertyValueSpecification","valueRequired":true,"valueName":"search_term_string"}}],"inLanguage":"pt-BR"},{"@type":"Organization","@id":"https:\/\/www.oarcanjo.net\/site\/#organization","name":"Par\u00f3quia S\u00e3o Miguel Arcanjo","url":"https:\/\/www.oarcanjo.net\/site\/","logo":{"@type":"ImageObject","inLanguage":"pt-BR","@id":"https:\/\/www.oarcanjo.net\/site\/#\/schema\/logo\/image\/","url":"https:\/\/www.oarcanjo.net\/site\/wp-content\/uploads\/LogoOArcanjo.png","contentUrl":"https:\/\/www.oarcanjo.net\/site\/wp-content\/uploads\/LogoOArcanjo.png","width":319,"height":99,"caption":"Par\u00f3quia S\u00e3o Miguel Arcanjo"},"image":{"@id":"https:\/\/www.oarcanjo.net\/site\/#\/schema\/logo\/image\/"},"sameAs":["https:\/\/www.facebook.com\/OArcanjoNoAr\/"]},{"@type":"Person","@id":"https:\/\/www.oarcanjo.net\/site\/#\/schema\/person\/5eb9480bedd2f3c97e430ce128c29c6c","name":"danilo"}]}},"publishpress_future_action":{"enabled":false,"date":"2026-05-08 05:14:20","action":"category","newStatus":"draft","terms":[],"taxonomy":"category"},"publishpress_future_workflow_manual_trigger":{"enabledWorkflows":[]},"_links":{"self":[{"href":"https:\/\/www.oarcanjo.net\/site\/wp-json\/wp\/v2\/posts\/10642"}],"collection":[{"href":"https:\/\/www.oarcanjo.net\/site\/wp-json\/wp\/v2\/posts"}],"about":[{"href":"https:\/\/www.oarcanjo.net\/site\/wp-json\/wp\/v2\/types\/post"}],"author":[{"embeddable":true,"href":"https:\/\/www.oarcanjo.net\/site\/wp-json\/wp\/v2\/users\/14"}],"replies":[{"embeddable":true,"href":"https:\/\/www.oarcanjo.net\/site\/wp-json\/wp\/v2\/comments?post=10642"}],"version-history":[{"count":1,"href":"https:\/\/www.oarcanjo.net\/site\/wp-json\/wp\/v2\/posts\/10642\/revisions"}],"predecessor-version":[{"id":88854,"href":"https:\/\/www.oarcanjo.net\/site\/wp-json\/wp\/v2\/posts\/10642\/revisions\/88854"}],"wp:attachment":[{"href":"https:\/\/www.oarcanjo.net\/site\/wp-json\/wp\/v2\/media?parent=10642"}],"wp:term":[{"taxonomy":"category","embeddable":true,"href":"https:\/\/www.oarcanjo.net\/site\/wp-json\/wp\/v2\/categories?post=10642"},{"taxonomy":"post_tag","embeddable":true,"href":"https:\/\/www.oarcanjo.net\/site\/wp-json\/wp\/v2\/tags?post=10642"}],"curies":[{"name":"wp","href":"https:\/\/api.w.org\/{rel}","templated":true}]}}