
{"id":10644,"date":"2018-08-26T00:55:55","date_gmt":"2018-08-26T03:55:55","guid":{"rendered":"http:\/\/www.oarcanjo.net\/site\/?p=10644"},"modified":"2018-06-25T08:15:12","modified_gmt":"2018-06-25T11:15:12","slug":"sao-zeferino","status":"publish","type":"post","link":"https:\/\/www.oarcanjo.net\/site\/sao-zeferino\/","title":{"rendered":"S\u00e3o Zeferino"},"content":{"rendered":"<p><img loading=\"lazy\" decoding=\"async\" src=\"http:\/\/www.cot.org.br\/imgs\/santos\/6679b29160e4541242fef3978353d284.jpg\" alt=\"\" width=\"150\" height=\"190\" \/><\/p>\n<p>26 de Agosto<\/p>\n<p>O papa Zeferino exerceu um dos pontificados mais longos da Igreja de Cristo, de 199 a 217. E os \u00fanicos dados de sua vida registrados declaram que: depois do papa Vitor, de origem africana, clero e povo elegeram para a c\u00e1tedra de Pedro um romano, Zeferino, filho de um certo Ab\u00f4ndio.<\/p>\n<p>Zeferino foi o 14o papa a substituir s\u00e3o Pedro. Enfrentou um per\u00edodo dif\u00edcil e tumultuado, com persegui\u00e7\u00f5es para os crist\u00e3os e de heresias entre eles pr\u00f3prios, que abalavam a Igreja mais do que os pr\u00f3prios mart\u00edrios. As heresias residiam no desejo de alguns em elaborar s\u00f3 com dados filos\u00f3ficos o nascimento, a vida e a morte de Jesus Cristo. A confus\u00e3o era generalizada, uns negavam a divindade de Jesus Cristo, outros se apresentavam como a pr\u00f3pria revela\u00e7\u00e3o do Esp\u00edrito Santo, profetizando e pregando o fim do mundo.<\/p>\n<p>Mas o papa Zeferino, que n\u00e3o era te\u00f3logo, foi muito sensato e, amparado pelo poder do Esp\u00edrito Santo, livrou-se dos hereges. Para isso uniu-se aos grandes s\u00e1bios da \u00e9poca, como santo Irineu, Hip\u00f3lito e Tertuliano, dando um fim ao tumulto e livrando os crist\u00e3os da mentira e dos rigorismos.<\/p>\n<p>O papa Zeferino era dotado de inspira\u00e7\u00e3o e vis\u00e3o especial. Seu grande m\u00e9rito foi ter valorizado a capacidade de Calisto, um pag\u00e3o convertido e membro do clero romano, que depois foi seu sucessor. Ele determinou que Calisto organizasse cemit\u00e9rios crist\u00e3os separados daqueles dos pag\u00e3os. Isso porque os crist\u00e3os n\u00e3o aceitavam cremar seus corpos e tamb\u00e9m queriam estar livres para tributarem o culto aos m\u00e1rtires.<\/p>\n<p>O papa Zeferino conseguiu que as nobres fam\u00edlias crist\u00e3s, possuidoras de tumbas amplas e profundas, transferissem-nas para a Igreja. Assim, Calisto come\u00e7ou a fazer galerias subterr\u00e2neas ligando umas \u00e0s outras e, nas laterais, foi abrindo t\u00famulos para os crist\u00e3os e para os m\u00e1rtires. Todo esse complexo deu origem \u00e0s catacumbas, mais tarde chamadas de catacumbas de Calisto.<\/p>\n<p>Esse foi o longo pontificado de Zeferino, encerrado pela intensifica\u00e7\u00e3o \u00e0s persegui\u00e7\u00f5es e pela proibi\u00e7\u00e3o das atividades da Igreja, impostas pelo imperador S\u00e9timo Severo.<\/p>\n<p>O papa s\u00e3o Zeferino foi martirizado junto com o bispo santo Irineu, em 217, e foi sepultado numa capela nas catacumbas que ele mandou construir em Roma, It\u00e1lia.<\/p>\n<div id=\"themify_builder_content-10644\" data-postid=\"10644\" class=\"themify_builder_content themify_builder_content-10644 themify_builder themify_builder_front\">\n\t<\/div>\n<!-- \/themify_builder_content -->","protected":false},"excerpt":{"rendered":"<p>26 de Agosto O papa Zeferino exerceu um dos pontificados mais longos da Igreja de Cristo, de 199 a 217. E os \u00fanicos dados de sua vida registrados declaram que: depois do papa Vitor, de origem africana, clero e povo elegeram para a c\u00e1tedra de Pedro um romano, Zeferino, filho de um certo Ab\u00f4ndio. Zeferino [&hellip;]<\/p>\n","protected":false},"author":14,"featured_media":0,"comment_status":"open","ping_status":"open","sticky":false,"template":"","format":"standard","meta":{"ngg_post_thumbnail":0,"footnotes":""},"categories":[186],"tags":[],"yoast_head":"<!-- This site is optimized with the Yoast SEO plugin v23.5 - https:\/\/yoast.com\/wordpress\/plugins\/seo\/ -->\n<title>S\u00e3o Zeferino - O Arcanjo no ar<\/title>\n<meta name=\"robots\" content=\"index, follow, max-snippet:-1, max-image-preview:large, max-video-preview:-1\" \/>\n<link rel=\"canonical\" href=\"https:\/\/www.oarcanjo.net\/site\/sao-zeferino\/\" \/>\n<meta property=\"og:locale\" content=\"pt_BR\" \/>\n<meta property=\"og:type\" content=\"article\" \/>\n<meta property=\"og:title\" content=\"S\u00e3o Zeferino - O Arcanjo no ar\" \/>\n<meta property=\"og:description\" content=\"26 de Agosto O papa Zeferino exerceu um dos pontificados mais longos da Igreja de Cristo, de 199 a 217. E os \u00fanicos dados de sua vida registrados declaram que: depois do papa Vitor, de origem africana, clero e povo elegeram para a c\u00e1tedra de Pedro um romano, Zeferino, filho de um certo Ab\u00f4ndio. Zeferino [&hellip;]\" \/>\n<meta property=\"og:url\" content=\"https:\/\/www.oarcanjo.net\/site\/sao-zeferino\/\" \/>\n<meta property=\"og:site_name\" content=\"O Arcanjo no ar\" \/>\n<meta property=\"article:publisher\" content=\"https:\/\/www.facebook.com\/OArcanjoNoAr\/\" \/>\n<meta property=\"article:published_time\" content=\"2018-08-26T03:55:55+00:00\" \/>\n<meta property=\"article:modified_time\" content=\"2018-06-25T11:15:12+00:00\" \/>\n<meta property=\"og:image\" content=\"http:\/\/www.cot.org.br\/imgs\/santos\/6679b29160e4541242fef3978353d284.jpg\" \/>\n<meta name=\"author\" content=\"danilo\" \/>\n<meta name=\"twitter:card\" content=\"summary_large_image\" \/>\n<meta name=\"twitter:label1\" content=\"Escrito por\" \/>\n\t<meta name=\"twitter:data1\" content=\"danilo\" \/>\n\t<meta name=\"twitter:label2\" content=\"Est. tempo de leitura\" \/>\n\t<meta name=\"twitter:data2\" content=\"2 minutos\" \/>\n<script type=\"application\/ld+json\" class=\"yoast-schema-graph\">{\"@context\":\"https:\/\/schema.org\",\"@graph\":[{\"@type\":\"Article\",\"@id\":\"https:\/\/www.oarcanjo.net\/site\/sao-zeferino\/#article\",\"isPartOf\":{\"@id\":\"https:\/\/www.oarcanjo.net\/site\/sao-zeferino\/\"},\"author\":{\"name\":\"danilo\",\"@id\":\"https:\/\/www.oarcanjo.net\/site\/#\/schema\/person\/5eb9480bedd2f3c97e430ce128c29c6c\"},\"headline\":\"S\u00e3o Zeferino\",\"datePublished\":\"2018-08-26T03:55:55+00:00\",\"dateModified\":\"2018-06-25T11:15:12+00:00\",\"mainEntityOfPage\":{\"@id\":\"https:\/\/www.oarcanjo.net\/site\/sao-zeferino\/\"},\"wordCount\":407,\"commentCount\":1,\"publisher\":{\"@id\":\"https:\/\/www.oarcanjo.net\/site\/#organization\"},\"image\":{\"@id\":\"https:\/\/www.oarcanjo.net\/site\/sao-zeferino\/#primaryimage\"},\"thumbnailUrl\":\"http:\/\/www.cot.org.br\/imgs\/santos\/6679b29160e4541242fef3978353d284.jpg\",\"articleSection\":[\"Testemunhos\"],\"inLanguage\":\"pt-BR\",\"potentialAction\":[{\"@type\":\"CommentAction\",\"name\":\"Comment\",\"target\":[\"https:\/\/www.oarcanjo.net\/site\/sao-zeferino\/#respond\"]}]},{\"@type\":\"WebPage\",\"@id\":\"https:\/\/www.oarcanjo.net\/site\/sao-zeferino\/\",\"url\":\"https:\/\/www.oarcanjo.net\/site\/sao-zeferino\/\",\"name\":\"S\u00e3o Zeferino - O Arcanjo no ar\",\"isPartOf\":{\"@id\":\"https:\/\/www.oarcanjo.net\/site\/#website\"},\"primaryImageOfPage\":{\"@id\":\"https:\/\/www.oarcanjo.net\/site\/sao-zeferino\/#primaryimage\"},\"image\":{\"@id\":\"https:\/\/www.oarcanjo.net\/site\/sao-zeferino\/#primaryimage\"},\"thumbnailUrl\":\"http:\/\/www.cot.org.br\/imgs\/santos\/6679b29160e4541242fef3978353d284.jpg\",\"datePublished\":\"2018-08-26T03:55:55+00:00\",\"dateModified\":\"2018-06-25T11:15:12+00:00\",\"breadcrumb\":{\"@id\":\"https:\/\/www.oarcanjo.net\/site\/sao-zeferino\/#breadcrumb\"},\"inLanguage\":\"pt-BR\",\"potentialAction\":[{\"@type\":\"ReadAction\",\"target\":[\"https:\/\/www.oarcanjo.net\/site\/sao-zeferino\/\"]}]},{\"@type\":\"ImageObject\",\"inLanguage\":\"pt-BR\",\"@id\":\"https:\/\/www.oarcanjo.net\/site\/sao-zeferino\/#primaryimage\",\"url\":\"http:\/\/www.cot.org.br\/imgs\/santos\/6679b29160e4541242fef3978353d284.jpg\",\"contentUrl\":\"http:\/\/www.cot.org.br\/imgs\/santos\/6679b29160e4541242fef3978353d284.jpg\"},{\"@type\":\"BreadcrumbList\",\"@id\":\"https:\/\/www.oarcanjo.net\/site\/sao-zeferino\/#breadcrumb\",\"itemListElement\":[{\"@type\":\"ListItem\",\"position\":1,\"name\":\"In\u00edcio\",\"item\":\"https:\/\/www.oarcanjo.net\/site\/\"},{\"@type\":\"ListItem\",\"position\":2,\"name\":\"S\u00e3o Zeferino\"}]},{\"@type\":\"WebSite\",\"@id\":\"https:\/\/www.oarcanjo.net\/site\/#website\",\"url\":\"https:\/\/www.oarcanjo.net\/site\/\",\"name\":\"O Arcanjo no ar\",\"description\":\"Site da Par\u00f3quia S\u00e3o Miguel Arcanjo (Arquidiocese de SP)\",\"publisher\":{\"@id\":\"https:\/\/www.oarcanjo.net\/site\/#organization\"},\"potentialAction\":[{\"@type\":\"SearchAction\",\"target\":{\"@type\":\"EntryPoint\",\"urlTemplate\":\"https:\/\/www.oarcanjo.net\/site\/?s={search_term_string}\"},\"query-input\":{\"@type\":\"PropertyValueSpecification\",\"valueRequired\":true,\"valueName\":\"search_term_string\"}}],\"inLanguage\":\"pt-BR\"},{\"@type\":\"Organization\",\"@id\":\"https:\/\/www.oarcanjo.net\/site\/#organization\",\"name\":\"Par\u00f3quia S\u00e3o Miguel Arcanjo\",\"url\":\"https:\/\/www.oarcanjo.net\/site\/\",\"logo\":{\"@type\":\"ImageObject\",\"inLanguage\":\"pt-BR\",\"@id\":\"https:\/\/www.oarcanjo.net\/site\/#\/schema\/logo\/image\/\",\"url\":\"https:\/\/www.oarcanjo.net\/site\/wp-content\/uploads\/LogoOArcanjo.png\",\"contentUrl\":\"https:\/\/www.oarcanjo.net\/site\/wp-content\/uploads\/LogoOArcanjo.png\",\"width\":319,\"height\":99,\"caption\":\"Par\u00f3quia S\u00e3o Miguel Arcanjo\"},\"image\":{\"@id\":\"https:\/\/www.oarcanjo.net\/site\/#\/schema\/logo\/image\/\"},\"sameAs\":[\"https:\/\/www.facebook.com\/OArcanjoNoAr\/\"]},{\"@type\":\"Person\",\"@id\":\"https:\/\/www.oarcanjo.net\/site\/#\/schema\/person\/5eb9480bedd2f3c97e430ce128c29c6c\",\"name\":\"danilo\"}]}<\/script>\n<!-- \/ Yoast SEO plugin. -->","yoast_head_json":{"title":"S\u00e3o Zeferino - O Arcanjo no ar","robots":{"index":"index","follow":"follow","max-snippet":"max-snippet:-1","max-image-preview":"max-image-preview:large","max-video-preview":"max-video-preview:-1"},"canonical":"https:\/\/www.oarcanjo.net\/site\/sao-zeferino\/","og_locale":"pt_BR","og_type":"article","og_title":"S\u00e3o Zeferino - O Arcanjo no ar","og_description":"26 de Agosto O papa Zeferino exerceu um dos pontificados mais longos da Igreja de Cristo, de 199 a 217. E os \u00fanicos dados de sua vida registrados declaram que: depois do papa Vitor, de origem africana, clero e povo elegeram para a c\u00e1tedra de Pedro um romano, Zeferino, filho de um certo Ab\u00f4ndio. Zeferino [&hellip;]","og_url":"https:\/\/www.oarcanjo.net\/site\/sao-zeferino\/","og_site_name":"O Arcanjo no ar","article_publisher":"https:\/\/www.facebook.com\/OArcanjoNoAr\/","article_published_time":"2018-08-26T03:55:55+00:00","article_modified_time":"2018-06-25T11:15:12+00:00","og_image":[{"url":"http:\/\/www.cot.org.br\/imgs\/santos\/6679b29160e4541242fef3978353d284.jpg"}],"author":"danilo","twitter_card":"summary_large_image","twitter_misc":{"Escrito por":"danilo","Est. tempo de leitura":"2 minutos"},"schema":{"@context":"https:\/\/schema.org","@graph":[{"@type":"Article","@id":"https:\/\/www.oarcanjo.net\/site\/sao-zeferino\/#article","isPartOf":{"@id":"https:\/\/www.oarcanjo.net\/site\/sao-zeferino\/"},"author":{"name":"danilo","@id":"https:\/\/www.oarcanjo.net\/site\/#\/schema\/person\/5eb9480bedd2f3c97e430ce128c29c6c"},"headline":"S\u00e3o Zeferino","datePublished":"2018-08-26T03:55:55+00:00","dateModified":"2018-06-25T11:15:12+00:00","mainEntityOfPage":{"@id":"https:\/\/www.oarcanjo.net\/site\/sao-zeferino\/"},"wordCount":407,"commentCount":1,"publisher":{"@id":"https:\/\/www.oarcanjo.net\/site\/#organization"},"image":{"@id":"https:\/\/www.oarcanjo.net\/site\/sao-zeferino\/#primaryimage"},"thumbnailUrl":"http:\/\/www.cot.org.br\/imgs\/santos\/6679b29160e4541242fef3978353d284.jpg","articleSection":["Testemunhos"],"inLanguage":"pt-BR","potentialAction":[{"@type":"CommentAction","name":"Comment","target":["https:\/\/www.oarcanjo.net\/site\/sao-zeferino\/#respond"]}]},{"@type":"WebPage","@id":"https:\/\/www.oarcanjo.net\/site\/sao-zeferino\/","url":"https:\/\/www.oarcanjo.net\/site\/sao-zeferino\/","name":"S\u00e3o Zeferino - O Arcanjo no ar","isPartOf":{"@id":"https:\/\/www.oarcanjo.net\/site\/#website"},"primaryImageOfPage":{"@id":"https:\/\/www.oarcanjo.net\/site\/sao-zeferino\/#primaryimage"},"image":{"@id":"https:\/\/www.oarcanjo.net\/site\/sao-zeferino\/#primaryimage"},"thumbnailUrl":"http:\/\/www.cot.org.br\/imgs\/santos\/6679b29160e4541242fef3978353d284.jpg","datePublished":"2018-08-26T03:55:55+00:00","dateModified":"2018-06-25T11:15:12+00:00","breadcrumb":{"@id":"https:\/\/www.oarcanjo.net\/site\/sao-zeferino\/#breadcrumb"},"inLanguage":"pt-BR","potentialAction":[{"@type":"ReadAction","target":["https:\/\/www.oarcanjo.net\/site\/sao-zeferino\/"]}]},{"@type":"ImageObject","inLanguage":"pt-BR","@id":"https:\/\/www.oarcanjo.net\/site\/sao-zeferino\/#primaryimage","url":"http:\/\/www.cot.org.br\/imgs\/santos\/6679b29160e4541242fef3978353d284.jpg","contentUrl":"http:\/\/www.cot.org.br\/imgs\/santos\/6679b29160e4541242fef3978353d284.jpg"},{"@type":"BreadcrumbList","@id":"https:\/\/www.oarcanjo.net\/site\/sao-zeferino\/#breadcrumb","itemListElement":[{"@type":"ListItem","position":1,"name":"In\u00edcio","item":"https:\/\/www.oarcanjo.net\/site\/"},{"@type":"ListItem","position":2,"name":"S\u00e3o Zeferino"}]},{"@type":"WebSite","@id":"https:\/\/www.oarcanjo.net\/site\/#website","url":"https:\/\/www.oarcanjo.net\/site\/","name":"O Arcanjo no ar","description":"Site da Par\u00f3quia S\u00e3o Miguel Arcanjo (Arquidiocese de SP)","publisher":{"@id":"https:\/\/www.oarcanjo.net\/site\/#organization"},"potentialAction":[{"@type":"SearchAction","target":{"@type":"EntryPoint","urlTemplate":"https:\/\/www.oarcanjo.net\/site\/?s={search_term_string}"},"query-input":{"@type":"PropertyValueSpecification","valueRequired":true,"valueName":"search_term_string"}}],"inLanguage":"pt-BR"},{"@type":"Organization","@id":"https:\/\/www.oarcanjo.net\/site\/#organization","name":"Par\u00f3quia S\u00e3o Miguel Arcanjo","url":"https:\/\/www.oarcanjo.net\/site\/","logo":{"@type":"ImageObject","inLanguage":"pt-BR","@id":"https:\/\/www.oarcanjo.net\/site\/#\/schema\/logo\/image\/","url":"https:\/\/www.oarcanjo.net\/site\/wp-content\/uploads\/LogoOArcanjo.png","contentUrl":"https:\/\/www.oarcanjo.net\/site\/wp-content\/uploads\/LogoOArcanjo.png","width":319,"height":99,"caption":"Par\u00f3quia S\u00e3o Miguel Arcanjo"},"image":{"@id":"https:\/\/www.oarcanjo.net\/site\/#\/schema\/logo\/image\/"},"sameAs":["https:\/\/www.facebook.com\/OArcanjoNoAr\/"]},{"@type":"Person","@id":"https:\/\/www.oarcanjo.net\/site\/#\/schema\/person\/5eb9480bedd2f3c97e430ce128c29c6c","name":"danilo"}]}},"publishpress_future_action":{"enabled":false,"date":"2026-05-08 05:05:04","action":"category","newStatus":"draft","terms":[],"taxonomy":"category"},"publishpress_future_workflow_manual_trigger":{"enabledWorkflows":[]},"_links":{"self":[{"href":"https:\/\/www.oarcanjo.net\/site\/wp-json\/wp\/v2\/posts\/10644"}],"collection":[{"href":"https:\/\/www.oarcanjo.net\/site\/wp-json\/wp\/v2\/posts"}],"about":[{"href":"https:\/\/www.oarcanjo.net\/site\/wp-json\/wp\/v2\/types\/post"}],"author":[{"embeddable":true,"href":"https:\/\/www.oarcanjo.net\/site\/wp-json\/wp\/v2\/users\/14"}],"replies":[{"embeddable":true,"href":"https:\/\/www.oarcanjo.net\/site\/wp-json\/wp\/v2\/comments?post=10644"}],"version-history":[{"count":1,"href":"https:\/\/www.oarcanjo.net\/site\/wp-json\/wp\/v2\/posts\/10644\/revisions"}],"predecessor-version":[{"id":88855,"href":"https:\/\/www.oarcanjo.net\/site\/wp-json\/wp\/v2\/posts\/10644\/revisions\/88855"}],"wp:attachment":[{"href":"https:\/\/www.oarcanjo.net\/site\/wp-json\/wp\/v2\/media?parent=10644"}],"wp:term":[{"taxonomy":"category","embeddable":true,"href":"https:\/\/www.oarcanjo.net\/site\/wp-json\/wp\/v2\/categories?post=10644"},{"taxonomy":"post_tag","embeddable":true,"href":"https:\/\/www.oarcanjo.net\/site\/wp-json\/wp\/v2\/tags?post=10644"}],"curies":[{"name":"wp","href":"https:\/\/api.w.org\/{rel}","templated":true}]}}