
{"id":106451,"date":"2021-02-28T15:25:12","date_gmt":"2021-02-28T18:25:12","guid":{"rendered":"https:\/\/www.oarcanjo.net\/site\/?p=106451"},"modified":"2021-02-28T16:30:13","modified_gmt":"2021-02-28T19:30:13","slug":"conversao-nao-e-mudar-de-religiao-e-mudar-de-vida","status":"publish","type":"post","link":"https:\/\/www.oarcanjo.net\/site\/conversao-nao-e-mudar-de-religiao-e-mudar-de-vida\/","title":{"rendered":"Convers\u00e3o n\u00e3o \u00e9 mudar de religi\u00e3o, \u00e9 mudar de vida"},"content":{"rendered":"<p>Defender os marginalizados, os abandonados, os discriminados n\u00e3o \u00e9 teologia da liberta\u00e7\u00e3o, \u00e9 teologia crist\u00e3, \u00e9 ess\u00eancia do cristianismo. N\u00e3o se preocupe em saber de qual teologia voc\u00ea \u00e9, se preocupe se voc\u00ea \u00e9 seguidor de Jesus, se voc\u00ea defende a vida. Assista \u00e0 mensagem do Pe. Julio Lancellotti inspirada no canto &#8220;Eis o tempo de convers\u00e3o&#8221;.<\/p>\n<p><iframe loading=\"lazy\" width=\"700\" height=\"394\" src=\"https:\/\/www.youtube.com\/embed\/iVda-Xc4IKU?rel=0\" frameborder=\"0\" allow=\"accelerometer; autoplay; clipboard-write; encrypted-media; gyroscope; picture-in-picture\" allowfullscreen><\/iframe><\/p>\n<div id=\"themify_builder_content-106451\" data-postid=\"106451\" class=\"themify_builder_content themify_builder_content-106451 themify_builder themify_builder_front\">\n\t<\/div>\n<!-- \/themify_builder_content -->","protected":false},"excerpt":{"rendered":"<p>N\u00e3o se preocupe em saber de qual teologia voc\u00ea \u00e9, se preocupe se voc\u00ea \u00e9 seguidor de Jesus. Assista \u00e0 mensagem do Pe. Julio inspirada no canto &#8220;Eis o tempo de convers\u00e3o&#8221;<\/p>\n","protected":false},"author":5,"featured_media":106452,"comment_status":"open","ping_status":"open","sticky":false,"template":"","format":"standard","meta":{"ngg_post_thumbnail":0,"footnotes":""},"categories":[3,8,280],"tags":[],"yoast_head":"<!-- This site is optimized with the Yoast SEO plugin v23.5 - https:\/\/yoast.com\/wordpress\/plugins\/seo\/ -->\n<title>Convers\u00e3o n\u00e3o \u00e9 mudar de religi\u00e3o, \u00e9 mudar de vida - O Arcanjo no ar<\/title>\n<meta name=\"robots\" content=\"index, follow, max-snippet:-1, max-image-preview:large, max-video-preview:-1\" \/>\n<link rel=\"canonical\" href=\"https:\/\/www.oarcanjo.net\/site\/conversao-nao-e-mudar-de-religiao-e-mudar-de-vida\/\" \/>\n<meta property=\"og:locale\" content=\"pt_BR\" \/>\n<meta property=\"og:type\" content=\"article\" \/>\n<meta property=\"og:title\" content=\"Convers\u00e3o n\u00e3o \u00e9 mudar de religi\u00e3o, \u00e9 mudar de vida - O Arcanjo no ar\" \/>\n<meta property=\"og:description\" content=\"N\u00e3o se preocupe em saber de qual teologia voc\u00ea \u00e9, se preocupe se voc\u00ea \u00e9 seguidor de Jesus. Assista \u00e0 mensagem do Pe. Julio inspirada no canto &quot;Eis o tempo de convers\u00e3o&quot;\" \/>\n<meta property=\"og:url\" content=\"https:\/\/www.oarcanjo.net\/site\/conversao-nao-e-mudar-de-religiao-e-mudar-de-vida\/\" \/>\n<meta property=\"og:site_name\" content=\"O Arcanjo no ar\" \/>\n<meta property=\"article:publisher\" content=\"https:\/\/www.facebook.com\/OArcanjoNoAr\/\" \/>\n<meta property=\"article:published_time\" content=\"2021-02-28T18:25:12+00:00\" \/>\n<meta property=\"article:modified_time\" content=\"2021-02-28T19:30:13+00:00\" \/>\n<meta property=\"og:image\" content=\"https:\/\/www.oarcanjo.net\/site\/wp-content\/uploads\/20210228Canto01.png\" \/>\n\t<meta property=\"og:image:width\" content=\"1245\" \/>\n\t<meta property=\"og:image:height\" content=\"702\" \/>\n\t<meta property=\"og:image:type\" content=\"image\/png\" \/>\n<meta name=\"author\" content=\"editor\" \/>\n<meta name=\"twitter:card\" content=\"summary_large_image\" \/>\n<meta name=\"twitter:label1\" content=\"Escrito por\" \/>\n\t<meta name=\"twitter:data1\" content=\"editor\" \/>\n<script type=\"application\/ld+json\" class=\"yoast-schema-graph\">{\"@context\":\"https:\/\/schema.org\",\"@graph\":[{\"@type\":\"Article\",\"@id\":\"https:\/\/www.oarcanjo.net\/site\/conversao-nao-e-mudar-de-religiao-e-mudar-de-vida\/#article\",\"isPartOf\":{\"@id\":\"https:\/\/www.oarcanjo.net\/site\/conversao-nao-e-mudar-de-religiao-e-mudar-de-vida\/\"},\"author\":{\"name\":\"editor\",\"@id\":\"https:\/\/www.oarcanjo.net\/site\/#\/schema\/person\/f7024d007863202483a31326673a0838\"},\"headline\":\"Convers\u00e3o n\u00e3o \u00e9 mudar de religi\u00e3o, \u00e9 mudar de vida\",\"datePublished\":\"2021-02-28T18:25:12+00:00\",\"dateModified\":\"2021-02-28T19:30:13+00:00\",\"mainEntityOfPage\":{\"@id\":\"https:\/\/www.oarcanjo.net\/site\/conversao-nao-e-mudar-de-religiao-e-mudar-de-vida\/\"},\"wordCount\":67,\"commentCount\":0,\"publisher\":{\"@id\":\"https:\/\/www.oarcanjo.net\/site\/#organization\"},\"image\":{\"@id\":\"https:\/\/www.oarcanjo.net\/site\/conversao-nao-e-mudar-de-religiao-e-mudar-de-vida\/#primaryimage\"},\"thumbnailUrl\":\"https:\/\/www.oarcanjo.net\/site\/wp-content\/uploads\/20210228Canto01.png\",\"articleSection\":[\"Destaques\",\"Not\u00edcias\",\"V\u00eddeos\"],\"inLanguage\":\"pt-BR\",\"potentialAction\":[{\"@type\":\"CommentAction\",\"name\":\"Comment\",\"target\":[\"https:\/\/www.oarcanjo.net\/site\/conversao-nao-e-mudar-de-religiao-e-mudar-de-vida\/#respond\"]}]},{\"@type\":\"WebPage\",\"@id\":\"https:\/\/www.oarcanjo.net\/site\/conversao-nao-e-mudar-de-religiao-e-mudar-de-vida\/\",\"url\":\"https:\/\/www.oarcanjo.net\/site\/conversao-nao-e-mudar-de-religiao-e-mudar-de-vida\/\",\"name\":\"Convers\u00e3o n\u00e3o \u00e9 mudar de religi\u00e3o, \u00e9 mudar de vida - O Arcanjo no ar\",\"isPartOf\":{\"@id\":\"https:\/\/www.oarcanjo.net\/site\/#website\"},\"primaryImageOfPage\":{\"@id\":\"https:\/\/www.oarcanjo.net\/site\/conversao-nao-e-mudar-de-religiao-e-mudar-de-vida\/#primaryimage\"},\"image\":{\"@id\":\"https:\/\/www.oarcanjo.net\/site\/conversao-nao-e-mudar-de-religiao-e-mudar-de-vida\/#primaryimage\"},\"thumbnailUrl\":\"https:\/\/www.oarcanjo.net\/site\/wp-content\/uploads\/20210228Canto01.png\",\"datePublished\":\"2021-02-28T18:25:12+00:00\",\"dateModified\":\"2021-02-28T19:30:13+00:00\",\"breadcrumb\":{\"@id\":\"https:\/\/www.oarcanjo.net\/site\/conversao-nao-e-mudar-de-religiao-e-mudar-de-vida\/#breadcrumb\"},\"inLanguage\":\"pt-BR\",\"potentialAction\":[{\"@type\":\"ReadAction\",\"target\":[\"https:\/\/www.oarcanjo.net\/site\/conversao-nao-e-mudar-de-religiao-e-mudar-de-vida\/\"]}]},{\"@type\":\"ImageObject\",\"inLanguage\":\"pt-BR\",\"@id\":\"https:\/\/www.oarcanjo.net\/site\/conversao-nao-e-mudar-de-religiao-e-mudar-de-vida\/#primaryimage\",\"url\":\"https:\/\/www.oarcanjo.net\/site\/wp-content\/uploads\/20210228Canto01.png\",\"contentUrl\":\"https:\/\/www.oarcanjo.net\/site\/wp-content\/uploads\/20210228Canto01.png\",\"width\":1245,\"height\":702},{\"@type\":\"BreadcrumbList\",\"@id\":\"https:\/\/www.oarcanjo.net\/site\/conversao-nao-e-mudar-de-religiao-e-mudar-de-vida\/#breadcrumb\",\"itemListElement\":[{\"@type\":\"ListItem\",\"position\":1,\"name\":\"In\u00edcio\",\"item\":\"https:\/\/www.oarcanjo.net\/site\/\"},{\"@type\":\"ListItem\",\"position\":2,\"name\":\"Convers\u00e3o n\u00e3o \u00e9 mudar de religi\u00e3o, \u00e9 mudar de vida\"}]},{\"@type\":\"WebSite\",\"@id\":\"https:\/\/www.oarcanjo.net\/site\/#website\",\"url\":\"https:\/\/www.oarcanjo.net\/site\/\",\"name\":\"O Arcanjo no ar\",\"description\":\"Site da Par\u00f3quia S\u00e3o Miguel Arcanjo (Arquidiocese de SP)\",\"publisher\":{\"@id\":\"https:\/\/www.oarcanjo.net\/site\/#organization\"},\"potentialAction\":[{\"@type\":\"SearchAction\",\"target\":{\"@type\":\"EntryPoint\",\"urlTemplate\":\"https:\/\/www.oarcanjo.net\/site\/?s={search_term_string}\"},\"query-input\":{\"@type\":\"PropertyValueSpecification\",\"valueRequired\":true,\"valueName\":\"search_term_string\"}}],\"inLanguage\":\"pt-BR\"},{\"@type\":\"Organization\",\"@id\":\"https:\/\/www.oarcanjo.net\/site\/#organization\",\"name\":\"Par\u00f3quia S\u00e3o Miguel Arcanjo\",\"url\":\"https:\/\/www.oarcanjo.net\/site\/\",\"logo\":{\"@type\":\"ImageObject\",\"inLanguage\":\"pt-BR\",\"@id\":\"https:\/\/www.oarcanjo.net\/site\/#\/schema\/logo\/image\/\",\"url\":\"https:\/\/www.oarcanjo.net\/site\/wp-content\/uploads\/LogoOArcanjo.png\",\"contentUrl\":\"https:\/\/www.oarcanjo.net\/site\/wp-content\/uploads\/LogoOArcanjo.png\",\"width\":319,\"height\":99,\"caption\":\"Par\u00f3quia S\u00e3o Miguel Arcanjo\"},\"image\":{\"@id\":\"https:\/\/www.oarcanjo.net\/site\/#\/schema\/logo\/image\/\"},\"sameAs\":[\"https:\/\/www.facebook.com\/OArcanjoNoAr\/\"]},{\"@type\":\"Person\",\"@id\":\"https:\/\/www.oarcanjo.net\/site\/#\/schema\/person\/f7024d007863202483a31326673a0838\",\"name\":\"editor\",\"sameAs\":[\"http:\/\/www.oarcanjo.net\"]}]}<\/script>\n<!-- \/ Yoast SEO plugin. -->","yoast_head_json":{"title":"Convers\u00e3o n\u00e3o \u00e9 mudar de religi\u00e3o, \u00e9 mudar de vida - O Arcanjo no ar","robots":{"index":"index","follow":"follow","max-snippet":"max-snippet:-1","max-image-preview":"max-image-preview:large","max-video-preview":"max-video-preview:-1"},"canonical":"https:\/\/www.oarcanjo.net\/site\/conversao-nao-e-mudar-de-religiao-e-mudar-de-vida\/","og_locale":"pt_BR","og_type":"article","og_title":"Convers\u00e3o n\u00e3o \u00e9 mudar de religi\u00e3o, \u00e9 mudar de vida - O Arcanjo no ar","og_description":"N\u00e3o se preocupe em saber de qual teologia voc\u00ea \u00e9, se preocupe se voc\u00ea \u00e9 seguidor de Jesus. Assista \u00e0 mensagem do Pe. Julio inspirada no canto \"Eis o tempo de convers\u00e3o\"","og_url":"https:\/\/www.oarcanjo.net\/site\/conversao-nao-e-mudar-de-religiao-e-mudar-de-vida\/","og_site_name":"O Arcanjo no ar","article_publisher":"https:\/\/www.facebook.com\/OArcanjoNoAr\/","article_published_time":"2021-02-28T18:25:12+00:00","article_modified_time":"2021-02-28T19:30:13+00:00","og_image":[{"width":1245,"height":702,"url":"https:\/\/www.oarcanjo.net\/site\/wp-content\/uploads\/20210228Canto01.png","type":"image\/png"}],"author":"editor","twitter_card":"summary_large_image","twitter_misc":{"Escrito por":"editor"},"schema":{"@context":"https:\/\/schema.org","@graph":[{"@type":"Article","@id":"https:\/\/www.oarcanjo.net\/site\/conversao-nao-e-mudar-de-religiao-e-mudar-de-vida\/#article","isPartOf":{"@id":"https:\/\/www.oarcanjo.net\/site\/conversao-nao-e-mudar-de-religiao-e-mudar-de-vida\/"},"author":{"name":"editor","@id":"https:\/\/www.oarcanjo.net\/site\/#\/schema\/person\/f7024d007863202483a31326673a0838"},"headline":"Convers\u00e3o n\u00e3o \u00e9 mudar de religi\u00e3o, \u00e9 mudar de vida","datePublished":"2021-02-28T18:25:12+00:00","dateModified":"2021-02-28T19:30:13+00:00","mainEntityOfPage":{"@id":"https:\/\/www.oarcanjo.net\/site\/conversao-nao-e-mudar-de-religiao-e-mudar-de-vida\/"},"wordCount":67,"commentCount":0,"publisher":{"@id":"https:\/\/www.oarcanjo.net\/site\/#organization"},"image":{"@id":"https:\/\/www.oarcanjo.net\/site\/conversao-nao-e-mudar-de-religiao-e-mudar-de-vida\/#primaryimage"},"thumbnailUrl":"https:\/\/www.oarcanjo.net\/site\/wp-content\/uploads\/20210228Canto01.png","articleSection":["Destaques","Not\u00edcias","V\u00eddeos"],"inLanguage":"pt-BR","potentialAction":[{"@type":"CommentAction","name":"Comment","target":["https:\/\/www.oarcanjo.net\/site\/conversao-nao-e-mudar-de-religiao-e-mudar-de-vida\/#respond"]}]},{"@type":"WebPage","@id":"https:\/\/www.oarcanjo.net\/site\/conversao-nao-e-mudar-de-religiao-e-mudar-de-vida\/","url":"https:\/\/www.oarcanjo.net\/site\/conversao-nao-e-mudar-de-religiao-e-mudar-de-vida\/","name":"Convers\u00e3o n\u00e3o \u00e9 mudar de religi\u00e3o, \u00e9 mudar de vida - O Arcanjo no ar","isPartOf":{"@id":"https:\/\/www.oarcanjo.net\/site\/#website"},"primaryImageOfPage":{"@id":"https:\/\/www.oarcanjo.net\/site\/conversao-nao-e-mudar-de-religiao-e-mudar-de-vida\/#primaryimage"},"image":{"@id":"https:\/\/www.oarcanjo.net\/site\/conversao-nao-e-mudar-de-religiao-e-mudar-de-vida\/#primaryimage"},"thumbnailUrl":"https:\/\/www.oarcanjo.net\/site\/wp-content\/uploads\/20210228Canto01.png","datePublished":"2021-02-28T18:25:12+00:00","dateModified":"2021-02-28T19:30:13+00:00","breadcrumb":{"@id":"https:\/\/www.oarcanjo.net\/site\/conversao-nao-e-mudar-de-religiao-e-mudar-de-vida\/#breadcrumb"},"inLanguage":"pt-BR","potentialAction":[{"@type":"ReadAction","target":["https:\/\/www.oarcanjo.net\/site\/conversao-nao-e-mudar-de-religiao-e-mudar-de-vida\/"]}]},{"@type":"ImageObject","inLanguage":"pt-BR","@id":"https:\/\/www.oarcanjo.net\/site\/conversao-nao-e-mudar-de-religiao-e-mudar-de-vida\/#primaryimage","url":"https:\/\/www.oarcanjo.net\/site\/wp-content\/uploads\/20210228Canto01.png","contentUrl":"https:\/\/www.oarcanjo.net\/site\/wp-content\/uploads\/20210228Canto01.png","width":1245,"height":702},{"@type":"BreadcrumbList","@id":"https:\/\/www.oarcanjo.net\/site\/conversao-nao-e-mudar-de-religiao-e-mudar-de-vida\/#breadcrumb","itemListElement":[{"@type":"ListItem","position":1,"name":"In\u00edcio","item":"https:\/\/www.oarcanjo.net\/site\/"},{"@type":"ListItem","position":2,"name":"Convers\u00e3o n\u00e3o \u00e9 mudar de religi\u00e3o, \u00e9 mudar de vida"}]},{"@type":"WebSite","@id":"https:\/\/www.oarcanjo.net\/site\/#website","url":"https:\/\/www.oarcanjo.net\/site\/","name":"O Arcanjo no ar","description":"Site da Par\u00f3quia S\u00e3o Miguel Arcanjo (Arquidiocese de SP)","publisher":{"@id":"https:\/\/www.oarcanjo.net\/site\/#organization"},"potentialAction":[{"@type":"SearchAction","target":{"@type":"EntryPoint","urlTemplate":"https:\/\/www.oarcanjo.net\/site\/?s={search_term_string}"},"query-input":{"@type":"PropertyValueSpecification","valueRequired":true,"valueName":"search_term_string"}}],"inLanguage":"pt-BR"},{"@type":"Organization","@id":"https:\/\/www.oarcanjo.net\/site\/#organization","name":"Par\u00f3quia S\u00e3o Miguel Arcanjo","url":"https:\/\/www.oarcanjo.net\/site\/","logo":{"@type":"ImageObject","inLanguage":"pt-BR","@id":"https:\/\/www.oarcanjo.net\/site\/#\/schema\/logo\/image\/","url":"https:\/\/www.oarcanjo.net\/site\/wp-content\/uploads\/LogoOArcanjo.png","contentUrl":"https:\/\/www.oarcanjo.net\/site\/wp-content\/uploads\/LogoOArcanjo.png","width":319,"height":99,"caption":"Par\u00f3quia S\u00e3o Miguel Arcanjo"},"image":{"@id":"https:\/\/www.oarcanjo.net\/site\/#\/schema\/logo\/image\/"},"sameAs":["https:\/\/www.facebook.com\/OArcanjoNoAr\/"]},{"@type":"Person","@id":"https:\/\/www.oarcanjo.net\/site\/#\/schema\/person\/f7024d007863202483a31326673a0838","name":"editor","sameAs":["http:\/\/www.oarcanjo.net"]}]}},"publishpress_future_action":{"enabled":false,"date":"2026-05-08 21:26:44","action":"category","newStatus":"draft","terms":[],"taxonomy":"category"},"publishpress_future_workflow_manual_trigger":{"enabledWorkflows":[]},"_links":{"self":[{"href":"https:\/\/www.oarcanjo.net\/site\/wp-json\/wp\/v2\/posts\/106451"}],"collection":[{"href":"https:\/\/www.oarcanjo.net\/site\/wp-json\/wp\/v2\/posts"}],"about":[{"href":"https:\/\/www.oarcanjo.net\/site\/wp-json\/wp\/v2\/types\/post"}],"author":[{"embeddable":true,"href":"https:\/\/www.oarcanjo.net\/site\/wp-json\/wp\/v2\/users\/5"}],"replies":[{"embeddable":true,"href":"https:\/\/www.oarcanjo.net\/site\/wp-json\/wp\/v2\/comments?post=106451"}],"version-history":[{"count":2,"href":"https:\/\/www.oarcanjo.net\/site\/wp-json\/wp\/v2\/posts\/106451\/revisions"}],"predecessor-version":[{"id":106454,"href":"https:\/\/www.oarcanjo.net\/site\/wp-json\/wp\/v2\/posts\/106451\/revisions\/106454"}],"wp:featuredmedia":[{"embeddable":true,"href":"https:\/\/www.oarcanjo.net\/site\/wp-json\/wp\/v2\/media\/106452"}],"wp:attachment":[{"href":"https:\/\/www.oarcanjo.net\/site\/wp-json\/wp\/v2\/media?parent=106451"}],"wp:term":[{"taxonomy":"category","embeddable":true,"href":"https:\/\/www.oarcanjo.net\/site\/wp-json\/wp\/v2\/categories?post=106451"},{"taxonomy":"post_tag","embeddable":true,"href":"https:\/\/www.oarcanjo.net\/site\/wp-json\/wp\/v2\/tags?post=106451"}],"curies":[{"name":"wp","href":"https:\/\/api.w.org\/{rel}","templated":true}]}}