
{"id":10646,"date":"2018-08-27T00:57:58","date_gmt":"2018-08-27T03:57:58","guid":{"rendered":"http:\/\/www.oarcanjo.net\/site\/?p=10646"},"modified":"2018-06-25T08:15:27","modified_gmt":"2018-06-25T11:15:27","slug":"dom-helder-camara-sacerdote","status":"publish","type":"post","link":"https:\/\/www.oarcanjo.net\/site\/dom-helder-camara-sacerdote\/","title":{"rendered":"Dom Helder Camara &#8211; Sacerdote"},"content":{"rendered":"<p><img loading=\"lazy\" decoding=\"async\" src=\"http:\/\/argemiroferreira.files.wordpress.com\/2009\/09\/camara_helder.jpg\" alt=\"\" width=\"326\" height=\"468\" \/><img loading=\"lazy\" decoding=\"async\" src=\"http:\/\/3.bp.blogspot.com\/_9qHzlJ2hzJ8\/Rdt6sXakZaI\/AAAAAAAAARM\/Q4eRCl_ZD6g\/s400\/camara.jpg\" alt=\"\" width=\"269\" height=\"400\" \/><\/p>\n<p>27 de Agosto<\/p>\n<p>Helder Pessoa Camara nasceu na cidade de Fortaleza, Brasil, no dia 7 de fevereiro de 1909. A sua fam\u00edlia era simples e cat\u00f3lica, seus pais tiveram treze filhos e ele era o d\u00e9cimo primeiro. Sua voca\u00e7\u00e3o religiosa despontou na tenra idade, por influ\u00eancia da Escola dos Padres Lazaristas de Fortaleza, tamb\u00e9m conhecida como Semin\u00e1rio da Prainha de S\u00e3o Jos\u00e9. Aos quatorze anos de idade, ingressou naquele semin\u00e1rio, onde estudou filosofia e teologia. Foi t\u00e3o brilhante que a Santa S\u00e9 autorizou sua ordena\u00e7\u00e3o sacerdotal em 1931.<\/p>\n<p>No dia da Assun\u00e7\u00e3o de Nossa Senhora, Helder foi consagrado sacerdote e celebrou sua primeira missa no dia seguinte, com apenas vinte e dois anos de idade. Logo foi nomeado diretor do Departamento de Educa\u00e7\u00e3o do Estado do Cear\u00e1. Cinco anos depois, foi transferido para o Rio de Janeiro, onde morou e trabalhou por vinte e oito anos.<\/p>\n<p>Em 1952, a Confer\u00eancia Nacional dos Bispos do Brasil &#8211; CNBB elegeu-o bispo auxiliar do Rio de Janeiro. Exerceu o cargo de secret\u00e1rio-geral da CNBB, implantou os ideais da organiza\u00e7\u00e3o, promoveu a intera\u00e7\u00e3o entre os bispos do Brasil, participou de congressos para atualiza\u00e7\u00e3o e adapta\u00e7\u00e3o da Igreja Cat\u00f3lica aos tempos modernos, sobretudo integrando a Igreja na luta em defesa da justi\u00e7a e da cidadania.<\/p>\n<p>Dom Helder Camara foi nomeado arcebispo de Olinda e Recife em 1964, cargo em que ficou por vinte anos. Nessa \u00e9poca, o Brasil vivia em plena ditadura militar. Como sacerdote representante da Igreja Cat\u00f3lica, dom Helder p\u00f4de levantar a sua voz em defesa da comunidade sem vez e sem voz na escala social. Teve como ide\u00e1rio, nas suas prega\u00e7\u00f5es, a luta pela f\u00e9 crist\u00e3 e a caridade aos pobres e oprimidos. Passou a sofrer retalia\u00e7\u00f5es e persegui\u00e7\u00f5es, ficando sem ter acesso \u00e0 m\u00eddia e impedido de divulgar suas mensagens durante todo o per\u00edodo ditatorial. Apesar de tudo, a personalidade de dom Helder ganhava, cada vez mais, dimens\u00e3o no Brasil e no exterior.<\/p>\n<p>Ele criou projetos e organiza\u00e7\u00f5es pastorais destinadas a atender as comunidades do Nordeste, que viviam em situa\u00e7\u00e3o de mis\u00e9ria. No final do s\u00e9culo XX, com o apoio de institui\u00e7\u00f5es filantr\u00f3picas, lan\u00e7ou, oficialmente, a campanha &#8220;Ano 2000 sem Mis\u00e9ria&#8221;. Para dom Helder, era constrangedor que, \u00e0s v\u00e9speras do segundo mil\u00eanio do nascimento de Jesus Cristo, milhares de pessoas ainda vivessem na total mis\u00e9ria.<\/p>\n<p>Dom Helder escreveu diversos livros, que foram traduzidos em mais de trinta idiomas. Recebeu cerca de seiscentas condecora\u00e7\u00f5es e trinta e dois t\u00edtulos de doutor honoris causa. Diversas cidades brasileiras concederam-lhe o t\u00edtulo de cidad\u00e3o honor\u00e1rio.<\/p>\n<p>No dia 27 de agosto de 1999, o arcebispo dom Helder Camara morreu. Ele ser\u00e1 lembrado, na hist\u00f3ria da Igreja Cat\u00f3lica, como um ap\u00f3stolo que soube honrar o Brasil e usar seu carisma de defensor da paz e da justi\u00e7a para os filhos de Deus.<\/p>\n<div id=\"themify_builder_content-10646\" data-postid=\"10646\" class=\"themify_builder_content themify_builder_content-10646 themify_builder themify_builder_front\">\n\t<\/div>\n<!-- \/themify_builder_content -->","protected":false},"excerpt":{"rendered":"<p>27 de Agosto Helder Pessoa Camara nasceu na cidade de Fortaleza, Brasil, no dia 7 de fevereiro de 1909. A sua fam\u00edlia era simples e cat\u00f3lica, seus pais tiveram treze filhos e ele era o d\u00e9cimo primeiro. Sua voca\u00e7\u00e3o religiosa despontou na tenra idade, por influ\u00eancia da Escola dos Padres Lazaristas de Fortaleza, tamb\u00e9m conhecida [&hellip;]<\/p>\n","protected":false},"author":14,"featured_media":0,"comment_status":"open","ping_status":"open","sticky":false,"template":"","format":"standard","meta":{"ngg_post_thumbnail":0,"footnotes":""},"categories":[186],"tags":[],"yoast_head":"<!-- This site is optimized with the Yoast SEO plugin v23.5 - https:\/\/yoast.com\/wordpress\/plugins\/seo\/ -->\n<title>Dom Helder Camara - Sacerdote - O Arcanjo no ar<\/title>\n<meta name=\"robots\" content=\"index, follow, max-snippet:-1, max-image-preview:large, max-video-preview:-1\" \/>\n<link rel=\"canonical\" href=\"https:\/\/www.oarcanjo.net\/site\/dom-helder-camara-sacerdote\/\" \/>\n<meta property=\"og:locale\" content=\"pt_BR\" \/>\n<meta property=\"og:type\" content=\"article\" \/>\n<meta property=\"og:title\" content=\"Dom Helder Camara - Sacerdote - O Arcanjo no ar\" \/>\n<meta property=\"og:description\" content=\"27 de Agosto Helder Pessoa Camara nasceu na cidade de Fortaleza, Brasil, no dia 7 de fevereiro de 1909. A sua fam\u00edlia era simples e cat\u00f3lica, seus pais tiveram treze filhos e ele era o d\u00e9cimo primeiro. Sua voca\u00e7\u00e3o religiosa despontou na tenra idade, por influ\u00eancia da Escola dos Padres Lazaristas de Fortaleza, tamb\u00e9m conhecida [&hellip;]\" \/>\n<meta property=\"og:url\" content=\"https:\/\/www.oarcanjo.net\/site\/dom-helder-camara-sacerdote\/\" \/>\n<meta property=\"og:site_name\" content=\"O Arcanjo no ar\" \/>\n<meta property=\"article:publisher\" content=\"https:\/\/www.facebook.com\/OArcanjoNoAr\/\" \/>\n<meta property=\"article:published_time\" content=\"2018-08-27T03:57:58+00:00\" \/>\n<meta property=\"article:modified_time\" content=\"2018-06-25T11:15:27+00:00\" \/>\n<meta property=\"og:image\" content=\"http:\/\/argemiroferreira.files.wordpress.com\/2009\/09\/camara_helder.jpg\" \/>\n<meta name=\"author\" content=\"danilo\" \/>\n<meta name=\"twitter:card\" content=\"summary_large_image\" \/>\n<meta name=\"twitter:label1\" content=\"Escrito por\" \/>\n\t<meta name=\"twitter:data1\" content=\"danilo\" \/>\n\t<meta name=\"twitter:label2\" content=\"Est. tempo de leitura\" \/>\n\t<meta name=\"twitter:data2\" content=\"3 minutos\" \/>\n<script type=\"application\/ld+json\" class=\"yoast-schema-graph\">{\"@context\":\"https:\/\/schema.org\",\"@graph\":[{\"@type\":\"Article\",\"@id\":\"https:\/\/www.oarcanjo.net\/site\/dom-helder-camara-sacerdote\/#article\",\"isPartOf\":{\"@id\":\"https:\/\/www.oarcanjo.net\/site\/dom-helder-camara-sacerdote\/\"},\"author\":{\"name\":\"danilo\",\"@id\":\"https:\/\/www.oarcanjo.net\/site\/#\/schema\/person\/5eb9480bedd2f3c97e430ce128c29c6c\"},\"headline\":\"Dom Helder Camara &#8211; Sacerdote\",\"datePublished\":\"2018-08-27T03:57:58+00:00\",\"dateModified\":\"2018-06-25T11:15:27+00:00\",\"mainEntityOfPage\":{\"@id\":\"https:\/\/www.oarcanjo.net\/site\/dom-helder-camara-sacerdote\/\"},\"wordCount\":510,\"commentCount\":0,\"publisher\":{\"@id\":\"https:\/\/www.oarcanjo.net\/site\/#organization\"},\"image\":{\"@id\":\"https:\/\/www.oarcanjo.net\/site\/dom-helder-camara-sacerdote\/#primaryimage\"},\"thumbnailUrl\":\"http:\/\/argemiroferreira.files.wordpress.com\/2009\/09\/camara_helder.jpg\",\"articleSection\":[\"Testemunhos\"],\"inLanguage\":\"pt-BR\",\"potentialAction\":[{\"@type\":\"CommentAction\",\"name\":\"Comment\",\"target\":[\"https:\/\/www.oarcanjo.net\/site\/dom-helder-camara-sacerdote\/#respond\"]}]},{\"@type\":\"WebPage\",\"@id\":\"https:\/\/www.oarcanjo.net\/site\/dom-helder-camara-sacerdote\/\",\"url\":\"https:\/\/www.oarcanjo.net\/site\/dom-helder-camara-sacerdote\/\",\"name\":\"Dom Helder Camara - Sacerdote - O Arcanjo no ar\",\"isPartOf\":{\"@id\":\"https:\/\/www.oarcanjo.net\/site\/#website\"},\"primaryImageOfPage\":{\"@id\":\"https:\/\/www.oarcanjo.net\/site\/dom-helder-camara-sacerdote\/#primaryimage\"},\"image\":{\"@id\":\"https:\/\/www.oarcanjo.net\/site\/dom-helder-camara-sacerdote\/#primaryimage\"},\"thumbnailUrl\":\"http:\/\/argemiroferreira.files.wordpress.com\/2009\/09\/camara_helder.jpg\",\"datePublished\":\"2018-08-27T03:57:58+00:00\",\"dateModified\":\"2018-06-25T11:15:27+00:00\",\"breadcrumb\":{\"@id\":\"https:\/\/www.oarcanjo.net\/site\/dom-helder-camara-sacerdote\/#breadcrumb\"},\"inLanguage\":\"pt-BR\",\"potentialAction\":[{\"@type\":\"ReadAction\",\"target\":[\"https:\/\/www.oarcanjo.net\/site\/dom-helder-camara-sacerdote\/\"]}]},{\"@type\":\"ImageObject\",\"inLanguage\":\"pt-BR\",\"@id\":\"https:\/\/www.oarcanjo.net\/site\/dom-helder-camara-sacerdote\/#primaryimage\",\"url\":\"http:\/\/argemiroferreira.files.wordpress.com\/2009\/09\/camara_helder.jpg\",\"contentUrl\":\"http:\/\/argemiroferreira.files.wordpress.com\/2009\/09\/camara_helder.jpg\"},{\"@type\":\"BreadcrumbList\",\"@id\":\"https:\/\/www.oarcanjo.net\/site\/dom-helder-camara-sacerdote\/#breadcrumb\",\"itemListElement\":[{\"@type\":\"ListItem\",\"position\":1,\"name\":\"In\u00edcio\",\"item\":\"https:\/\/www.oarcanjo.net\/site\/\"},{\"@type\":\"ListItem\",\"position\":2,\"name\":\"Dom Helder Camara &#8211; Sacerdote\"}]},{\"@type\":\"WebSite\",\"@id\":\"https:\/\/www.oarcanjo.net\/site\/#website\",\"url\":\"https:\/\/www.oarcanjo.net\/site\/\",\"name\":\"O Arcanjo no ar\",\"description\":\"Site da Par\u00f3quia S\u00e3o Miguel Arcanjo (Arquidiocese de SP)\",\"publisher\":{\"@id\":\"https:\/\/www.oarcanjo.net\/site\/#organization\"},\"potentialAction\":[{\"@type\":\"SearchAction\",\"target\":{\"@type\":\"EntryPoint\",\"urlTemplate\":\"https:\/\/www.oarcanjo.net\/site\/?s={search_term_string}\"},\"query-input\":{\"@type\":\"PropertyValueSpecification\",\"valueRequired\":true,\"valueName\":\"search_term_string\"}}],\"inLanguage\":\"pt-BR\"},{\"@type\":\"Organization\",\"@id\":\"https:\/\/www.oarcanjo.net\/site\/#organization\",\"name\":\"Par\u00f3quia S\u00e3o Miguel Arcanjo\",\"url\":\"https:\/\/www.oarcanjo.net\/site\/\",\"logo\":{\"@type\":\"ImageObject\",\"inLanguage\":\"pt-BR\",\"@id\":\"https:\/\/www.oarcanjo.net\/site\/#\/schema\/logo\/image\/\",\"url\":\"https:\/\/www.oarcanjo.net\/site\/wp-content\/uploads\/LogoOArcanjo.png\",\"contentUrl\":\"https:\/\/www.oarcanjo.net\/site\/wp-content\/uploads\/LogoOArcanjo.png\",\"width\":319,\"height\":99,\"caption\":\"Par\u00f3quia S\u00e3o Miguel Arcanjo\"},\"image\":{\"@id\":\"https:\/\/www.oarcanjo.net\/site\/#\/schema\/logo\/image\/\"},\"sameAs\":[\"https:\/\/www.facebook.com\/OArcanjoNoAr\/\"]},{\"@type\":\"Person\",\"@id\":\"https:\/\/www.oarcanjo.net\/site\/#\/schema\/person\/5eb9480bedd2f3c97e430ce128c29c6c\",\"name\":\"danilo\"}]}<\/script>\n<!-- \/ Yoast SEO plugin. -->","yoast_head_json":{"title":"Dom Helder Camara - Sacerdote - O Arcanjo no ar","robots":{"index":"index","follow":"follow","max-snippet":"max-snippet:-1","max-image-preview":"max-image-preview:large","max-video-preview":"max-video-preview:-1"},"canonical":"https:\/\/www.oarcanjo.net\/site\/dom-helder-camara-sacerdote\/","og_locale":"pt_BR","og_type":"article","og_title":"Dom Helder Camara - Sacerdote - O Arcanjo no ar","og_description":"27 de Agosto Helder Pessoa Camara nasceu na cidade de Fortaleza, Brasil, no dia 7 de fevereiro de 1909. A sua fam\u00edlia era simples e cat\u00f3lica, seus pais tiveram treze filhos e ele era o d\u00e9cimo primeiro. Sua voca\u00e7\u00e3o religiosa despontou na tenra idade, por influ\u00eancia da Escola dos Padres Lazaristas de Fortaleza, tamb\u00e9m conhecida [&hellip;]","og_url":"https:\/\/www.oarcanjo.net\/site\/dom-helder-camara-sacerdote\/","og_site_name":"O Arcanjo no ar","article_publisher":"https:\/\/www.facebook.com\/OArcanjoNoAr\/","article_published_time":"2018-08-27T03:57:58+00:00","article_modified_time":"2018-06-25T11:15:27+00:00","og_image":[{"url":"http:\/\/argemiroferreira.files.wordpress.com\/2009\/09\/camara_helder.jpg"}],"author":"danilo","twitter_card":"summary_large_image","twitter_misc":{"Escrito por":"danilo","Est. tempo de leitura":"3 minutos"},"schema":{"@context":"https:\/\/schema.org","@graph":[{"@type":"Article","@id":"https:\/\/www.oarcanjo.net\/site\/dom-helder-camara-sacerdote\/#article","isPartOf":{"@id":"https:\/\/www.oarcanjo.net\/site\/dom-helder-camara-sacerdote\/"},"author":{"name":"danilo","@id":"https:\/\/www.oarcanjo.net\/site\/#\/schema\/person\/5eb9480bedd2f3c97e430ce128c29c6c"},"headline":"Dom Helder Camara &#8211; Sacerdote","datePublished":"2018-08-27T03:57:58+00:00","dateModified":"2018-06-25T11:15:27+00:00","mainEntityOfPage":{"@id":"https:\/\/www.oarcanjo.net\/site\/dom-helder-camara-sacerdote\/"},"wordCount":510,"commentCount":0,"publisher":{"@id":"https:\/\/www.oarcanjo.net\/site\/#organization"},"image":{"@id":"https:\/\/www.oarcanjo.net\/site\/dom-helder-camara-sacerdote\/#primaryimage"},"thumbnailUrl":"http:\/\/argemiroferreira.files.wordpress.com\/2009\/09\/camara_helder.jpg","articleSection":["Testemunhos"],"inLanguage":"pt-BR","potentialAction":[{"@type":"CommentAction","name":"Comment","target":["https:\/\/www.oarcanjo.net\/site\/dom-helder-camara-sacerdote\/#respond"]}]},{"@type":"WebPage","@id":"https:\/\/www.oarcanjo.net\/site\/dom-helder-camara-sacerdote\/","url":"https:\/\/www.oarcanjo.net\/site\/dom-helder-camara-sacerdote\/","name":"Dom Helder Camara - Sacerdote - O Arcanjo no ar","isPartOf":{"@id":"https:\/\/www.oarcanjo.net\/site\/#website"},"primaryImageOfPage":{"@id":"https:\/\/www.oarcanjo.net\/site\/dom-helder-camara-sacerdote\/#primaryimage"},"image":{"@id":"https:\/\/www.oarcanjo.net\/site\/dom-helder-camara-sacerdote\/#primaryimage"},"thumbnailUrl":"http:\/\/argemiroferreira.files.wordpress.com\/2009\/09\/camara_helder.jpg","datePublished":"2018-08-27T03:57:58+00:00","dateModified":"2018-06-25T11:15:27+00:00","breadcrumb":{"@id":"https:\/\/www.oarcanjo.net\/site\/dom-helder-camara-sacerdote\/#breadcrumb"},"inLanguage":"pt-BR","potentialAction":[{"@type":"ReadAction","target":["https:\/\/www.oarcanjo.net\/site\/dom-helder-camara-sacerdote\/"]}]},{"@type":"ImageObject","inLanguage":"pt-BR","@id":"https:\/\/www.oarcanjo.net\/site\/dom-helder-camara-sacerdote\/#primaryimage","url":"http:\/\/argemiroferreira.files.wordpress.com\/2009\/09\/camara_helder.jpg","contentUrl":"http:\/\/argemiroferreira.files.wordpress.com\/2009\/09\/camara_helder.jpg"},{"@type":"BreadcrumbList","@id":"https:\/\/www.oarcanjo.net\/site\/dom-helder-camara-sacerdote\/#breadcrumb","itemListElement":[{"@type":"ListItem","position":1,"name":"In\u00edcio","item":"https:\/\/www.oarcanjo.net\/site\/"},{"@type":"ListItem","position":2,"name":"Dom Helder Camara &#8211; Sacerdote"}]},{"@type":"WebSite","@id":"https:\/\/www.oarcanjo.net\/site\/#website","url":"https:\/\/www.oarcanjo.net\/site\/","name":"O Arcanjo no ar","description":"Site da Par\u00f3quia S\u00e3o Miguel Arcanjo (Arquidiocese de SP)","publisher":{"@id":"https:\/\/www.oarcanjo.net\/site\/#organization"},"potentialAction":[{"@type":"SearchAction","target":{"@type":"EntryPoint","urlTemplate":"https:\/\/www.oarcanjo.net\/site\/?s={search_term_string}"},"query-input":{"@type":"PropertyValueSpecification","valueRequired":true,"valueName":"search_term_string"}}],"inLanguage":"pt-BR"},{"@type":"Organization","@id":"https:\/\/www.oarcanjo.net\/site\/#organization","name":"Par\u00f3quia S\u00e3o Miguel Arcanjo","url":"https:\/\/www.oarcanjo.net\/site\/","logo":{"@type":"ImageObject","inLanguage":"pt-BR","@id":"https:\/\/www.oarcanjo.net\/site\/#\/schema\/logo\/image\/","url":"https:\/\/www.oarcanjo.net\/site\/wp-content\/uploads\/LogoOArcanjo.png","contentUrl":"https:\/\/www.oarcanjo.net\/site\/wp-content\/uploads\/LogoOArcanjo.png","width":319,"height":99,"caption":"Par\u00f3quia S\u00e3o Miguel Arcanjo"},"image":{"@id":"https:\/\/www.oarcanjo.net\/site\/#\/schema\/logo\/image\/"},"sameAs":["https:\/\/www.facebook.com\/OArcanjoNoAr\/"]},{"@type":"Person","@id":"https:\/\/www.oarcanjo.net\/site\/#\/schema\/person\/5eb9480bedd2f3c97e430ce128c29c6c","name":"danilo"}]}},"publishpress_future_action":{"enabled":false,"date":"2026-05-08 05:14:19","action":"category","newStatus":"draft","terms":[],"taxonomy":"category"},"publishpress_future_workflow_manual_trigger":{"enabledWorkflows":[]},"_links":{"self":[{"href":"https:\/\/www.oarcanjo.net\/site\/wp-json\/wp\/v2\/posts\/10646"}],"collection":[{"href":"https:\/\/www.oarcanjo.net\/site\/wp-json\/wp\/v2\/posts"}],"about":[{"href":"https:\/\/www.oarcanjo.net\/site\/wp-json\/wp\/v2\/types\/post"}],"author":[{"embeddable":true,"href":"https:\/\/www.oarcanjo.net\/site\/wp-json\/wp\/v2\/users\/14"}],"replies":[{"embeddable":true,"href":"https:\/\/www.oarcanjo.net\/site\/wp-json\/wp\/v2\/comments?post=10646"}],"version-history":[{"count":1,"href":"https:\/\/www.oarcanjo.net\/site\/wp-json\/wp\/v2\/posts\/10646\/revisions"}],"predecessor-version":[{"id":88857,"href":"https:\/\/www.oarcanjo.net\/site\/wp-json\/wp\/v2\/posts\/10646\/revisions\/88857"}],"wp:attachment":[{"href":"https:\/\/www.oarcanjo.net\/site\/wp-json\/wp\/v2\/media?parent=10646"}],"wp:term":[{"taxonomy":"category","embeddable":true,"href":"https:\/\/www.oarcanjo.net\/site\/wp-json\/wp\/v2\/categories?post=10646"},{"taxonomy":"post_tag","embeddable":true,"href":"https:\/\/www.oarcanjo.net\/site\/wp-json\/wp\/v2\/tags?post=10646"}],"curies":[{"name":"wp","href":"https:\/\/api.w.org\/{rel}","templated":true}]}}