
{"id":10648,"date":"2018-08-27T00:00:07","date_gmt":"2018-08-27T03:00:07","guid":{"rendered":"http:\/\/www.oarcanjo.net\/site\/?p=10648"},"modified":"2018-06-25T08:15:20","modified_gmt":"2018-06-25T11:15:20","slug":"santa-monica","status":"publish","type":"post","link":"https:\/\/www.oarcanjo.net\/site\/santa-monica\/","title":{"rendered":"Santa M\u00f4nica"},"content":{"rendered":"<p><img loading=\"lazy\" decoding=\"async\" src=\"http:\/\/blog.cancaonova.com\/padreanderson\/files\/2009\/08\/santa-monica.jpg\" alt=\"\" width=\"252\" height=\"360\" \/><\/p>\n<p>27 de Agosto<\/p>\n<p>M\u00f4nica nasceu em Tagaste, atual Arg\u00e9lia, na \u00c1frica, no ano 331, no seio de uma fam\u00edlia crist\u00e3. Desde muito cedo dedicou sua vida a ajudar os pobres, que visitava com freq\u00fc\u00eancia, levando o conforto por meio da Palavra de Deus. Teve uma vida muito dif\u00edcil. O marido era um jovem pag\u00e3o muito rude, de nome Patr\u00edcio, que a maltratava. M\u00f4nica suportou tudo em sil\u00eancio e mansid\u00e3o. Encontrava o consolo nas ora\u00e7\u00f5es que elevava a Cristo e \u00e0 Virgem Maria pela convers\u00e3o do esposo. E Deus recompensou sua dedica\u00e7\u00e3o, pois ela p\u00f4de assistir ao batismo do marido, que se converteu sinceramente um ano antes de morrer.<\/p>\n<p>Tiveram dois filhos, Agostinho e Nav\u00edgio, e uma filha, Perp\u00e9tua, que se tornou religiosa. Por\u00e9m Agostinho foi sua grande preocupa\u00e7\u00e3o, motivo de amarguras e muitas l\u00e1grimas. Mesmo dando bons conselhos e educando o filho nos princ\u00edpios da religi\u00e3o crist\u00e3, a vivacidade, inconst\u00e2ncia e o esp\u00edrito de insubordina\u00e7\u00e3o de Agostinho fizeram que a s\u00e1bia m\u00e3e adiasse o seu batismo, com receio que ele profanasse o sacramento.<\/p>\n<p>E teria acontecido, porque Agostinho, aos dezesseis anos, saindo de casa para continuar os estudos, tomou o caminho dos v\u00edcios. O cora\u00e7\u00e3o de M\u00f4nica sofria muito com as not\u00edcias dos desmandos do filho e por isso redobrava as ora\u00e7\u00f5es e penit\u00eancias. Certa vez, ela foi pedir os conselhos do bispo, que a consolou dizendo: &#8220;Continue a rezar, pois \u00e9 imposs\u00edvel que se perca um filho de tantas l\u00e1grimas&#8221;.<\/p>\n<p>Agostinho tornou-se um brilhante professor de ret\u00f3rica em Cartago. Mas, procurando fugir da vigil\u00e2ncia da m\u00e3e aflita, \u00e0s escondidas embarcou em um navio para Roma, e depois para Mil\u00e3o, onde conseguiu o cargo de professor oficial de ret\u00f3rica.<\/p>\n<p>M\u00f4nica, desejando a todo custo ver a recupera\u00e7\u00e3o do filho, viajou tamb\u00e9m para Mil\u00e3o, onde, aos poucos, terminou seu sofrimento. Isso porque Agostinho, no in\u00edcio por curiosidade e ret\u00f3rica, depois por interesse espiritual, tinha se tornado freq\u00fcentador dos envolventes serm\u00f5es de santo Ambr\u00f3sio. Foi assim que Agostinho se converteu e recebeu o batismo, junto com seu filho Adeodato. Assim, M\u00f4nica colhia os frutos de suas ora\u00e7\u00f5es e de suas l\u00e1grimas.<\/p>\n<p>M\u00e3e e filho decidiram voltar para a terra natal, mas, chegando ao porto de \u00d3stia, perto de Roma, M\u00f4nica adoeceu e logo depois faleceu. Era 27 de agosto de 387 e ela tinha cinq\u00fcenta e seis anos.<\/p>\n<p>O papa Alexandre III confirmou o tradicional culto a santa M\u00f4nica, em 1153, quando a proclamou Padroeira das M\u00e3es Crist\u00e3s. A sua festa deve ser celebrada no mesmo dia em que morreu. O seu corpo, venerado durante s\u00e9culos na igreja de Santa \u00c1urea, em \u00d3stia, em 1430 foi trasladado para Roma e depositado na igreja de Santo Agostinho.<\/p>\n<p><img loading=\"lazy\" decoding=\"async\" src=\"http:\/\/paroquiansconceicao.org.br\/site\/wp-content\/uploads\/2010\/03\/Santa_Monica.jpg\" alt=\"\" width=\"400\" height=\"378\" \/><\/p>\n<p>Santa M\u00f4nica<br \/>\ncom seu filho Santo Agostinho<\/p>\n<div id=\"themify_builder_content-10648\" data-postid=\"10648\" class=\"themify_builder_content themify_builder_content-10648 themify_builder themify_builder_front\">\n\t<\/div>\n<!-- \/themify_builder_content -->","protected":false},"excerpt":{"rendered":"<p>27 de Agosto M\u00f4nica nasceu em Tagaste, atual Arg\u00e9lia, na \u00c1frica, no ano 331, no seio de uma fam\u00edlia crist\u00e3. Desde muito cedo dedicou sua vida a ajudar os pobres, que visitava com freq\u00fc\u00eancia, levando o conforto por meio da Palavra de Deus. Teve uma vida muito dif\u00edcil. O marido era um jovem pag\u00e3o muito [&hellip;]<\/p>\n","protected":false},"author":14,"featured_media":0,"comment_status":"open","ping_status":"open","sticky":false,"template":"","format":"standard","meta":{"ngg_post_thumbnail":0,"footnotes":""},"categories":[186],"tags":[],"yoast_head":"<!-- This site is optimized with the Yoast SEO plugin v23.5 - https:\/\/yoast.com\/wordpress\/plugins\/seo\/ -->\n<title>Santa M\u00f4nica - O Arcanjo no ar<\/title>\n<meta name=\"robots\" content=\"index, follow, max-snippet:-1, max-image-preview:large, max-video-preview:-1\" \/>\n<link rel=\"canonical\" href=\"https:\/\/www.oarcanjo.net\/site\/santa-monica\/\" \/>\n<meta property=\"og:locale\" content=\"pt_BR\" \/>\n<meta property=\"og:type\" content=\"article\" \/>\n<meta property=\"og:title\" content=\"Santa M\u00f4nica - O Arcanjo no ar\" \/>\n<meta property=\"og:description\" content=\"27 de Agosto M\u00f4nica nasceu em Tagaste, atual Arg\u00e9lia, na \u00c1frica, no ano 331, no seio de uma fam\u00edlia crist\u00e3. Desde muito cedo dedicou sua vida a ajudar os pobres, que visitava com freq\u00fc\u00eancia, levando o conforto por meio da Palavra de Deus. Teve uma vida muito dif\u00edcil. O marido era um jovem pag\u00e3o muito [&hellip;]\" \/>\n<meta property=\"og:url\" content=\"https:\/\/www.oarcanjo.net\/site\/santa-monica\/\" \/>\n<meta property=\"og:site_name\" content=\"O Arcanjo no ar\" \/>\n<meta property=\"article:publisher\" content=\"https:\/\/www.facebook.com\/OArcanjoNoAr\/\" \/>\n<meta property=\"article:published_time\" content=\"2018-08-27T03:00:07+00:00\" \/>\n<meta property=\"article:modified_time\" content=\"2018-06-25T11:15:20+00:00\" \/>\n<meta property=\"og:image\" content=\"http:\/\/blog.cancaonova.com\/padreanderson\/files\/2009\/08\/santa-monica.jpg\" \/>\n<meta name=\"author\" content=\"danilo\" \/>\n<meta name=\"twitter:card\" content=\"summary_large_image\" \/>\n<meta name=\"twitter:label1\" content=\"Escrito por\" \/>\n\t<meta name=\"twitter:data1\" content=\"danilo\" \/>\n\t<meta name=\"twitter:label2\" content=\"Est. tempo de leitura\" \/>\n\t<meta name=\"twitter:data2\" content=\"3 minutos\" \/>\n<script type=\"application\/ld+json\" class=\"yoast-schema-graph\">{\"@context\":\"https:\/\/schema.org\",\"@graph\":[{\"@type\":\"Article\",\"@id\":\"https:\/\/www.oarcanjo.net\/site\/santa-monica\/#article\",\"isPartOf\":{\"@id\":\"https:\/\/www.oarcanjo.net\/site\/santa-monica\/\"},\"author\":{\"name\":\"danilo\",\"@id\":\"https:\/\/www.oarcanjo.net\/site\/#\/schema\/person\/5eb9480bedd2f3c97e430ce128c29c6c\"},\"headline\":\"Santa M\u00f4nica\",\"datePublished\":\"2018-08-27T03:00:07+00:00\",\"dateModified\":\"2018-06-25T11:15:20+00:00\",\"mainEntityOfPage\":{\"@id\":\"https:\/\/www.oarcanjo.net\/site\/santa-monica\/\"},\"wordCount\":505,\"commentCount\":1,\"publisher\":{\"@id\":\"https:\/\/www.oarcanjo.net\/site\/#organization\"},\"image\":{\"@id\":\"https:\/\/www.oarcanjo.net\/site\/santa-monica\/#primaryimage\"},\"thumbnailUrl\":\"http:\/\/blog.cancaonova.com\/padreanderson\/files\/2009\/08\/santa-monica.jpg\",\"articleSection\":[\"Testemunhos\"],\"inLanguage\":\"pt-BR\",\"potentialAction\":[{\"@type\":\"CommentAction\",\"name\":\"Comment\",\"target\":[\"https:\/\/www.oarcanjo.net\/site\/santa-monica\/#respond\"]}]},{\"@type\":\"WebPage\",\"@id\":\"https:\/\/www.oarcanjo.net\/site\/santa-monica\/\",\"url\":\"https:\/\/www.oarcanjo.net\/site\/santa-monica\/\",\"name\":\"Santa M\u00f4nica - O Arcanjo no ar\",\"isPartOf\":{\"@id\":\"https:\/\/www.oarcanjo.net\/site\/#website\"},\"primaryImageOfPage\":{\"@id\":\"https:\/\/www.oarcanjo.net\/site\/santa-monica\/#primaryimage\"},\"image\":{\"@id\":\"https:\/\/www.oarcanjo.net\/site\/santa-monica\/#primaryimage\"},\"thumbnailUrl\":\"http:\/\/blog.cancaonova.com\/padreanderson\/files\/2009\/08\/santa-monica.jpg\",\"datePublished\":\"2018-08-27T03:00:07+00:00\",\"dateModified\":\"2018-06-25T11:15:20+00:00\",\"breadcrumb\":{\"@id\":\"https:\/\/www.oarcanjo.net\/site\/santa-monica\/#breadcrumb\"},\"inLanguage\":\"pt-BR\",\"potentialAction\":[{\"@type\":\"ReadAction\",\"target\":[\"https:\/\/www.oarcanjo.net\/site\/santa-monica\/\"]}]},{\"@type\":\"ImageObject\",\"inLanguage\":\"pt-BR\",\"@id\":\"https:\/\/www.oarcanjo.net\/site\/santa-monica\/#primaryimage\",\"url\":\"http:\/\/blog.cancaonova.com\/padreanderson\/files\/2009\/08\/santa-monica.jpg\",\"contentUrl\":\"http:\/\/blog.cancaonova.com\/padreanderson\/files\/2009\/08\/santa-monica.jpg\"},{\"@type\":\"BreadcrumbList\",\"@id\":\"https:\/\/www.oarcanjo.net\/site\/santa-monica\/#breadcrumb\",\"itemListElement\":[{\"@type\":\"ListItem\",\"position\":1,\"name\":\"In\u00edcio\",\"item\":\"https:\/\/www.oarcanjo.net\/site\/\"},{\"@type\":\"ListItem\",\"position\":2,\"name\":\"Santa M\u00f4nica\"}]},{\"@type\":\"WebSite\",\"@id\":\"https:\/\/www.oarcanjo.net\/site\/#website\",\"url\":\"https:\/\/www.oarcanjo.net\/site\/\",\"name\":\"O Arcanjo no ar\",\"description\":\"Site da Par\u00f3quia S\u00e3o Miguel Arcanjo (Arquidiocese de SP)\",\"publisher\":{\"@id\":\"https:\/\/www.oarcanjo.net\/site\/#organization\"},\"potentialAction\":[{\"@type\":\"SearchAction\",\"target\":{\"@type\":\"EntryPoint\",\"urlTemplate\":\"https:\/\/www.oarcanjo.net\/site\/?s={search_term_string}\"},\"query-input\":{\"@type\":\"PropertyValueSpecification\",\"valueRequired\":true,\"valueName\":\"search_term_string\"}}],\"inLanguage\":\"pt-BR\"},{\"@type\":\"Organization\",\"@id\":\"https:\/\/www.oarcanjo.net\/site\/#organization\",\"name\":\"Par\u00f3quia S\u00e3o Miguel Arcanjo\",\"url\":\"https:\/\/www.oarcanjo.net\/site\/\",\"logo\":{\"@type\":\"ImageObject\",\"inLanguage\":\"pt-BR\",\"@id\":\"https:\/\/www.oarcanjo.net\/site\/#\/schema\/logo\/image\/\",\"url\":\"https:\/\/www.oarcanjo.net\/site\/wp-content\/uploads\/LogoOArcanjo.png\",\"contentUrl\":\"https:\/\/www.oarcanjo.net\/site\/wp-content\/uploads\/LogoOArcanjo.png\",\"width\":319,\"height\":99,\"caption\":\"Par\u00f3quia S\u00e3o Miguel Arcanjo\"},\"image\":{\"@id\":\"https:\/\/www.oarcanjo.net\/site\/#\/schema\/logo\/image\/\"},\"sameAs\":[\"https:\/\/www.facebook.com\/OArcanjoNoAr\/\"]},{\"@type\":\"Person\",\"@id\":\"https:\/\/www.oarcanjo.net\/site\/#\/schema\/person\/5eb9480bedd2f3c97e430ce128c29c6c\",\"name\":\"danilo\"}]}<\/script>\n<!-- \/ Yoast SEO plugin. -->","yoast_head_json":{"title":"Santa M\u00f4nica - O Arcanjo no ar","robots":{"index":"index","follow":"follow","max-snippet":"max-snippet:-1","max-image-preview":"max-image-preview:large","max-video-preview":"max-video-preview:-1"},"canonical":"https:\/\/www.oarcanjo.net\/site\/santa-monica\/","og_locale":"pt_BR","og_type":"article","og_title":"Santa M\u00f4nica - O Arcanjo no ar","og_description":"27 de Agosto M\u00f4nica nasceu em Tagaste, atual Arg\u00e9lia, na \u00c1frica, no ano 331, no seio de uma fam\u00edlia crist\u00e3. Desde muito cedo dedicou sua vida a ajudar os pobres, que visitava com freq\u00fc\u00eancia, levando o conforto por meio da Palavra de Deus. Teve uma vida muito dif\u00edcil. O marido era um jovem pag\u00e3o muito [&hellip;]","og_url":"https:\/\/www.oarcanjo.net\/site\/santa-monica\/","og_site_name":"O Arcanjo no ar","article_publisher":"https:\/\/www.facebook.com\/OArcanjoNoAr\/","article_published_time":"2018-08-27T03:00:07+00:00","article_modified_time":"2018-06-25T11:15:20+00:00","og_image":[{"url":"http:\/\/blog.cancaonova.com\/padreanderson\/files\/2009\/08\/santa-monica.jpg"}],"author":"danilo","twitter_card":"summary_large_image","twitter_misc":{"Escrito por":"danilo","Est. tempo de leitura":"3 minutos"},"schema":{"@context":"https:\/\/schema.org","@graph":[{"@type":"Article","@id":"https:\/\/www.oarcanjo.net\/site\/santa-monica\/#article","isPartOf":{"@id":"https:\/\/www.oarcanjo.net\/site\/santa-monica\/"},"author":{"name":"danilo","@id":"https:\/\/www.oarcanjo.net\/site\/#\/schema\/person\/5eb9480bedd2f3c97e430ce128c29c6c"},"headline":"Santa M\u00f4nica","datePublished":"2018-08-27T03:00:07+00:00","dateModified":"2018-06-25T11:15:20+00:00","mainEntityOfPage":{"@id":"https:\/\/www.oarcanjo.net\/site\/santa-monica\/"},"wordCount":505,"commentCount":1,"publisher":{"@id":"https:\/\/www.oarcanjo.net\/site\/#organization"},"image":{"@id":"https:\/\/www.oarcanjo.net\/site\/santa-monica\/#primaryimage"},"thumbnailUrl":"http:\/\/blog.cancaonova.com\/padreanderson\/files\/2009\/08\/santa-monica.jpg","articleSection":["Testemunhos"],"inLanguage":"pt-BR","potentialAction":[{"@type":"CommentAction","name":"Comment","target":["https:\/\/www.oarcanjo.net\/site\/santa-monica\/#respond"]}]},{"@type":"WebPage","@id":"https:\/\/www.oarcanjo.net\/site\/santa-monica\/","url":"https:\/\/www.oarcanjo.net\/site\/santa-monica\/","name":"Santa M\u00f4nica - O Arcanjo no ar","isPartOf":{"@id":"https:\/\/www.oarcanjo.net\/site\/#website"},"primaryImageOfPage":{"@id":"https:\/\/www.oarcanjo.net\/site\/santa-monica\/#primaryimage"},"image":{"@id":"https:\/\/www.oarcanjo.net\/site\/santa-monica\/#primaryimage"},"thumbnailUrl":"http:\/\/blog.cancaonova.com\/padreanderson\/files\/2009\/08\/santa-monica.jpg","datePublished":"2018-08-27T03:00:07+00:00","dateModified":"2018-06-25T11:15:20+00:00","breadcrumb":{"@id":"https:\/\/www.oarcanjo.net\/site\/santa-monica\/#breadcrumb"},"inLanguage":"pt-BR","potentialAction":[{"@type":"ReadAction","target":["https:\/\/www.oarcanjo.net\/site\/santa-monica\/"]}]},{"@type":"ImageObject","inLanguage":"pt-BR","@id":"https:\/\/www.oarcanjo.net\/site\/santa-monica\/#primaryimage","url":"http:\/\/blog.cancaonova.com\/padreanderson\/files\/2009\/08\/santa-monica.jpg","contentUrl":"http:\/\/blog.cancaonova.com\/padreanderson\/files\/2009\/08\/santa-monica.jpg"},{"@type":"BreadcrumbList","@id":"https:\/\/www.oarcanjo.net\/site\/santa-monica\/#breadcrumb","itemListElement":[{"@type":"ListItem","position":1,"name":"In\u00edcio","item":"https:\/\/www.oarcanjo.net\/site\/"},{"@type":"ListItem","position":2,"name":"Santa M\u00f4nica"}]},{"@type":"WebSite","@id":"https:\/\/www.oarcanjo.net\/site\/#website","url":"https:\/\/www.oarcanjo.net\/site\/","name":"O Arcanjo no ar","description":"Site da Par\u00f3quia S\u00e3o Miguel Arcanjo (Arquidiocese de SP)","publisher":{"@id":"https:\/\/www.oarcanjo.net\/site\/#organization"},"potentialAction":[{"@type":"SearchAction","target":{"@type":"EntryPoint","urlTemplate":"https:\/\/www.oarcanjo.net\/site\/?s={search_term_string}"},"query-input":{"@type":"PropertyValueSpecification","valueRequired":true,"valueName":"search_term_string"}}],"inLanguage":"pt-BR"},{"@type":"Organization","@id":"https:\/\/www.oarcanjo.net\/site\/#organization","name":"Par\u00f3quia S\u00e3o Miguel Arcanjo","url":"https:\/\/www.oarcanjo.net\/site\/","logo":{"@type":"ImageObject","inLanguage":"pt-BR","@id":"https:\/\/www.oarcanjo.net\/site\/#\/schema\/logo\/image\/","url":"https:\/\/www.oarcanjo.net\/site\/wp-content\/uploads\/LogoOArcanjo.png","contentUrl":"https:\/\/www.oarcanjo.net\/site\/wp-content\/uploads\/LogoOArcanjo.png","width":319,"height":99,"caption":"Par\u00f3quia S\u00e3o Miguel Arcanjo"},"image":{"@id":"https:\/\/www.oarcanjo.net\/site\/#\/schema\/logo\/image\/"},"sameAs":["https:\/\/www.facebook.com\/OArcanjoNoAr\/"]},{"@type":"Person","@id":"https:\/\/www.oarcanjo.net\/site\/#\/schema\/person\/5eb9480bedd2f3c97e430ce128c29c6c","name":"danilo"}]}},"publishpress_future_action":{"enabled":false,"date":"2026-05-08 05:14:01","action":"category","newStatus":"draft","terms":[],"taxonomy":"category"},"publishpress_future_workflow_manual_trigger":{"enabledWorkflows":[]},"_links":{"self":[{"href":"https:\/\/www.oarcanjo.net\/site\/wp-json\/wp\/v2\/posts\/10648"}],"collection":[{"href":"https:\/\/www.oarcanjo.net\/site\/wp-json\/wp\/v2\/posts"}],"about":[{"href":"https:\/\/www.oarcanjo.net\/site\/wp-json\/wp\/v2\/types\/post"}],"author":[{"embeddable":true,"href":"https:\/\/www.oarcanjo.net\/site\/wp-json\/wp\/v2\/users\/14"}],"replies":[{"embeddable":true,"href":"https:\/\/www.oarcanjo.net\/site\/wp-json\/wp\/v2\/comments?post=10648"}],"version-history":[{"count":1,"href":"https:\/\/www.oarcanjo.net\/site\/wp-json\/wp\/v2\/posts\/10648\/revisions"}],"predecessor-version":[{"id":88856,"href":"https:\/\/www.oarcanjo.net\/site\/wp-json\/wp\/v2\/posts\/10648\/revisions\/88856"}],"wp:attachment":[{"href":"https:\/\/www.oarcanjo.net\/site\/wp-json\/wp\/v2\/media?parent=10648"}],"wp:term":[{"taxonomy":"category","embeddable":true,"href":"https:\/\/www.oarcanjo.net\/site\/wp-json\/wp\/v2\/categories?post=10648"},{"taxonomy":"post_tag","embeddable":true,"href":"https:\/\/www.oarcanjo.net\/site\/wp-json\/wp\/v2\/tags?post=10648"}],"curies":[{"name":"wp","href":"https:\/\/api.w.org\/{rel}","templated":true}]}}