
{"id":10650,"date":"2018-08-28T00:03:13","date_gmt":"2018-08-28T03:03:13","guid":{"rendered":"http:\/\/www.oarcanjo.net\/site\/?p=10650"},"modified":"2018-06-25T08:15:39","modified_gmt":"2018-06-25T11:15:39","slug":"santo-agostinho-de-hipona","status":"publish","type":"post","link":"https:\/\/www.oarcanjo.net\/site\/santo-agostinho-de-hipona\/","title":{"rendered":"Santo Agostinho"},"content":{"rendered":"<p><img loading=\"lazy\" decoding=\"async\" src=\"http:\/\/api.ning.com\/files\/nXiVXBff0fE0Z60yLwTy5UoQnIUtc2AbQoImp73gxE7tc8f6j*NCl60SgkopFxKD7s5WwdGkHXokrvAdA5lmVtBT7DHlSOAF\/SantoAgostinho.jpg\" alt=\"\" width=\"207\" height=\"296\" \/><\/p>\n<p>28 de Agosto<\/p>\n<p><span style=\"font-size: xx-small\">Aurelius Augustinus, mais conhecido como <strong>SANTO AGOSTINHO<\/strong> nasce em <strong>TAGASTE DE NUM\u00cdDIA<\/strong>, prov\u00edncia romana ao norte da \u00c1frica em 13 de novembro de 354; primog\u00eanito do pag\u00e3o Patr\u00edcio e da fervorosa crist\u00e3 M\u00f4nica. Crian\u00e7a alegre, buli\u00e7osa, entusiasta do jogo, travessa e amante da amizade, n\u00e3o gosta muito de estudar porque os mestres usam m\u00e9todos agressivos e n\u00e3o s\u00e3o sinceros. Ante os adultos se revela como &#8220;um menino de grandes esperan\u00e7as&#8221;, com intelig\u00eancia clara e cora\u00e7\u00e3o inquieto.<\/span><span style=\"font-family: verdana;color: #663300;font-size: x-small\"><span style=\"font-size: xx-small\"><img loading=\"lazy\" decoding=\"async\" src=\"http:\/\/www.osa.org.br\/osa\/stoagostinho\/imagens\/stoago2.jpg\" border=\"1\" alt=\"\" hspace=\"5\" vspace=\"5\" width=\"104\" height=\"157\" align=\"right\" \/><\/span><\/span><span style=\"font-size: xx-small\">AGOSTINHO, jovem, de temperamento impulsivo e veemente, se entrega com afinco ao estudo e aprende toda a ci\u00eancia do seu tempo. Chega a ser brilhante professor de ret\u00f3rica em Cartago, Roma e Mil\u00e3o.<\/span><\/p>\n<p>Africano pela lei do solo, romano pela cultura e l\u00edngua, e crist\u00e3o por educa\u00e7\u00e3o.<\/p>\n<p><strong>Sedento de Verdade e Felicidade<\/strong><\/p>\n<p>Em sua busca afanosa vive longos anos com \u00e2nimo disperso. Vazio de Deus e agarrado pelo pecado, a vontade &#8220;sequestrada&#8221;, errante e peregrina, &#8220;enganado e enganador&#8221;.<\/p>\n<p>Mas, seu cora\u00e7\u00e3o, sempre aberto \u00e0 verdade, chega ao encontro da gra\u00e7a pelo caminho da interioridade, apoiado pelas ora\u00e7\u00f5es de sua m\u00e3e, que na inf\u00e2ncia lhe havia marcado com o sinal da cruz.<\/p>\n<p><strong>Cora\u00e7\u00e3o Sempre Jovem<\/strong><\/p>\n<p>Estando em Mil\u00e3o, no seu horto; uma voz infantil o anima &#8211; &#8220;TOMA E L\u00ca&#8221; &#8211; a ler as Escrituras, ficando de repente iluminada a sua intelig\u00eancia com uma luz de seguran\u00e7a e satisfazendo o seu cora\u00e7\u00e3o &#8211; CORA\u00c7\u00c3O HUMANO &#8211; cora\u00e7\u00e3o grande de jovem; era o outono do ano 386.<\/p>\n<p>Deixando a doc\u00eancia, retira-se a CASSIC\u00cdACO, recinto de paz e sil\u00eancio e p\u00f5e em pr\u00e1tica o Evangelho em profunda amizade compartilhada: vida de quietude, animada somente pela paix\u00e3o \u00e0 Verdade. Assim se prepara para ser batizado na Primavera de 387 por Santo Ambr\u00f3sio.<\/p>\n<p><strong>Inspirador da Vida Religiosa<\/strong><\/p>\n<p>De novo em Tagaste &#8211; a m\u00e3e morre no porto de Roma &#8211; vende suas posses e projeta seu programa de vida comum: probreza, ora\u00e7\u00e3o e trabalho. Por seus dotes naturais e t\u00edtulos de gra\u00e7a, cresce em torno dele um grupo de amizade e funda para a hist\u00f3ria o Monacato Agostiniano.<\/p>\n<p>No ano 391 \u00e9 proclamado sacerdote pelo povo, e cinco anos mais tarde, os crist\u00e3os de Hipona o apresentam para o Episcopado. Consagrado BISPO DE HIPONA &#8211; t\u00edtulo de servi\u00e7o e n\u00e3o de honra &#8211; converte a sua resid\u00eancia em casa de ora\u00e7\u00e3o e tribunal de causas. Inspirador da vida religiosa, pastor de almas, administrador de justi\u00e7a, defensor da F\u00e9 e da Verdade. Prega e escreve de forma infatig\u00e1vel e condensa o pensamento do seu tempo.<\/p>\n<p><strong>O Primeiro Homem Moderno<\/strong><\/p>\n<p>Em 429 os v\u00e2ndalos, guiados por Genserico atravessam o Estreito de Gibraltar e atacam o norte africano. AGOSTINHO &#8220;cercado com o seu povo&#8221; sente amargura e luto, alenta o \u00e2nimo de seus fi\u00e9is e os convida \u00e0 defesa. No terceiro m\u00eas do ass\u00e9dio, aos 76 anos de vida, em 28 de agosto de 430, come\u00e7a a viver na Cidade de Deus uma vida mais nobre.<\/p>\n<p><span style=\"font-size: xx-small\"><strong>Datas Importantes Em Sua Vida<\/strong><\/span><\/p>\n<table border=\"0\" width=\"78%\">\n<tbody>\n<tr>\n<td width=\"10%\" valign=\"top\"><span style=\"font-family: Verdana;color: #990000;font-size: xx-small\">ANO<\/span><\/td>\n<td width=\"10%\" valign=\"top\"><span style=\"font-family: Verdana;color: #990000;font-size: xx-small\">IDADE<\/span><\/td>\n<td width=\"80%\"><span style=\"font-family: Verdana;font-size: xx-small\">\u00a0<\/span><\/td>\n<\/tr>\n<tr>\n<td width=\"10%\" valign=\"top\"><span style=\"font-family: Verdana;font-size: xx-small\">354<\/span><\/td>\n<td width=\"10%\" valign=\"top\"><span style=\"font-family: Verdana;font-size: xx-small\">00<\/span><\/td>\n<td width=\"80%\"><span style=\"font-family: Verdana;font-size: xx-small\">13 de Novembro. Nasce em Tagaste.<\/span><\/td>\n<\/tr>\n<tr>\n<td width=\"10%\" valign=\"top\"><span style=\"font-family: Verdana;font-size: xx-small\">365<\/span><\/td>\n<td width=\"10%\" valign=\"top\"><span style=\"font-family: Verdana;font-size: xx-small\">11<\/span><\/td>\n<td width=\"80%\"><span style=\"font-family: Verdana;font-size: xx-small\">Inicia os cursos de educa\u00e7\u00e3o geral em Madaura. <\/span><\/td>\n<\/tr>\n<tr>\n<td width=\"10%\" valign=\"top\"><span style=\"font-family: Verdana;font-size: xx-small\">370<\/span><\/td>\n<td width=\"10%\" valign=\"top\"><span style=\"font-family: Verdana;font-size: xx-small\">16<\/span><\/td>\n<td width=\"80%\"><span style=\"font-family: Verdana;font-size: xx-small\">Volta a Tagaste.<\/span><\/td>\n<\/tr>\n<tr>\n<td width=\"10%\" height=\"2\" valign=\"top\"><span style=\"font-family: Verdana;font-size: xx-small\">371<\/span><\/td>\n<td width=\"10%\" height=\"2\" valign=\"top\"><span style=\"font-family: Verdana;font-size: xx-small\">17<\/span><\/td>\n<td width=\"80%\" height=\"2\"><span style=\"font-family: Verdana;font-size: xx-small\">Transfere-se para Cartago, a fim de estudar Ret\u00f3rica e Artes Liberais.<\/span><\/td>\n<\/tr>\n<tr>\n<td width=\"10%\" height=\"2\" valign=\"top\"><span style=\"font-family: Verdana;font-size: xx-small\">372<\/span><\/td>\n<td width=\"10%\" height=\"2\" valign=\"top\"><span style=\"font-family: Verdana;font-size: xx-small\">18<\/span><\/td>\n<td width=\"80%\" height=\"2\"><span style=\"font-family: Verdana;font-size: xx-small\">Morre o seu pai, Patr\u00edcio.<br \/>\nApaixona-se e junta-se a uma mulher.<\/span><\/td>\n<\/tr>\n<tr>\n<td width=\"10%\" height=\"2\" valign=\"top\"><span style=\"font-family: Verdana;font-size: xx-small\">373<\/span><\/td>\n<td width=\"10%\" height=\"2\" valign=\"top\"><span style=\"font-family: Verdana;font-size: xx-small\">19<\/span><\/td>\n<td width=\"80%\" height=\"2\"><span style=\"font-family: Verdana;font-size: xx-small\">L\u00ea &#8220;O Hort\u00eansio&#8221;, de C\u00edcero.<br \/>\nTorna-se maniqueu (seita filos\u00f3fico-religiosa).<br \/>\nProv\u00e1vel nascimento de Adeodato, seu filho.<\/span><\/td>\n<\/tr>\n<tr>\n<td width=\"10%\" height=\"2\" valign=\"top\"><span style=\"font-family: Verdana;font-size: xx-small\">374<\/span><\/td>\n<td width=\"10%\" height=\"2\" valign=\"top\"><span style=\"font-family: Verdana;font-size: xx-small\">20<\/span><\/td>\n<td width=\"80%\" height=\"2\"><span style=\"font-family: Verdana;font-size: xx-small\">Regressa a Tagaste como professor de Gram\u00e1tica.<\/span><\/td>\n<\/tr>\n<tr>\n<td width=\"10%\" valign=\"top\"><span style=\"font-family: Verdana;font-size: xx-small\">376<\/span><\/td>\n<td width=\"10%\" valign=\"top\"><span style=\"font-family: Verdana;font-size: xx-small\">22<\/span><\/td>\n<td width=\"80%\"><span style=\"font-family: Verdana;font-size: xx-small\">Morre um amigo \u00edntimo.<br \/>\nAgostinho vai de novo a Cartago como professor.<\/span><\/td>\n<\/tr>\n<tr>\n<td width=\"10%\" valign=\"top\"><span style=\"font-family: Verdana;font-size: xx-small\">383<\/span><\/td>\n<td width=\"10%\" valign=\"top\"><span style=\"font-family: Verdana;font-size: xx-small\">29<\/span><\/td>\n<td width=\"80%\"><span style=\"font-family: Verdana;font-size: xx-small\">Vai para Roma, onde continua a doc\u00eancia.<\/span><\/td>\n<\/tr>\n<tr>\n<td width=\"10%\" valign=\"top\"><span style=\"font-family: Verdana;font-size: xx-small\">385<\/span><\/td>\n<td width=\"10%\" valign=\"top\"><span style=\"font-family: Verdana;font-size: xx-small\">31<\/span><\/td>\n<td width=\"80%\"><span style=\"font-family: Verdana;font-size: xx-small\">Depois de ganhar a C\u00e1tedra de Ret\u00f3rica da Casa Imperial, por concurso, vai para Mil\u00e3o.<br \/>\nEncontra-se com Santo Ambr\u00f3sio, Bispo da cidade.<\/span><\/td>\n<\/tr>\n<tr>\n<td width=\"10%\" valign=\"top\"><span style=\"font-family: Verdana;font-size: xx-small\">386<\/span><\/td>\n<td width=\"10%\" valign=\"top\"><span style=\"font-family: Verdana;font-size: xx-small\">32<\/span><\/td>\n<td width=\"80%\"><span style=\"font-family: Verdana;font-size: xx-small\">Outono: CONVERTE-SE \u00c0 F\u00c9 CAT\u00d3LICA.<br \/>\nPassa alguns meses em Cassic\u00edaco.<\/span><\/td>\n<\/tr>\n<tr>\n<td width=\"10%\" valign=\"top\"><span style=\"font-family: Verdana;font-size: xx-small\">387<\/span><\/td>\n<td width=\"10%\" valign=\"top\"><span style=\"font-family: Verdana;font-size: xx-small\">33<\/span><\/td>\n<td width=\"80%\"><span style=\"font-family: Verdana;font-size: xx-small\">Noite da P\u00e1scoa (24-25 de abril): \u00c9 batizado em Mil\u00e3o.<br \/>\nVolta a \u00c1frica e morre sua m\u00e3e M\u00f4nica (santa), em \u00d3stia Tiberina, porto de Roma.<\/span><\/td>\n<\/tr>\n<tr>\n<td width=\"10%\" height=\"2\" valign=\"top\"><span style=\"font-family: Verdana;font-size: xx-small\">388<\/span><\/td>\n<td width=\"10%\" height=\"2\" valign=\"top\"><span style=\"font-family: Verdana;font-size: xx-small\">34<\/span><\/td>\n<td width=\"80%\" height=\"2\"><span style=\"font-family: Verdana;font-size: xx-small\">Chega a Cartago e pouco depois a Tagaste.<br \/>\nVende suas posses e funda o primeiro mosteiro.<\/span><\/td>\n<\/tr>\n<tr>\n<td width=\"10%\" height=\"2\" valign=\"top\"><span style=\"font-family: Verdana;font-size: xx-small\">391<\/span><\/td>\n<td width=\"10%\" height=\"2\" valign=\"top\"><span style=\"font-family: Verdana;font-size: xx-small\">37<\/span><\/td>\n<td width=\"80%\" height=\"2\"><span style=\"font-family: Verdana;font-size: xx-small\">\u00c9 ordenado Sacerdote em Hipona.<\/span><\/td>\n<\/tr>\n<tr>\n<td width=\"10%\" height=\"2\" valign=\"top\"><span style=\"font-family: Verdana;font-size: xx-small\">395<\/span><\/td>\n<td width=\"10%\" height=\"2\" valign=\"top\"><span style=\"font-family: Verdana;font-size: xx-small\">41<\/span><\/td>\n<td width=\"80%\" height=\"2\"><span style=\"font-family: Verdana;font-size: xx-small\">\u00c9 Sagrado Bispo Auxiliar.<\/span><\/td>\n<\/tr>\n<tr>\n<td width=\"10%\" height=\"2\" valign=\"top\"><span style=\"font-family: Verdana;font-size: xx-small\">396<\/span><\/td>\n<td width=\"10%\" height=\"2\" valign=\"top\"><span style=\"font-family: Verdana;font-size: xx-small\">42<\/span><\/td>\n<td width=\"80%\" height=\"2\"><span style=\"font-family: Verdana;font-size: xx-small\">Sucede ao Bispo Val\u00e9rio em Hipona.<\/span><\/td>\n<\/tr>\n<tr>\n<td width=\"10%\" height=\"2\" valign=\"top\"><span style=\"font-family: Verdana;font-size: xx-small\">400<\/span><\/td>\n<td width=\"10%\" height=\"2\" valign=\"top\"><span style=\"font-family: Verdana;font-size: xx-small\">46<\/span><\/td>\n<td width=\"80%\" height=\"2\"><span style=\"font-family: Verdana;font-size: xx-small\">Publica as &#8220;Confiss\u00f5es&#8221;.<\/span><\/td>\n<\/tr>\n<tr>\n<td width=\"10%\" height=\"2\" valign=\"top\"><span style=\"font-family: Verdana;font-size: xx-small\">426<\/span><\/td>\n<td width=\"10%\" height=\"2\" valign=\"top\"><span style=\"font-family: Verdana;font-size: xx-small\">72<\/span><\/td>\n<td width=\"80%\" height=\"2\"><span style=\"font-family: Verdana;font-size: xx-small\">Publica a &#8220;Cidade de Deus&#8221;.<\/span><\/td>\n<\/tr>\n<tr>\n<td width=\"10%\" height=\"2\" valign=\"top\"><span style=\"font-family: Verdana;font-size: xx-small\">430<\/span><\/td>\n<td width=\"10%\" height=\"2\" valign=\"top\"><span style=\"font-family: Verdana;font-size: xx-small\">76<\/span><\/td>\n<td width=\"80%\" height=\"2\" valign=\"top\"><span style=\"font-family: Verdana;font-size: xx-small\">Genserico ataca Num\u00eddia e cerca Hipona.<br \/>\n28 de agosto, Agostinho morre em Hipona.<\/span><\/td>\n<\/tr>\n<\/tbody>\n<\/table>\n<table border=\"1\" cellspacing=\"0\" cellpadding=\"4\" width=\"700\" align=\"center\" bgcolor=\"#ffffff\">\n<tbody>\n<tr>\n<td style=\"text-align: left\"><span style=\"font-family: verdana;color: #663300;font-size: x-small\"><strong>Agostinho vive hoje na fam\u00edlia Agostiniana que lhe reconhece como Pai, <\/strong><\/span><span style=\"font-family: verdana;color: #663300;font-size: x-small\">\u00a0<\/span><span style=\"font-family: verdana;color: #663300;font-size: x-small\"><strong>no culto da Igreja que o venera como Santo, em todas as almas recuperadas <\/strong><\/span><\/p>\n<p><span style=\"font-family: verdana;color: #663300;font-size: x-small\"><strong>que lhe devem o seu retorno a Deus e nas mentes privilegiadas<\/strong><\/span><\/p>\n<p><span style=\"font-family: verdana;color: #663300;font-size: x-small\"><strong>\u00a0que o admiram por seu g\u00eanio fecundo<\/strong>.<\/span><\/td>\n<\/tr>\n<\/tbody>\n<\/table>\n<p><span style=\"font-family: verdana;color: #663300;font-size: x-small\">\u00a0<\/span><\/p>\n<p><strong><span style=\"font-size: xx-small\">Pessoas Influentes Na Sua Vida<\/span><\/strong><\/p>\n<p><strong>SUA FAM\u00cdLIA<\/strong> Patr\u00edcio &#8211; Pai, oficial<br \/>\nSta.M\u00f4nica &#8211; M\u00e3e, fervorosa crist\u00e3.<br \/>\nNavigio &#8211; Irm\u00e3o, morreu jovem.<br \/>\nPerp\u00e9tua &#8211; Irm\u00e3, religiosa dos primeiros mosteiros.<br \/>\nMel\u00e2nia (?) &#8211; M\u00e3e de seu filho Adeodato.<br \/>\nAdeodato &#8211; Seu filho, morreu jovem.<\/p>\n<p><strong>SEUS COMPANHEIROS E AMIGOS<\/strong><br \/>\nAlipio &#8211; Conterr\u00e2neo e disc\u00edpulo.<br \/>\nEv\u00f3dio &#8211; Membro do grupo em Mil\u00e3o.<br \/>\nSevero &#8211; Membro da 1\u00aa comunidade.<br \/>\nPoss\u00eddio &#8211; Autor da 1\u00aa biografia e erudito crist\u00e3o.<br \/>\nNebr\u00eddio &#8211; Disc\u00edpulo de Agostinho na It\u00e1lia.<\/p>\n<p><strong>SUAS MOTIVA\u00c7\u00d5ES E INSPIRA\u00c7\u00d5ES<\/strong><br \/>\nRomaniano &#8211; Rico, amigo da fam\u00edlia.<br \/>\nC\u00edcero &#8211; Poeta latino e autor de O Hort\u00eancio.<br \/>\nFausto &#8211; Chefe supremo dos Maniqueus.<br \/>\nSanto Ambr\u00f3sio &#8211; Bispo de Mil\u00e3o.<br \/>\nS. Jer\u00f4nimo &#8211; Grande estudioso e erudito crist\u00e3o.<br \/>\nPonticiano &#8211; Empregado da Corte Imperial.<br \/>\nMario Victorino &#8211; Fil\u00f3sofo do s\u00e9culo IV.<\/p>\n<p><strong>OBRAS MAIS IMPORTANTES<\/strong><br \/>\nAs Confiss\u00f5es &#8211; Autobiografia.<br \/>\nA Cidade de Deus<br \/>\nA Trindade<br \/>\nEnsaios Filos\u00f3ficos<br \/>\nTratados Educacionais e Tratados B\u00edblicos<br \/>\nSobre a Vida Religiosa, Dogm\u00e1ticos e Apolog\u00e9ticos.<\/p>\n<p><strong>Lugares Mais Importantes Em Sua Vida<\/strong><\/p>\n<p><strong>TAGASTE<\/strong> \u2022 cidade natal \u2022 in\u00edcio dos estudos \u2022 primeira experi\u00eancia como professor de gram\u00e1tica \u2022 primeiro mosteiro agostiniano.<\/p>\n<p><strong>MADAURA<\/strong> \u2022 educa\u00e7\u00e3o secund\u00e1ria.<\/p>\n<p><strong>CARTAGO<\/strong> \u2022 estudos superiores: artes liberais e ret\u00f3rica \u2022 primeira experi\u00eancia como professor de ret\u00f3rica \u2022 sede de muitos conc\u00edlios que participou como bispo \u2022 funda\u00e7\u00e3o de um mosteiro agostiniano.<\/p>\n<p><strong>ROMA<\/strong> \u2022 capital do Imp\u00e9rio Romano \u2022 c\u00e1tedra de ret\u00f3rica \u2022 lugar de repouso depois da morte de sua m\u00e3e.<\/p>\n<p><strong>MIL\u00c3O<\/strong> \u2022 resid\u00eancia do Imperador \u2022 c\u00e1tedra oficial de ret\u00f3rica no pal\u00e1cio imperial \u2022 lugar da sua convers\u00e3o e batismo.<\/p>\n<p><strong>\u00d3STIA TIBERINA<\/strong> \u2022 porto mar\u00edtimo de Roma \u2022 \u00eaxtase \u2022 morte e sepultura de sua m\u00e3e.<\/p>\n<p><strong>CASSIC\u00cdACO<\/strong> \u2022 vila perto de Mil\u00e3o \u2022 lugar de retiro em companhia de seus amigos antes do batismo escreve v\u00e1rios tratados filos\u00f3ficos em di\u00e1logo com seus amigos.<\/p>\n<p><strong>HIPONA<\/strong> \u2022 sede diocesana de Agostinho onde foi ordenado Sacerdote e depois Bispo. Fundou tr\u00eas mosteiros; onde morreu e foi sepultado.<\/p>\n<p>Em 725, o seu corpo foi transladado para Pavia, It\u00e1lia, sendo guardado na igreja S\u00e3o Pedro do C\u00e9u de Ouro, pr\u00f3ximo do local de sua convers\u00e3o. Santo Agostinho recebeu o honroso t\u00edtulo de doutor da Igreja e \u00e9 celebrado no dia de sua morte.<\/p>\n<p><img loading=\"lazy\" decoding=\"async\" src=\"http:\/\/static.blogstorage.hi-pi.com\/photos\/programacoracaoinquieto.fotosblogue.com\/images\/gd\/1224626491\/Dados-importantes-na-vida-de-Santo-Agostinho.jpg\" alt=\"\" width=\"600\" height=\"305\" \/><\/p>\n<div id=\"themify_builder_content-10650\" data-postid=\"10650\" class=\"themify_builder_content themify_builder_content-10650 themify_builder themify_builder_front\">\n\t<\/div>\n<!-- \/themify_builder_content -->","protected":false},"excerpt":{"rendered":"<p>28 de Agosto Aurelius Augustinus, mais conhecido como SANTO AGOSTINHO nasce em TAGASTE DE NUM\u00cdDIA, prov\u00edncia romana ao norte da \u00c1frica em 13 de novembro de 354; primog\u00eanito do pag\u00e3o Patr\u00edcio e da fervorosa crist\u00e3 M\u00f4nica. Crian\u00e7a alegre, buli\u00e7osa, entusiasta do jogo, travessa e amante da amizade, n\u00e3o gosta muito de estudar porque os mestres [&hellip;]<\/p>\n","protected":false},"author":14,"featured_media":0,"comment_status":"open","ping_status":"open","sticky":false,"template":"","format":"standard","meta":{"ngg_post_thumbnail":0,"footnotes":""},"categories":[186],"tags":[],"yoast_head":"<!-- This site is optimized with the Yoast SEO plugin v23.5 - https:\/\/yoast.com\/wordpress\/plugins\/seo\/ -->\n<title>Santo Agostinho - O Arcanjo no ar<\/title>\n<meta name=\"robots\" content=\"index, follow, max-snippet:-1, max-image-preview:large, max-video-preview:-1\" \/>\n<link rel=\"canonical\" href=\"https:\/\/www.oarcanjo.net\/site\/santo-agostinho-de-hipona\/\" \/>\n<meta property=\"og:locale\" content=\"pt_BR\" \/>\n<meta property=\"og:type\" content=\"article\" \/>\n<meta property=\"og:title\" content=\"Santo Agostinho - O Arcanjo no ar\" \/>\n<meta property=\"og:description\" content=\"28 de Agosto Aurelius Augustinus, mais conhecido como SANTO AGOSTINHO nasce em TAGASTE DE NUM\u00cdDIA, prov\u00edncia romana ao norte da \u00c1frica em 13 de novembro de 354; primog\u00eanito do pag\u00e3o Patr\u00edcio e da fervorosa crist\u00e3 M\u00f4nica. Crian\u00e7a alegre, buli\u00e7osa, entusiasta do jogo, travessa e amante da amizade, n\u00e3o gosta muito de estudar porque os mestres [&hellip;]\" \/>\n<meta property=\"og:url\" content=\"https:\/\/www.oarcanjo.net\/site\/santo-agostinho-de-hipona\/\" \/>\n<meta property=\"og:site_name\" content=\"O Arcanjo no ar\" \/>\n<meta property=\"article:publisher\" content=\"https:\/\/www.facebook.com\/OArcanjoNoAr\/\" \/>\n<meta property=\"article:published_time\" content=\"2018-08-28T03:03:13+00:00\" \/>\n<meta property=\"article:modified_time\" content=\"2018-06-25T11:15:39+00:00\" \/>\n<meta property=\"og:image\" content=\"http:\/\/api.ning.com\/files\/nXiVXBff0fE0Z60yLwTy5UoQnIUtc2AbQoImp73gxE7tc8f6j*NCl60SgkopFxKD7s5WwdGkHXokrvAdA5lmVtBT7DHlSOAF\/SantoAgostinho.jpg\" \/>\n<meta name=\"author\" content=\"danilo\" \/>\n<meta name=\"twitter:card\" content=\"summary_large_image\" \/>\n<meta name=\"twitter:label1\" content=\"Escrito por\" \/>\n\t<meta name=\"twitter:data1\" content=\"danilo\" \/>\n\t<meta name=\"twitter:label2\" content=\"Est. tempo de leitura\" \/>\n\t<meta name=\"twitter:data2\" content=\"6 minutos\" \/>\n<script type=\"application\/ld+json\" class=\"yoast-schema-graph\">{\"@context\":\"https:\/\/schema.org\",\"@graph\":[{\"@type\":\"Article\",\"@id\":\"https:\/\/www.oarcanjo.net\/site\/santo-agostinho-de-hipona\/#article\",\"isPartOf\":{\"@id\":\"https:\/\/www.oarcanjo.net\/site\/santo-agostinho-de-hipona\/\"},\"author\":{\"name\":\"danilo\",\"@id\":\"https:\/\/www.oarcanjo.net\/site\/#\/schema\/person\/5eb9480bedd2f3c97e430ce128c29c6c\"},\"headline\":\"Santo Agostinho\",\"datePublished\":\"2018-08-28T03:03:13+00:00\",\"dateModified\":\"2018-06-25T11:15:39+00:00\",\"mainEntityOfPage\":{\"@id\":\"https:\/\/www.oarcanjo.net\/site\/santo-agostinho-de-hipona\/\"},\"wordCount\":1199,\"commentCount\":1,\"publisher\":{\"@id\":\"https:\/\/www.oarcanjo.net\/site\/#organization\"},\"image\":{\"@id\":\"https:\/\/www.oarcanjo.net\/site\/santo-agostinho-de-hipona\/#primaryimage\"},\"thumbnailUrl\":\"http:\/\/api.ning.com\/files\/nXiVXBff0fE0Z60yLwTy5UoQnIUtc2AbQoImp73gxE7tc8f6j*NCl60SgkopFxKD7s5WwdGkHXokrvAdA5lmVtBT7DHlSOAF\/SantoAgostinho.jpg\",\"articleSection\":[\"Testemunhos\"],\"inLanguage\":\"pt-BR\",\"potentialAction\":[{\"@type\":\"CommentAction\",\"name\":\"Comment\",\"target\":[\"https:\/\/www.oarcanjo.net\/site\/santo-agostinho-de-hipona\/#respond\"]}]},{\"@type\":\"WebPage\",\"@id\":\"https:\/\/www.oarcanjo.net\/site\/santo-agostinho-de-hipona\/\",\"url\":\"https:\/\/www.oarcanjo.net\/site\/santo-agostinho-de-hipona\/\",\"name\":\"Santo Agostinho - O Arcanjo no ar\",\"isPartOf\":{\"@id\":\"https:\/\/www.oarcanjo.net\/site\/#website\"},\"primaryImageOfPage\":{\"@id\":\"https:\/\/www.oarcanjo.net\/site\/santo-agostinho-de-hipona\/#primaryimage\"},\"image\":{\"@id\":\"https:\/\/www.oarcanjo.net\/site\/santo-agostinho-de-hipona\/#primaryimage\"},\"thumbnailUrl\":\"http:\/\/api.ning.com\/files\/nXiVXBff0fE0Z60yLwTy5UoQnIUtc2AbQoImp73gxE7tc8f6j*NCl60SgkopFxKD7s5WwdGkHXokrvAdA5lmVtBT7DHlSOAF\/SantoAgostinho.jpg\",\"datePublished\":\"2018-08-28T03:03:13+00:00\",\"dateModified\":\"2018-06-25T11:15:39+00:00\",\"breadcrumb\":{\"@id\":\"https:\/\/www.oarcanjo.net\/site\/santo-agostinho-de-hipona\/#breadcrumb\"},\"inLanguage\":\"pt-BR\",\"potentialAction\":[{\"@type\":\"ReadAction\",\"target\":[\"https:\/\/www.oarcanjo.net\/site\/santo-agostinho-de-hipona\/\"]}]},{\"@type\":\"ImageObject\",\"inLanguage\":\"pt-BR\",\"@id\":\"https:\/\/www.oarcanjo.net\/site\/santo-agostinho-de-hipona\/#primaryimage\",\"url\":\"http:\/\/api.ning.com\/files\/nXiVXBff0fE0Z60yLwTy5UoQnIUtc2AbQoImp73gxE7tc8f6j*NCl60SgkopFxKD7s5WwdGkHXokrvAdA5lmVtBT7DHlSOAF\/SantoAgostinho.jpg\",\"contentUrl\":\"http:\/\/api.ning.com\/files\/nXiVXBff0fE0Z60yLwTy5UoQnIUtc2AbQoImp73gxE7tc8f6j*NCl60SgkopFxKD7s5WwdGkHXokrvAdA5lmVtBT7DHlSOAF\/SantoAgostinho.jpg\"},{\"@type\":\"BreadcrumbList\",\"@id\":\"https:\/\/www.oarcanjo.net\/site\/santo-agostinho-de-hipona\/#breadcrumb\",\"itemListElement\":[{\"@type\":\"ListItem\",\"position\":1,\"name\":\"In\u00edcio\",\"item\":\"https:\/\/www.oarcanjo.net\/site\/\"},{\"@type\":\"ListItem\",\"position\":2,\"name\":\"Santo Agostinho\"}]},{\"@type\":\"WebSite\",\"@id\":\"https:\/\/www.oarcanjo.net\/site\/#website\",\"url\":\"https:\/\/www.oarcanjo.net\/site\/\",\"name\":\"O Arcanjo no ar\",\"description\":\"Site da Par\u00f3quia S\u00e3o Miguel Arcanjo (Arquidiocese de SP)\",\"publisher\":{\"@id\":\"https:\/\/www.oarcanjo.net\/site\/#organization\"},\"potentialAction\":[{\"@type\":\"SearchAction\",\"target\":{\"@type\":\"EntryPoint\",\"urlTemplate\":\"https:\/\/www.oarcanjo.net\/site\/?s={search_term_string}\"},\"query-input\":{\"@type\":\"PropertyValueSpecification\",\"valueRequired\":true,\"valueName\":\"search_term_string\"}}],\"inLanguage\":\"pt-BR\"},{\"@type\":\"Organization\",\"@id\":\"https:\/\/www.oarcanjo.net\/site\/#organization\",\"name\":\"Par\u00f3quia S\u00e3o Miguel Arcanjo\",\"url\":\"https:\/\/www.oarcanjo.net\/site\/\",\"logo\":{\"@type\":\"ImageObject\",\"inLanguage\":\"pt-BR\",\"@id\":\"https:\/\/www.oarcanjo.net\/site\/#\/schema\/logo\/image\/\",\"url\":\"https:\/\/www.oarcanjo.net\/site\/wp-content\/uploads\/LogoOArcanjo.png\",\"contentUrl\":\"https:\/\/www.oarcanjo.net\/site\/wp-content\/uploads\/LogoOArcanjo.png\",\"width\":319,\"height\":99,\"caption\":\"Par\u00f3quia S\u00e3o Miguel Arcanjo\"},\"image\":{\"@id\":\"https:\/\/www.oarcanjo.net\/site\/#\/schema\/logo\/image\/\"},\"sameAs\":[\"https:\/\/www.facebook.com\/OArcanjoNoAr\/\"]},{\"@type\":\"Person\",\"@id\":\"https:\/\/www.oarcanjo.net\/site\/#\/schema\/person\/5eb9480bedd2f3c97e430ce128c29c6c\",\"name\":\"danilo\"}]}<\/script>\n<!-- \/ Yoast SEO plugin. -->","yoast_head_json":{"title":"Santo Agostinho - O Arcanjo no ar","robots":{"index":"index","follow":"follow","max-snippet":"max-snippet:-1","max-image-preview":"max-image-preview:large","max-video-preview":"max-video-preview:-1"},"canonical":"https:\/\/www.oarcanjo.net\/site\/santo-agostinho-de-hipona\/","og_locale":"pt_BR","og_type":"article","og_title":"Santo Agostinho - O Arcanjo no ar","og_description":"28 de Agosto Aurelius Augustinus, mais conhecido como SANTO AGOSTINHO nasce em TAGASTE DE NUM\u00cdDIA, prov\u00edncia romana ao norte da \u00c1frica em 13 de novembro de 354; primog\u00eanito do pag\u00e3o Patr\u00edcio e da fervorosa crist\u00e3 M\u00f4nica. Crian\u00e7a alegre, buli\u00e7osa, entusiasta do jogo, travessa e amante da amizade, n\u00e3o gosta muito de estudar porque os mestres [&hellip;]","og_url":"https:\/\/www.oarcanjo.net\/site\/santo-agostinho-de-hipona\/","og_site_name":"O Arcanjo no ar","article_publisher":"https:\/\/www.facebook.com\/OArcanjoNoAr\/","article_published_time":"2018-08-28T03:03:13+00:00","article_modified_time":"2018-06-25T11:15:39+00:00","og_image":[{"url":"http:\/\/api.ning.com\/files\/nXiVXBff0fE0Z60yLwTy5UoQnIUtc2AbQoImp73gxE7tc8f6j*NCl60SgkopFxKD7s5WwdGkHXokrvAdA5lmVtBT7DHlSOAF\/SantoAgostinho.jpg"}],"author":"danilo","twitter_card":"summary_large_image","twitter_misc":{"Escrito por":"danilo","Est. tempo de leitura":"6 minutos"},"schema":{"@context":"https:\/\/schema.org","@graph":[{"@type":"Article","@id":"https:\/\/www.oarcanjo.net\/site\/santo-agostinho-de-hipona\/#article","isPartOf":{"@id":"https:\/\/www.oarcanjo.net\/site\/santo-agostinho-de-hipona\/"},"author":{"name":"danilo","@id":"https:\/\/www.oarcanjo.net\/site\/#\/schema\/person\/5eb9480bedd2f3c97e430ce128c29c6c"},"headline":"Santo Agostinho","datePublished":"2018-08-28T03:03:13+00:00","dateModified":"2018-06-25T11:15:39+00:00","mainEntityOfPage":{"@id":"https:\/\/www.oarcanjo.net\/site\/santo-agostinho-de-hipona\/"},"wordCount":1199,"commentCount":1,"publisher":{"@id":"https:\/\/www.oarcanjo.net\/site\/#organization"},"image":{"@id":"https:\/\/www.oarcanjo.net\/site\/santo-agostinho-de-hipona\/#primaryimage"},"thumbnailUrl":"http:\/\/api.ning.com\/files\/nXiVXBff0fE0Z60yLwTy5UoQnIUtc2AbQoImp73gxE7tc8f6j*NCl60SgkopFxKD7s5WwdGkHXokrvAdA5lmVtBT7DHlSOAF\/SantoAgostinho.jpg","articleSection":["Testemunhos"],"inLanguage":"pt-BR","potentialAction":[{"@type":"CommentAction","name":"Comment","target":["https:\/\/www.oarcanjo.net\/site\/santo-agostinho-de-hipona\/#respond"]}]},{"@type":"WebPage","@id":"https:\/\/www.oarcanjo.net\/site\/santo-agostinho-de-hipona\/","url":"https:\/\/www.oarcanjo.net\/site\/santo-agostinho-de-hipona\/","name":"Santo Agostinho - O Arcanjo no ar","isPartOf":{"@id":"https:\/\/www.oarcanjo.net\/site\/#website"},"primaryImageOfPage":{"@id":"https:\/\/www.oarcanjo.net\/site\/santo-agostinho-de-hipona\/#primaryimage"},"image":{"@id":"https:\/\/www.oarcanjo.net\/site\/santo-agostinho-de-hipona\/#primaryimage"},"thumbnailUrl":"http:\/\/api.ning.com\/files\/nXiVXBff0fE0Z60yLwTy5UoQnIUtc2AbQoImp73gxE7tc8f6j*NCl60SgkopFxKD7s5WwdGkHXokrvAdA5lmVtBT7DHlSOAF\/SantoAgostinho.jpg","datePublished":"2018-08-28T03:03:13+00:00","dateModified":"2018-06-25T11:15:39+00:00","breadcrumb":{"@id":"https:\/\/www.oarcanjo.net\/site\/santo-agostinho-de-hipona\/#breadcrumb"},"inLanguage":"pt-BR","potentialAction":[{"@type":"ReadAction","target":["https:\/\/www.oarcanjo.net\/site\/santo-agostinho-de-hipona\/"]}]},{"@type":"ImageObject","inLanguage":"pt-BR","@id":"https:\/\/www.oarcanjo.net\/site\/santo-agostinho-de-hipona\/#primaryimage","url":"http:\/\/api.ning.com\/files\/nXiVXBff0fE0Z60yLwTy5UoQnIUtc2AbQoImp73gxE7tc8f6j*NCl60SgkopFxKD7s5WwdGkHXokrvAdA5lmVtBT7DHlSOAF\/SantoAgostinho.jpg","contentUrl":"http:\/\/api.ning.com\/files\/nXiVXBff0fE0Z60yLwTy5UoQnIUtc2AbQoImp73gxE7tc8f6j*NCl60SgkopFxKD7s5WwdGkHXokrvAdA5lmVtBT7DHlSOAF\/SantoAgostinho.jpg"},{"@type":"BreadcrumbList","@id":"https:\/\/www.oarcanjo.net\/site\/santo-agostinho-de-hipona\/#breadcrumb","itemListElement":[{"@type":"ListItem","position":1,"name":"In\u00edcio","item":"https:\/\/www.oarcanjo.net\/site\/"},{"@type":"ListItem","position":2,"name":"Santo Agostinho"}]},{"@type":"WebSite","@id":"https:\/\/www.oarcanjo.net\/site\/#website","url":"https:\/\/www.oarcanjo.net\/site\/","name":"O Arcanjo no ar","description":"Site da Par\u00f3quia S\u00e3o Miguel Arcanjo (Arquidiocese de SP)","publisher":{"@id":"https:\/\/www.oarcanjo.net\/site\/#organization"},"potentialAction":[{"@type":"SearchAction","target":{"@type":"EntryPoint","urlTemplate":"https:\/\/www.oarcanjo.net\/site\/?s={search_term_string}"},"query-input":{"@type":"PropertyValueSpecification","valueRequired":true,"valueName":"search_term_string"}}],"inLanguage":"pt-BR"},{"@type":"Organization","@id":"https:\/\/www.oarcanjo.net\/site\/#organization","name":"Par\u00f3quia S\u00e3o Miguel Arcanjo","url":"https:\/\/www.oarcanjo.net\/site\/","logo":{"@type":"ImageObject","inLanguage":"pt-BR","@id":"https:\/\/www.oarcanjo.net\/site\/#\/schema\/logo\/image\/","url":"https:\/\/www.oarcanjo.net\/site\/wp-content\/uploads\/LogoOArcanjo.png","contentUrl":"https:\/\/www.oarcanjo.net\/site\/wp-content\/uploads\/LogoOArcanjo.png","width":319,"height":99,"caption":"Par\u00f3quia S\u00e3o Miguel Arcanjo"},"image":{"@id":"https:\/\/www.oarcanjo.net\/site\/#\/schema\/logo\/image\/"},"sameAs":["https:\/\/www.facebook.com\/OArcanjoNoAr\/"]},{"@type":"Person","@id":"https:\/\/www.oarcanjo.net\/site\/#\/schema\/person\/5eb9480bedd2f3c97e430ce128c29c6c","name":"danilo"}]}},"publishpress_future_action":{"enabled":false,"date":"2026-05-08 06:35:44","action":"category","newStatus":"draft","terms":[],"taxonomy":"category"},"publishpress_future_workflow_manual_trigger":{"enabledWorkflows":[]},"_links":{"self":[{"href":"https:\/\/www.oarcanjo.net\/site\/wp-json\/wp\/v2\/posts\/10650"}],"collection":[{"href":"https:\/\/www.oarcanjo.net\/site\/wp-json\/wp\/v2\/posts"}],"about":[{"href":"https:\/\/www.oarcanjo.net\/site\/wp-json\/wp\/v2\/types\/post"}],"author":[{"embeddable":true,"href":"https:\/\/www.oarcanjo.net\/site\/wp-json\/wp\/v2\/users\/14"}],"replies":[{"embeddable":true,"href":"https:\/\/www.oarcanjo.net\/site\/wp-json\/wp\/v2\/comments?post=10650"}],"version-history":[{"count":1,"href":"https:\/\/www.oarcanjo.net\/site\/wp-json\/wp\/v2\/posts\/10650\/revisions"}],"predecessor-version":[{"id":88859,"href":"https:\/\/www.oarcanjo.net\/site\/wp-json\/wp\/v2\/posts\/10650\/revisions\/88859"}],"wp:attachment":[{"href":"https:\/\/www.oarcanjo.net\/site\/wp-json\/wp\/v2\/media?parent=10650"}],"wp:term":[{"taxonomy":"category","embeddable":true,"href":"https:\/\/www.oarcanjo.net\/site\/wp-json\/wp\/v2\/categories?post=10650"},{"taxonomy":"post_tag","embeddable":true,"href":"https:\/\/www.oarcanjo.net\/site\/wp-json\/wp\/v2\/tags?post=10650"}],"curies":[{"name":"wp","href":"https:\/\/api.w.org\/{rel}","templated":true}]}}