
{"id":10652,"date":"2018-08-29T00:04:27","date_gmt":"2018-08-29T03:04:27","guid":{"rendered":"http:\/\/www.oarcanjo.net\/site\/?p=10652"},"modified":"2018-06-25T08:13:44","modified_gmt":"2018-06-25T11:13:44","slug":"bem-aventurada-joana-maria-da-cruz","status":"publish","type":"post","link":"https:\/\/www.oarcanjo.net\/site\/bem-aventurada-joana-maria-da-cruz\/","title":{"rendered":"Bem Aventurada Joana Maria da Cruz"},"content":{"rendered":"<p><img loading=\"lazy\" decoding=\"async\" src=\"http:\/\/4.bp.blogspot.com\/_z-c0Sh5Zlrs\/SLZl9pWhwAI\/AAAAAAAACYM\/6c0JPw2Kzgc\/s400\/Joana+Maria+da+Cruz.jpg\" alt=\"\" width=\"150\" height=\"190\" \/><\/p>\n<p>29 de Agosto<\/p>\n<p>Fundou a Congrega\u00e7\u00e3o das Irm\u00e3zinhas dos Pobres<\/p>\n<p>Joana nasceu numa aldeia de Cancale, Fran\u00e7a, em 25 de outubro de 1792. Seu pai era um pescador e morreu no mar quando ela tinha quatro anos. Logo conheceu a pobreza e come\u00e7ou a trabalhar como empregada num castelo. Sustentava a fam\u00edlia enquanto ajudava os idosos abandonados e pobres. Joana era sens\u00edvel \u00e0 mis\u00e9ria dos idosos que encontrava nas ruas, dividindo com eles seu sal\u00e1rio, o p\u00e3o e o tempo de que dispunha.<\/p>\n<p>Aos dezoito anos de idade, recusou uma proposta matrimonial de um jovem marinheiro, sinalizando: &#8220;Deus me quer para ele&#8221;. Aos vinte e cinco anos, deixou sua cidade para ser enfermeira no hospital Santo Est\u00eav\u00e3o. Nesse meio tempo, ingressou na Ordem Terceira fundada por s\u00e3o Jo\u00e3o Eudes.<\/p>\n<p>Deixou o hospital em 1823 e foi residir e acompanhar a senhorita Lecoq, mais como amiga do que enfermeira, com quem ficou por doze anos. Com a morte da senhorita Lecoq, herdou suas poucas economias e a mob\u00edlia. Assim, sozinha, associou-se \u00e0 amiga Francisca Aubert e alugaram um apartamento, em 1839. L\u00e1 acolheu a primeira idosa, pobre, doente, sozinha, cega e paral\u00edtica. Depois dessa, seguiram-se muitas mais. Outras companheiras de Joana uniram-se a ela na miss\u00e3o e surgiu o primeiro grupo, formando uma associa\u00e7\u00e3o para os pobres, sob a condu\u00e7\u00e3o do vig\u00e1rio do hospital Santo Est\u00eav\u00e3o.<\/p>\n<p>Em 1841, deixam o apartamento e alugam uma pequena casa que lhes permite acolher doze idosos doentes e abandonados. Sozinha, Joana inicia sua campanha junto \u00e0 popula\u00e7\u00e3o para recolher aux\u00edlios, tarefa que cumprir\u00e1 at\u00e9 a morte. Mas logo sensibiliza uma rica comerciante e com essa ajuda consegue comprar um antigo convento. Ele se tornou a Casa-m\u00e3e da nascente Congrega\u00e7\u00e3o das Irm\u00e3zinhas dos Pobres, sob a assist\u00eancia da Ordem Hospedeira de S\u00e3o Jo\u00e3o de Deus, h\u00e1bito que depois recebeu, tomando o nome de Joana Maria da Cruz. Adotando o voto de hospitalidade, imprimiu seu pr\u00f3prio carisma: &#8220;A doa\u00e7\u00e3o como apostolado de caridade para com quem sofre por causa da idade, da pobreza, da solid\u00e3o e outras dificuldades&#8221;.<\/p>\n<p>Assim foi o humilde come\u00e7o da Congrega\u00e7\u00e3o, que rapidamente se estendeu por v\u00e1rios pa\u00edses da Europa. Quando Joana morreu na Fran\u00e7a, em 29 de agosto de 1879, na Casa-m\u00e3e de Pern, as irm\u00e3zinhas eram quase duas mil e quinhentas, com cento e setenta e sete casas em dez pa\u00edses.<\/p>\n<p>Em setembro de 1885, estabeleceram-se na Am\u00e9rica do Sul, fundando a primeira Casa na cidade de Valpara\u00edso, no Chile, a qual logo foi destru\u00edda por um terremoto e reconstru\u00edda em Vi\u00f1a del Mar. Atualizando-se \u00e0s necessidades temporais, hoje s\u00e3o quase duzentas casas em trinta e um pa\u00edses na Europa, Am\u00e9rica, \u00c1frica, \u00c1sia e Oceania.<\/p>\n<p>Uma obra fruto da vis\u00e3o da fundadora, Joana Jugan, madre Joana Maria da Cruz, que &#8220;soube intuir as necessidades mais profundas dos anci\u00e3os e entregou sua vida a seu servi\u00e7o&#8221;, para ser festejada no dia de sua morte, como disse o papa Jo\u00e3o Paulo II quando a beatificou em 1982.<\/p>\n<div id=\"themify_builder_content-10652\" data-postid=\"10652\" class=\"themify_builder_content themify_builder_content-10652 themify_builder themify_builder_front\">\n\t<\/div>\n<!-- \/themify_builder_content -->","protected":false},"excerpt":{"rendered":"<p>29 de Agosto Fundou a Congrega\u00e7\u00e3o das Irm\u00e3zinhas dos Pobres Joana nasceu numa aldeia de Cancale, Fran\u00e7a, em 25 de outubro de 1792. Seu pai era um pescador e morreu no mar quando ela tinha quatro anos. Logo conheceu a pobreza e come\u00e7ou a trabalhar como empregada num castelo. Sustentava a fam\u00edlia enquanto ajudava os [&hellip;]<\/p>\n","protected":false},"author":14,"featured_media":0,"comment_status":"open","ping_status":"open","sticky":false,"template":"","format":"standard","meta":{"ngg_post_thumbnail":0,"footnotes":""},"categories":[186],"tags":[],"yoast_head":"<!-- This site is optimized with the Yoast SEO plugin v23.5 - https:\/\/yoast.com\/wordpress\/plugins\/seo\/ -->\n<title>Bem Aventurada Joana Maria da Cruz - O Arcanjo no ar<\/title>\n<meta name=\"robots\" content=\"index, follow, max-snippet:-1, max-image-preview:large, max-video-preview:-1\" \/>\n<link rel=\"canonical\" href=\"https:\/\/www.oarcanjo.net\/site\/bem-aventurada-joana-maria-da-cruz\/\" \/>\n<meta property=\"og:locale\" content=\"pt_BR\" \/>\n<meta property=\"og:type\" content=\"article\" \/>\n<meta property=\"og:title\" content=\"Bem Aventurada Joana Maria da Cruz - O Arcanjo no ar\" \/>\n<meta property=\"og:description\" content=\"29 de Agosto Fundou a Congrega\u00e7\u00e3o das Irm\u00e3zinhas dos Pobres Joana nasceu numa aldeia de Cancale, Fran\u00e7a, em 25 de outubro de 1792. Seu pai era um pescador e morreu no mar quando ela tinha quatro anos. Logo conheceu a pobreza e come\u00e7ou a trabalhar como empregada num castelo. Sustentava a fam\u00edlia enquanto ajudava os [&hellip;]\" \/>\n<meta property=\"og:url\" content=\"https:\/\/www.oarcanjo.net\/site\/bem-aventurada-joana-maria-da-cruz\/\" \/>\n<meta property=\"og:site_name\" content=\"O Arcanjo no ar\" \/>\n<meta property=\"article:publisher\" content=\"https:\/\/www.facebook.com\/OArcanjoNoAr\/\" \/>\n<meta property=\"article:published_time\" content=\"2018-08-29T03:04:27+00:00\" \/>\n<meta property=\"article:modified_time\" content=\"2018-06-25T11:13:44+00:00\" \/>\n<meta property=\"og:image\" content=\"http:\/\/4.bp.blogspot.com\/_z-c0Sh5Zlrs\/SLZl9pWhwAI\/AAAAAAAACYM\/6c0JPw2Kzgc\/s400\/Joana+Maria+da+Cruz.jpg\" \/>\n<meta name=\"author\" content=\"danilo\" \/>\n<meta name=\"twitter:card\" content=\"summary_large_image\" \/>\n<meta name=\"twitter:label1\" content=\"Escrito por\" \/>\n\t<meta name=\"twitter:data1\" content=\"danilo\" \/>\n\t<meta name=\"twitter:label2\" content=\"Est. tempo de leitura\" \/>\n\t<meta name=\"twitter:data2\" content=\"3 minutos\" \/>\n<script type=\"application\/ld+json\" class=\"yoast-schema-graph\">{\"@context\":\"https:\/\/schema.org\",\"@graph\":[{\"@type\":\"Article\",\"@id\":\"https:\/\/www.oarcanjo.net\/site\/bem-aventurada-joana-maria-da-cruz\/#article\",\"isPartOf\":{\"@id\":\"https:\/\/www.oarcanjo.net\/site\/bem-aventurada-joana-maria-da-cruz\/\"},\"author\":{\"name\":\"danilo\",\"@id\":\"https:\/\/www.oarcanjo.net\/site\/#\/schema\/person\/5eb9480bedd2f3c97e430ce128c29c6c\"},\"headline\":\"Bem Aventurada Joana Maria da Cruz\",\"datePublished\":\"2018-08-29T03:04:27+00:00\",\"dateModified\":\"2018-06-25T11:13:44+00:00\",\"mainEntityOfPage\":{\"@id\":\"https:\/\/www.oarcanjo.net\/site\/bem-aventurada-joana-maria-da-cruz\/\"},\"wordCount\":540,\"commentCount\":0,\"publisher\":{\"@id\":\"https:\/\/www.oarcanjo.net\/site\/#organization\"},\"image\":{\"@id\":\"https:\/\/www.oarcanjo.net\/site\/bem-aventurada-joana-maria-da-cruz\/#primaryimage\"},\"thumbnailUrl\":\"http:\/\/4.bp.blogspot.com\/_z-c0Sh5Zlrs\/SLZl9pWhwAI\/AAAAAAAACYM\/6c0JPw2Kzgc\/s400\/Joana+Maria+da+Cruz.jpg\",\"articleSection\":[\"Testemunhos\"],\"inLanguage\":\"pt-BR\",\"potentialAction\":[{\"@type\":\"CommentAction\",\"name\":\"Comment\",\"target\":[\"https:\/\/www.oarcanjo.net\/site\/bem-aventurada-joana-maria-da-cruz\/#respond\"]}]},{\"@type\":\"WebPage\",\"@id\":\"https:\/\/www.oarcanjo.net\/site\/bem-aventurada-joana-maria-da-cruz\/\",\"url\":\"https:\/\/www.oarcanjo.net\/site\/bem-aventurada-joana-maria-da-cruz\/\",\"name\":\"Bem Aventurada Joana Maria da Cruz - O Arcanjo no ar\",\"isPartOf\":{\"@id\":\"https:\/\/www.oarcanjo.net\/site\/#website\"},\"primaryImageOfPage\":{\"@id\":\"https:\/\/www.oarcanjo.net\/site\/bem-aventurada-joana-maria-da-cruz\/#primaryimage\"},\"image\":{\"@id\":\"https:\/\/www.oarcanjo.net\/site\/bem-aventurada-joana-maria-da-cruz\/#primaryimage\"},\"thumbnailUrl\":\"http:\/\/4.bp.blogspot.com\/_z-c0Sh5Zlrs\/SLZl9pWhwAI\/AAAAAAAACYM\/6c0JPw2Kzgc\/s400\/Joana+Maria+da+Cruz.jpg\",\"datePublished\":\"2018-08-29T03:04:27+00:00\",\"dateModified\":\"2018-06-25T11:13:44+00:00\",\"breadcrumb\":{\"@id\":\"https:\/\/www.oarcanjo.net\/site\/bem-aventurada-joana-maria-da-cruz\/#breadcrumb\"},\"inLanguage\":\"pt-BR\",\"potentialAction\":[{\"@type\":\"ReadAction\",\"target\":[\"https:\/\/www.oarcanjo.net\/site\/bem-aventurada-joana-maria-da-cruz\/\"]}]},{\"@type\":\"ImageObject\",\"inLanguage\":\"pt-BR\",\"@id\":\"https:\/\/www.oarcanjo.net\/site\/bem-aventurada-joana-maria-da-cruz\/#primaryimage\",\"url\":\"http:\/\/4.bp.blogspot.com\/_z-c0Sh5Zlrs\/SLZl9pWhwAI\/AAAAAAAACYM\/6c0JPw2Kzgc\/s400\/Joana+Maria+da+Cruz.jpg\",\"contentUrl\":\"http:\/\/4.bp.blogspot.com\/_z-c0Sh5Zlrs\/SLZl9pWhwAI\/AAAAAAAACYM\/6c0JPw2Kzgc\/s400\/Joana+Maria+da+Cruz.jpg\"},{\"@type\":\"BreadcrumbList\",\"@id\":\"https:\/\/www.oarcanjo.net\/site\/bem-aventurada-joana-maria-da-cruz\/#breadcrumb\",\"itemListElement\":[{\"@type\":\"ListItem\",\"position\":1,\"name\":\"In\u00edcio\",\"item\":\"https:\/\/www.oarcanjo.net\/site\/\"},{\"@type\":\"ListItem\",\"position\":2,\"name\":\"Bem Aventurada Joana Maria da Cruz\"}]},{\"@type\":\"WebSite\",\"@id\":\"https:\/\/www.oarcanjo.net\/site\/#website\",\"url\":\"https:\/\/www.oarcanjo.net\/site\/\",\"name\":\"O Arcanjo no ar\",\"description\":\"Site da Par\u00f3quia S\u00e3o Miguel Arcanjo (Arquidiocese de SP)\",\"publisher\":{\"@id\":\"https:\/\/www.oarcanjo.net\/site\/#organization\"},\"potentialAction\":[{\"@type\":\"SearchAction\",\"target\":{\"@type\":\"EntryPoint\",\"urlTemplate\":\"https:\/\/www.oarcanjo.net\/site\/?s={search_term_string}\"},\"query-input\":{\"@type\":\"PropertyValueSpecification\",\"valueRequired\":true,\"valueName\":\"search_term_string\"}}],\"inLanguage\":\"pt-BR\"},{\"@type\":\"Organization\",\"@id\":\"https:\/\/www.oarcanjo.net\/site\/#organization\",\"name\":\"Par\u00f3quia S\u00e3o Miguel Arcanjo\",\"url\":\"https:\/\/www.oarcanjo.net\/site\/\",\"logo\":{\"@type\":\"ImageObject\",\"inLanguage\":\"pt-BR\",\"@id\":\"https:\/\/www.oarcanjo.net\/site\/#\/schema\/logo\/image\/\",\"url\":\"https:\/\/www.oarcanjo.net\/site\/wp-content\/uploads\/LogoOArcanjo.png\",\"contentUrl\":\"https:\/\/www.oarcanjo.net\/site\/wp-content\/uploads\/LogoOArcanjo.png\",\"width\":319,\"height\":99,\"caption\":\"Par\u00f3quia S\u00e3o Miguel Arcanjo\"},\"image\":{\"@id\":\"https:\/\/www.oarcanjo.net\/site\/#\/schema\/logo\/image\/\"},\"sameAs\":[\"https:\/\/www.facebook.com\/OArcanjoNoAr\/\"]},{\"@type\":\"Person\",\"@id\":\"https:\/\/www.oarcanjo.net\/site\/#\/schema\/person\/5eb9480bedd2f3c97e430ce128c29c6c\",\"name\":\"danilo\"}]}<\/script>\n<!-- \/ Yoast SEO plugin. -->","yoast_head_json":{"title":"Bem Aventurada Joana Maria da Cruz - O Arcanjo no ar","robots":{"index":"index","follow":"follow","max-snippet":"max-snippet:-1","max-image-preview":"max-image-preview:large","max-video-preview":"max-video-preview:-1"},"canonical":"https:\/\/www.oarcanjo.net\/site\/bem-aventurada-joana-maria-da-cruz\/","og_locale":"pt_BR","og_type":"article","og_title":"Bem Aventurada Joana Maria da Cruz - O Arcanjo no ar","og_description":"29 de Agosto Fundou a Congrega\u00e7\u00e3o das Irm\u00e3zinhas dos Pobres Joana nasceu numa aldeia de Cancale, Fran\u00e7a, em 25 de outubro de 1792. Seu pai era um pescador e morreu no mar quando ela tinha quatro anos. Logo conheceu a pobreza e come\u00e7ou a trabalhar como empregada num castelo. Sustentava a fam\u00edlia enquanto ajudava os [&hellip;]","og_url":"https:\/\/www.oarcanjo.net\/site\/bem-aventurada-joana-maria-da-cruz\/","og_site_name":"O Arcanjo no ar","article_publisher":"https:\/\/www.facebook.com\/OArcanjoNoAr\/","article_published_time":"2018-08-29T03:04:27+00:00","article_modified_time":"2018-06-25T11:13:44+00:00","og_image":[{"url":"http:\/\/4.bp.blogspot.com\/_z-c0Sh5Zlrs\/SLZl9pWhwAI\/AAAAAAAACYM\/6c0JPw2Kzgc\/s400\/Joana+Maria+da+Cruz.jpg"}],"author":"danilo","twitter_card":"summary_large_image","twitter_misc":{"Escrito por":"danilo","Est. tempo de leitura":"3 minutos"},"schema":{"@context":"https:\/\/schema.org","@graph":[{"@type":"Article","@id":"https:\/\/www.oarcanjo.net\/site\/bem-aventurada-joana-maria-da-cruz\/#article","isPartOf":{"@id":"https:\/\/www.oarcanjo.net\/site\/bem-aventurada-joana-maria-da-cruz\/"},"author":{"name":"danilo","@id":"https:\/\/www.oarcanjo.net\/site\/#\/schema\/person\/5eb9480bedd2f3c97e430ce128c29c6c"},"headline":"Bem Aventurada Joana Maria da Cruz","datePublished":"2018-08-29T03:04:27+00:00","dateModified":"2018-06-25T11:13:44+00:00","mainEntityOfPage":{"@id":"https:\/\/www.oarcanjo.net\/site\/bem-aventurada-joana-maria-da-cruz\/"},"wordCount":540,"commentCount":0,"publisher":{"@id":"https:\/\/www.oarcanjo.net\/site\/#organization"},"image":{"@id":"https:\/\/www.oarcanjo.net\/site\/bem-aventurada-joana-maria-da-cruz\/#primaryimage"},"thumbnailUrl":"http:\/\/4.bp.blogspot.com\/_z-c0Sh5Zlrs\/SLZl9pWhwAI\/AAAAAAAACYM\/6c0JPw2Kzgc\/s400\/Joana+Maria+da+Cruz.jpg","articleSection":["Testemunhos"],"inLanguage":"pt-BR","potentialAction":[{"@type":"CommentAction","name":"Comment","target":["https:\/\/www.oarcanjo.net\/site\/bem-aventurada-joana-maria-da-cruz\/#respond"]}]},{"@type":"WebPage","@id":"https:\/\/www.oarcanjo.net\/site\/bem-aventurada-joana-maria-da-cruz\/","url":"https:\/\/www.oarcanjo.net\/site\/bem-aventurada-joana-maria-da-cruz\/","name":"Bem Aventurada Joana Maria da Cruz - O Arcanjo no ar","isPartOf":{"@id":"https:\/\/www.oarcanjo.net\/site\/#website"},"primaryImageOfPage":{"@id":"https:\/\/www.oarcanjo.net\/site\/bem-aventurada-joana-maria-da-cruz\/#primaryimage"},"image":{"@id":"https:\/\/www.oarcanjo.net\/site\/bem-aventurada-joana-maria-da-cruz\/#primaryimage"},"thumbnailUrl":"http:\/\/4.bp.blogspot.com\/_z-c0Sh5Zlrs\/SLZl9pWhwAI\/AAAAAAAACYM\/6c0JPw2Kzgc\/s400\/Joana+Maria+da+Cruz.jpg","datePublished":"2018-08-29T03:04:27+00:00","dateModified":"2018-06-25T11:13:44+00:00","breadcrumb":{"@id":"https:\/\/www.oarcanjo.net\/site\/bem-aventurada-joana-maria-da-cruz\/#breadcrumb"},"inLanguage":"pt-BR","potentialAction":[{"@type":"ReadAction","target":["https:\/\/www.oarcanjo.net\/site\/bem-aventurada-joana-maria-da-cruz\/"]}]},{"@type":"ImageObject","inLanguage":"pt-BR","@id":"https:\/\/www.oarcanjo.net\/site\/bem-aventurada-joana-maria-da-cruz\/#primaryimage","url":"http:\/\/4.bp.blogspot.com\/_z-c0Sh5Zlrs\/SLZl9pWhwAI\/AAAAAAAACYM\/6c0JPw2Kzgc\/s400\/Joana+Maria+da+Cruz.jpg","contentUrl":"http:\/\/4.bp.blogspot.com\/_z-c0Sh5Zlrs\/SLZl9pWhwAI\/AAAAAAAACYM\/6c0JPw2Kzgc\/s400\/Joana+Maria+da+Cruz.jpg"},{"@type":"BreadcrumbList","@id":"https:\/\/www.oarcanjo.net\/site\/bem-aventurada-joana-maria-da-cruz\/#breadcrumb","itemListElement":[{"@type":"ListItem","position":1,"name":"In\u00edcio","item":"https:\/\/www.oarcanjo.net\/site\/"},{"@type":"ListItem","position":2,"name":"Bem Aventurada Joana Maria da Cruz"}]},{"@type":"WebSite","@id":"https:\/\/www.oarcanjo.net\/site\/#website","url":"https:\/\/www.oarcanjo.net\/site\/","name":"O Arcanjo no ar","description":"Site da Par\u00f3quia S\u00e3o Miguel Arcanjo (Arquidiocese de SP)","publisher":{"@id":"https:\/\/www.oarcanjo.net\/site\/#organization"},"potentialAction":[{"@type":"SearchAction","target":{"@type":"EntryPoint","urlTemplate":"https:\/\/www.oarcanjo.net\/site\/?s={search_term_string}"},"query-input":{"@type":"PropertyValueSpecification","valueRequired":true,"valueName":"search_term_string"}}],"inLanguage":"pt-BR"},{"@type":"Organization","@id":"https:\/\/www.oarcanjo.net\/site\/#organization","name":"Par\u00f3quia S\u00e3o Miguel Arcanjo","url":"https:\/\/www.oarcanjo.net\/site\/","logo":{"@type":"ImageObject","inLanguage":"pt-BR","@id":"https:\/\/www.oarcanjo.net\/site\/#\/schema\/logo\/image\/","url":"https:\/\/www.oarcanjo.net\/site\/wp-content\/uploads\/LogoOArcanjo.png","contentUrl":"https:\/\/www.oarcanjo.net\/site\/wp-content\/uploads\/LogoOArcanjo.png","width":319,"height":99,"caption":"Par\u00f3quia S\u00e3o Miguel Arcanjo"},"image":{"@id":"https:\/\/www.oarcanjo.net\/site\/#\/schema\/logo\/image\/"},"sameAs":["https:\/\/www.facebook.com\/OArcanjoNoAr\/"]},{"@type":"Person","@id":"https:\/\/www.oarcanjo.net\/site\/#\/schema\/person\/5eb9480bedd2f3c97e430ce128c29c6c","name":"danilo"}]}},"publishpress_future_action":{"enabled":false,"date":"2026-05-08 04:11:17","action":"category","newStatus":"draft","terms":[],"taxonomy":"category"},"publishpress_future_workflow_manual_trigger":{"enabledWorkflows":[]},"_links":{"self":[{"href":"https:\/\/www.oarcanjo.net\/site\/wp-json\/wp\/v2\/posts\/10652"}],"collection":[{"href":"https:\/\/www.oarcanjo.net\/site\/wp-json\/wp\/v2\/posts"}],"about":[{"href":"https:\/\/www.oarcanjo.net\/site\/wp-json\/wp\/v2\/types\/post"}],"author":[{"embeddable":true,"href":"https:\/\/www.oarcanjo.net\/site\/wp-json\/wp\/v2\/users\/14"}],"replies":[{"embeddable":true,"href":"https:\/\/www.oarcanjo.net\/site\/wp-json\/wp\/v2\/comments?post=10652"}],"version-history":[{"count":1,"href":"https:\/\/www.oarcanjo.net\/site\/wp-json\/wp\/v2\/posts\/10652\/revisions"}],"predecessor-version":[{"id":88840,"href":"https:\/\/www.oarcanjo.net\/site\/wp-json\/wp\/v2\/posts\/10652\/revisions\/88840"}],"wp:attachment":[{"href":"https:\/\/www.oarcanjo.net\/site\/wp-json\/wp\/v2\/media?parent=10652"}],"wp:term":[{"taxonomy":"category","embeddable":true,"href":"https:\/\/www.oarcanjo.net\/site\/wp-json\/wp\/v2\/categories?post=10652"},{"taxonomy":"post_tag","embeddable":true,"href":"https:\/\/www.oarcanjo.net\/site\/wp-json\/wp\/v2\/tags?post=10652"}],"curies":[{"name":"wp","href":"https:\/\/api.w.org\/{rel}","templated":true}]}}