
{"id":10654,"date":"2018-08-29T00:05:53","date_gmt":"2018-08-29T03:05:53","guid":{"rendered":"http:\/\/www.oarcanjo.net\/site\/?p=10654"},"modified":"2018-06-25T08:17:07","modified_gmt":"2018-06-25T11:17:07","slug":"martirio-de-sao-joao-batista","status":"publish","type":"post","link":"https:\/\/www.oarcanjo.net\/site\/martirio-de-sao-joao-batista\/","title":{"rendered":"Mart\u00edrio de S\u00e3o Jo\u00e3o Batista"},"content":{"rendered":"<p><img loading=\"lazy\" decoding=\"async\" src=\"http:\/\/4.bp.blogspot.com\/_K5-9KuKdEMg\/SphnYffAEMI\/AAAAAAAAB8o\/CqRrlO4AeLA\/s400\/MART%C3%8DRIO+S.+JO%C3%83O+BATISTA.jpg\" alt=\"\" width=\"400\" height=\"320\" \/><\/p>\n<p>29 de Agsoto<\/p>\n<p>A festa da natividade de s\u00e3o Jo\u00e3o Batista ocorre no dia 24 de junho. Ela faz parte da tradi\u00e7\u00e3o dos crist\u00e3os como esta que celebramos hoje, do mart\u00edrio de s\u00e3o Jo\u00e3o Batista. No calend\u00e1rio lit\u00fargico da Igreja, esta comemora\u00e7\u00e3o iniciou na Fran\u00e7a, no s\u00e9culo V, sendo introduzida em Roma no s\u00e9culo seguinte. A origem da comemora\u00e7\u00e3o foi a constru\u00e7\u00e3o de uma igreja em Sebaste, na Samaria, sobre o local indicado como o do t\u00famulo de s\u00e3o Jo\u00e3o Batista.<\/p>\n<p>Jo\u00e3o era primo de Jesus e foi quem melhor soube levar ao povo a palavra do Mestre. Jesus dedicou-lhe uma grande simpatia e respeito, como est\u00e1 escrito no evangelho de s\u00e3o Lucas: &#8220;Na verdade vos digo, dentre os nascidos de mulher, nenhum foi maior que Jo\u00e3o Batista&#8221;. Jo\u00e3o Batista foi o precursor do Messias. Foi ele que batizou Jesus no rio Jord\u00e3o e preparou-lhe o caminho para a prega\u00e7\u00e3o entre o povo. N\u00e3o teve medo e denunciou o adult\u00e9rio do rei Herodes Antipas, que vivia na imoralidade com sua cunhada Herod\u00edades.<\/p>\n<p>A ousadia do profeta despertou a ira do rei, que imediatamente mandou prend\u00ea-lo. Jo\u00e3o Batista permaneceu na pris\u00e3o de Maqueronte, na margem oriental do mar Morto, por tr\u00eas meses. At\u00e9 que, durante uma festa no pal\u00e1cio daquela cidade, a filha de Herod\u00edades, Salom\u00e9, instigada pela ardilosa e perversa m\u00e3e, dan\u00e7ou para o rei e seus convidados. A bela mo\u00e7a era uma ex\u00edmia dan\u00e7arina e tinha a exuber\u00e2ncia da juventude, o que proporcionou a todos um estonteante espet\u00e1culo.<\/p>\n<p>No final, ainda entusiasmado, o rei Herodes disse que ela poderia pedir o que quisesse como pagamento, porque nada lhe seria negado. Por conselho da m\u00e3e, ela pediu a cabe\u00e7a de Jo\u00e3o Batista numa bandeja. Assim, a palavra do rei foi mantida. Algum tempo depois, o carrasco trazia a cabe\u00e7a do profeta em um prato, entregando-a para Salom\u00e9 e para sua maldosa m\u00e3e. O mart\u00edrio por decapita\u00e7\u00e3o de s\u00e3o Jo\u00e3o Batista, que nos chegou narrado atrav\u00e9s do evangelho de s\u00e3o Marcos, ocorreu no dia 29 de agosto, um ano antes da Paix\u00e3o de Jesus.<\/p>\n<p>Ainda segundo o evangelista Marcos, Jo\u00e3o Batista, antes de ser decapitado, exultou em voz alta: &#8220;Agora a minha felicidade ser\u00e1 completa; ele deve crescer, eu, ao contr\u00e1rio, diminuirei&#8221;. Encerraou, com o mart\u00edrio, a sua miss\u00e3o de profeta precursor do Messias.<\/p>\n<div id=\"themify_builder_content-10654\" data-postid=\"10654\" class=\"themify_builder_content themify_builder_content-10654 themify_builder themify_builder_front\">\n\t<\/div>\n<!-- \/themify_builder_content -->","protected":false},"excerpt":{"rendered":"<p>29 de Agsoto A festa da natividade de s\u00e3o Jo\u00e3o Batista ocorre no dia 24 de junho. Ela faz parte da tradi\u00e7\u00e3o dos crist\u00e3os como esta que celebramos hoje, do mart\u00edrio de s\u00e3o Jo\u00e3o Batista. No calend\u00e1rio lit\u00fargico da Igreja, esta comemora\u00e7\u00e3o iniciou na Fran\u00e7a, no s\u00e9culo V, sendo introduzida em Roma no s\u00e9culo seguinte. [&hellip;]<\/p>\n","protected":false},"author":14,"featured_media":0,"comment_status":"open","ping_status":"open","sticky":false,"template":"","format":"standard","meta":{"ngg_post_thumbnail":0,"footnotes":""},"categories":[186],"tags":[],"yoast_head":"<!-- This site is optimized with the Yoast SEO plugin v23.5 - https:\/\/yoast.com\/wordpress\/plugins\/seo\/ -->\n<title>Mart\u00edrio de S\u00e3o Jo\u00e3o Batista - O Arcanjo no ar<\/title>\n<meta name=\"robots\" content=\"index, follow, max-snippet:-1, max-image-preview:large, max-video-preview:-1\" \/>\n<link rel=\"canonical\" href=\"https:\/\/www.oarcanjo.net\/site\/martirio-de-sao-joao-batista\/\" \/>\n<meta property=\"og:locale\" content=\"pt_BR\" \/>\n<meta property=\"og:type\" content=\"article\" \/>\n<meta property=\"og:title\" content=\"Mart\u00edrio de S\u00e3o Jo\u00e3o Batista - O Arcanjo no ar\" \/>\n<meta property=\"og:description\" content=\"29 de Agsoto A festa da natividade de s\u00e3o Jo\u00e3o Batista ocorre no dia 24 de junho. Ela faz parte da tradi\u00e7\u00e3o dos crist\u00e3os como esta que celebramos hoje, do mart\u00edrio de s\u00e3o Jo\u00e3o Batista. No calend\u00e1rio lit\u00fargico da Igreja, esta comemora\u00e7\u00e3o iniciou na Fran\u00e7a, no s\u00e9culo V, sendo introduzida em Roma no s\u00e9culo seguinte. [&hellip;]\" \/>\n<meta property=\"og:url\" content=\"https:\/\/www.oarcanjo.net\/site\/martirio-de-sao-joao-batista\/\" \/>\n<meta property=\"og:site_name\" content=\"O Arcanjo no ar\" \/>\n<meta property=\"article:publisher\" content=\"https:\/\/www.facebook.com\/OArcanjoNoAr\/\" \/>\n<meta property=\"article:published_time\" content=\"2018-08-29T03:05:53+00:00\" \/>\n<meta property=\"article:modified_time\" content=\"2018-06-25T11:17:07+00:00\" \/>\n<meta property=\"og:image\" content=\"http:\/\/4.bp.blogspot.com\/_K5-9KuKdEMg\/SphnYffAEMI\/AAAAAAAAB8o\/CqRrlO4AeLA\/s400\/MART%C3%8DRIO+S.+JO%C3%83O+BATISTA.jpg\" \/>\n<meta name=\"author\" content=\"danilo\" \/>\n<meta name=\"twitter:card\" content=\"summary_large_image\" \/>\n<meta name=\"twitter:label1\" content=\"Escrito por\" \/>\n\t<meta name=\"twitter:data1\" content=\"danilo\" \/>\n\t<meta name=\"twitter:label2\" content=\"Est. tempo de leitura\" \/>\n\t<meta name=\"twitter:data2\" content=\"2 minutos\" \/>\n<script type=\"application\/ld+json\" class=\"yoast-schema-graph\">{\"@context\":\"https:\/\/schema.org\",\"@graph\":[{\"@type\":\"Article\",\"@id\":\"https:\/\/www.oarcanjo.net\/site\/martirio-de-sao-joao-batista\/#article\",\"isPartOf\":{\"@id\":\"https:\/\/www.oarcanjo.net\/site\/martirio-de-sao-joao-batista\/\"},\"author\":{\"name\":\"danilo\",\"@id\":\"https:\/\/www.oarcanjo.net\/site\/#\/schema\/person\/5eb9480bedd2f3c97e430ce128c29c6c\"},\"headline\":\"Mart\u00edrio de S\u00e3o Jo\u00e3o Batista\",\"datePublished\":\"2018-08-29T03:05:53+00:00\",\"dateModified\":\"2018-06-25T11:17:07+00:00\",\"mainEntityOfPage\":{\"@id\":\"https:\/\/www.oarcanjo.net\/site\/martirio-de-sao-joao-batista\/\"},\"wordCount\":444,\"commentCount\":0,\"publisher\":{\"@id\":\"https:\/\/www.oarcanjo.net\/site\/#organization\"},\"image\":{\"@id\":\"https:\/\/www.oarcanjo.net\/site\/martirio-de-sao-joao-batista\/#primaryimage\"},\"thumbnailUrl\":\"http:\/\/4.bp.blogspot.com\/_K5-9KuKdEMg\/SphnYffAEMI\/AAAAAAAAB8o\/CqRrlO4AeLA\/s400\/MART%C3%8DRIO+S.+JO%C3%83O+BATISTA.jpg\",\"articleSection\":[\"Testemunhos\"],\"inLanguage\":\"pt-BR\",\"potentialAction\":[{\"@type\":\"CommentAction\",\"name\":\"Comment\",\"target\":[\"https:\/\/www.oarcanjo.net\/site\/martirio-de-sao-joao-batista\/#respond\"]}]},{\"@type\":\"WebPage\",\"@id\":\"https:\/\/www.oarcanjo.net\/site\/martirio-de-sao-joao-batista\/\",\"url\":\"https:\/\/www.oarcanjo.net\/site\/martirio-de-sao-joao-batista\/\",\"name\":\"Mart\u00edrio de S\u00e3o Jo\u00e3o Batista - O Arcanjo no ar\",\"isPartOf\":{\"@id\":\"https:\/\/www.oarcanjo.net\/site\/#website\"},\"primaryImageOfPage\":{\"@id\":\"https:\/\/www.oarcanjo.net\/site\/martirio-de-sao-joao-batista\/#primaryimage\"},\"image\":{\"@id\":\"https:\/\/www.oarcanjo.net\/site\/martirio-de-sao-joao-batista\/#primaryimage\"},\"thumbnailUrl\":\"http:\/\/4.bp.blogspot.com\/_K5-9KuKdEMg\/SphnYffAEMI\/AAAAAAAAB8o\/CqRrlO4AeLA\/s400\/MART%C3%8DRIO+S.+JO%C3%83O+BATISTA.jpg\",\"datePublished\":\"2018-08-29T03:05:53+00:00\",\"dateModified\":\"2018-06-25T11:17:07+00:00\",\"breadcrumb\":{\"@id\":\"https:\/\/www.oarcanjo.net\/site\/martirio-de-sao-joao-batista\/#breadcrumb\"},\"inLanguage\":\"pt-BR\",\"potentialAction\":[{\"@type\":\"ReadAction\",\"target\":[\"https:\/\/www.oarcanjo.net\/site\/martirio-de-sao-joao-batista\/\"]}]},{\"@type\":\"ImageObject\",\"inLanguage\":\"pt-BR\",\"@id\":\"https:\/\/www.oarcanjo.net\/site\/martirio-de-sao-joao-batista\/#primaryimage\",\"url\":\"http:\/\/4.bp.blogspot.com\/_K5-9KuKdEMg\/SphnYffAEMI\/AAAAAAAAB8o\/CqRrlO4AeLA\/s400\/MART%C3%8DRIO+S.+JO%C3%83O+BATISTA.jpg\",\"contentUrl\":\"http:\/\/4.bp.blogspot.com\/_K5-9KuKdEMg\/SphnYffAEMI\/AAAAAAAAB8o\/CqRrlO4AeLA\/s400\/MART%C3%8DRIO+S.+JO%C3%83O+BATISTA.jpg\"},{\"@type\":\"BreadcrumbList\",\"@id\":\"https:\/\/www.oarcanjo.net\/site\/martirio-de-sao-joao-batista\/#breadcrumb\",\"itemListElement\":[{\"@type\":\"ListItem\",\"position\":1,\"name\":\"In\u00edcio\",\"item\":\"https:\/\/www.oarcanjo.net\/site\/\"},{\"@type\":\"ListItem\",\"position\":2,\"name\":\"Mart\u00edrio de S\u00e3o Jo\u00e3o Batista\"}]},{\"@type\":\"WebSite\",\"@id\":\"https:\/\/www.oarcanjo.net\/site\/#website\",\"url\":\"https:\/\/www.oarcanjo.net\/site\/\",\"name\":\"O Arcanjo no ar\",\"description\":\"Site da Par\u00f3quia S\u00e3o Miguel Arcanjo (Arquidiocese de SP)\",\"publisher\":{\"@id\":\"https:\/\/www.oarcanjo.net\/site\/#organization\"},\"potentialAction\":[{\"@type\":\"SearchAction\",\"target\":{\"@type\":\"EntryPoint\",\"urlTemplate\":\"https:\/\/www.oarcanjo.net\/site\/?s={search_term_string}\"},\"query-input\":{\"@type\":\"PropertyValueSpecification\",\"valueRequired\":true,\"valueName\":\"search_term_string\"}}],\"inLanguage\":\"pt-BR\"},{\"@type\":\"Organization\",\"@id\":\"https:\/\/www.oarcanjo.net\/site\/#organization\",\"name\":\"Par\u00f3quia S\u00e3o Miguel Arcanjo\",\"url\":\"https:\/\/www.oarcanjo.net\/site\/\",\"logo\":{\"@type\":\"ImageObject\",\"inLanguage\":\"pt-BR\",\"@id\":\"https:\/\/www.oarcanjo.net\/site\/#\/schema\/logo\/image\/\",\"url\":\"https:\/\/www.oarcanjo.net\/site\/wp-content\/uploads\/LogoOArcanjo.png\",\"contentUrl\":\"https:\/\/www.oarcanjo.net\/site\/wp-content\/uploads\/LogoOArcanjo.png\",\"width\":319,\"height\":99,\"caption\":\"Par\u00f3quia S\u00e3o Miguel Arcanjo\"},\"image\":{\"@id\":\"https:\/\/www.oarcanjo.net\/site\/#\/schema\/logo\/image\/\"},\"sameAs\":[\"https:\/\/www.facebook.com\/OArcanjoNoAr\/\"]},{\"@type\":\"Person\",\"@id\":\"https:\/\/www.oarcanjo.net\/site\/#\/schema\/person\/5eb9480bedd2f3c97e430ce128c29c6c\",\"name\":\"danilo\"}]}<\/script>\n<!-- \/ Yoast SEO plugin. -->","yoast_head_json":{"title":"Mart\u00edrio de S\u00e3o Jo\u00e3o Batista - O Arcanjo no ar","robots":{"index":"index","follow":"follow","max-snippet":"max-snippet:-1","max-image-preview":"max-image-preview:large","max-video-preview":"max-video-preview:-1"},"canonical":"https:\/\/www.oarcanjo.net\/site\/martirio-de-sao-joao-batista\/","og_locale":"pt_BR","og_type":"article","og_title":"Mart\u00edrio de S\u00e3o Jo\u00e3o Batista - O Arcanjo no ar","og_description":"29 de Agsoto A festa da natividade de s\u00e3o Jo\u00e3o Batista ocorre no dia 24 de junho. Ela faz parte da tradi\u00e7\u00e3o dos crist\u00e3os como esta que celebramos hoje, do mart\u00edrio de s\u00e3o Jo\u00e3o Batista. No calend\u00e1rio lit\u00fargico da Igreja, esta comemora\u00e7\u00e3o iniciou na Fran\u00e7a, no s\u00e9culo V, sendo introduzida em Roma no s\u00e9culo seguinte. [&hellip;]","og_url":"https:\/\/www.oarcanjo.net\/site\/martirio-de-sao-joao-batista\/","og_site_name":"O Arcanjo no ar","article_publisher":"https:\/\/www.facebook.com\/OArcanjoNoAr\/","article_published_time":"2018-08-29T03:05:53+00:00","article_modified_time":"2018-06-25T11:17:07+00:00","og_image":[{"url":"http:\/\/4.bp.blogspot.com\/_K5-9KuKdEMg\/SphnYffAEMI\/AAAAAAAAB8o\/CqRrlO4AeLA\/s400\/MART%C3%8DRIO+S.+JO%C3%83O+BATISTA.jpg"}],"author":"danilo","twitter_card":"summary_large_image","twitter_misc":{"Escrito por":"danilo","Est. tempo de leitura":"2 minutos"},"schema":{"@context":"https:\/\/schema.org","@graph":[{"@type":"Article","@id":"https:\/\/www.oarcanjo.net\/site\/martirio-de-sao-joao-batista\/#article","isPartOf":{"@id":"https:\/\/www.oarcanjo.net\/site\/martirio-de-sao-joao-batista\/"},"author":{"name":"danilo","@id":"https:\/\/www.oarcanjo.net\/site\/#\/schema\/person\/5eb9480bedd2f3c97e430ce128c29c6c"},"headline":"Mart\u00edrio de S\u00e3o Jo\u00e3o Batista","datePublished":"2018-08-29T03:05:53+00:00","dateModified":"2018-06-25T11:17:07+00:00","mainEntityOfPage":{"@id":"https:\/\/www.oarcanjo.net\/site\/martirio-de-sao-joao-batista\/"},"wordCount":444,"commentCount":0,"publisher":{"@id":"https:\/\/www.oarcanjo.net\/site\/#organization"},"image":{"@id":"https:\/\/www.oarcanjo.net\/site\/martirio-de-sao-joao-batista\/#primaryimage"},"thumbnailUrl":"http:\/\/4.bp.blogspot.com\/_K5-9KuKdEMg\/SphnYffAEMI\/AAAAAAAAB8o\/CqRrlO4AeLA\/s400\/MART%C3%8DRIO+S.+JO%C3%83O+BATISTA.jpg","articleSection":["Testemunhos"],"inLanguage":"pt-BR","potentialAction":[{"@type":"CommentAction","name":"Comment","target":["https:\/\/www.oarcanjo.net\/site\/martirio-de-sao-joao-batista\/#respond"]}]},{"@type":"WebPage","@id":"https:\/\/www.oarcanjo.net\/site\/martirio-de-sao-joao-batista\/","url":"https:\/\/www.oarcanjo.net\/site\/martirio-de-sao-joao-batista\/","name":"Mart\u00edrio de S\u00e3o Jo\u00e3o Batista - O Arcanjo no ar","isPartOf":{"@id":"https:\/\/www.oarcanjo.net\/site\/#website"},"primaryImageOfPage":{"@id":"https:\/\/www.oarcanjo.net\/site\/martirio-de-sao-joao-batista\/#primaryimage"},"image":{"@id":"https:\/\/www.oarcanjo.net\/site\/martirio-de-sao-joao-batista\/#primaryimage"},"thumbnailUrl":"http:\/\/4.bp.blogspot.com\/_K5-9KuKdEMg\/SphnYffAEMI\/AAAAAAAAB8o\/CqRrlO4AeLA\/s400\/MART%C3%8DRIO+S.+JO%C3%83O+BATISTA.jpg","datePublished":"2018-08-29T03:05:53+00:00","dateModified":"2018-06-25T11:17:07+00:00","breadcrumb":{"@id":"https:\/\/www.oarcanjo.net\/site\/martirio-de-sao-joao-batista\/#breadcrumb"},"inLanguage":"pt-BR","potentialAction":[{"@type":"ReadAction","target":["https:\/\/www.oarcanjo.net\/site\/martirio-de-sao-joao-batista\/"]}]},{"@type":"ImageObject","inLanguage":"pt-BR","@id":"https:\/\/www.oarcanjo.net\/site\/martirio-de-sao-joao-batista\/#primaryimage","url":"http:\/\/4.bp.blogspot.com\/_K5-9KuKdEMg\/SphnYffAEMI\/AAAAAAAAB8o\/CqRrlO4AeLA\/s400\/MART%C3%8DRIO+S.+JO%C3%83O+BATISTA.jpg","contentUrl":"http:\/\/4.bp.blogspot.com\/_K5-9KuKdEMg\/SphnYffAEMI\/AAAAAAAAB8o\/CqRrlO4AeLA\/s400\/MART%C3%8DRIO+S.+JO%C3%83O+BATISTA.jpg"},{"@type":"BreadcrumbList","@id":"https:\/\/www.oarcanjo.net\/site\/martirio-de-sao-joao-batista\/#breadcrumb","itemListElement":[{"@type":"ListItem","position":1,"name":"In\u00edcio","item":"https:\/\/www.oarcanjo.net\/site\/"},{"@type":"ListItem","position":2,"name":"Mart\u00edrio de S\u00e3o Jo\u00e3o Batista"}]},{"@type":"WebSite","@id":"https:\/\/www.oarcanjo.net\/site\/#website","url":"https:\/\/www.oarcanjo.net\/site\/","name":"O Arcanjo no ar","description":"Site da Par\u00f3quia S\u00e3o Miguel Arcanjo (Arquidiocese de SP)","publisher":{"@id":"https:\/\/www.oarcanjo.net\/site\/#organization"},"potentialAction":[{"@type":"SearchAction","target":{"@type":"EntryPoint","urlTemplate":"https:\/\/www.oarcanjo.net\/site\/?s={search_term_string}"},"query-input":{"@type":"PropertyValueSpecification","valueRequired":true,"valueName":"search_term_string"}}],"inLanguage":"pt-BR"},{"@type":"Organization","@id":"https:\/\/www.oarcanjo.net\/site\/#organization","name":"Par\u00f3quia S\u00e3o Miguel Arcanjo","url":"https:\/\/www.oarcanjo.net\/site\/","logo":{"@type":"ImageObject","inLanguage":"pt-BR","@id":"https:\/\/www.oarcanjo.net\/site\/#\/schema\/logo\/image\/","url":"https:\/\/www.oarcanjo.net\/site\/wp-content\/uploads\/LogoOArcanjo.png","contentUrl":"https:\/\/www.oarcanjo.net\/site\/wp-content\/uploads\/LogoOArcanjo.png","width":319,"height":99,"caption":"Par\u00f3quia S\u00e3o Miguel Arcanjo"},"image":{"@id":"https:\/\/www.oarcanjo.net\/site\/#\/schema\/logo\/image\/"},"sameAs":["https:\/\/www.facebook.com\/OArcanjoNoAr\/"]},{"@type":"Person","@id":"https:\/\/www.oarcanjo.net\/site\/#\/schema\/person\/5eb9480bedd2f3c97e430ce128c29c6c","name":"danilo"}]}},"publishpress_future_action":{"enabled":false,"date":"2026-05-08 04:22:28","action":"category","newStatus":"draft","terms":[],"taxonomy":"category"},"publishpress_future_workflow_manual_trigger":{"enabledWorkflows":[]},"_links":{"self":[{"href":"https:\/\/www.oarcanjo.net\/site\/wp-json\/wp\/v2\/posts\/10654"}],"collection":[{"href":"https:\/\/www.oarcanjo.net\/site\/wp-json\/wp\/v2\/posts"}],"about":[{"href":"https:\/\/www.oarcanjo.net\/site\/wp-json\/wp\/v2\/types\/post"}],"author":[{"embeddable":true,"href":"https:\/\/www.oarcanjo.net\/site\/wp-json\/wp\/v2\/users\/14"}],"replies":[{"embeddable":true,"href":"https:\/\/www.oarcanjo.net\/site\/wp-json\/wp\/v2\/comments?post=10654"}],"version-history":[{"count":1,"href":"https:\/\/www.oarcanjo.net\/site\/wp-json\/wp\/v2\/posts\/10654\/revisions"}],"predecessor-version":[{"id":88868,"href":"https:\/\/www.oarcanjo.net\/site\/wp-json\/wp\/v2\/posts\/10654\/revisions\/88868"}],"wp:attachment":[{"href":"https:\/\/www.oarcanjo.net\/site\/wp-json\/wp\/v2\/media?parent=10654"}],"wp:term":[{"taxonomy":"category","embeddable":true,"href":"https:\/\/www.oarcanjo.net\/site\/wp-json\/wp\/v2\/categories?post=10654"},{"taxonomy":"post_tag","embeddable":true,"href":"https:\/\/www.oarcanjo.net\/site\/wp-json\/wp\/v2\/tags?post=10654"}],"curies":[{"name":"wp","href":"https:\/\/api.w.org\/{rel}","templated":true}]}}