
{"id":10656,"date":"2018-08-30T00:09:03","date_gmt":"2018-08-30T03:09:03","guid":{"rendered":"http:\/\/www.oarcanjo.net\/site\/?p=10656"},"modified":"2018-06-25T08:17:12","modified_gmt":"2018-06-25T11:17:12","slug":"sao-felix-e-santo-adauto","status":"publish","type":"post","link":"https:\/\/www.oarcanjo.net\/site\/sao-felix-e-santo-adauto\/","title":{"rendered":"S\u00e3o F\u00e9lix e Santo Adauto"},"content":{"rendered":"<p><img loading=\"lazy\" decoding=\"async\" src=\"http:\/\/4.bp.blogspot.com\/_iMPtMovrmdk\/SLlDq9bdQBI\/AAAAAAAAAGM\/eaCwHslSr3k\/s400\/S%C3%A3o+F%C3%A9lix+e+Santo+Adauto.bmp\" alt=\"\" width=\"150\" height=\"190\" \/><\/p>\n<p>30 de Agosto<\/p>\n<p>Poucos s\u00e3o os registros encontrados sobre F\u00e9lix e Adauto, que s\u00e3o celebrados juntos no dia de hoje. As tradi\u00e7\u00f5es mais antigas dos primeiros tempos do cristianismo narram-nos que eles foram perseguidos, martirizados e mortos pelo imperador Diocleciano no ano 303.<\/p>\n<p>A mais conhecida diz que F\u00e9lix era um padre e tinha sido condenado \u00e0 morte por aquele imperador. Mas quando caminhava para a execu\u00e7\u00e3o, foi interpelado por um desconhecido. Afrontando os soldados do ex\u00e9rcito imperial, o estranho declarou-se, espontaneamente, crist\u00e3o e pediu para ser sacrificado junto com ele. Os soldados n\u00e3o questionaram. Logo ap\u00f3s decapitarem F\u00e9lix, com a mesma espada decapitaram o homem que tinha tido a ousadia de desafiar o decreto do imperador Diocleciano.<\/p>\n<p>Nenhum dos presentes sabia dizer a identidade daquele homem. Por isso ele foi chamado somente de Adauto, que significa: adjunto, isto \u00e9 &#8220;aquele que recebeu junto com F\u00e9lix a coroa do mart\u00edrio&#8221;.<\/p>\n<p>Ainda segundo as narrativas, eles foram sepultados numa cripta do cemit\u00e9rio de Comodila, pr\u00f3xima da bas\u00edlica de S\u00e3o Paulo Fora dos Muros. O papa Sir\u00edcio transformou o lugar onde eles foram enterrados numa bas\u00edlica, que se tornou lugar de grande peregrina\u00e7\u00e3o de devotos at\u00e9 depois da Idade M\u00e9dia, quando o culto dedicado a eles foi declinando.<\/p>\n<p>O cemit\u00e9rio de Comodila e o t\u00famulo de F\u00e9lix e Adauto foram encontrados no ano de 1720, mas vieram a ruir logo em seguida, sendo novamente esquecidos e suas ru\u00ednas, abandonadas. S\u00f3 em 1903 a pequena bas\u00edlica foi definitivamente restaurada.<\/p>\n<p>Esses mart\u00edrios permaneceram vivos na mem\u00f3ria da Igreja Cat\u00f3lica, que dedicou o mesmo dia a s\u00e3o F\u00e9lix e santo Adauto para as comemora\u00e7\u00f5es lit\u00fargicas. Algumas fontes, mesmo, dizem que os dois santos eram irm\u00e3os de sangue.<\/p>\n<div id=\"themify_builder_content-10656\" data-postid=\"10656\" class=\"themify_builder_content themify_builder_content-10656 themify_builder themify_builder_front\">\n\t<\/div>\n<!-- \/themify_builder_content -->","protected":false},"excerpt":{"rendered":"<p>30 de Agosto Poucos s\u00e3o os registros encontrados sobre F\u00e9lix e Adauto, que s\u00e3o celebrados juntos no dia de hoje. As tradi\u00e7\u00f5es mais antigas dos primeiros tempos do cristianismo narram-nos que eles foram perseguidos, martirizados e mortos pelo imperador Diocleciano no ano 303. A mais conhecida diz que F\u00e9lix era um padre e tinha sido [&hellip;]<\/p>\n","protected":false},"author":14,"featured_media":0,"comment_status":"open","ping_status":"open","sticky":false,"template":"","format":"standard","meta":{"ngg_post_thumbnail":0,"footnotes":""},"categories":[186],"tags":[],"yoast_head":"<!-- This site is optimized with the Yoast SEO plugin v23.5 - https:\/\/yoast.com\/wordpress\/plugins\/seo\/ -->\n<title>S\u00e3o F\u00e9lix e Santo Adauto - O Arcanjo no ar<\/title>\n<meta name=\"robots\" content=\"index, follow, max-snippet:-1, max-image-preview:large, max-video-preview:-1\" \/>\n<link rel=\"canonical\" href=\"https:\/\/www.oarcanjo.net\/site\/sao-felix-e-santo-adauto\/\" \/>\n<meta property=\"og:locale\" content=\"pt_BR\" \/>\n<meta property=\"og:type\" content=\"article\" \/>\n<meta property=\"og:title\" content=\"S\u00e3o F\u00e9lix e Santo Adauto - O Arcanjo no ar\" \/>\n<meta property=\"og:description\" content=\"30 de Agosto Poucos s\u00e3o os registros encontrados sobre F\u00e9lix e Adauto, que s\u00e3o celebrados juntos no dia de hoje. As tradi\u00e7\u00f5es mais antigas dos primeiros tempos do cristianismo narram-nos que eles foram perseguidos, martirizados e mortos pelo imperador Diocleciano no ano 303. A mais conhecida diz que F\u00e9lix era um padre e tinha sido [&hellip;]\" \/>\n<meta property=\"og:url\" content=\"https:\/\/www.oarcanjo.net\/site\/sao-felix-e-santo-adauto\/\" \/>\n<meta property=\"og:site_name\" content=\"O Arcanjo no ar\" \/>\n<meta property=\"article:publisher\" content=\"https:\/\/www.facebook.com\/OArcanjoNoAr\/\" \/>\n<meta property=\"article:published_time\" content=\"2018-08-30T03:09:03+00:00\" \/>\n<meta property=\"article:modified_time\" content=\"2018-06-25T11:17:12+00:00\" \/>\n<meta property=\"og:image\" content=\"http:\/\/4.bp.blogspot.com\/_iMPtMovrmdk\/SLlDq9bdQBI\/AAAAAAAAAGM\/eaCwHslSr3k\/s400\/S%C3%A3o+F%C3%A9lix+e+Santo+Adauto.bmp\" \/>\n<meta name=\"author\" content=\"danilo\" \/>\n<meta name=\"twitter:card\" content=\"summary_large_image\" \/>\n<meta name=\"twitter:label1\" content=\"Escrito por\" \/>\n\t<meta name=\"twitter:data1\" content=\"danilo\" \/>\n\t<meta name=\"twitter:label2\" content=\"Est. tempo de leitura\" \/>\n\t<meta name=\"twitter:data2\" content=\"2 minutos\" \/>\n<script type=\"application\/ld+json\" class=\"yoast-schema-graph\">{\"@context\":\"https:\/\/schema.org\",\"@graph\":[{\"@type\":\"Article\",\"@id\":\"https:\/\/www.oarcanjo.net\/site\/sao-felix-e-santo-adauto\/#article\",\"isPartOf\":{\"@id\":\"https:\/\/www.oarcanjo.net\/site\/sao-felix-e-santo-adauto\/\"},\"author\":{\"name\":\"danilo\",\"@id\":\"https:\/\/www.oarcanjo.net\/site\/#\/schema\/person\/5eb9480bedd2f3c97e430ce128c29c6c\"},\"headline\":\"S\u00e3o F\u00e9lix e Santo Adauto\",\"datePublished\":\"2018-08-30T03:09:03+00:00\",\"dateModified\":\"2018-06-25T11:17:12+00:00\",\"mainEntityOfPage\":{\"@id\":\"https:\/\/www.oarcanjo.net\/site\/sao-felix-e-santo-adauto\/\"},\"wordCount\":317,\"commentCount\":2,\"publisher\":{\"@id\":\"https:\/\/www.oarcanjo.net\/site\/#organization\"},\"image\":{\"@id\":\"https:\/\/www.oarcanjo.net\/site\/sao-felix-e-santo-adauto\/#primaryimage\"},\"thumbnailUrl\":\"http:\/\/4.bp.blogspot.com\/_iMPtMovrmdk\/SLlDq9bdQBI\/AAAAAAAAAGM\/eaCwHslSr3k\/s400\/S%C3%A3o+F%C3%A9lix+e+Santo+Adauto.bmp\",\"articleSection\":[\"Testemunhos\"],\"inLanguage\":\"pt-BR\",\"potentialAction\":[{\"@type\":\"CommentAction\",\"name\":\"Comment\",\"target\":[\"https:\/\/www.oarcanjo.net\/site\/sao-felix-e-santo-adauto\/#respond\"]}]},{\"@type\":\"WebPage\",\"@id\":\"https:\/\/www.oarcanjo.net\/site\/sao-felix-e-santo-adauto\/\",\"url\":\"https:\/\/www.oarcanjo.net\/site\/sao-felix-e-santo-adauto\/\",\"name\":\"S\u00e3o F\u00e9lix e Santo Adauto - O Arcanjo no ar\",\"isPartOf\":{\"@id\":\"https:\/\/www.oarcanjo.net\/site\/#website\"},\"primaryImageOfPage\":{\"@id\":\"https:\/\/www.oarcanjo.net\/site\/sao-felix-e-santo-adauto\/#primaryimage\"},\"image\":{\"@id\":\"https:\/\/www.oarcanjo.net\/site\/sao-felix-e-santo-adauto\/#primaryimage\"},\"thumbnailUrl\":\"http:\/\/4.bp.blogspot.com\/_iMPtMovrmdk\/SLlDq9bdQBI\/AAAAAAAAAGM\/eaCwHslSr3k\/s400\/S%C3%A3o+F%C3%A9lix+e+Santo+Adauto.bmp\",\"datePublished\":\"2018-08-30T03:09:03+00:00\",\"dateModified\":\"2018-06-25T11:17:12+00:00\",\"breadcrumb\":{\"@id\":\"https:\/\/www.oarcanjo.net\/site\/sao-felix-e-santo-adauto\/#breadcrumb\"},\"inLanguage\":\"pt-BR\",\"potentialAction\":[{\"@type\":\"ReadAction\",\"target\":[\"https:\/\/www.oarcanjo.net\/site\/sao-felix-e-santo-adauto\/\"]}]},{\"@type\":\"ImageObject\",\"inLanguage\":\"pt-BR\",\"@id\":\"https:\/\/www.oarcanjo.net\/site\/sao-felix-e-santo-adauto\/#primaryimage\",\"url\":\"http:\/\/4.bp.blogspot.com\/_iMPtMovrmdk\/SLlDq9bdQBI\/AAAAAAAAAGM\/eaCwHslSr3k\/s400\/S%C3%A3o+F%C3%A9lix+e+Santo+Adauto.bmp\",\"contentUrl\":\"http:\/\/4.bp.blogspot.com\/_iMPtMovrmdk\/SLlDq9bdQBI\/AAAAAAAAAGM\/eaCwHslSr3k\/s400\/S%C3%A3o+F%C3%A9lix+e+Santo+Adauto.bmp\"},{\"@type\":\"BreadcrumbList\",\"@id\":\"https:\/\/www.oarcanjo.net\/site\/sao-felix-e-santo-adauto\/#breadcrumb\",\"itemListElement\":[{\"@type\":\"ListItem\",\"position\":1,\"name\":\"In\u00edcio\",\"item\":\"https:\/\/www.oarcanjo.net\/site\/\"},{\"@type\":\"ListItem\",\"position\":2,\"name\":\"S\u00e3o F\u00e9lix e Santo Adauto\"}]},{\"@type\":\"WebSite\",\"@id\":\"https:\/\/www.oarcanjo.net\/site\/#website\",\"url\":\"https:\/\/www.oarcanjo.net\/site\/\",\"name\":\"O Arcanjo no ar\",\"description\":\"Site da Par\u00f3quia S\u00e3o Miguel Arcanjo (Arquidiocese de SP)\",\"publisher\":{\"@id\":\"https:\/\/www.oarcanjo.net\/site\/#organization\"},\"potentialAction\":[{\"@type\":\"SearchAction\",\"target\":{\"@type\":\"EntryPoint\",\"urlTemplate\":\"https:\/\/www.oarcanjo.net\/site\/?s={search_term_string}\"},\"query-input\":{\"@type\":\"PropertyValueSpecification\",\"valueRequired\":true,\"valueName\":\"search_term_string\"}}],\"inLanguage\":\"pt-BR\"},{\"@type\":\"Organization\",\"@id\":\"https:\/\/www.oarcanjo.net\/site\/#organization\",\"name\":\"Par\u00f3quia S\u00e3o Miguel Arcanjo\",\"url\":\"https:\/\/www.oarcanjo.net\/site\/\",\"logo\":{\"@type\":\"ImageObject\",\"inLanguage\":\"pt-BR\",\"@id\":\"https:\/\/www.oarcanjo.net\/site\/#\/schema\/logo\/image\/\",\"url\":\"https:\/\/www.oarcanjo.net\/site\/wp-content\/uploads\/LogoOArcanjo.png\",\"contentUrl\":\"https:\/\/www.oarcanjo.net\/site\/wp-content\/uploads\/LogoOArcanjo.png\",\"width\":319,\"height\":99,\"caption\":\"Par\u00f3quia S\u00e3o Miguel Arcanjo\"},\"image\":{\"@id\":\"https:\/\/www.oarcanjo.net\/site\/#\/schema\/logo\/image\/\"},\"sameAs\":[\"https:\/\/www.facebook.com\/OArcanjoNoAr\/\"]},{\"@type\":\"Person\",\"@id\":\"https:\/\/www.oarcanjo.net\/site\/#\/schema\/person\/5eb9480bedd2f3c97e430ce128c29c6c\",\"name\":\"danilo\"}]}<\/script>\n<!-- \/ Yoast SEO plugin. -->","yoast_head_json":{"title":"S\u00e3o F\u00e9lix e Santo Adauto - O Arcanjo no ar","robots":{"index":"index","follow":"follow","max-snippet":"max-snippet:-1","max-image-preview":"max-image-preview:large","max-video-preview":"max-video-preview:-1"},"canonical":"https:\/\/www.oarcanjo.net\/site\/sao-felix-e-santo-adauto\/","og_locale":"pt_BR","og_type":"article","og_title":"S\u00e3o F\u00e9lix e Santo Adauto - O Arcanjo no ar","og_description":"30 de Agosto Poucos s\u00e3o os registros encontrados sobre F\u00e9lix e Adauto, que s\u00e3o celebrados juntos no dia de hoje. As tradi\u00e7\u00f5es mais antigas dos primeiros tempos do cristianismo narram-nos que eles foram perseguidos, martirizados e mortos pelo imperador Diocleciano no ano 303. A mais conhecida diz que F\u00e9lix era um padre e tinha sido [&hellip;]","og_url":"https:\/\/www.oarcanjo.net\/site\/sao-felix-e-santo-adauto\/","og_site_name":"O Arcanjo no ar","article_publisher":"https:\/\/www.facebook.com\/OArcanjoNoAr\/","article_published_time":"2018-08-30T03:09:03+00:00","article_modified_time":"2018-06-25T11:17:12+00:00","og_image":[{"url":"http:\/\/4.bp.blogspot.com\/_iMPtMovrmdk\/SLlDq9bdQBI\/AAAAAAAAAGM\/eaCwHslSr3k\/s400\/S%C3%A3o+F%C3%A9lix+e+Santo+Adauto.bmp"}],"author":"danilo","twitter_card":"summary_large_image","twitter_misc":{"Escrito por":"danilo","Est. tempo de leitura":"2 minutos"},"schema":{"@context":"https:\/\/schema.org","@graph":[{"@type":"Article","@id":"https:\/\/www.oarcanjo.net\/site\/sao-felix-e-santo-adauto\/#article","isPartOf":{"@id":"https:\/\/www.oarcanjo.net\/site\/sao-felix-e-santo-adauto\/"},"author":{"name":"danilo","@id":"https:\/\/www.oarcanjo.net\/site\/#\/schema\/person\/5eb9480bedd2f3c97e430ce128c29c6c"},"headline":"S\u00e3o F\u00e9lix e Santo Adauto","datePublished":"2018-08-30T03:09:03+00:00","dateModified":"2018-06-25T11:17:12+00:00","mainEntityOfPage":{"@id":"https:\/\/www.oarcanjo.net\/site\/sao-felix-e-santo-adauto\/"},"wordCount":317,"commentCount":2,"publisher":{"@id":"https:\/\/www.oarcanjo.net\/site\/#organization"},"image":{"@id":"https:\/\/www.oarcanjo.net\/site\/sao-felix-e-santo-adauto\/#primaryimage"},"thumbnailUrl":"http:\/\/4.bp.blogspot.com\/_iMPtMovrmdk\/SLlDq9bdQBI\/AAAAAAAAAGM\/eaCwHslSr3k\/s400\/S%C3%A3o+F%C3%A9lix+e+Santo+Adauto.bmp","articleSection":["Testemunhos"],"inLanguage":"pt-BR","potentialAction":[{"@type":"CommentAction","name":"Comment","target":["https:\/\/www.oarcanjo.net\/site\/sao-felix-e-santo-adauto\/#respond"]}]},{"@type":"WebPage","@id":"https:\/\/www.oarcanjo.net\/site\/sao-felix-e-santo-adauto\/","url":"https:\/\/www.oarcanjo.net\/site\/sao-felix-e-santo-adauto\/","name":"S\u00e3o F\u00e9lix e Santo Adauto - O Arcanjo no ar","isPartOf":{"@id":"https:\/\/www.oarcanjo.net\/site\/#website"},"primaryImageOfPage":{"@id":"https:\/\/www.oarcanjo.net\/site\/sao-felix-e-santo-adauto\/#primaryimage"},"image":{"@id":"https:\/\/www.oarcanjo.net\/site\/sao-felix-e-santo-adauto\/#primaryimage"},"thumbnailUrl":"http:\/\/4.bp.blogspot.com\/_iMPtMovrmdk\/SLlDq9bdQBI\/AAAAAAAAAGM\/eaCwHslSr3k\/s400\/S%C3%A3o+F%C3%A9lix+e+Santo+Adauto.bmp","datePublished":"2018-08-30T03:09:03+00:00","dateModified":"2018-06-25T11:17:12+00:00","breadcrumb":{"@id":"https:\/\/www.oarcanjo.net\/site\/sao-felix-e-santo-adauto\/#breadcrumb"},"inLanguage":"pt-BR","potentialAction":[{"@type":"ReadAction","target":["https:\/\/www.oarcanjo.net\/site\/sao-felix-e-santo-adauto\/"]}]},{"@type":"ImageObject","inLanguage":"pt-BR","@id":"https:\/\/www.oarcanjo.net\/site\/sao-felix-e-santo-adauto\/#primaryimage","url":"http:\/\/4.bp.blogspot.com\/_iMPtMovrmdk\/SLlDq9bdQBI\/AAAAAAAAAGM\/eaCwHslSr3k\/s400\/S%C3%A3o+F%C3%A9lix+e+Santo+Adauto.bmp","contentUrl":"http:\/\/4.bp.blogspot.com\/_iMPtMovrmdk\/SLlDq9bdQBI\/AAAAAAAAAGM\/eaCwHslSr3k\/s400\/S%C3%A3o+F%C3%A9lix+e+Santo+Adauto.bmp"},{"@type":"BreadcrumbList","@id":"https:\/\/www.oarcanjo.net\/site\/sao-felix-e-santo-adauto\/#breadcrumb","itemListElement":[{"@type":"ListItem","position":1,"name":"In\u00edcio","item":"https:\/\/www.oarcanjo.net\/site\/"},{"@type":"ListItem","position":2,"name":"S\u00e3o F\u00e9lix e Santo Adauto"}]},{"@type":"WebSite","@id":"https:\/\/www.oarcanjo.net\/site\/#website","url":"https:\/\/www.oarcanjo.net\/site\/","name":"O Arcanjo no ar","description":"Site da Par\u00f3quia S\u00e3o Miguel Arcanjo (Arquidiocese de SP)","publisher":{"@id":"https:\/\/www.oarcanjo.net\/site\/#organization"},"potentialAction":[{"@type":"SearchAction","target":{"@type":"EntryPoint","urlTemplate":"https:\/\/www.oarcanjo.net\/site\/?s={search_term_string}"},"query-input":{"@type":"PropertyValueSpecification","valueRequired":true,"valueName":"search_term_string"}}],"inLanguage":"pt-BR"},{"@type":"Organization","@id":"https:\/\/www.oarcanjo.net\/site\/#organization","name":"Par\u00f3quia S\u00e3o Miguel Arcanjo","url":"https:\/\/www.oarcanjo.net\/site\/","logo":{"@type":"ImageObject","inLanguage":"pt-BR","@id":"https:\/\/www.oarcanjo.net\/site\/#\/schema\/logo\/image\/","url":"https:\/\/www.oarcanjo.net\/site\/wp-content\/uploads\/LogoOArcanjo.png","contentUrl":"https:\/\/www.oarcanjo.net\/site\/wp-content\/uploads\/LogoOArcanjo.png","width":319,"height":99,"caption":"Par\u00f3quia S\u00e3o Miguel Arcanjo"},"image":{"@id":"https:\/\/www.oarcanjo.net\/site\/#\/schema\/logo\/image\/"},"sameAs":["https:\/\/www.facebook.com\/OArcanjoNoAr\/"]},{"@type":"Person","@id":"https:\/\/www.oarcanjo.net\/site\/#\/schema\/person\/5eb9480bedd2f3c97e430ce128c29c6c","name":"danilo"}]}},"publishpress_future_action":{"enabled":false,"date":"2026-05-08 04:03:10","action":"category","newStatus":"draft","terms":[],"taxonomy":"category"},"publishpress_future_workflow_manual_trigger":{"enabledWorkflows":[]},"_links":{"self":[{"href":"https:\/\/www.oarcanjo.net\/site\/wp-json\/wp\/v2\/posts\/10656"}],"collection":[{"href":"https:\/\/www.oarcanjo.net\/site\/wp-json\/wp\/v2\/posts"}],"about":[{"href":"https:\/\/www.oarcanjo.net\/site\/wp-json\/wp\/v2\/types\/post"}],"author":[{"embeddable":true,"href":"https:\/\/www.oarcanjo.net\/site\/wp-json\/wp\/v2\/users\/14"}],"replies":[{"embeddable":true,"href":"https:\/\/www.oarcanjo.net\/site\/wp-json\/wp\/v2\/comments?post=10656"}],"version-history":[{"count":1,"href":"https:\/\/www.oarcanjo.net\/site\/wp-json\/wp\/v2\/posts\/10656\/revisions"}],"predecessor-version":[{"id":88869,"href":"https:\/\/www.oarcanjo.net\/site\/wp-json\/wp\/v2\/posts\/10656\/revisions\/88869"}],"wp:attachment":[{"href":"https:\/\/www.oarcanjo.net\/site\/wp-json\/wp\/v2\/media?parent=10656"}],"wp:term":[{"taxonomy":"category","embeddable":true,"href":"https:\/\/www.oarcanjo.net\/site\/wp-json\/wp\/v2\/categories?post=10656"},{"taxonomy":"post_tag","embeddable":true,"href":"https:\/\/www.oarcanjo.net\/site\/wp-json\/wp\/v2\/tags?post=10656"}],"curies":[{"name":"wp","href":"https:\/\/api.w.org\/{rel}","templated":true}]}}