
{"id":10688,"date":"2010-08-26T12:52:39","date_gmt":"2010-08-26T15:52:39","guid":{"rendered":"http:\/\/www.oarcanjo.net\/site\/?p=10688"},"modified":"2010-08-26T12:52:39","modified_gmt":"2010-08-26T15:52:39","slug":"morte-na-fronteira","status":"publish","type":"post","link":"https:\/\/www.oarcanjo.net\/site\/morte-na-fronteira\/","title":{"rendered":"Morte na Fronteira"},"content":{"rendered":"<p><em>Pe. Alfredo J. Gon\u00e7alves, CS<\/em><\/p>\n<p>A not\u00edcia \u00e9 estarrecedora: 72 pessoas, incluindo homens e mulheres, s\u00e3o encontradas mortas em San Fernando , estado de Tamaulipas, M\u00e9xico, a 160 km ao sul de Browsville, Texas, Estados Unidos. Tudo indica que se trata de um conflito entre os grupos que controlam o tr\u00e1fico de seres humanos na fronteira entre M\u00e9xico e Estados Unidos. Dos 72 corpos encontrados, h\u00e1 cidad\u00e3os de El Salvador, Honduras, Equador e quatro brasileiros. De acordo com artigo da Folha de S\u00e3o Paulo, trata-se de \u201cresultado de brigas do cartel do Golfo\u201d (<em>Caderno Mundo, 26 de agosto de 2010<\/em>).<\/p>\n<p>N\u00e3o \u00e9 a primeira vez que os emigrantes\/imigrantes, atra\u00eddos e iludidos por organiza\u00e7\u00f5es internacionais, encontram uma morte tr\u00e1gica nas zonas fronteiri\u00e7as entre os pa\u00edses pobres e os pa\u00edses ricos. Bastaria um olhar retrospectivo \u00e0s \u00faltimas d\u00e9cadas para dar-se conta de quantas pessoas j\u00e1 foram barbaramente assassinadas ou morreram na travessia de desertos, florestas e mares que ligam o mundo desenvolvido ao mundo subdesenvolvido. Testemunhas disso s\u00e3o, por exemplo, Ciudad Ju\u00e1rez, no M\u00e9xico; mar Mediterr\u00e2neo, entre \u00c1frica e Europa; mar do Caribe com golfo mexicano; e Istambul, como elo de liga\u00e7\u00e3o entre \u00c1sia e Europa.<\/p>\n<p>Espa\u00e7os de fronteira, solo amb\u00edguo e escorregadio, uma esp\u00e9cie de n\u00e3o lugar. O dinamismo migrat\u00f3rio dos chamados \u201ccomplexos fronteiri\u00e7os\u201d, segundo alguns analistas, constitui hoje um retrato vivo da economia globalizada. Enquanto as mercadorias, o capital, a tecnologia e os servi\u00e7os t\u00eam tr\u00e2nsito livre, os trabalhadores encontram in\u00fameras barreiras, seja do ponto de vista legal, seja do ponto de vista socioecon\u00f4mico e cultural.<\/p>\n<p>Fronteira se torna, ao mesmo tempo, terra de ningu\u00e9m e terra aberta a todas as possibilidades. Ali se mesclam e se confundem distintas l\u00ednguas, bandeiras, moedas e povos de todas as ra\u00e7as e culturas. Ali tens\u00f5es, conflitos e solidariedades convivem lado a lado. Sonhos e pesadelos cruzam e recruzam de um pa\u00eds para outro. Desfilam por esse terreno minado os p\u00e9s ansiosos e os olhares esperan\u00e7osos de imigrantes, exilados, refugiados, deportados, entre outros.<\/p>\n<p>Autoridades policiais, \u201ccoyotes\u201d e quadrilhas do tr\u00e1fico disputam pessoas e d\u00f3lares. Os migrantes se convertem, simultaneamente, em v\u00edtimas, problemas, e sujeitos. <em>V\u00edtimas<\/em>, na medida em que s\u00e3o duplamente explorados: pelas redes criminosas encarregadas de vender falsas ilus\u00f5es aos jovens do terceiro mundo que buscam um futuro mais promissor e pelos governos ou empres\u00e1rios que necessitam dessa m\u00e3o-de-obra barata para os servi\u00e7os mais sujos e pesados, perigosos e mal remunerados.<\/p>\n<p>Se tais imigrantes representam uma solu\u00e7\u00e3o f\u00e1cil para o trabalho prec\u00e1rio e degradante, com o tempo acabam tornando-se um <em>problema<\/em> para os pa\u00edses de destino, especialmente quando se trata de estender a eles o direito de cidadania plena. O mais frequente \u00e9 permanecerem nos por\u00f5es da sociedade em situa\u00e7\u00e3o de clandestinidade, o que fecha a porta para os direitos b\u00e1sicos de todo ser humano.<\/p>\n<p>Mas, al\u00e9m de v\u00edtimas e problemas, os emigrantes\/imigrantes s\u00e3o tamb\u00e9m<em> sujeitos<\/em>. O simples ato de migrar os converte em profetas, \u00e0s vezes inconscientes, de uma cidadania universal, sem fronteiras. Suas idas e vindas, por um lado denunciam situa\u00e7\u00f5es de pobreza e exclus\u00e3o social nos pa\u00edses de origem, que sequer conseguem oferecer-lhes o direito a uma cidadania m\u00ednima, obrigando-os \u00e0 sa\u00edda n\u00e3o raro for\u00e7ada. Por outro lado, anunciam a necessidade urgente de mudan\u00e7as quer nos modelos pol\u00edticos de cada pa\u00eds, quer nas rela\u00e7\u00f5es internacionais.<\/p>\n<p>Nesse sentido, a fronteira n\u00e3o deixa de ser um s\u00edmbolo de tais transforma\u00e7\u00f5es econ\u00f4micas, pol\u00edticas, sociais e culturais. Quem passa pela experi\u00eancia de fronteira \u2013 vale dizer, de n\u00e3o lugar \u2013 tende a estar mais aberto a uma reestrutura\u00e7\u00e3o do conceito de cidadania. Se aqueles que nascem em ber\u00e7o de ouro costumam ter receio de mudan\u00e7as, quem experimenta a inseguran\u00e7a e o vaiv\u00e9m do caminho e da \u00e1rea indefinida da fronteira as anseiam e as buscam. S\u00e3o protagonistas da esperan\u00e7a. Em semelhante perspectiva, o <em>n\u00e3o lugar<\/em> da fronteira pode converter-se no <em>melhor lugar<\/em> para lan\u00e7ar as ra\u00edzes de um <em>novo lugar<\/em>. A experi\u00eancia da estrada e da terra de ningu\u00e9m, ou seja, da transitoriedade e da provisoriedade, podem abrir uma porta privilegiada para a vontade de mudan\u00e7as profundas e estruturais.<\/p>\n<p>Em termos evang\u00e9licos, n\u00e3o podemos esquecer que Jesus nasce e morre fora dos muros da cidade, respectivamente em Bel\u00e9m e em Jerusal\u00e9m. \u201cN\u00e3o havia lugar para eles\u201d, diz o evangelista. A Sagrada Fam\u00edlia passa pela experi\u00eancia da migra\u00e7\u00e3o, de cruzar e recruzar a fronteira, do n\u00e3o lugar. Conclui-se que o Reino de Deus, o novo lugar, mergulha suas ra\u00edzes nesse espa\u00e7o amb\u00edguo do \u201cn\u00e3o lugar como sonho e promessa de novo lugar\u201d (Lc 2,7). A encarna\u00e7\u00e3o do Verbo e a morte na cruz, ocorridas em solo ap\u00e1trida, precedem a Ressurrei\u00e7\u00e3o, abertura para a p\u00e1tria definitiva.<\/p>\n<div id=\"themify_builder_content-10688\" data-postid=\"10688\" class=\"themify_builder_content themify_builder_content-10688 themify_builder themify_builder_front\">\n\t<\/div>\n<!-- \/themify_builder_content -->","protected":false},"excerpt":{"rendered":"<p>Pe. Alfredo J. Gon\u00e7alves, CS A not\u00edcia \u00e9 estarrecedora: 72 pessoas, incluindo homens e mulheres, s\u00e3o encontradas mortas em San Fernando , estado de Tamaulipas, M\u00e9xico, a 160 km ao sul de Browsville, Texas, Estados Unidos. Tudo indica que se trata de um conflito entre os grupos que controlam o tr\u00e1fico de seres humanos na [&hellip;]<\/p>\n","protected":false},"author":15,"featured_media":0,"comment_status":"open","ping_status":"open","sticky":false,"template":"","format":"standard","meta":{"ngg_post_thumbnail":0,"footnotes":""},"categories":[9],"tags":[],"yoast_head":"<!-- This site is optimized with the Yoast SEO plugin v23.5 - https:\/\/yoast.com\/wordpress\/plugins\/seo\/ -->\n<title>Morte na Fronteira - O Arcanjo no ar<\/title>\n<meta name=\"robots\" content=\"index, follow, max-snippet:-1, max-image-preview:large, max-video-preview:-1\" \/>\n<link rel=\"canonical\" href=\"https:\/\/www.oarcanjo.net\/site\/morte-na-fronteira\/\" \/>\n<meta property=\"og:locale\" content=\"pt_BR\" \/>\n<meta property=\"og:type\" content=\"article\" \/>\n<meta property=\"og:title\" content=\"Morte na Fronteira - O Arcanjo no ar\" \/>\n<meta property=\"og:description\" content=\"Pe. Alfredo J. Gon\u00e7alves, CS A not\u00edcia \u00e9 estarrecedora: 72 pessoas, incluindo homens e mulheres, s\u00e3o encontradas mortas em San Fernando , estado de Tamaulipas, M\u00e9xico, a 160 km ao sul de Browsville, Texas, Estados Unidos. Tudo indica que se trata de um conflito entre os grupos que controlam o tr\u00e1fico de seres humanos na [&hellip;]\" \/>\n<meta property=\"og:url\" content=\"https:\/\/www.oarcanjo.net\/site\/morte-na-fronteira\/\" \/>\n<meta property=\"og:site_name\" content=\"O Arcanjo no ar\" \/>\n<meta property=\"article:publisher\" content=\"https:\/\/www.facebook.com\/OArcanjoNoAr\/\" \/>\n<meta property=\"article:published_time\" content=\"2010-08-26T15:52:39+00:00\" \/>\n<meta property=\"og:image\" content=\"https:\/\/www.oarcanjo.net\/site\/wp-content\/uploads\/logo-o-arcanjo-no-ar-facebook.png\" \/>\n\t<meta property=\"og:image:width\" content=\"300\" \/>\n\t<meta property=\"og:image:height\" content=\"300\" \/>\n\t<meta property=\"og:image:type\" content=\"image\/png\" \/>\n<meta name=\"author\" content=\"Alexandre Nunes\" \/>\n<meta name=\"twitter:card\" content=\"summary_large_image\" \/>\n<meta name=\"twitter:label1\" content=\"Escrito por\" \/>\n\t<meta name=\"twitter:data1\" content=\"Alexandre Nunes\" \/>\n\t<meta name=\"twitter:label2\" content=\"Est. tempo de leitura\" \/>\n\t<meta name=\"twitter:data2\" content=\"4 minutos\" \/>\n<script type=\"application\/ld+json\" class=\"yoast-schema-graph\">{\"@context\":\"https:\/\/schema.org\",\"@graph\":[{\"@type\":\"Article\",\"@id\":\"https:\/\/www.oarcanjo.net\/site\/morte-na-fronteira\/#article\",\"isPartOf\":{\"@id\":\"https:\/\/www.oarcanjo.net\/site\/morte-na-fronteira\/\"},\"author\":{\"name\":\"Alexandre Nunes\",\"@id\":\"https:\/\/www.oarcanjo.net\/site\/#\/schema\/person\/0a2ae077c1a09b69d29928e3b9f1c0d1\"},\"headline\":\"Morte na Fronteira\",\"datePublished\":\"2010-08-26T15:52:39+00:00\",\"dateModified\":\"2010-08-26T15:52:39+00:00\",\"mainEntityOfPage\":{\"@id\":\"https:\/\/www.oarcanjo.net\/site\/morte-na-fronteira\/\"},\"wordCount\":869,\"commentCount\":0,\"publisher\":{\"@id\":\"https:\/\/www.oarcanjo.net\/site\/#organization\"},\"articleSection\":[\"Reflex\u00f5es\"],\"inLanguage\":\"pt-BR\",\"potentialAction\":[{\"@type\":\"CommentAction\",\"name\":\"Comment\",\"target\":[\"https:\/\/www.oarcanjo.net\/site\/morte-na-fronteira\/#respond\"]}]},{\"@type\":\"WebPage\",\"@id\":\"https:\/\/www.oarcanjo.net\/site\/morte-na-fronteira\/\",\"url\":\"https:\/\/www.oarcanjo.net\/site\/morte-na-fronteira\/\",\"name\":\"Morte na Fronteira - O Arcanjo no ar\",\"isPartOf\":{\"@id\":\"https:\/\/www.oarcanjo.net\/site\/#website\"},\"datePublished\":\"2010-08-26T15:52:39+00:00\",\"dateModified\":\"2010-08-26T15:52:39+00:00\",\"breadcrumb\":{\"@id\":\"https:\/\/www.oarcanjo.net\/site\/morte-na-fronteira\/#breadcrumb\"},\"inLanguage\":\"pt-BR\",\"potentialAction\":[{\"@type\":\"ReadAction\",\"target\":[\"https:\/\/www.oarcanjo.net\/site\/morte-na-fronteira\/\"]}]},{\"@type\":\"BreadcrumbList\",\"@id\":\"https:\/\/www.oarcanjo.net\/site\/morte-na-fronteira\/#breadcrumb\",\"itemListElement\":[{\"@type\":\"ListItem\",\"position\":1,\"name\":\"In\u00edcio\",\"item\":\"https:\/\/www.oarcanjo.net\/site\/\"},{\"@type\":\"ListItem\",\"position\":2,\"name\":\"Morte na Fronteira\"}]},{\"@type\":\"WebSite\",\"@id\":\"https:\/\/www.oarcanjo.net\/site\/#website\",\"url\":\"https:\/\/www.oarcanjo.net\/site\/\",\"name\":\"O Arcanjo no ar\",\"description\":\"Site da Par\u00f3quia S\u00e3o Miguel Arcanjo (Arquidiocese de SP)\",\"publisher\":{\"@id\":\"https:\/\/www.oarcanjo.net\/site\/#organization\"},\"potentialAction\":[{\"@type\":\"SearchAction\",\"target\":{\"@type\":\"EntryPoint\",\"urlTemplate\":\"https:\/\/www.oarcanjo.net\/site\/?s={search_term_string}\"},\"query-input\":{\"@type\":\"PropertyValueSpecification\",\"valueRequired\":true,\"valueName\":\"search_term_string\"}}],\"inLanguage\":\"pt-BR\"},{\"@type\":\"Organization\",\"@id\":\"https:\/\/www.oarcanjo.net\/site\/#organization\",\"name\":\"Par\u00f3quia S\u00e3o Miguel Arcanjo\",\"url\":\"https:\/\/www.oarcanjo.net\/site\/\",\"logo\":{\"@type\":\"ImageObject\",\"inLanguage\":\"pt-BR\",\"@id\":\"https:\/\/www.oarcanjo.net\/site\/#\/schema\/logo\/image\/\",\"url\":\"https:\/\/www.oarcanjo.net\/site\/wp-content\/uploads\/LogoOArcanjo.png\",\"contentUrl\":\"https:\/\/www.oarcanjo.net\/site\/wp-content\/uploads\/LogoOArcanjo.png\",\"width\":319,\"height\":99,\"caption\":\"Par\u00f3quia S\u00e3o Miguel Arcanjo\"},\"image\":{\"@id\":\"https:\/\/www.oarcanjo.net\/site\/#\/schema\/logo\/image\/\"},\"sameAs\":[\"https:\/\/www.facebook.com\/OArcanjoNoAr\/\"]},{\"@type\":\"Person\",\"@id\":\"https:\/\/www.oarcanjo.net\/site\/#\/schema\/person\/0a2ae077c1a09b69d29928e3b9f1c0d1\",\"name\":\"Alexandre Nunes\",\"sameAs\":[\"http:\/\/alexandrenu.com\"]}]}<\/script>\n<!-- \/ Yoast SEO plugin. -->","yoast_head_json":{"title":"Morte na Fronteira - O Arcanjo no ar","robots":{"index":"index","follow":"follow","max-snippet":"max-snippet:-1","max-image-preview":"max-image-preview:large","max-video-preview":"max-video-preview:-1"},"canonical":"https:\/\/www.oarcanjo.net\/site\/morte-na-fronteira\/","og_locale":"pt_BR","og_type":"article","og_title":"Morte na Fronteira - O Arcanjo no ar","og_description":"Pe. Alfredo J. Gon\u00e7alves, CS A not\u00edcia \u00e9 estarrecedora: 72 pessoas, incluindo homens e mulheres, s\u00e3o encontradas mortas em San Fernando , estado de Tamaulipas, M\u00e9xico, a 160 km ao sul de Browsville, Texas, Estados Unidos. Tudo indica que se trata de um conflito entre os grupos que controlam o tr\u00e1fico de seres humanos na [&hellip;]","og_url":"https:\/\/www.oarcanjo.net\/site\/morte-na-fronteira\/","og_site_name":"O Arcanjo no ar","article_publisher":"https:\/\/www.facebook.com\/OArcanjoNoAr\/","article_published_time":"2010-08-26T15:52:39+00:00","og_image":[{"width":300,"height":300,"url":"https:\/\/www.oarcanjo.net\/site\/wp-content\/uploads\/logo-o-arcanjo-no-ar-facebook.png","type":"image\/png"}],"author":"Alexandre Nunes","twitter_card":"summary_large_image","twitter_misc":{"Escrito por":"Alexandre Nunes","Est. tempo de leitura":"4 minutos"},"schema":{"@context":"https:\/\/schema.org","@graph":[{"@type":"Article","@id":"https:\/\/www.oarcanjo.net\/site\/morte-na-fronteira\/#article","isPartOf":{"@id":"https:\/\/www.oarcanjo.net\/site\/morte-na-fronteira\/"},"author":{"name":"Alexandre Nunes","@id":"https:\/\/www.oarcanjo.net\/site\/#\/schema\/person\/0a2ae077c1a09b69d29928e3b9f1c0d1"},"headline":"Morte na Fronteira","datePublished":"2010-08-26T15:52:39+00:00","dateModified":"2010-08-26T15:52:39+00:00","mainEntityOfPage":{"@id":"https:\/\/www.oarcanjo.net\/site\/morte-na-fronteira\/"},"wordCount":869,"commentCount":0,"publisher":{"@id":"https:\/\/www.oarcanjo.net\/site\/#organization"},"articleSection":["Reflex\u00f5es"],"inLanguage":"pt-BR","potentialAction":[{"@type":"CommentAction","name":"Comment","target":["https:\/\/www.oarcanjo.net\/site\/morte-na-fronteira\/#respond"]}]},{"@type":"WebPage","@id":"https:\/\/www.oarcanjo.net\/site\/morte-na-fronteira\/","url":"https:\/\/www.oarcanjo.net\/site\/morte-na-fronteira\/","name":"Morte na Fronteira - O Arcanjo no ar","isPartOf":{"@id":"https:\/\/www.oarcanjo.net\/site\/#website"},"datePublished":"2010-08-26T15:52:39+00:00","dateModified":"2010-08-26T15:52:39+00:00","breadcrumb":{"@id":"https:\/\/www.oarcanjo.net\/site\/morte-na-fronteira\/#breadcrumb"},"inLanguage":"pt-BR","potentialAction":[{"@type":"ReadAction","target":["https:\/\/www.oarcanjo.net\/site\/morte-na-fronteira\/"]}]},{"@type":"BreadcrumbList","@id":"https:\/\/www.oarcanjo.net\/site\/morte-na-fronteira\/#breadcrumb","itemListElement":[{"@type":"ListItem","position":1,"name":"In\u00edcio","item":"https:\/\/www.oarcanjo.net\/site\/"},{"@type":"ListItem","position":2,"name":"Morte na Fronteira"}]},{"@type":"WebSite","@id":"https:\/\/www.oarcanjo.net\/site\/#website","url":"https:\/\/www.oarcanjo.net\/site\/","name":"O Arcanjo no ar","description":"Site da Par\u00f3quia S\u00e3o Miguel Arcanjo (Arquidiocese de SP)","publisher":{"@id":"https:\/\/www.oarcanjo.net\/site\/#organization"},"potentialAction":[{"@type":"SearchAction","target":{"@type":"EntryPoint","urlTemplate":"https:\/\/www.oarcanjo.net\/site\/?s={search_term_string}"},"query-input":{"@type":"PropertyValueSpecification","valueRequired":true,"valueName":"search_term_string"}}],"inLanguage":"pt-BR"},{"@type":"Organization","@id":"https:\/\/www.oarcanjo.net\/site\/#organization","name":"Par\u00f3quia S\u00e3o Miguel Arcanjo","url":"https:\/\/www.oarcanjo.net\/site\/","logo":{"@type":"ImageObject","inLanguage":"pt-BR","@id":"https:\/\/www.oarcanjo.net\/site\/#\/schema\/logo\/image\/","url":"https:\/\/www.oarcanjo.net\/site\/wp-content\/uploads\/LogoOArcanjo.png","contentUrl":"https:\/\/www.oarcanjo.net\/site\/wp-content\/uploads\/LogoOArcanjo.png","width":319,"height":99,"caption":"Par\u00f3quia S\u00e3o Miguel Arcanjo"},"image":{"@id":"https:\/\/www.oarcanjo.net\/site\/#\/schema\/logo\/image\/"},"sameAs":["https:\/\/www.facebook.com\/OArcanjoNoAr\/"]},{"@type":"Person","@id":"https:\/\/www.oarcanjo.net\/site\/#\/schema\/person\/0a2ae077c1a09b69d29928e3b9f1c0d1","name":"Alexandre Nunes","sameAs":["http:\/\/alexandrenu.com"]}]}},"publishpress_future_action":{"enabled":false,"date":"2026-05-10 06:59:56","action":"category","newStatus":"draft","terms":[],"taxonomy":"category"},"publishpress_future_workflow_manual_trigger":{"enabledWorkflows":[]},"_links":{"self":[{"href":"https:\/\/www.oarcanjo.net\/site\/wp-json\/wp\/v2\/posts\/10688"}],"collection":[{"href":"https:\/\/www.oarcanjo.net\/site\/wp-json\/wp\/v2\/posts"}],"about":[{"href":"https:\/\/www.oarcanjo.net\/site\/wp-json\/wp\/v2\/types\/post"}],"author":[{"embeddable":true,"href":"https:\/\/www.oarcanjo.net\/site\/wp-json\/wp\/v2\/users\/15"}],"replies":[{"embeddable":true,"href":"https:\/\/www.oarcanjo.net\/site\/wp-json\/wp\/v2\/comments?post=10688"}],"version-history":[{"count":0,"href":"https:\/\/www.oarcanjo.net\/site\/wp-json\/wp\/v2\/posts\/10688\/revisions"}],"wp:attachment":[{"href":"https:\/\/www.oarcanjo.net\/site\/wp-json\/wp\/v2\/media?parent=10688"}],"wp:term":[{"taxonomy":"category","embeddable":true,"href":"https:\/\/www.oarcanjo.net\/site\/wp-json\/wp\/v2\/categories?post=10688"},{"taxonomy":"post_tag","embeddable":true,"href":"https:\/\/www.oarcanjo.net\/site\/wp-json\/wp\/v2\/tags?post=10688"}],"curies":[{"name":"wp","href":"https:\/\/api.w.org\/{rel}","templated":true}]}}