
{"id":10702,"date":"2018-09-01T00:01:35","date_gmt":"2018-09-01T03:01:35","guid":{"rendered":"http:\/\/www.oarcanjo.net\/site\/?p=10702"},"modified":"2018-06-25T08:17:23","modified_gmt":"2018-06-25T11:17:23","slug":"santo-egidio","status":"publish","type":"post","link":"https:\/\/www.oarcanjo.net\/site\/santo-egidio\/","title":{"rendered":"Santo Eg\u00eddio"},"content":{"rendered":"<p><img loading=\"lazy\" decoding=\"async\" src=\"http:\/\/upload.wikimedia.org\/wikipedia\/commons\/thumb\/e\/e9\/Saint_Giles_closeup.jpg\/230px-Saint_Giles_closeup.jpg\" alt=\"\" width=\"230\" height=\"280\" \/><\/p>\n<p>01 de Setembro<\/p>\n<p>S\u00e3o poucos os dados que existem sobre a vida de Eg\u00eddio. Mas com certeza sabemos que ele era grego e pertencia a uma rica fam\u00edlia da nobreza de Atenas. Depois da morte de seus pais, decidiu ser um ermit\u00e3o, para viver na pobreza e totalmente dedicado a Deus. Para isso distribuiu todos os bens que herdou entre os pobres e doentes e viveu isolado na ora\u00e7\u00e3o e penit\u00eancia, sendo agraciado pelo Esp\u00edrito Santo com os dons especiais da cura, da sabedoria e dos milagres.<\/p>\n<p>Um dos primeiros milagres a ele atribu\u00eddos diz que, certo dia, encontrou na porta de uma igreja um mendigo muito doente e esfarrapado. Penalizado com a situa\u00e7\u00e3o do pobre, Eg\u00eddio cobriu-o com seu velho manto e, naquele instante, um prod\u00edgio aconteceu: o homem, que at\u00e9 ent\u00e3o agonizava, levantou-se completamente curado. Depois essas curas se repetiram e foram se multiplicando de tal forma que ele ganhou fama de santidade. Mas os devotos passaram a procur\u00e1-lo com freq\u00fc\u00eancia, ent\u00e3o Eg\u00eddio decidiu partir.<\/p>\n<p>Em 683, viajou para a Fran\u00e7a. Conta a tradi\u00e7\u00e3o que ele salvou o navio repleto de passageiros, no qual viajava tamb\u00e9m. Uma enorme tempestade teria desabado sobre a embarca\u00e7\u00e3o. Todos j\u00e1 tinham perdido as esperan\u00e7as quando Eg\u00eddio, em prece, ergueu as m\u00e3os aos c\u00e9us. As ondas amea\u00e7adoras acalmaram-se na mesma hora e todos desembarcaram com seguran\u00e7a.<\/p>\n<p>Na Fran\u00e7a, viveu numa caverna de uma floresta pr\u00f3xima de Nimes, cuja entrada era escondida por um arbusto espinhoso. Na mais completa pobreza, alimentava-se apenas de ervas, de ra\u00edzes e do leite de uma corsa, que, segundo a tradi\u00e7\u00e3o, foi-lhe enviada por Deus.<\/p>\n<p>Certa vez, o rei Vamba, dos visigodos, foi ca\u00e7ar nas proximidades da caverna de Eg\u00eddio e, em vez de flechar uma corsa que se escondera atr\u00e1s de um arbusto, flechou a m\u00e3o do pobre ermit\u00e3o, que tentava proteger o animal acuado. Foi descoberta, assim, a resid\u00eancia do eremita. O rei, para desculpar-se, passou a visit\u00e1-lo com seus m\u00e9dicos at\u00e9 sua cura completa.<\/p>\n<p>Depois disso, o rei continuou a visit\u00e1-lo com freq\u00fc\u00eancia, presenciando v\u00e1rios prod\u00edgios que divulgava na Corte. Assim, a fama de santidade de Eg\u00eddio ganhou vulto e ele passou a ter v\u00e1rios disc\u00edpulos. O rei, ent\u00e3o, mandou construir um mosteiro e uma igreja, que doou para ele, que foi eleito abade. O mosteiro passou a ter uma disciplina pr\u00f3pria escrita por Eg\u00eddio. Mais tarde, ao seu redor surgiu o povoado que deu origem \u00e0 cidade de Santo Eg\u00eddio e o mosteiro foi entregue aos beneditinos.<\/p>\n<p>A morte de Eg\u00eddio ocorreu, provavelmente, no dia 1\u00ba de setembro de 720. Logo ap\u00f3s, os devotos fizeram da sua sepultura um ponto obrigat\u00f3rio de peregrina\u00e7\u00e3o. O seu culto tornou-se vigoroso e estendeu-se por todo o mundo crist\u00e3o. Santo Eg\u00eddio teve sua festa confirmada pela Igreja, que o colocou na lista dos quatorze &#8220;santos auxiliadores&#8221; do povo, sendo invocado contra a convuls\u00e3o da febre, contra o medo e contra a loucura.<\/p>\n<div id=\"themify_builder_content-10702\" data-postid=\"10702\" class=\"themify_builder_content themify_builder_content-10702 themify_builder themify_builder_front\">\n\t<\/div>\n<!-- \/themify_builder_content -->","protected":false},"excerpt":{"rendered":"<p>01 de Setembro S\u00e3o poucos os dados que existem sobre a vida de Eg\u00eddio. Mas com certeza sabemos que ele era grego e pertencia a uma rica fam\u00edlia da nobreza de Atenas. Depois da morte de seus pais, decidiu ser um ermit\u00e3o, para viver na pobreza e totalmente dedicado a Deus. Para isso distribuiu todos [&hellip;]<\/p>\n","protected":false},"author":14,"featured_media":0,"comment_status":"open","ping_status":"open","sticky":false,"template":"","format":"standard","meta":{"ngg_post_thumbnail":0,"footnotes":""},"categories":[186],"tags":[],"yoast_head":"<!-- This site is optimized with the Yoast SEO plugin v23.5 - https:\/\/yoast.com\/wordpress\/plugins\/seo\/ -->\n<title>Santo Eg\u00eddio - O Arcanjo no ar<\/title>\n<meta name=\"robots\" content=\"index, follow, max-snippet:-1, max-image-preview:large, max-video-preview:-1\" \/>\n<link rel=\"canonical\" href=\"https:\/\/www.oarcanjo.net\/site\/santo-egidio\/\" \/>\n<meta property=\"og:locale\" content=\"pt_BR\" \/>\n<meta property=\"og:type\" content=\"article\" \/>\n<meta property=\"og:title\" content=\"Santo Eg\u00eddio - O Arcanjo no ar\" \/>\n<meta property=\"og:description\" content=\"01 de Setembro S\u00e3o poucos os dados que existem sobre a vida de Eg\u00eddio. Mas com certeza sabemos que ele era grego e pertencia a uma rica fam\u00edlia da nobreza de Atenas. Depois da morte de seus pais, decidiu ser um ermit\u00e3o, para viver na pobreza e totalmente dedicado a Deus. Para isso distribuiu todos [&hellip;]\" \/>\n<meta property=\"og:url\" content=\"https:\/\/www.oarcanjo.net\/site\/santo-egidio\/\" \/>\n<meta property=\"og:site_name\" content=\"O Arcanjo no ar\" \/>\n<meta property=\"article:publisher\" content=\"https:\/\/www.facebook.com\/OArcanjoNoAr\/\" \/>\n<meta property=\"article:published_time\" content=\"2018-09-01T03:01:35+00:00\" \/>\n<meta property=\"article:modified_time\" content=\"2018-06-25T11:17:23+00:00\" \/>\n<meta property=\"og:image\" content=\"http:\/\/upload.wikimedia.org\/wikipedia\/commons\/thumb\/e\/e9\/Saint_Giles_closeup.jpg\/230px-Saint_Giles_closeup.jpg\" \/>\n<meta name=\"author\" content=\"danilo\" \/>\n<meta name=\"twitter:card\" content=\"summary_large_image\" \/>\n<meta name=\"twitter:label1\" content=\"Escrito por\" \/>\n\t<meta name=\"twitter:data1\" content=\"danilo\" \/>\n\t<meta name=\"twitter:label2\" content=\"Est. tempo de leitura\" \/>\n\t<meta name=\"twitter:data2\" content=\"3 minutos\" \/>\n<script type=\"application\/ld+json\" class=\"yoast-schema-graph\">{\"@context\":\"https:\/\/schema.org\",\"@graph\":[{\"@type\":\"Article\",\"@id\":\"https:\/\/www.oarcanjo.net\/site\/santo-egidio\/#article\",\"isPartOf\":{\"@id\":\"https:\/\/www.oarcanjo.net\/site\/santo-egidio\/\"},\"author\":{\"name\":\"danilo\",\"@id\":\"https:\/\/www.oarcanjo.net\/site\/#\/schema\/person\/5eb9480bedd2f3c97e430ce128c29c6c\"},\"headline\":\"Santo Eg\u00eddio\",\"datePublished\":\"2018-09-01T03:01:35+00:00\",\"dateModified\":\"2018-06-25T11:17:23+00:00\",\"mainEntityOfPage\":{\"@id\":\"https:\/\/www.oarcanjo.net\/site\/santo-egidio\/\"},\"wordCount\":537,\"commentCount\":1,\"publisher\":{\"@id\":\"https:\/\/www.oarcanjo.net\/site\/#organization\"},\"image\":{\"@id\":\"https:\/\/www.oarcanjo.net\/site\/santo-egidio\/#primaryimage\"},\"thumbnailUrl\":\"http:\/\/upload.wikimedia.org\/wikipedia\/commons\/thumb\/e\/e9\/Saint_Giles_closeup.jpg\/230px-Saint_Giles_closeup.jpg\",\"articleSection\":[\"Testemunhos\"],\"inLanguage\":\"pt-BR\",\"potentialAction\":[{\"@type\":\"CommentAction\",\"name\":\"Comment\",\"target\":[\"https:\/\/www.oarcanjo.net\/site\/santo-egidio\/#respond\"]}]},{\"@type\":\"WebPage\",\"@id\":\"https:\/\/www.oarcanjo.net\/site\/santo-egidio\/\",\"url\":\"https:\/\/www.oarcanjo.net\/site\/santo-egidio\/\",\"name\":\"Santo Eg\u00eddio - O Arcanjo no ar\",\"isPartOf\":{\"@id\":\"https:\/\/www.oarcanjo.net\/site\/#website\"},\"primaryImageOfPage\":{\"@id\":\"https:\/\/www.oarcanjo.net\/site\/santo-egidio\/#primaryimage\"},\"image\":{\"@id\":\"https:\/\/www.oarcanjo.net\/site\/santo-egidio\/#primaryimage\"},\"thumbnailUrl\":\"http:\/\/upload.wikimedia.org\/wikipedia\/commons\/thumb\/e\/e9\/Saint_Giles_closeup.jpg\/230px-Saint_Giles_closeup.jpg\",\"datePublished\":\"2018-09-01T03:01:35+00:00\",\"dateModified\":\"2018-06-25T11:17:23+00:00\",\"breadcrumb\":{\"@id\":\"https:\/\/www.oarcanjo.net\/site\/santo-egidio\/#breadcrumb\"},\"inLanguage\":\"pt-BR\",\"potentialAction\":[{\"@type\":\"ReadAction\",\"target\":[\"https:\/\/www.oarcanjo.net\/site\/santo-egidio\/\"]}]},{\"@type\":\"ImageObject\",\"inLanguage\":\"pt-BR\",\"@id\":\"https:\/\/www.oarcanjo.net\/site\/santo-egidio\/#primaryimage\",\"url\":\"http:\/\/upload.wikimedia.org\/wikipedia\/commons\/thumb\/e\/e9\/Saint_Giles_closeup.jpg\/230px-Saint_Giles_closeup.jpg\",\"contentUrl\":\"http:\/\/upload.wikimedia.org\/wikipedia\/commons\/thumb\/e\/e9\/Saint_Giles_closeup.jpg\/230px-Saint_Giles_closeup.jpg\"},{\"@type\":\"BreadcrumbList\",\"@id\":\"https:\/\/www.oarcanjo.net\/site\/santo-egidio\/#breadcrumb\",\"itemListElement\":[{\"@type\":\"ListItem\",\"position\":1,\"name\":\"In\u00edcio\",\"item\":\"https:\/\/www.oarcanjo.net\/site\/\"},{\"@type\":\"ListItem\",\"position\":2,\"name\":\"Santo Eg\u00eddio\"}]},{\"@type\":\"WebSite\",\"@id\":\"https:\/\/www.oarcanjo.net\/site\/#website\",\"url\":\"https:\/\/www.oarcanjo.net\/site\/\",\"name\":\"O Arcanjo no ar\",\"description\":\"Site da Par\u00f3quia S\u00e3o Miguel Arcanjo (Arquidiocese de SP)\",\"publisher\":{\"@id\":\"https:\/\/www.oarcanjo.net\/site\/#organization\"},\"potentialAction\":[{\"@type\":\"SearchAction\",\"target\":{\"@type\":\"EntryPoint\",\"urlTemplate\":\"https:\/\/www.oarcanjo.net\/site\/?s={search_term_string}\"},\"query-input\":{\"@type\":\"PropertyValueSpecification\",\"valueRequired\":true,\"valueName\":\"search_term_string\"}}],\"inLanguage\":\"pt-BR\"},{\"@type\":\"Organization\",\"@id\":\"https:\/\/www.oarcanjo.net\/site\/#organization\",\"name\":\"Par\u00f3quia S\u00e3o Miguel Arcanjo\",\"url\":\"https:\/\/www.oarcanjo.net\/site\/\",\"logo\":{\"@type\":\"ImageObject\",\"inLanguage\":\"pt-BR\",\"@id\":\"https:\/\/www.oarcanjo.net\/site\/#\/schema\/logo\/image\/\",\"url\":\"https:\/\/www.oarcanjo.net\/site\/wp-content\/uploads\/LogoOArcanjo.png\",\"contentUrl\":\"https:\/\/www.oarcanjo.net\/site\/wp-content\/uploads\/LogoOArcanjo.png\",\"width\":319,\"height\":99,\"caption\":\"Par\u00f3quia S\u00e3o Miguel Arcanjo\"},\"image\":{\"@id\":\"https:\/\/www.oarcanjo.net\/site\/#\/schema\/logo\/image\/\"},\"sameAs\":[\"https:\/\/www.facebook.com\/OArcanjoNoAr\/\"]},{\"@type\":\"Person\",\"@id\":\"https:\/\/www.oarcanjo.net\/site\/#\/schema\/person\/5eb9480bedd2f3c97e430ce128c29c6c\",\"name\":\"danilo\"}]}<\/script>\n<!-- \/ Yoast SEO plugin. -->","yoast_head_json":{"title":"Santo Eg\u00eddio - O Arcanjo no ar","robots":{"index":"index","follow":"follow","max-snippet":"max-snippet:-1","max-image-preview":"max-image-preview:large","max-video-preview":"max-video-preview:-1"},"canonical":"https:\/\/www.oarcanjo.net\/site\/santo-egidio\/","og_locale":"pt_BR","og_type":"article","og_title":"Santo Eg\u00eddio - O Arcanjo no ar","og_description":"01 de Setembro S\u00e3o poucos os dados que existem sobre a vida de Eg\u00eddio. Mas com certeza sabemos que ele era grego e pertencia a uma rica fam\u00edlia da nobreza de Atenas. Depois da morte de seus pais, decidiu ser um ermit\u00e3o, para viver na pobreza e totalmente dedicado a Deus. Para isso distribuiu todos [&hellip;]","og_url":"https:\/\/www.oarcanjo.net\/site\/santo-egidio\/","og_site_name":"O Arcanjo no ar","article_publisher":"https:\/\/www.facebook.com\/OArcanjoNoAr\/","article_published_time":"2018-09-01T03:01:35+00:00","article_modified_time":"2018-06-25T11:17:23+00:00","og_image":[{"url":"http:\/\/upload.wikimedia.org\/wikipedia\/commons\/thumb\/e\/e9\/Saint_Giles_closeup.jpg\/230px-Saint_Giles_closeup.jpg"}],"author":"danilo","twitter_card":"summary_large_image","twitter_misc":{"Escrito por":"danilo","Est. tempo de leitura":"3 minutos"},"schema":{"@context":"https:\/\/schema.org","@graph":[{"@type":"Article","@id":"https:\/\/www.oarcanjo.net\/site\/santo-egidio\/#article","isPartOf":{"@id":"https:\/\/www.oarcanjo.net\/site\/santo-egidio\/"},"author":{"name":"danilo","@id":"https:\/\/www.oarcanjo.net\/site\/#\/schema\/person\/5eb9480bedd2f3c97e430ce128c29c6c"},"headline":"Santo Eg\u00eddio","datePublished":"2018-09-01T03:01:35+00:00","dateModified":"2018-06-25T11:17:23+00:00","mainEntityOfPage":{"@id":"https:\/\/www.oarcanjo.net\/site\/santo-egidio\/"},"wordCount":537,"commentCount":1,"publisher":{"@id":"https:\/\/www.oarcanjo.net\/site\/#organization"},"image":{"@id":"https:\/\/www.oarcanjo.net\/site\/santo-egidio\/#primaryimage"},"thumbnailUrl":"http:\/\/upload.wikimedia.org\/wikipedia\/commons\/thumb\/e\/e9\/Saint_Giles_closeup.jpg\/230px-Saint_Giles_closeup.jpg","articleSection":["Testemunhos"],"inLanguage":"pt-BR","potentialAction":[{"@type":"CommentAction","name":"Comment","target":["https:\/\/www.oarcanjo.net\/site\/santo-egidio\/#respond"]}]},{"@type":"WebPage","@id":"https:\/\/www.oarcanjo.net\/site\/santo-egidio\/","url":"https:\/\/www.oarcanjo.net\/site\/santo-egidio\/","name":"Santo Eg\u00eddio - O Arcanjo no ar","isPartOf":{"@id":"https:\/\/www.oarcanjo.net\/site\/#website"},"primaryImageOfPage":{"@id":"https:\/\/www.oarcanjo.net\/site\/santo-egidio\/#primaryimage"},"image":{"@id":"https:\/\/www.oarcanjo.net\/site\/santo-egidio\/#primaryimage"},"thumbnailUrl":"http:\/\/upload.wikimedia.org\/wikipedia\/commons\/thumb\/e\/e9\/Saint_Giles_closeup.jpg\/230px-Saint_Giles_closeup.jpg","datePublished":"2018-09-01T03:01:35+00:00","dateModified":"2018-06-25T11:17:23+00:00","breadcrumb":{"@id":"https:\/\/www.oarcanjo.net\/site\/santo-egidio\/#breadcrumb"},"inLanguage":"pt-BR","potentialAction":[{"@type":"ReadAction","target":["https:\/\/www.oarcanjo.net\/site\/santo-egidio\/"]}]},{"@type":"ImageObject","inLanguage":"pt-BR","@id":"https:\/\/www.oarcanjo.net\/site\/santo-egidio\/#primaryimage","url":"http:\/\/upload.wikimedia.org\/wikipedia\/commons\/thumb\/e\/e9\/Saint_Giles_closeup.jpg\/230px-Saint_Giles_closeup.jpg","contentUrl":"http:\/\/upload.wikimedia.org\/wikipedia\/commons\/thumb\/e\/e9\/Saint_Giles_closeup.jpg\/230px-Saint_Giles_closeup.jpg"},{"@type":"BreadcrumbList","@id":"https:\/\/www.oarcanjo.net\/site\/santo-egidio\/#breadcrumb","itemListElement":[{"@type":"ListItem","position":1,"name":"In\u00edcio","item":"https:\/\/www.oarcanjo.net\/site\/"},{"@type":"ListItem","position":2,"name":"Santo Eg\u00eddio"}]},{"@type":"WebSite","@id":"https:\/\/www.oarcanjo.net\/site\/#website","url":"https:\/\/www.oarcanjo.net\/site\/","name":"O Arcanjo no ar","description":"Site da Par\u00f3quia S\u00e3o Miguel Arcanjo (Arquidiocese de SP)","publisher":{"@id":"https:\/\/www.oarcanjo.net\/site\/#organization"},"potentialAction":[{"@type":"SearchAction","target":{"@type":"EntryPoint","urlTemplate":"https:\/\/www.oarcanjo.net\/site\/?s={search_term_string}"},"query-input":{"@type":"PropertyValueSpecification","valueRequired":true,"valueName":"search_term_string"}}],"inLanguage":"pt-BR"},{"@type":"Organization","@id":"https:\/\/www.oarcanjo.net\/site\/#organization","name":"Par\u00f3quia S\u00e3o Miguel Arcanjo","url":"https:\/\/www.oarcanjo.net\/site\/","logo":{"@type":"ImageObject","inLanguage":"pt-BR","@id":"https:\/\/www.oarcanjo.net\/site\/#\/schema\/logo\/image\/","url":"https:\/\/www.oarcanjo.net\/site\/wp-content\/uploads\/LogoOArcanjo.png","contentUrl":"https:\/\/www.oarcanjo.net\/site\/wp-content\/uploads\/LogoOArcanjo.png","width":319,"height":99,"caption":"Par\u00f3quia S\u00e3o Miguel Arcanjo"},"image":{"@id":"https:\/\/www.oarcanjo.net\/site\/#\/schema\/logo\/image\/"},"sameAs":["https:\/\/www.facebook.com\/OArcanjoNoAr\/"]},{"@type":"Person","@id":"https:\/\/www.oarcanjo.net\/site\/#\/schema\/person\/5eb9480bedd2f3c97e430ce128c29c6c","name":"danilo"}]}},"publishpress_future_action":{"enabled":false,"date":"2026-05-08 03:58:02","action":"category","newStatus":"draft","terms":[],"taxonomy":"category"},"publishpress_future_workflow_manual_trigger":{"enabledWorkflows":[]},"_links":{"self":[{"href":"https:\/\/www.oarcanjo.net\/site\/wp-json\/wp\/v2\/posts\/10702"}],"collection":[{"href":"https:\/\/www.oarcanjo.net\/site\/wp-json\/wp\/v2\/posts"}],"about":[{"href":"https:\/\/www.oarcanjo.net\/site\/wp-json\/wp\/v2\/types\/post"}],"author":[{"embeddable":true,"href":"https:\/\/www.oarcanjo.net\/site\/wp-json\/wp\/v2\/users\/14"}],"replies":[{"embeddable":true,"href":"https:\/\/www.oarcanjo.net\/site\/wp-json\/wp\/v2\/comments?post=10702"}],"version-history":[{"count":1,"href":"https:\/\/www.oarcanjo.net\/site\/wp-json\/wp\/v2\/posts\/10702\/revisions"}],"predecessor-version":[{"id":88871,"href":"https:\/\/www.oarcanjo.net\/site\/wp-json\/wp\/v2\/posts\/10702\/revisions\/88871"}],"wp:attachment":[{"href":"https:\/\/www.oarcanjo.net\/site\/wp-json\/wp\/v2\/media?parent=10702"}],"wp:term":[{"taxonomy":"category","embeddable":true,"href":"https:\/\/www.oarcanjo.net\/site\/wp-json\/wp\/v2\/categories?post=10702"},{"taxonomy":"post_tag","embeddable":true,"href":"https:\/\/www.oarcanjo.net\/site\/wp-json\/wp\/v2\/tags?post=10702"}],"curies":[{"name":"wp","href":"https:\/\/api.w.org\/{rel}","templated":true}]}}