
{"id":10706,"date":"2018-09-01T06:35:34","date_gmt":"2018-09-01T09:35:34","guid":{"rendered":"http:\/\/www.oarcanjo.net\/site\/?p=10706"},"modified":"2018-06-25T08:17:34","modified_gmt":"2018-06-25T11:17:34","slug":"santo-egidio-um-dos-14-santos-auxiliadores","status":"publish","type":"post","link":"https:\/\/www.oarcanjo.net\/site\/santo-egidio-um-dos-14-santos-auxiliadores\/","title":{"rendered":"Santo Eg\u00eddio &#8211; Um dos 14 Santos auxiliadores"},"content":{"rendered":"<h1>Catorze santos auxiliares<\/h1>\n<div>\n<div><a href=\"#searchInput\"><\/a><\/div>\n<p><!-- start content --><\/p>\n<table cellpadding=\"5\">\n<tbody>\n<tr>\n<th colspan=\"2\"><strong>Catorze Santos Auxiliadores<\/strong><\/th>\n<\/tr>\n<tr>\n<td colspan=\"2\">\n<div>\n<div><img loading=\"lazy\" decoding=\"async\" src=\"http:\/\/upload.wikimedia.org\/wikipedia\/commons\/8\/81\/Fourteen_helpers_.jpg\" alt=\"\" width=\"250\" height=\"350\" \/><a href=\"Fourteen_helpers_.jpg\"><\/a><\/div>\n<\/div>\n<\/td>\n<\/tr>\n<tr>\n<td colspan=\"2\">Representa\u00e7\u00e3o art\u00edstica t\u00edpica dos Catorze Santos Auxiliadores<\/td>\n<\/tr>\n<tr>\n<td colspan=\"2\"><strong>M\u00e1rtires, virgens, militares<\/strong><\/td>\n<\/tr>\n<tr>\n<td><strong>Venerado pela<\/strong><\/td>\n<td>Igreja Cat\u00f3lica Romana<\/td>\n<\/tr>\n<tr>\n<td><strong>Principal templo<\/strong><\/td>\n<td>Bas\u00edlica de Vierzehnheiligen, Alemanha<\/td>\n<\/tr>\n<tr>\n<td><strong>Festa lit\u00fargica<\/strong><\/td>\n<td>08 de agosto (local)<\/td>\n<\/tr>\n<tr>\n<td><strong>Padroeiro:<\/strong><\/td>\n<td>Contra diversas doen\u00e7as<\/td>\n<\/tr>\n<tr>\n<th colspan=\"2\">\u00a0<\/th>\n<\/tr>\n<\/tbody>\n<\/table>\n<p>Os <strong>Catorze Santos Auxiliadores<\/strong> s\u00e3o venerados pela Igreja Cat\u00f3lica como intercessores eficazes contra as mais diversas doen\u00e7as. O culto a eles surgiu no s\u00e9culo XIV, na regi\u00e3o da Ren\u00e2nia, provavelmente como consequ\u00eancia da peste negra que assolava a Europa no supracitado per\u00edodo.<\/p>\n<p><a id=\"Hist.C3.B3rico_de_Venera.C3.A7.C3.A3o\" name=\"Hist.C3.B3rico_de_Venera.C3.A7.C3.A3o\"><\/a><\/p>\n<h2>Hist\u00f3rico de Venera\u00e7\u00e3o<\/h2>\n<p>A devo\u00e7\u00e3o aos Catorze Santos Auxiliadores teve in\u00edcio na Ren\u00e2nia, agora parte da Alemanha, na \u00e9poca da peste negra.<\/p>\n<p>Encontramos, em meio ao grupo, tr\u00eas virgens m\u00e1rtires: Santa Margarida de Antioquia, Santa B\u00e1rbara e Santa Catarina de Alexandria, conhecidas tamb\u00e9m como <em>Santas de Casa<\/em>.<\/p>\n<p>Como os outros santos come\u00e7aram a ser invocados juntos dessas tr\u00eas virgens m\u00e1rtires, eles passaram a ser representados juntos em trabalhos art\u00edsticos. A venera\u00e7\u00e3o popular teve in\u00edcio nos mosteiros que traziam dentro de si as rel\u00edquias dos ditos santos. Todos os catorze, com exce\u00e7\u00e3o de Santo Eg\u00eddio, foram martirizados.<\/p>\n<p>Como o culto aos Catorze Santos Auxiliadores mostrou-se forte no s\u00e9culo 16, o Papa Nicolau V estendeu indulg\u00eancia \u00e0queles que mantivessem devo\u00e7\u00e3o pelos santos do grupo, o que n\u00e3o foi longamente aplicado, tendo ca\u00eddo em desuso.<\/p>\n<p>Embora tenham festas em dias separados, os catorze s\u00e3o comemorados no dia 08 de agosto, embora essa data nunca tenha tomado parte do <em>Calend\u00e1rio Geral Romano<\/em> para venera\u00e7\u00e3o universal. Quando esse calend\u00e1rio foi revisado em 1969, com a cria\u00e7\u00e3o do <em>Calend\u00e1rio Cat\u00f3lico Romano de Santos<\/em>, as celebra\u00e7\u00f5es individuais de Santa B\u00e1rbara, Santa Catarina de Alexandria, S\u00e3o Crist\u00f3v\u00e3o e Santa Margarida de Antioquia foram abandonadas, embora em 2004 o Papa Jo\u00e3o Paulo II tenha restitu\u00eddo para 25 de novembro um memorial opcional a Santa Catarina de Alexandria, cuja voz foi ouvida por Santa Joana d\u2019Arc. A celebra\u00e7\u00e3o individual de todos os catorze foi inclu\u00edda no <em>Calend\u00e1rio Geral Romano de 1954<\/em>, o <em>Calend\u00e1rio Geral Romano do Papa Pio XII<\/em> e o <em>Calend\u00e1rio Geral Romano de 1962<\/em>.<\/p>\n<p>Comparado ao culto dos catorze santos auxiliadores foi o dos <em>Quatro Santos Marechais<\/em>, que tamb\u00e9m foram venerados na Ren\u00e2nia como os <em>Marechais de Deus<\/em>. Os quatro santos marechais eram S\u00e3o Quirino, Santo Ant\u00e3o, Papa Corn\u00e9lio e Santo Humberto.<\/p>\n<p><a id=\"Patronato\" name=\"Patronato\"><\/a><\/p>\n<h2>\u00a0Patronato<\/h2>\n<ul>\n<li><strong>Santo Ac\u00e1cio, 08 de maio<\/strong><\/li>\n<\/ul>\n<p>Contra as dores e demais males de cabe\u00e7a.<\/p>\n<ul>\n<li><strong>Santa B\u00e1rbara, 04 de dezembro<\/strong><\/li>\n<\/ul>\n<p>Contra febre, morte s\u00fabita ou decorrente de tempestade.<\/p>\n<ul>\n<li><strong>S\u00e3o Br\u00e1s, 03 de fevereiro<\/strong><\/li>\n<\/ul>\n<p>Contra doen\u00e7as da garganta e protetor dos animais dom\u00e9sticos.<\/p>\n<ul>\n<li><strong>Santa Catarina de Alexandria, 25 de novembro<\/strong><\/li>\n<\/ul>\n<p>Contra morte s\u00fabita<\/p>\n<ul>\n<li><strong>S\u00e3o Crist\u00f3v\u00e3o, 25 de julho<\/strong><\/li>\n<\/ul>\n<p>Contra a peste bub\u00f4nica e perigos durante a viagem.<\/p>\n<ul>\n<li><strong>S\u00e3o Cir\u00edaco, 08 de agosto<\/strong><\/li>\n<\/ul>\n<p>Contra a tenta\u00e7\u00e3o no leito de morte.<\/p>\n<ul>\n<li><strong>S\u00e3o Denis, 09 de outubro<\/strong><\/li>\n<\/ul>\n<p>Contra as dores e demais males de cabe\u00e7a<\/p>\n<ul>\n<li><strong>Santo Erasmo, 02 de junho<\/strong><\/li>\n<\/ul>\n<p>Contra as enfermidades do ventre, dos intestinos e as dores de parto.<\/p>\n<ul>\n<li><strong>Santo Eust\u00e1quio, 20 de setembro<\/strong><\/li>\n<\/ul>\n<p>Contra a disc\u00f3rdia familiar.<\/p>\n<ul>\n<li><strong>S\u00e3o Jorge, 23 de abril<\/strong><\/li>\n<\/ul>\n<p>Pela sa\u00fade dos animais dom\u00e9sticos.<\/p>\n<ul>\n<li><strong>Santo Eg\u00eddio, 01 de setembro<\/strong><\/li>\n<\/ul>\n<p>Contra a praga, por uma boa confiss\u00e3o, e pelos inv\u00e1lidos, mendigos e ferreiros.<\/p>\n<ul>\n<li><strong>Santa Margarida de Antioquia, 20 de julho<\/strong><\/li>\n<\/ul>\n<p>Contra os ataques diab\u00f3licos e por um bom parto.<\/p>\n<ul>\n<li><strong>S\u00e3o Pantale\u00e3o, 27 de julho<\/strong><\/li>\n<\/ul>\n<p>Contra o c\u00e2ncer e a tuberculose, e pelos m\u00e9dios.<\/p>\n<ul>\n<li><strong>S\u00e3o Vito, 15 de junho<\/strong><\/li>\n<\/ul>\n<p>Contra epilepsia, morte decorrente de tempestade, e pela prote\u00e7\u00e3o dos animais dom\u00e9sticos.<\/p>\n<p>Em alguns momentos, a invoca\u00e7\u00e3o de um dos santos acima \u00e9 substitu\u00edda pela de Santo Ant\u00e3o, S\u00e3o Leonardo de Noblac, S\u00e3o Nicolau, S\u00e3o Sebasti\u00e3o, Santo Osvaldo, Papa Sixto II, Santa Apol\u00f4nia, Santa Doroteia, S\u00e3o Wolfgang ou S\u00e3o Roque. Na Fran\u00e7a, a Virgem Maria \u00e9 adicionada ao rol dos Catorze Santos Auxiliadores.\u00a0A Bas\u00edlica em Vierzehnheiligen<\/p>\n<div>\n<div><a title=\"Bas\u00edlica de Vierzehnheiligen, o maior templo do mundo em honra aos Catorze Santos Auxiliadores\" href=\"Vierzehnheiligen_I.JPG\"><\/a>\u00a0<\/div>\n<div>A Bas\u00edlica em Vierzehnheiligen<\/div>\n<div><img loading=\"lazy\" decoding=\"async\" src=\"http:\/\/www.arqhys.com\/articulos\/imagenes\/Basilica%20Vierzehnheiligen%20Alemania.jpg\" alt=\"\" width=\"480\" height=\"360\" \/><\/div>\n<div>Bas\u00edlica de Vierzehnheiligen, o maior templo do mundo em honra aos Catorze Santos Auxiliadores<\/div>\n<\/div>\n<\/div>\n<p>Os Catorze Santos Auxiliadores s\u00e3o honrados na Baviera com o t\u00edtulo de <em>vierzehn Heiligen<\/em> (<em>catorze santos<\/em>, em alem\u00e3o) e a Bas\u00edlica de Vierzehnheiligen \u00e9 dedicada a esses Santos Auxiliadores. A igreja constru\u00edda em estilo barroco foi erguida entre 1743 e 1772.<\/p>\n<p>A devo\u00e7\u00e3o a esses santos come\u00e7ou na regi\u00e3o em 24 de setembro de 1445, quando Hermann Leicht, um jovem que pastoreava as ovelhas de um mosteiro franciscano, viu uma crian\u00e7a chorando num campo pr\u00f3ximo a um mosteiro da Ordem de Cister em Langheim. Quando ele se agachou para tomar nos bra\u00e7os a crian\u00e7a que chorava, ela desapareceu subitamente. Algum tempo depois, a mesma crian\u00e7a apareceu no mesmo lugar. Dessa vez, duas velas queimavam pr\u00f3ximas a ele. Em junho de 1446, Leicht viu a crian\u00e7a pela terceira vez. Dessa vez, a crian\u00e7a trazia junto de si uma rosa vermelha num cesto e estava acompanhada de outras treze crian\u00e7as. A crian\u00e7a disse: \u201cN\u00f3s somos os catorze auxiliadores e desejamos que construa uma capela aqui, onde possamos descansar. Se voc\u00ea for nosso servo, n\u00f3s o seremos de voc\u00ea!\u201d Um curto espa\u00e7o de tempo depois, Leicht viu novamente duas velas descendendo queimando sobre o lugar. \u00c9 alegado que, a partir de ent\u00e3o, curas milagrosas come\u00e7aram a ser manifestadas e atribu\u00eddas aos catorze santos.<\/p>\n<p>Os irm\u00e3os da Ordem de Cister, a quem pertenciam as terras, logo constru\u00edram uma capela que come\u00e7ou a receber peregrinos imediatamente. Um altar foi consagrado por volta de 1448.<\/p>\n<p>Peregrinos continuam a visitar a agora bas\u00edlica ainda hoje, em grande fluxo principalmente entre os meses de maio e outubro.<\/p>\n<p><img loading=\"lazy\" decoding=\"async\" src=\"http:\/\/farm3.static.flickr.com\/2426\/3836865955_4432e2fae2_o.jpg\" alt=\"\" width=\"640\" height=\"479\" \/><\/p>\n<div id=\"themify_builder_content-10706\" data-postid=\"10706\" class=\"themify_builder_content themify_builder_content-10706 themify_builder themify_builder_front\">\n\t<\/div>\n<!-- \/themify_builder_content -->","protected":false},"excerpt":{"rendered":"<p>Catorze santos auxiliares Catorze Santos Auxiliadores Representa\u00e7\u00e3o art\u00edstica t\u00edpica dos Catorze Santos Auxiliadores M\u00e1rtires, virgens, militares Venerado pela Igreja Cat\u00f3lica Romana Principal templo Bas\u00edlica de Vierzehnheiligen, Alemanha Festa lit\u00fargica 08 de agosto (local) Padroeiro: Contra diversas doen\u00e7as \u00a0 Os Catorze Santos Auxiliadores s\u00e3o venerados pela Igreja Cat\u00f3lica como intercessores eficazes contra as mais diversas doen\u00e7as. [&hellip;]<\/p>\n","protected":false},"author":14,"featured_media":0,"comment_status":"open","ping_status":"open","sticky":false,"template":"","format":"standard","meta":{"ngg_post_thumbnail":0,"footnotes":""},"categories":[186],"tags":[],"yoast_head":"<!-- This site is optimized with the Yoast SEO plugin v23.5 - https:\/\/yoast.com\/wordpress\/plugins\/seo\/ -->\n<title>Santo Eg\u00eddio - Um dos 14 Santos auxiliadores - O Arcanjo no ar<\/title>\n<meta name=\"robots\" content=\"index, follow, max-snippet:-1, max-image-preview:large, max-video-preview:-1\" \/>\n<link rel=\"canonical\" href=\"https:\/\/www.oarcanjo.net\/site\/santo-egidio-um-dos-14-santos-auxiliadores\/\" \/>\n<meta property=\"og:locale\" content=\"pt_BR\" \/>\n<meta property=\"og:type\" content=\"article\" \/>\n<meta property=\"og:title\" content=\"Santo Eg\u00eddio - Um dos 14 Santos auxiliadores - O Arcanjo no ar\" \/>\n<meta property=\"og:description\" content=\"Catorze santos auxiliares Catorze Santos Auxiliadores Representa\u00e7\u00e3o art\u00edstica t\u00edpica dos Catorze Santos Auxiliadores M\u00e1rtires, virgens, militares Venerado pela Igreja Cat\u00f3lica Romana Principal templo Bas\u00edlica de Vierzehnheiligen, Alemanha Festa lit\u00fargica 08 de agosto (local) Padroeiro: Contra diversas doen\u00e7as \u00a0 Os Catorze Santos Auxiliadores s\u00e3o venerados pela Igreja Cat\u00f3lica como intercessores eficazes contra as mais diversas doen\u00e7as. [&hellip;]\" \/>\n<meta property=\"og:url\" content=\"https:\/\/www.oarcanjo.net\/site\/santo-egidio-um-dos-14-santos-auxiliadores\/\" \/>\n<meta property=\"og:site_name\" content=\"O Arcanjo no ar\" \/>\n<meta property=\"article:publisher\" content=\"https:\/\/www.facebook.com\/OArcanjoNoAr\/\" \/>\n<meta property=\"article:published_time\" content=\"2018-09-01T09:35:34+00:00\" \/>\n<meta property=\"article:modified_time\" content=\"2018-06-25T11:17:34+00:00\" \/>\n<meta property=\"og:image\" content=\"http:\/\/upload.wikimedia.org\/wikipedia\/commons\/8\/81\/Fourteen_helpers_.jpg\" \/>\n<meta name=\"author\" content=\"danilo\" \/>\n<meta name=\"twitter:card\" content=\"summary_large_image\" \/>\n<meta name=\"twitter:label1\" content=\"Escrito por\" \/>\n\t<meta name=\"twitter:data1\" content=\"danilo\" \/>\n\t<meta name=\"twitter:label2\" content=\"Est. tempo de leitura\" \/>\n\t<meta name=\"twitter:data2\" content=\"5 minutos\" \/>\n<script type=\"application\/ld+json\" class=\"yoast-schema-graph\">{\"@context\":\"https:\/\/schema.org\",\"@graph\":[{\"@type\":\"Article\",\"@id\":\"https:\/\/www.oarcanjo.net\/site\/santo-egidio-um-dos-14-santos-auxiliadores\/#article\",\"isPartOf\":{\"@id\":\"https:\/\/www.oarcanjo.net\/site\/santo-egidio-um-dos-14-santos-auxiliadores\/\"},\"author\":{\"name\":\"danilo\",\"@id\":\"https:\/\/www.oarcanjo.net\/site\/#\/schema\/person\/5eb9480bedd2f3c97e430ce128c29c6c\"},\"headline\":\"Santo Eg\u00eddio &#8211; Um dos 14 Santos auxiliadores\",\"datePublished\":\"2018-09-01T09:35:34+00:00\",\"dateModified\":\"2018-06-25T11:17:34+00:00\",\"mainEntityOfPage\":{\"@id\":\"https:\/\/www.oarcanjo.net\/site\/santo-egidio-um-dos-14-santos-auxiliadores\/\"},\"wordCount\":1012,\"commentCount\":0,\"publisher\":{\"@id\":\"https:\/\/www.oarcanjo.net\/site\/#organization\"},\"image\":{\"@id\":\"https:\/\/www.oarcanjo.net\/site\/santo-egidio-um-dos-14-santos-auxiliadores\/#primaryimage\"},\"thumbnailUrl\":\"http:\/\/upload.wikimedia.org\/wikipedia\/commons\/8\/81\/Fourteen_helpers_.jpg\",\"articleSection\":[\"Testemunhos\"],\"inLanguage\":\"pt-BR\",\"potentialAction\":[{\"@type\":\"CommentAction\",\"name\":\"Comment\",\"target\":[\"https:\/\/www.oarcanjo.net\/site\/santo-egidio-um-dos-14-santos-auxiliadores\/#respond\"]}]},{\"@type\":\"WebPage\",\"@id\":\"https:\/\/www.oarcanjo.net\/site\/santo-egidio-um-dos-14-santos-auxiliadores\/\",\"url\":\"https:\/\/www.oarcanjo.net\/site\/santo-egidio-um-dos-14-santos-auxiliadores\/\",\"name\":\"Santo Eg\u00eddio - Um dos 14 Santos auxiliadores - O Arcanjo no ar\",\"isPartOf\":{\"@id\":\"https:\/\/www.oarcanjo.net\/site\/#website\"},\"primaryImageOfPage\":{\"@id\":\"https:\/\/www.oarcanjo.net\/site\/santo-egidio-um-dos-14-santos-auxiliadores\/#primaryimage\"},\"image\":{\"@id\":\"https:\/\/www.oarcanjo.net\/site\/santo-egidio-um-dos-14-santos-auxiliadores\/#primaryimage\"},\"thumbnailUrl\":\"http:\/\/upload.wikimedia.org\/wikipedia\/commons\/8\/81\/Fourteen_helpers_.jpg\",\"datePublished\":\"2018-09-01T09:35:34+00:00\",\"dateModified\":\"2018-06-25T11:17:34+00:00\",\"breadcrumb\":{\"@id\":\"https:\/\/www.oarcanjo.net\/site\/santo-egidio-um-dos-14-santos-auxiliadores\/#breadcrumb\"},\"inLanguage\":\"pt-BR\",\"potentialAction\":[{\"@type\":\"ReadAction\",\"target\":[\"https:\/\/www.oarcanjo.net\/site\/santo-egidio-um-dos-14-santos-auxiliadores\/\"]}]},{\"@type\":\"ImageObject\",\"inLanguage\":\"pt-BR\",\"@id\":\"https:\/\/www.oarcanjo.net\/site\/santo-egidio-um-dos-14-santos-auxiliadores\/#primaryimage\",\"url\":\"http:\/\/upload.wikimedia.org\/wikipedia\/commons\/8\/81\/Fourteen_helpers_.jpg\",\"contentUrl\":\"http:\/\/upload.wikimedia.org\/wikipedia\/commons\/8\/81\/Fourteen_helpers_.jpg\"},{\"@type\":\"BreadcrumbList\",\"@id\":\"https:\/\/www.oarcanjo.net\/site\/santo-egidio-um-dos-14-santos-auxiliadores\/#breadcrumb\",\"itemListElement\":[{\"@type\":\"ListItem\",\"position\":1,\"name\":\"In\u00edcio\",\"item\":\"https:\/\/www.oarcanjo.net\/site\/\"},{\"@type\":\"ListItem\",\"position\":2,\"name\":\"Santo Eg\u00eddio &#8211; Um dos 14 Santos auxiliadores\"}]},{\"@type\":\"WebSite\",\"@id\":\"https:\/\/www.oarcanjo.net\/site\/#website\",\"url\":\"https:\/\/www.oarcanjo.net\/site\/\",\"name\":\"O Arcanjo no ar\",\"description\":\"Site da Par\u00f3quia S\u00e3o Miguel Arcanjo (Arquidiocese de SP)\",\"publisher\":{\"@id\":\"https:\/\/www.oarcanjo.net\/site\/#organization\"},\"potentialAction\":[{\"@type\":\"SearchAction\",\"target\":{\"@type\":\"EntryPoint\",\"urlTemplate\":\"https:\/\/www.oarcanjo.net\/site\/?s={search_term_string}\"},\"query-input\":{\"@type\":\"PropertyValueSpecification\",\"valueRequired\":true,\"valueName\":\"search_term_string\"}}],\"inLanguage\":\"pt-BR\"},{\"@type\":\"Organization\",\"@id\":\"https:\/\/www.oarcanjo.net\/site\/#organization\",\"name\":\"Par\u00f3quia S\u00e3o Miguel Arcanjo\",\"url\":\"https:\/\/www.oarcanjo.net\/site\/\",\"logo\":{\"@type\":\"ImageObject\",\"inLanguage\":\"pt-BR\",\"@id\":\"https:\/\/www.oarcanjo.net\/site\/#\/schema\/logo\/image\/\",\"url\":\"https:\/\/www.oarcanjo.net\/site\/wp-content\/uploads\/LogoOArcanjo.png\",\"contentUrl\":\"https:\/\/www.oarcanjo.net\/site\/wp-content\/uploads\/LogoOArcanjo.png\",\"width\":319,\"height\":99,\"caption\":\"Par\u00f3quia S\u00e3o Miguel Arcanjo\"},\"image\":{\"@id\":\"https:\/\/www.oarcanjo.net\/site\/#\/schema\/logo\/image\/\"},\"sameAs\":[\"https:\/\/www.facebook.com\/OArcanjoNoAr\/\"]},{\"@type\":\"Person\",\"@id\":\"https:\/\/www.oarcanjo.net\/site\/#\/schema\/person\/5eb9480bedd2f3c97e430ce128c29c6c\",\"name\":\"danilo\"}]}<\/script>\n<!-- \/ Yoast SEO plugin. -->","yoast_head_json":{"title":"Santo Eg\u00eddio - Um dos 14 Santos auxiliadores - O Arcanjo no ar","robots":{"index":"index","follow":"follow","max-snippet":"max-snippet:-1","max-image-preview":"max-image-preview:large","max-video-preview":"max-video-preview:-1"},"canonical":"https:\/\/www.oarcanjo.net\/site\/santo-egidio-um-dos-14-santos-auxiliadores\/","og_locale":"pt_BR","og_type":"article","og_title":"Santo Eg\u00eddio - Um dos 14 Santos auxiliadores - O Arcanjo no ar","og_description":"Catorze santos auxiliares Catorze Santos Auxiliadores Representa\u00e7\u00e3o art\u00edstica t\u00edpica dos Catorze Santos Auxiliadores M\u00e1rtires, virgens, militares Venerado pela Igreja Cat\u00f3lica Romana Principal templo Bas\u00edlica de Vierzehnheiligen, Alemanha Festa lit\u00fargica 08 de agosto (local) Padroeiro: Contra diversas doen\u00e7as \u00a0 Os Catorze Santos Auxiliadores s\u00e3o venerados pela Igreja Cat\u00f3lica como intercessores eficazes contra as mais diversas doen\u00e7as. [&hellip;]","og_url":"https:\/\/www.oarcanjo.net\/site\/santo-egidio-um-dos-14-santos-auxiliadores\/","og_site_name":"O Arcanjo no ar","article_publisher":"https:\/\/www.facebook.com\/OArcanjoNoAr\/","article_published_time":"2018-09-01T09:35:34+00:00","article_modified_time":"2018-06-25T11:17:34+00:00","og_image":[{"url":"http:\/\/upload.wikimedia.org\/wikipedia\/commons\/8\/81\/Fourteen_helpers_.jpg"}],"author":"danilo","twitter_card":"summary_large_image","twitter_misc":{"Escrito por":"danilo","Est. tempo de leitura":"5 minutos"},"schema":{"@context":"https:\/\/schema.org","@graph":[{"@type":"Article","@id":"https:\/\/www.oarcanjo.net\/site\/santo-egidio-um-dos-14-santos-auxiliadores\/#article","isPartOf":{"@id":"https:\/\/www.oarcanjo.net\/site\/santo-egidio-um-dos-14-santos-auxiliadores\/"},"author":{"name":"danilo","@id":"https:\/\/www.oarcanjo.net\/site\/#\/schema\/person\/5eb9480bedd2f3c97e430ce128c29c6c"},"headline":"Santo Eg\u00eddio &#8211; Um dos 14 Santos auxiliadores","datePublished":"2018-09-01T09:35:34+00:00","dateModified":"2018-06-25T11:17:34+00:00","mainEntityOfPage":{"@id":"https:\/\/www.oarcanjo.net\/site\/santo-egidio-um-dos-14-santos-auxiliadores\/"},"wordCount":1012,"commentCount":0,"publisher":{"@id":"https:\/\/www.oarcanjo.net\/site\/#organization"},"image":{"@id":"https:\/\/www.oarcanjo.net\/site\/santo-egidio-um-dos-14-santos-auxiliadores\/#primaryimage"},"thumbnailUrl":"http:\/\/upload.wikimedia.org\/wikipedia\/commons\/8\/81\/Fourteen_helpers_.jpg","articleSection":["Testemunhos"],"inLanguage":"pt-BR","potentialAction":[{"@type":"CommentAction","name":"Comment","target":["https:\/\/www.oarcanjo.net\/site\/santo-egidio-um-dos-14-santos-auxiliadores\/#respond"]}]},{"@type":"WebPage","@id":"https:\/\/www.oarcanjo.net\/site\/santo-egidio-um-dos-14-santos-auxiliadores\/","url":"https:\/\/www.oarcanjo.net\/site\/santo-egidio-um-dos-14-santos-auxiliadores\/","name":"Santo Eg\u00eddio - Um dos 14 Santos auxiliadores - O Arcanjo no ar","isPartOf":{"@id":"https:\/\/www.oarcanjo.net\/site\/#website"},"primaryImageOfPage":{"@id":"https:\/\/www.oarcanjo.net\/site\/santo-egidio-um-dos-14-santos-auxiliadores\/#primaryimage"},"image":{"@id":"https:\/\/www.oarcanjo.net\/site\/santo-egidio-um-dos-14-santos-auxiliadores\/#primaryimage"},"thumbnailUrl":"http:\/\/upload.wikimedia.org\/wikipedia\/commons\/8\/81\/Fourteen_helpers_.jpg","datePublished":"2018-09-01T09:35:34+00:00","dateModified":"2018-06-25T11:17:34+00:00","breadcrumb":{"@id":"https:\/\/www.oarcanjo.net\/site\/santo-egidio-um-dos-14-santos-auxiliadores\/#breadcrumb"},"inLanguage":"pt-BR","potentialAction":[{"@type":"ReadAction","target":["https:\/\/www.oarcanjo.net\/site\/santo-egidio-um-dos-14-santos-auxiliadores\/"]}]},{"@type":"ImageObject","inLanguage":"pt-BR","@id":"https:\/\/www.oarcanjo.net\/site\/santo-egidio-um-dos-14-santos-auxiliadores\/#primaryimage","url":"http:\/\/upload.wikimedia.org\/wikipedia\/commons\/8\/81\/Fourteen_helpers_.jpg","contentUrl":"http:\/\/upload.wikimedia.org\/wikipedia\/commons\/8\/81\/Fourteen_helpers_.jpg"},{"@type":"BreadcrumbList","@id":"https:\/\/www.oarcanjo.net\/site\/santo-egidio-um-dos-14-santos-auxiliadores\/#breadcrumb","itemListElement":[{"@type":"ListItem","position":1,"name":"In\u00edcio","item":"https:\/\/www.oarcanjo.net\/site\/"},{"@type":"ListItem","position":2,"name":"Santo Eg\u00eddio &#8211; Um dos 14 Santos auxiliadores"}]},{"@type":"WebSite","@id":"https:\/\/www.oarcanjo.net\/site\/#website","url":"https:\/\/www.oarcanjo.net\/site\/","name":"O Arcanjo no ar","description":"Site da Par\u00f3quia S\u00e3o Miguel Arcanjo (Arquidiocese de SP)","publisher":{"@id":"https:\/\/www.oarcanjo.net\/site\/#organization"},"potentialAction":[{"@type":"SearchAction","target":{"@type":"EntryPoint","urlTemplate":"https:\/\/www.oarcanjo.net\/site\/?s={search_term_string}"},"query-input":{"@type":"PropertyValueSpecification","valueRequired":true,"valueName":"search_term_string"}}],"inLanguage":"pt-BR"},{"@type":"Organization","@id":"https:\/\/www.oarcanjo.net\/site\/#organization","name":"Par\u00f3quia S\u00e3o Miguel Arcanjo","url":"https:\/\/www.oarcanjo.net\/site\/","logo":{"@type":"ImageObject","inLanguage":"pt-BR","@id":"https:\/\/www.oarcanjo.net\/site\/#\/schema\/logo\/image\/","url":"https:\/\/www.oarcanjo.net\/site\/wp-content\/uploads\/LogoOArcanjo.png","contentUrl":"https:\/\/www.oarcanjo.net\/site\/wp-content\/uploads\/LogoOArcanjo.png","width":319,"height":99,"caption":"Par\u00f3quia S\u00e3o Miguel Arcanjo"},"image":{"@id":"https:\/\/www.oarcanjo.net\/site\/#\/schema\/logo\/image\/"},"sameAs":["https:\/\/www.facebook.com\/OArcanjoNoAr\/"]},{"@type":"Person","@id":"https:\/\/www.oarcanjo.net\/site\/#\/schema\/person\/5eb9480bedd2f3c97e430ce128c29c6c","name":"danilo"}]}},"publishpress_future_action":{"enabled":false,"date":"2026-05-08 04:11:41","action":"category","newStatus":"draft","terms":[],"taxonomy":"category"},"publishpress_future_workflow_manual_trigger":{"enabledWorkflows":[]},"_links":{"self":[{"href":"https:\/\/www.oarcanjo.net\/site\/wp-json\/wp\/v2\/posts\/10706"}],"collection":[{"href":"https:\/\/www.oarcanjo.net\/site\/wp-json\/wp\/v2\/posts"}],"about":[{"href":"https:\/\/www.oarcanjo.net\/site\/wp-json\/wp\/v2\/types\/post"}],"author":[{"embeddable":true,"href":"https:\/\/www.oarcanjo.net\/site\/wp-json\/wp\/v2\/users\/14"}],"replies":[{"embeddable":true,"href":"https:\/\/www.oarcanjo.net\/site\/wp-json\/wp\/v2\/comments?post=10706"}],"version-history":[{"count":1,"href":"https:\/\/www.oarcanjo.net\/site\/wp-json\/wp\/v2\/posts\/10706\/revisions"}],"predecessor-version":[{"id":88874,"href":"https:\/\/www.oarcanjo.net\/site\/wp-json\/wp\/v2\/posts\/10706\/revisions\/88874"}],"wp:attachment":[{"href":"https:\/\/www.oarcanjo.net\/site\/wp-json\/wp\/v2\/media?parent=10706"}],"wp:term":[{"taxonomy":"category","embeddable":true,"href":"https:\/\/www.oarcanjo.net\/site\/wp-json\/wp\/v2\/categories?post=10706"},{"taxonomy":"post_tag","embeddable":true,"href":"https:\/\/www.oarcanjo.net\/site\/wp-json\/wp\/v2\/tags?post=10706"}],"curies":[{"name":"wp","href":"https:\/\/api.w.org\/{rel}","templated":true}]}}