
{"id":10711,"date":"2017-09-02T12:10:41","date_gmt":"2017-09-02T15:10:41","guid":{"rendered":"http:\/\/www.oarcanjo.net\/site\/?p=10711"},"modified":"2017-07-31T08:27:44","modified_gmt":"2017-07-31T11:27:44","slug":"santa-doroteia-2","status":"publish","type":"post","link":"https:\/\/www.oarcanjo.net\/site\/santa-doroteia-2\/","title":{"rendered":"Santa Doroteia"},"content":{"rendered":"<p><img loading=\"lazy\" decoding=\"async\" src=\"http:\/\/spb.fotolog.com\/photo\/11\/1\/116\/oracoes\/1220382555415_f.jpg\" alt=\"\" width=\"176\" height=\"343\" \/><\/p>\n<p>02 de Setembro<\/p>\n<p><strong>Santa Dorot\u00e9ia nasceu em Cesar\u00e9ia da Capad\u00f3cia e sofreu o mart\u00edrio nos prim\u00f3rdios do cristianismo, durante as persegui\u00e7\u00f5es romanas. Ap\u00f3s a morte dos pais, tamb\u00e9m v\u00edtimas da persegui\u00e7\u00e3o, Dorot\u00e9ia entregou-se \u00e0 ora\u00e7\u00e3o e ao jejum. Era uma jovem virtuosa, bem educada, rica e sumamente bela. Denunciada, foi levada perante o tribunal e intimada a oferecer sacrif\u00edcios aos deuses. Movida por uma santa ousadia, ela confessou a sua f\u00e9 destemidamente. Foi torturada, exposta a grandes humilha\u00e7\u00f5es e por fim decapitada. Antes de ser executada, pediu aos carrascos que lhe concedessem uns momentos para rezar. Conta a lenda que estava ali presente um menino de cerca de seis anos. Santa Dorot\u00e9ia chamou-o e lhe entregou o len\u00e7o com o qual enxugara o rosto, dizendo: Toma este len\u00e7o, vai \u00e0 casa do governador, pede para falar com Te\u00f3filo, o advogado, e lhe entrega, da minha parte, este len\u00e7o, dizendo: \u201cDorot\u00e9ia, a serva do Senhor, te envia frutos do jardim de Cristo, seu Esposo e Filho de Deus, conforme teu pedido\u201d. De fato, um certo advogado chamado Te\u00f3filo, ao v\u00ea-la sair do tribunal, lhe havia dito em tom de deboche: \u201cDorot\u00e9ia, esposa de Cristo, envia-me, do jardim de teu esposo, frutos ou rosas\u201d. Contam, ent\u00e3o, que ao receber o len\u00e7o, Te\u00f3filo come\u00e7ou a render gra\u00e7as a Deus. Para espanto de todos, confessou Jesus Cristo, sendo decapitado tamb\u00e9m. Santa Dorot\u00e9ia \u00e9 geralmente apresentada com um feixe de margaridas numa das m\u00e3os e, na outra, uma cesta cheia de flores e de frutos. Est\u00e1 sentada aos p\u00e9s da Virgem Maria com o Menino ao colo, e tem a cabe\u00e7a coroada de rosas. \u00c9 considerada a Santa das Flores.<\/p>\n<p><\/strong><\/p>\n<div id=\"themify_builder_content-10711\" data-postid=\"10711\" class=\"themify_builder_content themify_builder_content-10711 themify_builder themify_builder_front\">\n\t<\/div>\n<!-- \/themify_builder_content -->","protected":false},"excerpt":{"rendered":"<p>02 de Setembro Santa Dorot\u00e9ia nasceu em Cesar\u00e9ia da Capad\u00f3cia e sofreu o mart\u00edrio nos prim\u00f3rdios do cristianismo, durante as persegui\u00e7\u00f5es romanas. Ap\u00f3s a morte dos pais, tamb\u00e9m v\u00edtimas da persegui\u00e7\u00e3o, Dorot\u00e9ia entregou-se \u00e0 ora\u00e7\u00e3o e ao jejum. Era uma jovem virtuosa, bem educada, rica e sumamente bela. Denunciada, foi levada perante o tribunal e [&hellip;]<\/p>\n","protected":false},"author":14,"featured_media":0,"comment_status":"open","ping_status":"open","sticky":false,"template":"","format":"standard","meta":{"ngg_post_thumbnail":0,"footnotes":""},"categories":[186],"tags":[],"yoast_head":"<!-- This site is optimized with the Yoast SEO plugin v23.5 - https:\/\/yoast.com\/wordpress\/plugins\/seo\/ -->\n<title>Santa Doroteia - O Arcanjo no ar<\/title>\n<meta name=\"robots\" content=\"index, follow, max-snippet:-1, max-image-preview:large, max-video-preview:-1\" \/>\n<link rel=\"canonical\" href=\"https:\/\/www.oarcanjo.net\/site\/santa-doroteia-2\/\" \/>\n<meta property=\"og:locale\" content=\"pt_BR\" \/>\n<meta property=\"og:type\" content=\"article\" \/>\n<meta property=\"og:title\" content=\"Santa Doroteia - O Arcanjo no ar\" \/>\n<meta property=\"og:description\" content=\"02 de Setembro Santa Dorot\u00e9ia nasceu em Cesar\u00e9ia da Capad\u00f3cia e sofreu o mart\u00edrio nos prim\u00f3rdios do cristianismo, durante as persegui\u00e7\u00f5es romanas. Ap\u00f3s a morte dos pais, tamb\u00e9m v\u00edtimas da persegui\u00e7\u00e3o, Dorot\u00e9ia entregou-se \u00e0 ora\u00e7\u00e3o e ao jejum. Era uma jovem virtuosa, bem educada, rica e sumamente bela. Denunciada, foi levada perante o tribunal e [&hellip;]\" \/>\n<meta property=\"og:url\" content=\"https:\/\/www.oarcanjo.net\/site\/santa-doroteia-2\/\" \/>\n<meta property=\"og:site_name\" content=\"O Arcanjo no ar\" \/>\n<meta property=\"article:publisher\" content=\"https:\/\/www.facebook.com\/OArcanjoNoAr\/\" \/>\n<meta property=\"article:published_time\" content=\"2017-09-02T15:10:41+00:00\" \/>\n<meta property=\"article:modified_time\" content=\"2017-07-31T11:27:44+00:00\" \/>\n<meta property=\"og:image\" content=\"http:\/\/spb.fotolog.com\/photo\/11\/1\/116\/oracoes\/1220382555415_f.jpg\" \/>\n<meta name=\"author\" content=\"danilo\" \/>\n<meta name=\"twitter:card\" content=\"summary_large_image\" \/>\n<meta name=\"twitter:label1\" content=\"Escrito por\" \/>\n\t<meta name=\"twitter:data1\" content=\"danilo\" \/>\n\t<meta name=\"twitter:label2\" content=\"Est. tempo de leitura\" \/>\n\t<meta name=\"twitter:data2\" content=\"2 minutos\" \/>\n<script type=\"application\/ld+json\" class=\"yoast-schema-graph\">{\"@context\":\"https:\/\/schema.org\",\"@graph\":[{\"@type\":\"Article\",\"@id\":\"https:\/\/www.oarcanjo.net\/site\/santa-doroteia-2\/#article\",\"isPartOf\":{\"@id\":\"https:\/\/www.oarcanjo.net\/site\/santa-doroteia-2\/\"},\"author\":{\"name\":\"danilo\",\"@id\":\"https:\/\/www.oarcanjo.net\/site\/#\/schema\/person\/5eb9480bedd2f3c97e430ce128c29c6c\"},\"headline\":\"Santa Doroteia\",\"datePublished\":\"2017-09-02T15:10:41+00:00\",\"dateModified\":\"2017-07-31T11:27:44+00:00\",\"mainEntityOfPage\":{\"@id\":\"https:\/\/www.oarcanjo.net\/site\/santa-doroteia-2\/\"},\"wordCount\":305,\"commentCount\":0,\"publisher\":{\"@id\":\"https:\/\/www.oarcanjo.net\/site\/#organization\"},\"image\":{\"@id\":\"https:\/\/www.oarcanjo.net\/site\/santa-doroteia-2\/#primaryimage\"},\"thumbnailUrl\":\"http:\/\/spb.fotolog.com\/photo\/11\/1\/116\/oracoes\/1220382555415_f.jpg\",\"articleSection\":[\"Testemunhos\"],\"inLanguage\":\"pt-BR\",\"potentialAction\":[{\"@type\":\"CommentAction\",\"name\":\"Comment\",\"target\":[\"https:\/\/www.oarcanjo.net\/site\/santa-doroteia-2\/#respond\"]}]},{\"@type\":\"WebPage\",\"@id\":\"https:\/\/www.oarcanjo.net\/site\/santa-doroteia-2\/\",\"url\":\"https:\/\/www.oarcanjo.net\/site\/santa-doroteia-2\/\",\"name\":\"Santa Doroteia - O Arcanjo no ar\",\"isPartOf\":{\"@id\":\"https:\/\/www.oarcanjo.net\/site\/#website\"},\"primaryImageOfPage\":{\"@id\":\"https:\/\/www.oarcanjo.net\/site\/santa-doroteia-2\/#primaryimage\"},\"image\":{\"@id\":\"https:\/\/www.oarcanjo.net\/site\/santa-doroteia-2\/#primaryimage\"},\"thumbnailUrl\":\"http:\/\/spb.fotolog.com\/photo\/11\/1\/116\/oracoes\/1220382555415_f.jpg\",\"datePublished\":\"2017-09-02T15:10:41+00:00\",\"dateModified\":\"2017-07-31T11:27:44+00:00\",\"breadcrumb\":{\"@id\":\"https:\/\/www.oarcanjo.net\/site\/santa-doroteia-2\/#breadcrumb\"},\"inLanguage\":\"pt-BR\",\"potentialAction\":[{\"@type\":\"ReadAction\",\"target\":[\"https:\/\/www.oarcanjo.net\/site\/santa-doroteia-2\/\"]}]},{\"@type\":\"ImageObject\",\"inLanguage\":\"pt-BR\",\"@id\":\"https:\/\/www.oarcanjo.net\/site\/santa-doroteia-2\/#primaryimage\",\"url\":\"http:\/\/spb.fotolog.com\/photo\/11\/1\/116\/oracoes\/1220382555415_f.jpg\",\"contentUrl\":\"http:\/\/spb.fotolog.com\/photo\/11\/1\/116\/oracoes\/1220382555415_f.jpg\"},{\"@type\":\"BreadcrumbList\",\"@id\":\"https:\/\/www.oarcanjo.net\/site\/santa-doroteia-2\/#breadcrumb\",\"itemListElement\":[{\"@type\":\"ListItem\",\"position\":1,\"name\":\"In\u00edcio\",\"item\":\"https:\/\/www.oarcanjo.net\/site\/\"},{\"@type\":\"ListItem\",\"position\":2,\"name\":\"Santa Doroteia\"}]},{\"@type\":\"WebSite\",\"@id\":\"https:\/\/www.oarcanjo.net\/site\/#website\",\"url\":\"https:\/\/www.oarcanjo.net\/site\/\",\"name\":\"O Arcanjo no ar\",\"description\":\"Site da Par\u00f3quia S\u00e3o Miguel Arcanjo (Arquidiocese de SP)\",\"publisher\":{\"@id\":\"https:\/\/www.oarcanjo.net\/site\/#organization\"},\"potentialAction\":[{\"@type\":\"SearchAction\",\"target\":{\"@type\":\"EntryPoint\",\"urlTemplate\":\"https:\/\/www.oarcanjo.net\/site\/?s={search_term_string}\"},\"query-input\":{\"@type\":\"PropertyValueSpecification\",\"valueRequired\":true,\"valueName\":\"search_term_string\"}}],\"inLanguage\":\"pt-BR\"},{\"@type\":\"Organization\",\"@id\":\"https:\/\/www.oarcanjo.net\/site\/#organization\",\"name\":\"Par\u00f3quia S\u00e3o Miguel Arcanjo\",\"url\":\"https:\/\/www.oarcanjo.net\/site\/\",\"logo\":{\"@type\":\"ImageObject\",\"inLanguage\":\"pt-BR\",\"@id\":\"https:\/\/www.oarcanjo.net\/site\/#\/schema\/logo\/image\/\",\"url\":\"https:\/\/www.oarcanjo.net\/site\/wp-content\/uploads\/LogoOArcanjo.png\",\"contentUrl\":\"https:\/\/www.oarcanjo.net\/site\/wp-content\/uploads\/LogoOArcanjo.png\",\"width\":319,\"height\":99,\"caption\":\"Par\u00f3quia S\u00e3o Miguel Arcanjo\"},\"image\":{\"@id\":\"https:\/\/www.oarcanjo.net\/site\/#\/schema\/logo\/image\/\"},\"sameAs\":[\"https:\/\/www.facebook.com\/OArcanjoNoAr\/\"]},{\"@type\":\"Person\",\"@id\":\"https:\/\/www.oarcanjo.net\/site\/#\/schema\/person\/5eb9480bedd2f3c97e430ce128c29c6c\",\"name\":\"danilo\"}]}<\/script>\n<!-- \/ Yoast SEO plugin. -->","yoast_head_json":{"title":"Santa Doroteia - O Arcanjo no ar","robots":{"index":"index","follow":"follow","max-snippet":"max-snippet:-1","max-image-preview":"max-image-preview:large","max-video-preview":"max-video-preview:-1"},"canonical":"https:\/\/www.oarcanjo.net\/site\/santa-doroteia-2\/","og_locale":"pt_BR","og_type":"article","og_title":"Santa Doroteia - O Arcanjo no ar","og_description":"02 de Setembro Santa Dorot\u00e9ia nasceu em Cesar\u00e9ia da Capad\u00f3cia e sofreu o mart\u00edrio nos prim\u00f3rdios do cristianismo, durante as persegui\u00e7\u00f5es romanas. Ap\u00f3s a morte dos pais, tamb\u00e9m v\u00edtimas da persegui\u00e7\u00e3o, Dorot\u00e9ia entregou-se \u00e0 ora\u00e7\u00e3o e ao jejum. Era uma jovem virtuosa, bem educada, rica e sumamente bela. Denunciada, foi levada perante o tribunal e [&hellip;]","og_url":"https:\/\/www.oarcanjo.net\/site\/santa-doroteia-2\/","og_site_name":"O Arcanjo no ar","article_publisher":"https:\/\/www.facebook.com\/OArcanjoNoAr\/","article_published_time":"2017-09-02T15:10:41+00:00","article_modified_time":"2017-07-31T11:27:44+00:00","og_image":[{"url":"http:\/\/spb.fotolog.com\/photo\/11\/1\/116\/oracoes\/1220382555415_f.jpg"}],"author":"danilo","twitter_card":"summary_large_image","twitter_misc":{"Escrito por":"danilo","Est. tempo de leitura":"2 minutos"},"schema":{"@context":"https:\/\/schema.org","@graph":[{"@type":"Article","@id":"https:\/\/www.oarcanjo.net\/site\/santa-doroteia-2\/#article","isPartOf":{"@id":"https:\/\/www.oarcanjo.net\/site\/santa-doroteia-2\/"},"author":{"name":"danilo","@id":"https:\/\/www.oarcanjo.net\/site\/#\/schema\/person\/5eb9480bedd2f3c97e430ce128c29c6c"},"headline":"Santa Doroteia","datePublished":"2017-09-02T15:10:41+00:00","dateModified":"2017-07-31T11:27:44+00:00","mainEntityOfPage":{"@id":"https:\/\/www.oarcanjo.net\/site\/santa-doroteia-2\/"},"wordCount":305,"commentCount":0,"publisher":{"@id":"https:\/\/www.oarcanjo.net\/site\/#organization"},"image":{"@id":"https:\/\/www.oarcanjo.net\/site\/santa-doroteia-2\/#primaryimage"},"thumbnailUrl":"http:\/\/spb.fotolog.com\/photo\/11\/1\/116\/oracoes\/1220382555415_f.jpg","articleSection":["Testemunhos"],"inLanguage":"pt-BR","potentialAction":[{"@type":"CommentAction","name":"Comment","target":["https:\/\/www.oarcanjo.net\/site\/santa-doroteia-2\/#respond"]}]},{"@type":"WebPage","@id":"https:\/\/www.oarcanjo.net\/site\/santa-doroteia-2\/","url":"https:\/\/www.oarcanjo.net\/site\/santa-doroteia-2\/","name":"Santa Doroteia - O Arcanjo no ar","isPartOf":{"@id":"https:\/\/www.oarcanjo.net\/site\/#website"},"primaryImageOfPage":{"@id":"https:\/\/www.oarcanjo.net\/site\/santa-doroteia-2\/#primaryimage"},"image":{"@id":"https:\/\/www.oarcanjo.net\/site\/santa-doroteia-2\/#primaryimage"},"thumbnailUrl":"http:\/\/spb.fotolog.com\/photo\/11\/1\/116\/oracoes\/1220382555415_f.jpg","datePublished":"2017-09-02T15:10:41+00:00","dateModified":"2017-07-31T11:27:44+00:00","breadcrumb":{"@id":"https:\/\/www.oarcanjo.net\/site\/santa-doroteia-2\/#breadcrumb"},"inLanguage":"pt-BR","potentialAction":[{"@type":"ReadAction","target":["https:\/\/www.oarcanjo.net\/site\/santa-doroteia-2\/"]}]},{"@type":"ImageObject","inLanguage":"pt-BR","@id":"https:\/\/www.oarcanjo.net\/site\/santa-doroteia-2\/#primaryimage","url":"http:\/\/spb.fotolog.com\/photo\/11\/1\/116\/oracoes\/1220382555415_f.jpg","contentUrl":"http:\/\/spb.fotolog.com\/photo\/11\/1\/116\/oracoes\/1220382555415_f.jpg"},{"@type":"BreadcrumbList","@id":"https:\/\/www.oarcanjo.net\/site\/santa-doroteia-2\/#breadcrumb","itemListElement":[{"@type":"ListItem","position":1,"name":"In\u00edcio","item":"https:\/\/www.oarcanjo.net\/site\/"},{"@type":"ListItem","position":2,"name":"Santa Doroteia"}]},{"@type":"WebSite","@id":"https:\/\/www.oarcanjo.net\/site\/#website","url":"https:\/\/www.oarcanjo.net\/site\/","name":"O Arcanjo no ar","description":"Site da Par\u00f3quia S\u00e3o Miguel Arcanjo (Arquidiocese de SP)","publisher":{"@id":"https:\/\/www.oarcanjo.net\/site\/#organization"},"potentialAction":[{"@type":"SearchAction","target":{"@type":"EntryPoint","urlTemplate":"https:\/\/www.oarcanjo.net\/site\/?s={search_term_string}"},"query-input":{"@type":"PropertyValueSpecification","valueRequired":true,"valueName":"search_term_string"}}],"inLanguage":"pt-BR"},{"@type":"Organization","@id":"https:\/\/www.oarcanjo.net\/site\/#organization","name":"Par\u00f3quia S\u00e3o Miguel Arcanjo","url":"https:\/\/www.oarcanjo.net\/site\/","logo":{"@type":"ImageObject","inLanguage":"pt-BR","@id":"https:\/\/www.oarcanjo.net\/site\/#\/schema\/logo\/image\/","url":"https:\/\/www.oarcanjo.net\/site\/wp-content\/uploads\/LogoOArcanjo.png","contentUrl":"https:\/\/www.oarcanjo.net\/site\/wp-content\/uploads\/LogoOArcanjo.png","width":319,"height":99,"caption":"Par\u00f3quia S\u00e3o Miguel Arcanjo"},"image":{"@id":"https:\/\/www.oarcanjo.net\/site\/#\/schema\/logo\/image\/"},"sameAs":["https:\/\/www.facebook.com\/OArcanjoNoAr\/"]},{"@type":"Person","@id":"https:\/\/www.oarcanjo.net\/site\/#\/schema\/person\/5eb9480bedd2f3c97e430ce128c29c6c","name":"danilo"}]}},"publishpress_future_action":{"enabled":false,"date":"2026-05-09 02:30:07","action":"category","newStatus":"draft","terms":[],"taxonomy":"category"},"publishpress_future_workflow_manual_trigger":{"enabledWorkflows":[]},"_links":{"self":[{"href":"https:\/\/www.oarcanjo.net\/site\/wp-json\/wp\/v2\/posts\/10711"}],"collection":[{"href":"https:\/\/www.oarcanjo.net\/site\/wp-json\/wp\/v2\/posts"}],"about":[{"href":"https:\/\/www.oarcanjo.net\/site\/wp-json\/wp\/v2\/types\/post"}],"author":[{"embeddable":true,"href":"https:\/\/www.oarcanjo.net\/site\/wp-json\/wp\/v2\/users\/14"}],"replies":[{"embeddable":true,"href":"https:\/\/www.oarcanjo.net\/site\/wp-json\/wp\/v2\/comments?post=10711"}],"version-history":[{"count":0,"href":"https:\/\/www.oarcanjo.net\/site\/wp-json\/wp\/v2\/posts\/10711\/revisions"}],"wp:attachment":[{"href":"https:\/\/www.oarcanjo.net\/site\/wp-json\/wp\/v2\/media?parent=10711"}],"wp:term":[{"taxonomy":"category","embeddable":true,"href":"https:\/\/www.oarcanjo.net\/site\/wp-json\/wp\/v2\/categories?post=10711"},{"taxonomy":"post_tag","embeddable":true,"href":"https:\/\/www.oarcanjo.net\/site\/wp-json\/wp\/v2\/tags?post=10711"}],"curies":[{"name":"wp","href":"https:\/\/api.w.org\/{rel}","templated":true}]}}