
{"id":10713,"date":"2017-09-02T00:13:03","date_gmt":"2017-09-02T03:13:03","guid":{"rendered":"http:\/\/www.oarcanjo.net\/site\/?p=10713"},"modified":"2017-07-31T08:28:08","modified_gmt":"2017-07-31T11:28:08","slug":"bem-aventurada-ingrid","status":"publish","type":"post","link":"https:\/\/www.oarcanjo.net\/site\/bem-aventurada-ingrid\/","title":{"rendered":"Bem Aventurada Ingrid"},"content":{"rendered":"<p><img decoding=\"async\" src=\"http:\/\/4.bp.blogspot.com\/_WpUtkn_AArU\/Sp5ckP63RjI\/AAAAAAAAA7I\/MDvwKn292HQ\/s1600\/Santa%2BIngrid.jpg\" border=\"0\" alt=\"[Santa+Ingrid.jpg]\" \/><\/p>\n<p>02 de Setembro<\/p>\n<p>Ingrid nasceu perto da metade do s\u00e9culo XIII, na nobre fam\u00edlia Elovsdotter, na Su\u00e9cia. Crist\u00e3os fervorosos, os pais deram a ela e aos outros filhos uma educa\u00e7\u00e3o digna dos fidalgos e no rigoroso seguimento de Cristo. A menina, desde os primeiros anos de vida, mostrou-se muito virtuosa, am\u00e1vel, caridosa e pia, surpreendendo a todos com seu c\u00e2ndido ideal religioso.<\/p>\n<p>No in\u00edcio da adolesc\u00eancia, como era costume da \u00e9poca, teve de contrair um riqu\u00edssimo casamento. Mesmo contrariando sua voca\u00e7\u00e3o, ela aceitou tudo com humilde resigna\u00e7\u00e3o, mas n\u00e3o deixou que o mundo de luxo, futilidades e poder contaminassem sua alma, apesar de ter de conviver nele. Continuou, serenamente, a cuidar das obras de caridade que fundara para os pobres e doentes abandonados, os quais atendia pessoalmente. Possuindo dons especiais de profecia e cura, gozava, entre a popula\u00e7\u00e3o, da fama de santidade.<\/p>\n<p>Ingrid enviuvou pouco tempo depois. Assim, decidiu fazer uma longa peregrina\u00e7\u00e3o para a Terra Santa, acompanhada por sua irm\u00e3 mais velha e algumas damas da corte. Ali seu amor ao Senhor Jesus aumentou ainda mais, alimentando o seu desejo de consagrar-se \u00e0 vida religiosa. Da Palestina viajou para Roma, onde visitou os t\u00famulos dos ap\u00f3stolos e dos primeiros m\u00e1rtires e de l\u00e1 foi para Santiago de Compostela, na Espanha, rezar junto \u00e0s rel\u00edquias do ap\u00f3stolo Tiago.<\/p>\n<p>S\u00f3 ent\u00e3o Ingrid retornou para a Su\u00e9cia. Logo depois, em 1281, seguindo seu confessor e orientador espiritual, padre dominicano Pedro de Dacia, e com a autoriza\u00e7\u00e3o do bispo e do rei, ela fez seus votos perp\u00e9tuos e fundou um mosteiro, sob as Regras de s\u00e3o Domingos, em Skanninge, Su\u00e9cia. Nele, junto com um grande n\u00famero de jovens da corte, dedicou-se, totalmente, \u00e0s ora\u00e7\u00f5es contemplativas e \u00e0 vida de rigorosa austeridade.<\/p>\n<p>Morreu como priora, com fama de santidade, no dia 2 de setembro de 1282, no seu convento em Skanninge. Seu culto se espalhou depressa entre as popula\u00e7\u00f5es vizinhas e difundiu-se entre os devotos. O papa Alexandre VI confirmou o culto \u00e0 bem-aventurada Ingrid e o dia de sua morte para sua celebra\u00e7\u00e3o.<\/p>\n<div id=\"themify_builder_content-10713\" data-postid=\"10713\" class=\"themify_builder_content themify_builder_content-10713 themify_builder themify_builder_front\">\n\t<\/div>\n<!-- \/themify_builder_content -->","protected":false},"excerpt":{"rendered":"<p>02 de Setembro Ingrid nasceu perto da metade do s\u00e9culo XIII, na nobre fam\u00edlia Elovsdotter, na Su\u00e9cia. Crist\u00e3os fervorosos, os pais deram a ela e aos outros filhos uma educa\u00e7\u00e3o digna dos fidalgos e no rigoroso seguimento de Cristo. A menina, desde os primeiros anos de vida, mostrou-se muito virtuosa, am\u00e1vel, caridosa e pia, surpreendendo [&hellip;]<\/p>\n","protected":false},"author":14,"featured_media":0,"comment_status":"open","ping_status":"open","sticky":false,"template":"","format":"standard","meta":{"ngg_post_thumbnail":0,"footnotes":""},"categories":[186],"tags":[],"yoast_head":"<!-- This site is optimized with the Yoast SEO plugin v23.5 - https:\/\/yoast.com\/wordpress\/plugins\/seo\/ -->\n<title>Bem Aventurada Ingrid - O Arcanjo no ar<\/title>\n<meta name=\"robots\" content=\"index, follow, max-snippet:-1, max-image-preview:large, max-video-preview:-1\" \/>\n<link rel=\"canonical\" href=\"https:\/\/www.oarcanjo.net\/site\/bem-aventurada-ingrid\/\" \/>\n<meta property=\"og:locale\" content=\"pt_BR\" \/>\n<meta property=\"og:type\" content=\"article\" \/>\n<meta property=\"og:title\" content=\"Bem Aventurada Ingrid - O Arcanjo no ar\" \/>\n<meta property=\"og:description\" content=\"02 de Setembro Ingrid nasceu perto da metade do s\u00e9culo XIII, na nobre fam\u00edlia Elovsdotter, na Su\u00e9cia. Crist\u00e3os fervorosos, os pais deram a ela e aos outros filhos uma educa\u00e7\u00e3o digna dos fidalgos e no rigoroso seguimento de Cristo. A menina, desde os primeiros anos de vida, mostrou-se muito virtuosa, am\u00e1vel, caridosa e pia, surpreendendo [&hellip;]\" \/>\n<meta property=\"og:url\" content=\"https:\/\/www.oarcanjo.net\/site\/bem-aventurada-ingrid\/\" \/>\n<meta property=\"og:site_name\" content=\"O Arcanjo no ar\" \/>\n<meta property=\"article:publisher\" content=\"https:\/\/www.facebook.com\/OArcanjoNoAr\/\" \/>\n<meta property=\"article:published_time\" content=\"2017-09-02T03:13:03+00:00\" \/>\n<meta property=\"article:modified_time\" content=\"2017-07-31T11:28:08+00:00\" \/>\n<meta property=\"og:image\" content=\"http:\/\/4.bp.blogspot.com\/_WpUtkn_AArU\/Sp5ckP63RjI\/AAAAAAAAA7I\/MDvwKn292HQ\/s1600\/Santa%2BIngrid.jpg\" \/>\n<meta name=\"author\" content=\"danilo\" \/>\n<meta name=\"twitter:card\" content=\"summary_large_image\" \/>\n<meta name=\"twitter:label1\" content=\"Escrito por\" \/>\n\t<meta name=\"twitter:data1\" content=\"danilo\" \/>\n\t<meta name=\"twitter:label2\" content=\"Est. tempo de leitura\" \/>\n\t<meta name=\"twitter:data2\" content=\"2 minutos\" \/>\n<script type=\"application\/ld+json\" class=\"yoast-schema-graph\">{\"@context\":\"https:\/\/schema.org\",\"@graph\":[{\"@type\":\"Article\",\"@id\":\"https:\/\/www.oarcanjo.net\/site\/bem-aventurada-ingrid\/#article\",\"isPartOf\":{\"@id\":\"https:\/\/www.oarcanjo.net\/site\/bem-aventurada-ingrid\/\"},\"author\":{\"name\":\"danilo\",\"@id\":\"https:\/\/www.oarcanjo.net\/site\/#\/schema\/person\/5eb9480bedd2f3c97e430ce128c29c6c\"},\"headline\":\"Bem Aventurada Ingrid\",\"datePublished\":\"2017-09-02T03:13:03+00:00\",\"dateModified\":\"2017-07-31T11:28:08+00:00\",\"mainEntityOfPage\":{\"@id\":\"https:\/\/www.oarcanjo.net\/site\/bem-aventurada-ingrid\/\"},\"wordCount\":366,\"commentCount\":0,\"publisher\":{\"@id\":\"https:\/\/www.oarcanjo.net\/site\/#organization\"},\"image\":{\"@id\":\"https:\/\/www.oarcanjo.net\/site\/bem-aventurada-ingrid\/#primaryimage\"},\"thumbnailUrl\":\"http:\/\/4.bp.blogspot.com\/_WpUtkn_AArU\/Sp5ckP63RjI\/AAAAAAAAA7I\/MDvwKn292HQ\/s1600\/Santa%2BIngrid.jpg\",\"articleSection\":[\"Testemunhos\"],\"inLanguage\":\"pt-BR\",\"potentialAction\":[{\"@type\":\"CommentAction\",\"name\":\"Comment\",\"target\":[\"https:\/\/www.oarcanjo.net\/site\/bem-aventurada-ingrid\/#respond\"]}]},{\"@type\":\"WebPage\",\"@id\":\"https:\/\/www.oarcanjo.net\/site\/bem-aventurada-ingrid\/\",\"url\":\"https:\/\/www.oarcanjo.net\/site\/bem-aventurada-ingrid\/\",\"name\":\"Bem Aventurada Ingrid - O Arcanjo no ar\",\"isPartOf\":{\"@id\":\"https:\/\/www.oarcanjo.net\/site\/#website\"},\"primaryImageOfPage\":{\"@id\":\"https:\/\/www.oarcanjo.net\/site\/bem-aventurada-ingrid\/#primaryimage\"},\"image\":{\"@id\":\"https:\/\/www.oarcanjo.net\/site\/bem-aventurada-ingrid\/#primaryimage\"},\"thumbnailUrl\":\"http:\/\/4.bp.blogspot.com\/_WpUtkn_AArU\/Sp5ckP63RjI\/AAAAAAAAA7I\/MDvwKn292HQ\/s1600\/Santa%2BIngrid.jpg\",\"datePublished\":\"2017-09-02T03:13:03+00:00\",\"dateModified\":\"2017-07-31T11:28:08+00:00\",\"breadcrumb\":{\"@id\":\"https:\/\/www.oarcanjo.net\/site\/bem-aventurada-ingrid\/#breadcrumb\"},\"inLanguage\":\"pt-BR\",\"potentialAction\":[{\"@type\":\"ReadAction\",\"target\":[\"https:\/\/www.oarcanjo.net\/site\/bem-aventurada-ingrid\/\"]}]},{\"@type\":\"ImageObject\",\"inLanguage\":\"pt-BR\",\"@id\":\"https:\/\/www.oarcanjo.net\/site\/bem-aventurada-ingrid\/#primaryimage\",\"url\":\"http:\/\/4.bp.blogspot.com\/_WpUtkn_AArU\/Sp5ckP63RjI\/AAAAAAAAA7I\/MDvwKn292HQ\/s1600\/Santa%2BIngrid.jpg\",\"contentUrl\":\"http:\/\/4.bp.blogspot.com\/_WpUtkn_AArU\/Sp5ckP63RjI\/AAAAAAAAA7I\/MDvwKn292HQ\/s1600\/Santa%2BIngrid.jpg\"},{\"@type\":\"BreadcrumbList\",\"@id\":\"https:\/\/www.oarcanjo.net\/site\/bem-aventurada-ingrid\/#breadcrumb\",\"itemListElement\":[{\"@type\":\"ListItem\",\"position\":1,\"name\":\"In\u00edcio\",\"item\":\"https:\/\/www.oarcanjo.net\/site\/\"},{\"@type\":\"ListItem\",\"position\":2,\"name\":\"Bem Aventurada Ingrid\"}]},{\"@type\":\"WebSite\",\"@id\":\"https:\/\/www.oarcanjo.net\/site\/#website\",\"url\":\"https:\/\/www.oarcanjo.net\/site\/\",\"name\":\"O Arcanjo no ar\",\"description\":\"Site da Par\u00f3quia S\u00e3o Miguel Arcanjo (Arquidiocese de SP)\",\"publisher\":{\"@id\":\"https:\/\/www.oarcanjo.net\/site\/#organization\"},\"potentialAction\":[{\"@type\":\"SearchAction\",\"target\":{\"@type\":\"EntryPoint\",\"urlTemplate\":\"https:\/\/www.oarcanjo.net\/site\/?s={search_term_string}\"},\"query-input\":{\"@type\":\"PropertyValueSpecification\",\"valueRequired\":true,\"valueName\":\"search_term_string\"}}],\"inLanguage\":\"pt-BR\"},{\"@type\":\"Organization\",\"@id\":\"https:\/\/www.oarcanjo.net\/site\/#organization\",\"name\":\"Par\u00f3quia S\u00e3o Miguel Arcanjo\",\"url\":\"https:\/\/www.oarcanjo.net\/site\/\",\"logo\":{\"@type\":\"ImageObject\",\"inLanguage\":\"pt-BR\",\"@id\":\"https:\/\/www.oarcanjo.net\/site\/#\/schema\/logo\/image\/\",\"url\":\"https:\/\/www.oarcanjo.net\/site\/wp-content\/uploads\/LogoOArcanjo.png\",\"contentUrl\":\"https:\/\/www.oarcanjo.net\/site\/wp-content\/uploads\/LogoOArcanjo.png\",\"width\":319,\"height\":99,\"caption\":\"Par\u00f3quia S\u00e3o Miguel Arcanjo\"},\"image\":{\"@id\":\"https:\/\/www.oarcanjo.net\/site\/#\/schema\/logo\/image\/\"},\"sameAs\":[\"https:\/\/www.facebook.com\/OArcanjoNoAr\/\"]},{\"@type\":\"Person\",\"@id\":\"https:\/\/www.oarcanjo.net\/site\/#\/schema\/person\/5eb9480bedd2f3c97e430ce128c29c6c\",\"name\":\"danilo\"}]}<\/script>\n<!-- \/ Yoast SEO plugin. -->","yoast_head_json":{"title":"Bem Aventurada Ingrid - O Arcanjo no ar","robots":{"index":"index","follow":"follow","max-snippet":"max-snippet:-1","max-image-preview":"max-image-preview:large","max-video-preview":"max-video-preview:-1"},"canonical":"https:\/\/www.oarcanjo.net\/site\/bem-aventurada-ingrid\/","og_locale":"pt_BR","og_type":"article","og_title":"Bem Aventurada Ingrid - O Arcanjo no ar","og_description":"02 de Setembro Ingrid nasceu perto da metade do s\u00e9culo XIII, na nobre fam\u00edlia Elovsdotter, na Su\u00e9cia. Crist\u00e3os fervorosos, os pais deram a ela e aos outros filhos uma educa\u00e7\u00e3o digna dos fidalgos e no rigoroso seguimento de Cristo. A menina, desde os primeiros anos de vida, mostrou-se muito virtuosa, am\u00e1vel, caridosa e pia, surpreendendo [&hellip;]","og_url":"https:\/\/www.oarcanjo.net\/site\/bem-aventurada-ingrid\/","og_site_name":"O Arcanjo no ar","article_publisher":"https:\/\/www.facebook.com\/OArcanjoNoAr\/","article_published_time":"2017-09-02T03:13:03+00:00","article_modified_time":"2017-07-31T11:28:08+00:00","og_image":[{"url":"http:\/\/4.bp.blogspot.com\/_WpUtkn_AArU\/Sp5ckP63RjI\/AAAAAAAAA7I\/MDvwKn292HQ\/s1600\/Santa%2BIngrid.jpg"}],"author":"danilo","twitter_card":"summary_large_image","twitter_misc":{"Escrito por":"danilo","Est. tempo de leitura":"2 minutos"},"schema":{"@context":"https:\/\/schema.org","@graph":[{"@type":"Article","@id":"https:\/\/www.oarcanjo.net\/site\/bem-aventurada-ingrid\/#article","isPartOf":{"@id":"https:\/\/www.oarcanjo.net\/site\/bem-aventurada-ingrid\/"},"author":{"name":"danilo","@id":"https:\/\/www.oarcanjo.net\/site\/#\/schema\/person\/5eb9480bedd2f3c97e430ce128c29c6c"},"headline":"Bem Aventurada Ingrid","datePublished":"2017-09-02T03:13:03+00:00","dateModified":"2017-07-31T11:28:08+00:00","mainEntityOfPage":{"@id":"https:\/\/www.oarcanjo.net\/site\/bem-aventurada-ingrid\/"},"wordCount":366,"commentCount":0,"publisher":{"@id":"https:\/\/www.oarcanjo.net\/site\/#organization"},"image":{"@id":"https:\/\/www.oarcanjo.net\/site\/bem-aventurada-ingrid\/#primaryimage"},"thumbnailUrl":"http:\/\/4.bp.blogspot.com\/_WpUtkn_AArU\/Sp5ckP63RjI\/AAAAAAAAA7I\/MDvwKn292HQ\/s1600\/Santa%2BIngrid.jpg","articleSection":["Testemunhos"],"inLanguage":"pt-BR","potentialAction":[{"@type":"CommentAction","name":"Comment","target":["https:\/\/www.oarcanjo.net\/site\/bem-aventurada-ingrid\/#respond"]}]},{"@type":"WebPage","@id":"https:\/\/www.oarcanjo.net\/site\/bem-aventurada-ingrid\/","url":"https:\/\/www.oarcanjo.net\/site\/bem-aventurada-ingrid\/","name":"Bem Aventurada Ingrid - O Arcanjo no ar","isPartOf":{"@id":"https:\/\/www.oarcanjo.net\/site\/#website"},"primaryImageOfPage":{"@id":"https:\/\/www.oarcanjo.net\/site\/bem-aventurada-ingrid\/#primaryimage"},"image":{"@id":"https:\/\/www.oarcanjo.net\/site\/bem-aventurada-ingrid\/#primaryimage"},"thumbnailUrl":"http:\/\/4.bp.blogspot.com\/_WpUtkn_AArU\/Sp5ckP63RjI\/AAAAAAAAA7I\/MDvwKn292HQ\/s1600\/Santa%2BIngrid.jpg","datePublished":"2017-09-02T03:13:03+00:00","dateModified":"2017-07-31T11:28:08+00:00","breadcrumb":{"@id":"https:\/\/www.oarcanjo.net\/site\/bem-aventurada-ingrid\/#breadcrumb"},"inLanguage":"pt-BR","potentialAction":[{"@type":"ReadAction","target":["https:\/\/www.oarcanjo.net\/site\/bem-aventurada-ingrid\/"]}]},{"@type":"ImageObject","inLanguage":"pt-BR","@id":"https:\/\/www.oarcanjo.net\/site\/bem-aventurada-ingrid\/#primaryimage","url":"http:\/\/4.bp.blogspot.com\/_WpUtkn_AArU\/Sp5ckP63RjI\/AAAAAAAAA7I\/MDvwKn292HQ\/s1600\/Santa%2BIngrid.jpg","contentUrl":"http:\/\/4.bp.blogspot.com\/_WpUtkn_AArU\/Sp5ckP63RjI\/AAAAAAAAA7I\/MDvwKn292HQ\/s1600\/Santa%2BIngrid.jpg"},{"@type":"BreadcrumbList","@id":"https:\/\/www.oarcanjo.net\/site\/bem-aventurada-ingrid\/#breadcrumb","itemListElement":[{"@type":"ListItem","position":1,"name":"In\u00edcio","item":"https:\/\/www.oarcanjo.net\/site\/"},{"@type":"ListItem","position":2,"name":"Bem Aventurada Ingrid"}]},{"@type":"WebSite","@id":"https:\/\/www.oarcanjo.net\/site\/#website","url":"https:\/\/www.oarcanjo.net\/site\/","name":"O Arcanjo no ar","description":"Site da Par\u00f3quia S\u00e3o Miguel Arcanjo (Arquidiocese de SP)","publisher":{"@id":"https:\/\/www.oarcanjo.net\/site\/#organization"},"potentialAction":[{"@type":"SearchAction","target":{"@type":"EntryPoint","urlTemplate":"https:\/\/www.oarcanjo.net\/site\/?s={search_term_string}"},"query-input":{"@type":"PropertyValueSpecification","valueRequired":true,"valueName":"search_term_string"}}],"inLanguage":"pt-BR"},{"@type":"Organization","@id":"https:\/\/www.oarcanjo.net\/site\/#organization","name":"Par\u00f3quia S\u00e3o Miguel Arcanjo","url":"https:\/\/www.oarcanjo.net\/site\/","logo":{"@type":"ImageObject","inLanguage":"pt-BR","@id":"https:\/\/www.oarcanjo.net\/site\/#\/schema\/logo\/image\/","url":"https:\/\/www.oarcanjo.net\/site\/wp-content\/uploads\/LogoOArcanjo.png","contentUrl":"https:\/\/www.oarcanjo.net\/site\/wp-content\/uploads\/LogoOArcanjo.png","width":319,"height":99,"caption":"Par\u00f3quia S\u00e3o Miguel Arcanjo"},"image":{"@id":"https:\/\/www.oarcanjo.net\/site\/#\/schema\/logo\/image\/"},"sameAs":["https:\/\/www.facebook.com\/OArcanjoNoAr\/"]},{"@type":"Person","@id":"https:\/\/www.oarcanjo.net\/site\/#\/schema\/person\/5eb9480bedd2f3c97e430ce128c29c6c","name":"danilo"}]}},"publishpress_future_action":{"enabled":false,"date":"2026-05-09 02:30:07","action":"category","newStatus":"draft","terms":[],"taxonomy":"category"},"publishpress_future_workflow_manual_trigger":{"enabledWorkflows":[]},"_links":{"self":[{"href":"https:\/\/www.oarcanjo.net\/site\/wp-json\/wp\/v2\/posts\/10713"}],"collection":[{"href":"https:\/\/www.oarcanjo.net\/site\/wp-json\/wp\/v2\/posts"}],"about":[{"href":"https:\/\/www.oarcanjo.net\/site\/wp-json\/wp\/v2\/types\/post"}],"author":[{"embeddable":true,"href":"https:\/\/www.oarcanjo.net\/site\/wp-json\/wp\/v2\/users\/14"}],"replies":[{"embeddable":true,"href":"https:\/\/www.oarcanjo.net\/site\/wp-json\/wp\/v2\/comments?post=10713"}],"version-history":[{"count":0,"href":"https:\/\/www.oarcanjo.net\/site\/wp-json\/wp\/v2\/posts\/10713\/revisions"}],"wp:attachment":[{"href":"https:\/\/www.oarcanjo.net\/site\/wp-json\/wp\/v2\/media?parent=10713"}],"wp:term":[{"taxonomy":"category","embeddable":true,"href":"https:\/\/www.oarcanjo.net\/site\/wp-json\/wp\/v2\/categories?post=10713"},{"taxonomy":"post_tag","embeddable":true,"href":"https:\/\/www.oarcanjo.net\/site\/wp-json\/wp\/v2\/tags?post=10713"}],"curies":[{"name":"wp","href":"https:\/\/api.w.org\/{rel}","templated":true}]}}