
{"id":10715,"date":"2017-09-03T00:24:25","date_gmt":"2017-09-03T03:24:25","guid":{"rendered":"http:\/\/www.oarcanjo.net\/site\/?p=10715"},"modified":"2017-07-31T08:27:51","modified_gmt":"2017-07-31T11:27:51","slug":"sao-marino-2","status":"publish","type":"post","link":"https:\/\/www.oarcanjo.net\/site\/sao-marino-2\/","title":{"rendered":"S\u00e3o Marino"},"content":{"rendered":"<p><img loading=\"lazy\" decoding=\"async\" src=\"http:\/\/www.mssanmarino.com\/thumbnails\/San-Marino.jpg\" alt=\"\" width=\"135\" height=\"160\" \/><\/p>\n<p>03 de Setembro<\/p>\n<p>Nas \u00faltimas d\u00e9cadas do s\u00e9culo III, dois crist\u00e3os, Marino e Le\u00e3o, procedentes da ilha de Arbe, na Dalm\u00e1cia, viajaram para Rimini, It\u00e1lia, atra\u00eddos pela oportunidade de trabalhar como escultores, onde evangelizaram a regi\u00e3o e ali morreram. Os dados que temos al\u00e9m desses fazem parte de uma vigorosa tradi\u00e7\u00e3o crist\u00e3.<\/p>\n<p>Ela nos conta que, assim que Marino chegou, procurando pedras para o seu trabalho, descobriu a regi\u00e3o do monte Titano, ficando maravilhado pela impon\u00eancia do monte e beleza do local, tanto assim que sempre que podia voltava para l\u00e1. Al\u00e9m de trabalhar no seu of\u00edcio, desenvolvia a miss\u00e3o de converter a popula\u00e7\u00e3o riminiense ao cristianismo. Devido a essa atividade, certa vez uma senhora pag\u00e3, maldosa e sem car\u00e1ter, querendo impedi-lo de propagar a religi\u00e3o, dizendo ser sua esposa, acusou-o \u00e0s autoridades de professar o cristianismo.<\/p>\n<p>Como era \u00e9poca de persegui\u00e7\u00e3o aos crist\u00e3os imposta pelo imperador Diocleciano, ele foi obrigado a refugiar-se na floresta do monte Titano, a qual conhecia muito bem. Todavia a citada senhora foi atr\u00e1s dele tentando dar cr\u00e9dito \u00e0s suas acusa\u00e7\u00f5es. Marino n\u00e3o encontrou outra maneira de defender-se dela a n\u00e3o ser com suas ora\u00e7\u00f5es e jejum, aguardando por um milagre da Provid\u00eancia divina. E ele chegou. A senhora, vendo sua total entrega \u00e0 vontade de Deus, converteu-se e redimiu-se. Voltou a Rimini, onde se explicou \u00e0s autoridades e \u00e0 popula\u00e7\u00e3o.<\/p>\n<p>A tradi\u00e7\u00e3o narra, tamb\u00e9m, que Marino e Le\u00e3o, para evitar outras experi\u00eancias daquele tipo, retiraram-se para junto de uma pequena comunidade que vivia no alto do monte Titano, estabelecendo a regi\u00e3o como seu definitivo ref\u00fagio. Depois, Le\u00e3o transferiu-se, sozinho, para o vizinho monte Feretrio, atual Montefeltro. Mas o terreno onde ficou Marino era de propriedade de dona Felic\u00edssima, uma das mais influentes matronas da comunidade, cujo filho, Ver\u00edssimo, amante da ca\u00e7a, decidiu fazer de Marino sua presa. Ao ser encontrado, ele se defendeu da viol\u00eancia somente com a for\u00e7a das ora\u00e7\u00f5es ao Senhor; foi escutado imediatamente, pois, quando o jovem tentou atingi-lo, ficou paralisado como uma est\u00e1tua.<\/p>\n<p>Sabendo do fato prodigioso, a m\u00e3e, dona Felic\u00edssima, foi em seu socorro, suplicando a Marino o perd\u00e3o pelo ato t\u00e3o violento do filho Ver\u00edssimo, que, gra\u00e7as ao desespero da m\u00e3e e \u00e0 intercess\u00e3o das ora\u00e7\u00f5es de Marino, voltou \u00e0 normalidade. Depois, converteu todos da fam\u00edlia de dona Felic\u00edssima, que doou a Marino as terras daquela regi\u00e3o do monte Titano. Al\u00e9m disto, pelo seu trabalho de prega\u00e7\u00e3o e a convers\u00e3o de crist\u00e3os, o bispo de Rimini, Gaud\u00eancio, tamb\u00e9m venerado como santo, conferiu a Marino a ordem do diaconato.<\/p>\n<p>Marino morreu no ano 366. Foi sepultado na igreja que ele mesmo havia erguido e dedicado a s\u00e3o Pedro, atualmente dedicada a s\u00e3o Marino. O local tornou-se meta de uma peregrina\u00e7\u00e3o t\u00e3o vigorosa que seu culto foi reconhecido pela Igreja pela devo\u00e7\u00e3o dos fi\u00e9is, sendo festejado no dia 3 de setembro. O mais interessante \u00e9 que da sua atua\u00e7\u00e3o evangelizadora frutificou um pa\u00eds. Assim, na hist\u00f3ria de Igreja, s\u00e3o Marino \u00e9 o \u00fanico santo fundador de um pa\u00eds e padroeiro da rep\u00fablica que leva o seu nome, a pequenina e bela Rep\u00fablica de S\u00e3o Marino.<\/p>\n<div id=\"themify_builder_content-10715\" data-postid=\"10715\" class=\"themify_builder_content themify_builder_content-10715 themify_builder themify_builder_front\">\n\t<\/div>\n<!-- \/themify_builder_content -->","protected":false},"excerpt":{"rendered":"<p>03 de Setembro Nas \u00faltimas d\u00e9cadas do s\u00e9culo III, dois crist\u00e3os, Marino e Le\u00e3o, procedentes da ilha de Arbe, na Dalm\u00e1cia, viajaram para Rimini, It\u00e1lia, atra\u00eddos pela oportunidade de trabalhar como escultores, onde evangelizaram a regi\u00e3o e ali morreram. Os dados que temos al\u00e9m desses fazem parte de uma vigorosa tradi\u00e7\u00e3o crist\u00e3. Ela nos conta [&hellip;]<\/p>\n","protected":false},"author":14,"featured_media":0,"comment_status":"open","ping_status":"open","sticky":false,"template":"","format":"standard","meta":{"ngg_post_thumbnail":0,"footnotes":""},"categories":[186],"tags":[],"yoast_head":"<!-- This site is optimized with the Yoast SEO plugin v23.5 - https:\/\/yoast.com\/wordpress\/plugins\/seo\/ -->\n<title>S\u00e3o Marino - O Arcanjo no ar<\/title>\n<meta name=\"robots\" content=\"index, follow, max-snippet:-1, max-image-preview:large, max-video-preview:-1\" \/>\n<link rel=\"canonical\" href=\"https:\/\/www.oarcanjo.net\/site\/sao-marino-2\/\" \/>\n<meta property=\"og:locale\" content=\"pt_BR\" \/>\n<meta property=\"og:type\" content=\"article\" \/>\n<meta property=\"og:title\" content=\"S\u00e3o Marino - O Arcanjo no ar\" \/>\n<meta property=\"og:description\" content=\"03 de Setembro Nas \u00faltimas d\u00e9cadas do s\u00e9culo III, dois crist\u00e3os, Marino e Le\u00e3o, procedentes da ilha de Arbe, na Dalm\u00e1cia, viajaram para Rimini, It\u00e1lia, atra\u00eddos pela oportunidade de trabalhar como escultores, onde evangelizaram a regi\u00e3o e ali morreram. Os dados que temos al\u00e9m desses fazem parte de uma vigorosa tradi\u00e7\u00e3o crist\u00e3. Ela nos conta [&hellip;]\" \/>\n<meta property=\"og:url\" content=\"https:\/\/www.oarcanjo.net\/site\/sao-marino-2\/\" \/>\n<meta property=\"og:site_name\" content=\"O Arcanjo no ar\" \/>\n<meta property=\"article:publisher\" content=\"https:\/\/www.facebook.com\/OArcanjoNoAr\/\" \/>\n<meta property=\"article:published_time\" content=\"2017-09-03T03:24:25+00:00\" \/>\n<meta property=\"article:modified_time\" content=\"2017-07-31T11:27:51+00:00\" \/>\n<meta property=\"og:image\" content=\"http:\/\/www.mssanmarino.com\/thumbnails\/San-Marino.jpg\" \/>\n<meta name=\"author\" content=\"danilo\" \/>\n<meta name=\"twitter:card\" content=\"summary_large_image\" \/>\n<meta name=\"twitter:label1\" content=\"Escrito por\" \/>\n\t<meta name=\"twitter:data1\" content=\"danilo\" \/>\n\t<meta name=\"twitter:label2\" content=\"Est. tempo de leitura\" \/>\n\t<meta name=\"twitter:data2\" content=\"3 minutos\" \/>\n<script type=\"application\/ld+json\" class=\"yoast-schema-graph\">{\"@context\":\"https:\/\/schema.org\",\"@graph\":[{\"@type\":\"Article\",\"@id\":\"https:\/\/www.oarcanjo.net\/site\/sao-marino-2\/#article\",\"isPartOf\":{\"@id\":\"https:\/\/www.oarcanjo.net\/site\/sao-marino-2\/\"},\"author\":{\"name\":\"danilo\",\"@id\":\"https:\/\/www.oarcanjo.net\/site\/#\/schema\/person\/5eb9480bedd2f3c97e430ce128c29c6c\"},\"headline\":\"S\u00e3o Marino\",\"datePublished\":\"2017-09-03T03:24:25+00:00\",\"dateModified\":\"2017-07-31T11:27:51+00:00\",\"mainEntityOfPage\":{\"@id\":\"https:\/\/www.oarcanjo.net\/site\/sao-marino-2\/\"},\"wordCount\":583,\"commentCount\":0,\"publisher\":{\"@id\":\"https:\/\/www.oarcanjo.net\/site\/#organization\"},\"image\":{\"@id\":\"https:\/\/www.oarcanjo.net\/site\/sao-marino-2\/#primaryimage\"},\"thumbnailUrl\":\"http:\/\/www.mssanmarino.com\/thumbnails\/San-Marino.jpg\",\"articleSection\":[\"Testemunhos\"],\"inLanguage\":\"pt-BR\",\"potentialAction\":[{\"@type\":\"CommentAction\",\"name\":\"Comment\",\"target\":[\"https:\/\/www.oarcanjo.net\/site\/sao-marino-2\/#respond\"]}]},{\"@type\":\"WebPage\",\"@id\":\"https:\/\/www.oarcanjo.net\/site\/sao-marino-2\/\",\"url\":\"https:\/\/www.oarcanjo.net\/site\/sao-marino-2\/\",\"name\":\"S\u00e3o Marino - O Arcanjo no ar\",\"isPartOf\":{\"@id\":\"https:\/\/www.oarcanjo.net\/site\/#website\"},\"primaryImageOfPage\":{\"@id\":\"https:\/\/www.oarcanjo.net\/site\/sao-marino-2\/#primaryimage\"},\"image\":{\"@id\":\"https:\/\/www.oarcanjo.net\/site\/sao-marino-2\/#primaryimage\"},\"thumbnailUrl\":\"http:\/\/www.mssanmarino.com\/thumbnails\/San-Marino.jpg\",\"datePublished\":\"2017-09-03T03:24:25+00:00\",\"dateModified\":\"2017-07-31T11:27:51+00:00\",\"breadcrumb\":{\"@id\":\"https:\/\/www.oarcanjo.net\/site\/sao-marino-2\/#breadcrumb\"},\"inLanguage\":\"pt-BR\",\"potentialAction\":[{\"@type\":\"ReadAction\",\"target\":[\"https:\/\/www.oarcanjo.net\/site\/sao-marino-2\/\"]}]},{\"@type\":\"ImageObject\",\"inLanguage\":\"pt-BR\",\"@id\":\"https:\/\/www.oarcanjo.net\/site\/sao-marino-2\/#primaryimage\",\"url\":\"http:\/\/www.mssanmarino.com\/thumbnails\/San-Marino.jpg\",\"contentUrl\":\"http:\/\/www.mssanmarino.com\/thumbnails\/San-Marino.jpg\"},{\"@type\":\"BreadcrumbList\",\"@id\":\"https:\/\/www.oarcanjo.net\/site\/sao-marino-2\/#breadcrumb\",\"itemListElement\":[{\"@type\":\"ListItem\",\"position\":1,\"name\":\"In\u00edcio\",\"item\":\"https:\/\/www.oarcanjo.net\/site\/\"},{\"@type\":\"ListItem\",\"position\":2,\"name\":\"S\u00e3o Marino\"}]},{\"@type\":\"WebSite\",\"@id\":\"https:\/\/www.oarcanjo.net\/site\/#website\",\"url\":\"https:\/\/www.oarcanjo.net\/site\/\",\"name\":\"O Arcanjo no ar\",\"description\":\"Site da Par\u00f3quia S\u00e3o Miguel Arcanjo (Arquidiocese de SP)\",\"publisher\":{\"@id\":\"https:\/\/www.oarcanjo.net\/site\/#organization\"},\"potentialAction\":[{\"@type\":\"SearchAction\",\"target\":{\"@type\":\"EntryPoint\",\"urlTemplate\":\"https:\/\/www.oarcanjo.net\/site\/?s={search_term_string}\"},\"query-input\":{\"@type\":\"PropertyValueSpecification\",\"valueRequired\":true,\"valueName\":\"search_term_string\"}}],\"inLanguage\":\"pt-BR\"},{\"@type\":\"Organization\",\"@id\":\"https:\/\/www.oarcanjo.net\/site\/#organization\",\"name\":\"Par\u00f3quia S\u00e3o Miguel Arcanjo\",\"url\":\"https:\/\/www.oarcanjo.net\/site\/\",\"logo\":{\"@type\":\"ImageObject\",\"inLanguage\":\"pt-BR\",\"@id\":\"https:\/\/www.oarcanjo.net\/site\/#\/schema\/logo\/image\/\",\"url\":\"https:\/\/www.oarcanjo.net\/site\/wp-content\/uploads\/LogoOArcanjo.png\",\"contentUrl\":\"https:\/\/www.oarcanjo.net\/site\/wp-content\/uploads\/LogoOArcanjo.png\",\"width\":319,\"height\":99,\"caption\":\"Par\u00f3quia S\u00e3o Miguel Arcanjo\"},\"image\":{\"@id\":\"https:\/\/www.oarcanjo.net\/site\/#\/schema\/logo\/image\/\"},\"sameAs\":[\"https:\/\/www.facebook.com\/OArcanjoNoAr\/\"]},{\"@type\":\"Person\",\"@id\":\"https:\/\/www.oarcanjo.net\/site\/#\/schema\/person\/5eb9480bedd2f3c97e430ce128c29c6c\",\"name\":\"danilo\"}]}<\/script>\n<!-- \/ Yoast SEO plugin. -->","yoast_head_json":{"title":"S\u00e3o Marino - O Arcanjo no ar","robots":{"index":"index","follow":"follow","max-snippet":"max-snippet:-1","max-image-preview":"max-image-preview:large","max-video-preview":"max-video-preview:-1"},"canonical":"https:\/\/www.oarcanjo.net\/site\/sao-marino-2\/","og_locale":"pt_BR","og_type":"article","og_title":"S\u00e3o Marino - O Arcanjo no ar","og_description":"03 de Setembro Nas \u00faltimas d\u00e9cadas do s\u00e9culo III, dois crist\u00e3os, Marino e Le\u00e3o, procedentes da ilha de Arbe, na Dalm\u00e1cia, viajaram para Rimini, It\u00e1lia, atra\u00eddos pela oportunidade de trabalhar como escultores, onde evangelizaram a regi\u00e3o e ali morreram. Os dados que temos al\u00e9m desses fazem parte de uma vigorosa tradi\u00e7\u00e3o crist\u00e3. Ela nos conta [&hellip;]","og_url":"https:\/\/www.oarcanjo.net\/site\/sao-marino-2\/","og_site_name":"O Arcanjo no ar","article_publisher":"https:\/\/www.facebook.com\/OArcanjoNoAr\/","article_published_time":"2017-09-03T03:24:25+00:00","article_modified_time":"2017-07-31T11:27:51+00:00","og_image":[{"url":"http:\/\/www.mssanmarino.com\/thumbnails\/San-Marino.jpg"}],"author":"danilo","twitter_card":"summary_large_image","twitter_misc":{"Escrito por":"danilo","Est. tempo de leitura":"3 minutos"},"schema":{"@context":"https:\/\/schema.org","@graph":[{"@type":"Article","@id":"https:\/\/www.oarcanjo.net\/site\/sao-marino-2\/#article","isPartOf":{"@id":"https:\/\/www.oarcanjo.net\/site\/sao-marino-2\/"},"author":{"name":"danilo","@id":"https:\/\/www.oarcanjo.net\/site\/#\/schema\/person\/5eb9480bedd2f3c97e430ce128c29c6c"},"headline":"S\u00e3o Marino","datePublished":"2017-09-03T03:24:25+00:00","dateModified":"2017-07-31T11:27:51+00:00","mainEntityOfPage":{"@id":"https:\/\/www.oarcanjo.net\/site\/sao-marino-2\/"},"wordCount":583,"commentCount":0,"publisher":{"@id":"https:\/\/www.oarcanjo.net\/site\/#organization"},"image":{"@id":"https:\/\/www.oarcanjo.net\/site\/sao-marino-2\/#primaryimage"},"thumbnailUrl":"http:\/\/www.mssanmarino.com\/thumbnails\/San-Marino.jpg","articleSection":["Testemunhos"],"inLanguage":"pt-BR","potentialAction":[{"@type":"CommentAction","name":"Comment","target":["https:\/\/www.oarcanjo.net\/site\/sao-marino-2\/#respond"]}]},{"@type":"WebPage","@id":"https:\/\/www.oarcanjo.net\/site\/sao-marino-2\/","url":"https:\/\/www.oarcanjo.net\/site\/sao-marino-2\/","name":"S\u00e3o Marino - O Arcanjo no ar","isPartOf":{"@id":"https:\/\/www.oarcanjo.net\/site\/#website"},"primaryImageOfPage":{"@id":"https:\/\/www.oarcanjo.net\/site\/sao-marino-2\/#primaryimage"},"image":{"@id":"https:\/\/www.oarcanjo.net\/site\/sao-marino-2\/#primaryimage"},"thumbnailUrl":"http:\/\/www.mssanmarino.com\/thumbnails\/San-Marino.jpg","datePublished":"2017-09-03T03:24:25+00:00","dateModified":"2017-07-31T11:27:51+00:00","breadcrumb":{"@id":"https:\/\/www.oarcanjo.net\/site\/sao-marino-2\/#breadcrumb"},"inLanguage":"pt-BR","potentialAction":[{"@type":"ReadAction","target":["https:\/\/www.oarcanjo.net\/site\/sao-marino-2\/"]}]},{"@type":"ImageObject","inLanguage":"pt-BR","@id":"https:\/\/www.oarcanjo.net\/site\/sao-marino-2\/#primaryimage","url":"http:\/\/www.mssanmarino.com\/thumbnails\/San-Marino.jpg","contentUrl":"http:\/\/www.mssanmarino.com\/thumbnails\/San-Marino.jpg"},{"@type":"BreadcrumbList","@id":"https:\/\/www.oarcanjo.net\/site\/sao-marino-2\/#breadcrumb","itemListElement":[{"@type":"ListItem","position":1,"name":"In\u00edcio","item":"https:\/\/www.oarcanjo.net\/site\/"},{"@type":"ListItem","position":2,"name":"S\u00e3o Marino"}]},{"@type":"WebSite","@id":"https:\/\/www.oarcanjo.net\/site\/#website","url":"https:\/\/www.oarcanjo.net\/site\/","name":"O Arcanjo no ar","description":"Site da Par\u00f3quia S\u00e3o Miguel Arcanjo (Arquidiocese de SP)","publisher":{"@id":"https:\/\/www.oarcanjo.net\/site\/#organization"},"potentialAction":[{"@type":"SearchAction","target":{"@type":"EntryPoint","urlTemplate":"https:\/\/www.oarcanjo.net\/site\/?s={search_term_string}"},"query-input":{"@type":"PropertyValueSpecification","valueRequired":true,"valueName":"search_term_string"}}],"inLanguage":"pt-BR"},{"@type":"Organization","@id":"https:\/\/www.oarcanjo.net\/site\/#organization","name":"Par\u00f3quia S\u00e3o Miguel Arcanjo","url":"https:\/\/www.oarcanjo.net\/site\/","logo":{"@type":"ImageObject","inLanguage":"pt-BR","@id":"https:\/\/www.oarcanjo.net\/site\/#\/schema\/logo\/image\/","url":"https:\/\/www.oarcanjo.net\/site\/wp-content\/uploads\/LogoOArcanjo.png","contentUrl":"https:\/\/www.oarcanjo.net\/site\/wp-content\/uploads\/LogoOArcanjo.png","width":319,"height":99,"caption":"Par\u00f3quia S\u00e3o Miguel Arcanjo"},"image":{"@id":"https:\/\/www.oarcanjo.net\/site\/#\/schema\/logo\/image\/"},"sameAs":["https:\/\/www.facebook.com\/OArcanjoNoAr\/"]},{"@type":"Person","@id":"https:\/\/www.oarcanjo.net\/site\/#\/schema\/person\/5eb9480bedd2f3c97e430ce128c29c6c","name":"danilo"}]}},"publishpress_future_action":{"enabled":false,"date":"2026-05-09 02:30:07","action":"category","newStatus":"draft","terms":[],"taxonomy":"category"},"publishpress_future_workflow_manual_trigger":{"enabledWorkflows":[]},"_links":{"self":[{"href":"https:\/\/www.oarcanjo.net\/site\/wp-json\/wp\/v2\/posts\/10715"}],"collection":[{"href":"https:\/\/www.oarcanjo.net\/site\/wp-json\/wp\/v2\/posts"}],"about":[{"href":"https:\/\/www.oarcanjo.net\/site\/wp-json\/wp\/v2\/types\/post"}],"author":[{"embeddable":true,"href":"https:\/\/www.oarcanjo.net\/site\/wp-json\/wp\/v2\/users\/14"}],"replies":[{"embeddable":true,"href":"https:\/\/www.oarcanjo.net\/site\/wp-json\/wp\/v2\/comments?post=10715"}],"version-history":[{"count":0,"href":"https:\/\/www.oarcanjo.net\/site\/wp-json\/wp\/v2\/posts\/10715\/revisions"}],"wp:attachment":[{"href":"https:\/\/www.oarcanjo.net\/site\/wp-json\/wp\/v2\/media?parent=10715"}],"wp:term":[{"taxonomy":"category","embeddable":true,"href":"https:\/\/www.oarcanjo.net\/site\/wp-json\/wp\/v2\/categories?post=10715"},{"taxonomy":"post_tag","embeddable":true,"href":"https:\/\/www.oarcanjo.net\/site\/wp-json\/wp\/v2\/tags?post=10715"}],"curies":[{"name":"wp","href":"https:\/\/api.w.org\/{rel}","templated":true}]}}