
{"id":10717,"date":"2017-09-03T00:28:05","date_gmt":"2017-09-03T03:28:05","guid":{"rendered":"http:\/\/www.oarcanjo.net\/site\/?p=10717"},"modified":"2017-07-31T08:27:56","modified_gmt":"2017-07-31T11:27:56","slug":"sao-gregorio-magno","status":"publish","type":"post","link":"https:\/\/www.oarcanjo.net\/site\/sao-gregorio-magno\/","title":{"rendered":"S\u00e3o Greg\u00f3rio Magno"},"content":{"rendered":"<p><img loading=\"lazy\" decoding=\"async\" src=\"http:\/\/2.bp.blogspot.com\/_VsL8VkjSZWw\/Sp82ptaqoFI\/AAAAAAAABo0\/DU6D6eC6Qpk\/s400\/San_Gregorio_I_detto_Magno_B.jpg\" alt=\"\" width=\"400\" height=\"314\" \/><\/p>\n<p>03 de Setembro<\/p>\n<p>Pedro foi &#8220;a pedra&#8221; sobre a qual o cristianismo se edificou. Mas para isso foi usada uma argamassa feita da dedica\u00e7\u00e3o e da f\u00e9 de muitos crist\u00e3os que o sucederam. Assim, a Igreja Cat\u00f3lica se fez grande devido aos grandes papas que teve, dentre os quais temos o papa Greg\u00f3rio, chamado &#8220;o Magno&#8221;, ou seja, o maior de todos, em sabedoria, intelig\u00eancia e caridade<\/p>\n<p>Greg\u00f3rio \u00e9 certamente uma das mais not\u00e1veis figuras da hist\u00f3ria eclesi\u00e1stica. Exerceu em v\u00e1rios aspectos uma significativa influ\u00eancia na doutrina, organiza\u00e7\u00e3o e disciplina da Igreja Cat\u00f3lica.<\/p>\n<p>\u201cA ele devemos olhar, para a explica\u00e7\u00e3o da situa\u00e7\u00e3o religiosa da Idade M\u00e9dia; com efeito, n\u00e3o se levando em conta seu trabalho, a evolu\u00e7\u00e3o da forma da Cristandade medieval seria quase inexplic\u00e1vel.<\/p>\n<p>\u201cTanto quanto o moderno sistema cat\u00f3lico \u00e9 um leg\u00edtimo desenvolvimento do catolicismo medieval, n\u00e3o sem raz\u00e3o Greg\u00f3rio deve tamb\u00e9m ser chamado seu pai. Quase todos os princ\u00edpios diretivos do subseq\u00fcente Catolicismo s\u00e3o encontrados, pelo menos em g\u00e9rmen, em Greg\u00f3rio Magno\u201d.(1)<\/p>\n<blockquote><p>Ele \u201cmerece o glorioso t\u00edtulo de Magno por todas as raz\u00f5es que podem elevar um homem acima de seus semelhantes: porque foi magno em nobreza e por todas as qualidades que v\u00eam do nascimento e dos ancestrais; magno nos privil\u00e9gios da gra\u00e7a com que o C\u00e9u o cumulou; magno nas maravilhas que Deus operou por seu interm\u00e9dio; e magno pelas dignidades de Cardeal, de Legado, de Papa, para as quais a divina Provid\u00eancia e seus m\u00e9ritos o elevaram\u201d.<\/p><\/blockquote>\n<p>Esmerada e virtuosa educa\u00e7\u00e3o<\/p>\n<p>Greg\u00f3rio nasceu em Roma no ano 540. Seu pai, Gordiano, era senador. Muito rico, ap\u00f3s o nascimento do filho consagrou-se inteiramente a Deus no servi\u00e7o dos pobres. Sua m\u00e3e, S\u00edlvia, n\u00e3o era menos ilustre nem menos virtuosa, e passou os \u00faltimos anos de sua vida em contempla\u00e7\u00e3o num pequeno orat\u00f3rio para onde se retirou.<\/p>\n<p>Al\u00e9m de sua m\u00e3e, duas de suas tias, Tarsila e Em\u00edlia, foram tamb\u00e9m elevadas \u00e0 honra dos altares. Assim, seu primeiro bi\u00f3grafo, Jo\u00e3o, o Di\u00e1cono, fala de sua educa\u00e7\u00e3o como sendo a de um santo entre santas.(3)<\/p>\n<p>Dotado de excepcional intelig\u00eancia e brilhante mem\u00f3ria, Greg\u00f3rio aprendeu com facilidade as letras divinas e humanas. \u00c9 bem prov\u00e1vel que tenha tamb\u00e9m estudado Direito. S\u00e3o Greg\u00f3rio de Tours, que nos deixou algumas impress\u00f5es sobre ele, diz que em gram\u00e1tica, ret\u00f3rica e dial\u00e9tica ele era t\u00e3o h\u00e1bil que, segundo voz corrente, n\u00e3o tinha igual em toda Roma. Diz tamb\u00e9m que ele se entregou a Deus desde sua juventude.<\/p>\n<p><a href=\"http:\/\/1.bp.blogspot.com\/_L-aIG-7AW7I\/ScwlNBBKa9I\/AAAAAAAAEPg\/SxAp5p-BhyQ\/s1600-h\/Sao+Gregorio+Magno,+vitral.jpg\"><img decoding=\"async\" src=\"http:\/\/1.bp.blogspot.com\/_L-aIG-7AW7I\/ScwlNBBKa9I\/AAAAAAAAEPg\/SxAp5p-BhyQ\/s400\/Sao+Gregorio+Magno,+vitral.jpg\" border=\"0\" alt=\"S\u00e3o Greg\u00f3rio Magno, Papa\" \/><\/a>Enquanto seu pai foi vivo, Greg\u00f3rio tomou parte na vida do Estado e chegou a ser prefeito de Roma. Com a morte daquele, resolveu retirar-se do mundo e consagrar-se a Deus. Isso deu-se provavelmente em 574.<\/p>\n<p>Com sua grande fortuna, fundou seis mosteiros na Sic\u00edlia, al\u00e9m de um em Roma, em seu pal\u00e1cio, com o nome de Santo Andr\u00e9. Nele tomou o h\u00e1bito religioso. Sua caridade para com os pobres era t\u00e3o grande, que foi premiada com v\u00e1rios milagres.<\/p>\n<p>Em 577 o papa Bento I o nomeou cardeal-di\u00e1cono ou regional. Os que estavam revestidos dessa dignidade, sete ao todo, presidiam \u00e0s sete regi\u00f5es principais de Roma para atender \u00e0s suas necessidades.<\/p>\n<p>Mais tarde o Papa Pel\u00e1gio II enviou-o a Constantinopla, como legado e embaixador junto ao imperador Tib\u00e9rio. Sua miss\u00e3o principal consistia em mover o imperador a p\u00f4r ordem na It\u00e1lia.<\/p>\n<p>Depois de seis anos de vida diplom\u00e1tica nessa cidade, Greg\u00f3rio foi chamado a Roma, provavelmente em 585, sendo ent\u00e3o eleito abade de Santo Andr\u00e9. O mosteiro ficou famoso com seu en\u00e9rgico abade, podendo-se ler muita coisa edificante dele em seus Di\u00e1logos. Dedicava-se muito \u00e0 forma\u00e7\u00e3o de seus monges, e explicou-lhes v\u00e1rios livros das Sagradas Escrituras, como o Pentateuco, o Livro dos Reis, os Profetas, o Livro dos Prov\u00e9rbios e o C\u00e2ntico dos C\u00e2nticos.<\/p>\n<p>Interven\u00e7\u00e3o divina elimina a peste<\/p>\n<p>No ano de 590, terr\u00edveis inunda\u00e7\u00f5es seguidas de peste assolaram a Cidade Eterna, privando a Igreja de seu chefe, o Papa Pel\u00e1gio. O clero, o povo e o Senado de Roma escolheram unanimemente para o Pontificado o di\u00e1cono Greg\u00f3rio. Ele n\u00e3o queria aceitar, mas por fim acedeu, desde que a indica\u00e7\u00e3o fosse ratificada pelo imperador.<\/p>\n<p>Ao mesmo tempo escreveu a este, que era muito amigo seu, implorando que n\u00e3o ratificasse a escolha. Mas seu irm\u00e3o, ent\u00e3o prefeito de Roma, interceptou a carta e enviou ao imperador outra, enaltecendo as qualidades de Greg\u00f3rio e pedindo a confirma\u00e7\u00e3o no cargo.<\/p>\n<p>Enquanto n\u00e3o vinha a resposta, Greg\u00f3rio assumiu interinamente o posto, devido ao estado de calamidade em que Roma se encontrava. Para fazer cessar o flagelo da peste, convocou prociss\u00f5es rogat\u00f3rias gerais, durante tr\u00eas dias, com a presen\u00e7a de todos, inclusive a dos abades dos mosteiros da Cidade Eterna com seus religiosos, e das abadessas com suas religiosas.<\/p>\n<p>Greg\u00f3rio portou nessa prociss\u00e3o um antigo quadro da Virgem, cuja autoria \u00e9 atribu\u00edda a S\u00e3o Lucas. Segundo a tradi\u00e7\u00e3o, por onde passava o quadro, o ar corrompido cedia lugar ao s\u00e3o.<\/p>\n<p>Quando ele chegou nas proximidades do mausol\u00e9u de Adriano, de acordo com a mesma tradi\u00e7\u00e3o, ouviram-se coros ang\u00e9licos que cantavam: \u201cRainha dos C\u00e9us, alegrai-vos, aleluia; porque Aquele que merecestes portar, aleluia; ressuscitou como disse, aleluia\u201d.<\/p>\n<p>O povo ajoelhou-se, cheio de devo\u00e7\u00e3o e alegria, e Greg\u00f3rio cantou: \u201cRogai por n\u00f3s a Deus, aleluia\u201d. No mesmo instante ele viu um anjo que embainhava a espada, para significar que o flagelo cessara. A partir de ent\u00e3o o mausol\u00e9u de Adriano passou a ser conhecido como Santo \u00c2ngelo.<\/p>\n<p>Quando chegou a resposta do imperador confirmando Greg\u00f3rio no cargo, este quis fugir, mas \u00e0 for\u00e7a foi ordenado sacerdote e coroado Sumo Pont\u00edfice.<\/p>\n<p><a href=\"http:\/\/1.bp.blogspot.com\/_L-aIG-7AW7I\/ScwpxunsMdI\/AAAAAAAAEPo\/1OYxkOFPt9o\/s1600-h\/Sao+Gregorio+Magno,+Petites+Heures+de+Jean+de+Berry.jpg\"><img decoding=\"async\" src=\"http:\/\/1.bp.blogspot.com\/_L-aIG-7AW7I\/ScwpxunsMdI\/AAAAAAAAEPo\/1OYxkOFPt9o\/s400\/Sao+Gregorio+Magno,+Petites+Heures+de+Jean+de+Berry.jpg\" border=\"0\" alt=\"Sao Greg\u00f3rio Magno, Petites Heures de Jean de Berry\" \/><\/a>Capit\u00e3o, rei, pont\u00edfice, pai do povo<\/p>\n<p>Triste situa\u00e7\u00e3o se apresentava ao novo Papa. A Igreja estava em deplor\u00e1vel estado, necessitando de m\u00e3o firme que a reformasse. Na \u00c1frica, imperava a heresia donatista; na Espanha, a ariana; na Inglaterra, a idolatria; e na G\u00e1lia, a simonia, os crimes de Fredegunda e os erros de Brunilda, rainha da Austr\u00e1sia, na G\u00e1lia.<\/p>\n<p>Na It\u00e1lia, os lombardos, que eram arianos e rivais do poder imperial, faziam devasta\u00e7\u00f5es. No Oriente, havia a arrog\u00e2ncia dos patriarcas de Constantinopla e a m\u00e1 vontade dos imperadores bizantinos que, n\u00e3o podendo defender nem governar a It\u00e1lia, ficavam enciumados por ver que os Papas cumpriam esse papel. Enfim, em todas as fronteiras do Imp\u00e9rio Romano, ondas de b\u00e1rbaros amea\u00e7avam acabar com o que restava de p\u00e9 nesse mundo em transi\u00e7\u00e3o.<\/p>\n<p>O novo Papa \u201clutava contra a peste, contra os tremores de terra, contra os b\u00e1rbaros her\u00e9ticos e contra os b\u00e1rbaros id\u00f3latras, contra o paganismo morto e infecto mas insepulto, contra seu pr\u00f3prio corpo, consumido pelas enfermidades; e se p\u00f4de dizer que a alma de Greg\u00f3rio era a \u00fanica inteiramente s\u00e3 que existia em toda a humanidade\u201d.(4)<\/p>\n<p>Assim, com uma habilidade e energia raras ele se multiplicava, tornando-se capit\u00e3o, rei, pont\u00edfice, pai dos romanos. Arregimentou tropas e pagou seu soldo, forneceu aos b\u00e1rbaros as contribui\u00e7\u00f5es que exigiam para n\u00e3o invadir Roma; alimentou e consolou o povo. Obteve do rei dos lombardos uma tr\u00e9gua para Roma e seu territ\u00f3rio.<\/p>\n<p>Com a ajuda de Teodolinda, rainha dos lombardos, que era crist\u00e3 e amiga fiel do Papa, conseguiu a convers\u00e3o de toda a na\u00e7\u00e3o lombarda do arianismo para a f\u00e9 cat\u00f3lica. Livrou depois o territ\u00f3rio pontif\u00edcio de todos os tiranetes que tinham surgido em meio \u00e0 anarquia, dando in\u00edcio ao poder temporal dos Papas.<\/p>\n<p>Em 592 o imperador bizantino, por um edito, proibiu seus soldados de abra\u00e7ar a vida mon\u00e1stica. Imediatamente S\u00e3o Greg\u00f3rio escreveu-lhe mostrando que, com isso, ele feria as leis de Deus e o direito de consci\u00eancia dos soldados. E lembrou ao imperador Maur\u00edcio as contas terr\u00edveis que ele teria que prestar a Deus por essa decis\u00e3o, no dia de seu ju\u00edzo particular.<\/p>\n<p>O grande Papa comunicou a seu embaixador em Constantinopla: \u201cSei tolerar por muito tempo, mas, uma vez que resolva resistir, lan\u00e7o-me com alegria em todos os perigos. Antes morrer que ver a Igreja do Ap\u00f3stolo S\u00e3o Pedro degenerar em minhas m\u00e3os\u201d.<\/p>\n<p>Por sua humildade, Greg\u00f3rio foi o primeiro Papa que se chamou \u201cservo dos servos de Deus\u201d. Em sua boca, essa declara\u00e7\u00e3o n\u00e3o era mera figura de ret\u00f3rica.<\/p>\n<p>Consolida a liturgia, codifica o canto sagrado<\/p>\n<p>Greg\u00f3rio foi prof\u00edcuo em seus escritos, tendo todos eles alcan\u00e7ado grande repercuss\u00e3o. Da\u00ed o t\u00edtulo que merecidamente recebeu de Doutor da Igreja. Em seu Livro da Regra Pastoral, por exemplo, uma de suas obras que mais influ\u00edram na Idade M\u00e9dia, fornece ao clero uma norma de vida.<\/p>\n<p>J\u00e1 em suas Homilias, dirige-se ao povo com uma simplicidade comovedora. Sua palavra \u00e9 t\u00e3o eminentemente comunicativa, t\u00e3o viva, t\u00e3o apropriada, que a multid\u00e3o a escuta religiosamente, \u00e0s vezes com l\u00e1grimas, outras com aplausos.<\/p>\n<p><a href=\"http:\/\/2.bp.blogspot.com\/_L-aIG-7AW7I\/ScwrJlitO0I\/AAAAAAAAEPw\/hZNFO7UHAx8\/s1600-h\/Sao+Gregorio+Magno,+tumulo+em+Sao+Pedro,+Vaticano.jpg\"><img decoding=\"async\" src=\"http:\/\/2.bp.blogspot.com\/_L-aIG-7AW7I\/ScwrJlitO0I\/AAAAAAAAEPw\/hZNFO7UHAx8\/s400\/Sao+Gregorio+Magno,+tumulo+em+Sao+Pedro,+Vaticano.jpg\" border=\"0\" alt=\"S\u00e3o Greg\u00f3rio Magno, t\u00famulo em S\u00e3o Pedro, Vaticano\" \/><\/a>De valor mais transcendental foram sua consolida\u00e7\u00e3o lit\u00fargica e a codifica\u00e7\u00e3o do canto eclesi\u00e1stico (at\u00e9 hoje o canto-ch\u00e3o leva o seu nome, gregoriano). A ele se deve, por exemplo, o costume de cantar o Kyrie eleison na Missa, a introdu\u00e7\u00e3o do Pai Nosso antes da fra\u00e7\u00e3o da h\u00f3stia, e dos aleluias nos of\u00edcios divinos, mesmo fora do tempo pascal. Teve muito empenho em realizar as cerim\u00f4nias de culto com muita pompa exterior, para instru\u00e7\u00e3o e edifica\u00e7\u00e3o do povo.(5) Do ponto de vista da liturgia, foi um digno predecessor do Papa S\u00e3o Pio V.<\/p>\n<p>S\u00e3o Greg\u00f3rio Magno teve grande empenho na convers\u00e3o dos ingleses, de modo a merecer o t\u00edtulo de Ap\u00f3stolo da Inglaterra.<\/p>\n<p>O Pont\u00edfice, mesmo antes de ser eleito Papa, havia passado por diversas crises de sa\u00fade \u2013 gota e intestinos \u2013 que duraram meses inteiros.<\/p>\n<p>J\u00e1 no fim de sua vida, escreveu: \u201cH\u00e1 quase dois anos estou na cama, com grandes dores de gota, de modo que apenas nos dias de festa posso me levantar para celebrar. E logo, com a for\u00e7a da dor, me volto a deitar. [&#8230;] Assim, morrendo cada dia, nunca acabo de morrer, e n\u00e3o \u00e9 maravilha que eu, sendo t\u00e3o grande pecador, Deus me mantenha tanto tempo neste c\u00e1rcere\u201d. O grande Papa faleceu no dia 12 de mar\u00e7o de 604, aos 60 anos de idade.<\/p>\n<div id=\"themify_builder_content-10717\" data-postid=\"10717\" class=\"themify_builder_content themify_builder_content-10717 themify_builder themify_builder_front\">\n\t<\/div>\n<!-- \/themify_builder_content -->","protected":false},"excerpt":{"rendered":"<p>03 de Setembro Pedro foi &#8220;a pedra&#8221; sobre a qual o cristianismo se edificou. Mas para isso foi usada uma argamassa feita da dedica\u00e7\u00e3o e da f\u00e9 de muitos crist\u00e3os que o sucederam. Assim, a Igreja Cat\u00f3lica se fez grande devido aos grandes papas que teve, dentre os quais temos o papa Greg\u00f3rio, chamado &#8220;o [&hellip;]<\/p>\n","protected":false},"author":14,"featured_media":0,"comment_status":"open","ping_status":"open","sticky":false,"template":"","format":"standard","meta":{"ngg_post_thumbnail":0,"footnotes":""},"categories":[186],"tags":[],"yoast_head":"<!-- This site is optimized with the Yoast SEO plugin v23.5 - https:\/\/yoast.com\/wordpress\/plugins\/seo\/ -->\n<title>S\u00e3o Greg\u00f3rio Magno - O Arcanjo no ar<\/title>\n<meta name=\"robots\" content=\"index, follow, max-snippet:-1, max-image-preview:large, max-video-preview:-1\" \/>\n<link rel=\"canonical\" href=\"https:\/\/www.oarcanjo.net\/site\/sao-gregorio-magno\/\" \/>\n<meta property=\"og:locale\" content=\"pt_BR\" \/>\n<meta property=\"og:type\" content=\"article\" \/>\n<meta property=\"og:title\" content=\"S\u00e3o Greg\u00f3rio Magno - O Arcanjo no ar\" \/>\n<meta property=\"og:description\" content=\"03 de Setembro Pedro foi &#8220;a pedra&#8221; sobre a qual o cristianismo se edificou. Mas para isso foi usada uma argamassa feita da dedica\u00e7\u00e3o e da f\u00e9 de muitos crist\u00e3os que o sucederam. Assim, a Igreja Cat\u00f3lica se fez grande devido aos grandes papas que teve, dentre os quais temos o papa Greg\u00f3rio, chamado &#8220;o [&hellip;]\" \/>\n<meta property=\"og:url\" content=\"https:\/\/www.oarcanjo.net\/site\/sao-gregorio-magno\/\" \/>\n<meta property=\"og:site_name\" content=\"O Arcanjo no ar\" \/>\n<meta property=\"article:publisher\" content=\"https:\/\/www.facebook.com\/OArcanjoNoAr\/\" \/>\n<meta property=\"article:published_time\" content=\"2017-09-03T03:28:05+00:00\" \/>\n<meta property=\"article:modified_time\" content=\"2017-07-31T11:27:56+00:00\" \/>\n<meta property=\"og:image\" content=\"http:\/\/2.bp.blogspot.com\/_VsL8VkjSZWw\/Sp82ptaqoFI\/AAAAAAAABo0\/DU6D6eC6Qpk\/s400\/San_Gregorio_I_detto_Magno_B.jpg\" \/>\n<meta name=\"author\" content=\"danilo\" \/>\n<meta name=\"twitter:card\" content=\"summary_large_image\" \/>\n<meta name=\"twitter:label1\" content=\"Escrito por\" \/>\n\t<meta name=\"twitter:data1\" content=\"danilo\" \/>\n\t<meta name=\"twitter:label2\" content=\"Est. tempo de leitura\" \/>\n\t<meta name=\"twitter:data2\" content=\"9 minutos\" \/>\n<script type=\"application\/ld+json\" class=\"yoast-schema-graph\">{\"@context\":\"https:\/\/schema.org\",\"@graph\":[{\"@type\":\"Article\",\"@id\":\"https:\/\/www.oarcanjo.net\/site\/sao-gregorio-magno\/#article\",\"isPartOf\":{\"@id\":\"https:\/\/www.oarcanjo.net\/site\/sao-gregorio-magno\/\"},\"author\":{\"name\":\"danilo\",\"@id\":\"https:\/\/www.oarcanjo.net\/site\/#\/schema\/person\/5eb9480bedd2f3c97e430ce128c29c6c\"},\"headline\":\"S\u00e3o Greg\u00f3rio Magno\",\"datePublished\":\"2017-09-03T03:28:05+00:00\",\"dateModified\":\"2017-07-31T11:27:56+00:00\",\"mainEntityOfPage\":{\"@id\":\"https:\/\/www.oarcanjo.net\/site\/sao-gregorio-magno\/\"},\"wordCount\":1851,\"commentCount\":0,\"publisher\":{\"@id\":\"https:\/\/www.oarcanjo.net\/site\/#organization\"},\"image\":{\"@id\":\"https:\/\/www.oarcanjo.net\/site\/sao-gregorio-magno\/#primaryimage\"},\"thumbnailUrl\":\"http:\/\/2.bp.blogspot.com\/_VsL8VkjSZWw\/Sp82ptaqoFI\/AAAAAAAABo0\/DU6D6eC6Qpk\/s400\/San_Gregorio_I_detto_Magno_B.jpg\",\"articleSection\":[\"Testemunhos\"],\"inLanguage\":\"pt-BR\",\"potentialAction\":[{\"@type\":\"CommentAction\",\"name\":\"Comment\",\"target\":[\"https:\/\/www.oarcanjo.net\/site\/sao-gregorio-magno\/#respond\"]}]},{\"@type\":\"WebPage\",\"@id\":\"https:\/\/www.oarcanjo.net\/site\/sao-gregorio-magno\/\",\"url\":\"https:\/\/www.oarcanjo.net\/site\/sao-gregorio-magno\/\",\"name\":\"S\u00e3o Greg\u00f3rio Magno - O Arcanjo no ar\",\"isPartOf\":{\"@id\":\"https:\/\/www.oarcanjo.net\/site\/#website\"},\"primaryImageOfPage\":{\"@id\":\"https:\/\/www.oarcanjo.net\/site\/sao-gregorio-magno\/#primaryimage\"},\"image\":{\"@id\":\"https:\/\/www.oarcanjo.net\/site\/sao-gregorio-magno\/#primaryimage\"},\"thumbnailUrl\":\"http:\/\/2.bp.blogspot.com\/_VsL8VkjSZWw\/Sp82ptaqoFI\/AAAAAAAABo0\/DU6D6eC6Qpk\/s400\/San_Gregorio_I_detto_Magno_B.jpg\",\"datePublished\":\"2017-09-03T03:28:05+00:00\",\"dateModified\":\"2017-07-31T11:27:56+00:00\",\"breadcrumb\":{\"@id\":\"https:\/\/www.oarcanjo.net\/site\/sao-gregorio-magno\/#breadcrumb\"},\"inLanguage\":\"pt-BR\",\"potentialAction\":[{\"@type\":\"ReadAction\",\"target\":[\"https:\/\/www.oarcanjo.net\/site\/sao-gregorio-magno\/\"]}]},{\"@type\":\"ImageObject\",\"inLanguage\":\"pt-BR\",\"@id\":\"https:\/\/www.oarcanjo.net\/site\/sao-gregorio-magno\/#primaryimage\",\"url\":\"http:\/\/2.bp.blogspot.com\/_VsL8VkjSZWw\/Sp82ptaqoFI\/AAAAAAAABo0\/DU6D6eC6Qpk\/s400\/San_Gregorio_I_detto_Magno_B.jpg\",\"contentUrl\":\"http:\/\/2.bp.blogspot.com\/_VsL8VkjSZWw\/Sp82ptaqoFI\/AAAAAAAABo0\/DU6D6eC6Qpk\/s400\/San_Gregorio_I_detto_Magno_B.jpg\"},{\"@type\":\"BreadcrumbList\",\"@id\":\"https:\/\/www.oarcanjo.net\/site\/sao-gregorio-magno\/#breadcrumb\",\"itemListElement\":[{\"@type\":\"ListItem\",\"position\":1,\"name\":\"In\u00edcio\",\"item\":\"https:\/\/www.oarcanjo.net\/site\/\"},{\"@type\":\"ListItem\",\"position\":2,\"name\":\"S\u00e3o Greg\u00f3rio Magno\"}]},{\"@type\":\"WebSite\",\"@id\":\"https:\/\/www.oarcanjo.net\/site\/#website\",\"url\":\"https:\/\/www.oarcanjo.net\/site\/\",\"name\":\"O Arcanjo no ar\",\"description\":\"Site da Par\u00f3quia S\u00e3o Miguel Arcanjo (Arquidiocese de SP)\",\"publisher\":{\"@id\":\"https:\/\/www.oarcanjo.net\/site\/#organization\"},\"potentialAction\":[{\"@type\":\"SearchAction\",\"target\":{\"@type\":\"EntryPoint\",\"urlTemplate\":\"https:\/\/www.oarcanjo.net\/site\/?s={search_term_string}\"},\"query-input\":{\"@type\":\"PropertyValueSpecification\",\"valueRequired\":true,\"valueName\":\"search_term_string\"}}],\"inLanguage\":\"pt-BR\"},{\"@type\":\"Organization\",\"@id\":\"https:\/\/www.oarcanjo.net\/site\/#organization\",\"name\":\"Par\u00f3quia S\u00e3o Miguel Arcanjo\",\"url\":\"https:\/\/www.oarcanjo.net\/site\/\",\"logo\":{\"@type\":\"ImageObject\",\"inLanguage\":\"pt-BR\",\"@id\":\"https:\/\/www.oarcanjo.net\/site\/#\/schema\/logo\/image\/\",\"url\":\"https:\/\/www.oarcanjo.net\/site\/wp-content\/uploads\/LogoOArcanjo.png\",\"contentUrl\":\"https:\/\/www.oarcanjo.net\/site\/wp-content\/uploads\/LogoOArcanjo.png\",\"width\":319,\"height\":99,\"caption\":\"Par\u00f3quia S\u00e3o Miguel Arcanjo\"},\"image\":{\"@id\":\"https:\/\/www.oarcanjo.net\/site\/#\/schema\/logo\/image\/\"},\"sameAs\":[\"https:\/\/www.facebook.com\/OArcanjoNoAr\/\"]},{\"@type\":\"Person\",\"@id\":\"https:\/\/www.oarcanjo.net\/site\/#\/schema\/person\/5eb9480bedd2f3c97e430ce128c29c6c\",\"name\":\"danilo\"}]}<\/script>\n<!-- \/ Yoast SEO plugin. -->","yoast_head_json":{"title":"S\u00e3o Greg\u00f3rio Magno - O Arcanjo no ar","robots":{"index":"index","follow":"follow","max-snippet":"max-snippet:-1","max-image-preview":"max-image-preview:large","max-video-preview":"max-video-preview:-1"},"canonical":"https:\/\/www.oarcanjo.net\/site\/sao-gregorio-magno\/","og_locale":"pt_BR","og_type":"article","og_title":"S\u00e3o Greg\u00f3rio Magno - O Arcanjo no ar","og_description":"03 de Setembro Pedro foi &#8220;a pedra&#8221; sobre a qual o cristianismo se edificou. Mas para isso foi usada uma argamassa feita da dedica\u00e7\u00e3o e da f\u00e9 de muitos crist\u00e3os que o sucederam. Assim, a Igreja Cat\u00f3lica se fez grande devido aos grandes papas que teve, dentre os quais temos o papa Greg\u00f3rio, chamado &#8220;o [&hellip;]","og_url":"https:\/\/www.oarcanjo.net\/site\/sao-gregorio-magno\/","og_site_name":"O Arcanjo no ar","article_publisher":"https:\/\/www.facebook.com\/OArcanjoNoAr\/","article_published_time":"2017-09-03T03:28:05+00:00","article_modified_time":"2017-07-31T11:27:56+00:00","og_image":[{"url":"http:\/\/2.bp.blogspot.com\/_VsL8VkjSZWw\/Sp82ptaqoFI\/AAAAAAAABo0\/DU6D6eC6Qpk\/s400\/San_Gregorio_I_detto_Magno_B.jpg"}],"author":"danilo","twitter_card":"summary_large_image","twitter_misc":{"Escrito por":"danilo","Est. tempo de leitura":"9 minutos"},"schema":{"@context":"https:\/\/schema.org","@graph":[{"@type":"Article","@id":"https:\/\/www.oarcanjo.net\/site\/sao-gregorio-magno\/#article","isPartOf":{"@id":"https:\/\/www.oarcanjo.net\/site\/sao-gregorio-magno\/"},"author":{"name":"danilo","@id":"https:\/\/www.oarcanjo.net\/site\/#\/schema\/person\/5eb9480bedd2f3c97e430ce128c29c6c"},"headline":"S\u00e3o Greg\u00f3rio Magno","datePublished":"2017-09-03T03:28:05+00:00","dateModified":"2017-07-31T11:27:56+00:00","mainEntityOfPage":{"@id":"https:\/\/www.oarcanjo.net\/site\/sao-gregorio-magno\/"},"wordCount":1851,"commentCount":0,"publisher":{"@id":"https:\/\/www.oarcanjo.net\/site\/#organization"},"image":{"@id":"https:\/\/www.oarcanjo.net\/site\/sao-gregorio-magno\/#primaryimage"},"thumbnailUrl":"http:\/\/2.bp.blogspot.com\/_VsL8VkjSZWw\/Sp82ptaqoFI\/AAAAAAAABo0\/DU6D6eC6Qpk\/s400\/San_Gregorio_I_detto_Magno_B.jpg","articleSection":["Testemunhos"],"inLanguage":"pt-BR","potentialAction":[{"@type":"CommentAction","name":"Comment","target":["https:\/\/www.oarcanjo.net\/site\/sao-gregorio-magno\/#respond"]}]},{"@type":"WebPage","@id":"https:\/\/www.oarcanjo.net\/site\/sao-gregorio-magno\/","url":"https:\/\/www.oarcanjo.net\/site\/sao-gregorio-magno\/","name":"S\u00e3o Greg\u00f3rio Magno - O Arcanjo no ar","isPartOf":{"@id":"https:\/\/www.oarcanjo.net\/site\/#website"},"primaryImageOfPage":{"@id":"https:\/\/www.oarcanjo.net\/site\/sao-gregorio-magno\/#primaryimage"},"image":{"@id":"https:\/\/www.oarcanjo.net\/site\/sao-gregorio-magno\/#primaryimage"},"thumbnailUrl":"http:\/\/2.bp.blogspot.com\/_VsL8VkjSZWw\/Sp82ptaqoFI\/AAAAAAAABo0\/DU6D6eC6Qpk\/s400\/San_Gregorio_I_detto_Magno_B.jpg","datePublished":"2017-09-03T03:28:05+00:00","dateModified":"2017-07-31T11:27:56+00:00","breadcrumb":{"@id":"https:\/\/www.oarcanjo.net\/site\/sao-gregorio-magno\/#breadcrumb"},"inLanguage":"pt-BR","potentialAction":[{"@type":"ReadAction","target":["https:\/\/www.oarcanjo.net\/site\/sao-gregorio-magno\/"]}]},{"@type":"ImageObject","inLanguage":"pt-BR","@id":"https:\/\/www.oarcanjo.net\/site\/sao-gregorio-magno\/#primaryimage","url":"http:\/\/2.bp.blogspot.com\/_VsL8VkjSZWw\/Sp82ptaqoFI\/AAAAAAAABo0\/DU6D6eC6Qpk\/s400\/San_Gregorio_I_detto_Magno_B.jpg","contentUrl":"http:\/\/2.bp.blogspot.com\/_VsL8VkjSZWw\/Sp82ptaqoFI\/AAAAAAAABo0\/DU6D6eC6Qpk\/s400\/San_Gregorio_I_detto_Magno_B.jpg"},{"@type":"BreadcrumbList","@id":"https:\/\/www.oarcanjo.net\/site\/sao-gregorio-magno\/#breadcrumb","itemListElement":[{"@type":"ListItem","position":1,"name":"In\u00edcio","item":"https:\/\/www.oarcanjo.net\/site\/"},{"@type":"ListItem","position":2,"name":"S\u00e3o Greg\u00f3rio Magno"}]},{"@type":"WebSite","@id":"https:\/\/www.oarcanjo.net\/site\/#website","url":"https:\/\/www.oarcanjo.net\/site\/","name":"O Arcanjo no ar","description":"Site da Par\u00f3quia S\u00e3o Miguel Arcanjo (Arquidiocese de SP)","publisher":{"@id":"https:\/\/www.oarcanjo.net\/site\/#organization"},"potentialAction":[{"@type":"SearchAction","target":{"@type":"EntryPoint","urlTemplate":"https:\/\/www.oarcanjo.net\/site\/?s={search_term_string}"},"query-input":{"@type":"PropertyValueSpecification","valueRequired":true,"valueName":"search_term_string"}}],"inLanguage":"pt-BR"},{"@type":"Organization","@id":"https:\/\/www.oarcanjo.net\/site\/#organization","name":"Par\u00f3quia S\u00e3o Miguel Arcanjo","url":"https:\/\/www.oarcanjo.net\/site\/","logo":{"@type":"ImageObject","inLanguage":"pt-BR","@id":"https:\/\/www.oarcanjo.net\/site\/#\/schema\/logo\/image\/","url":"https:\/\/www.oarcanjo.net\/site\/wp-content\/uploads\/LogoOArcanjo.png","contentUrl":"https:\/\/www.oarcanjo.net\/site\/wp-content\/uploads\/LogoOArcanjo.png","width":319,"height":99,"caption":"Par\u00f3quia S\u00e3o Miguel Arcanjo"},"image":{"@id":"https:\/\/www.oarcanjo.net\/site\/#\/schema\/logo\/image\/"},"sameAs":["https:\/\/www.facebook.com\/OArcanjoNoAr\/"]},{"@type":"Person","@id":"https:\/\/www.oarcanjo.net\/site\/#\/schema\/person\/5eb9480bedd2f3c97e430ce128c29c6c","name":"danilo"}]}},"publishpress_future_action":{"enabled":false,"date":"2026-05-09 02:30:07","action":"category","newStatus":"draft","terms":[],"taxonomy":"category"},"publishpress_future_workflow_manual_trigger":{"enabledWorkflows":[]},"_links":{"self":[{"href":"https:\/\/www.oarcanjo.net\/site\/wp-json\/wp\/v2\/posts\/10717"}],"collection":[{"href":"https:\/\/www.oarcanjo.net\/site\/wp-json\/wp\/v2\/posts"}],"about":[{"href":"https:\/\/www.oarcanjo.net\/site\/wp-json\/wp\/v2\/types\/post"}],"author":[{"embeddable":true,"href":"https:\/\/www.oarcanjo.net\/site\/wp-json\/wp\/v2\/users\/14"}],"replies":[{"embeddable":true,"href":"https:\/\/www.oarcanjo.net\/site\/wp-json\/wp\/v2\/comments?post=10717"}],"version-history":[{"count":0,"href":"https:\/\/www.oarcanjo.net\/site\/wp-json\/wp\/v2\/posts\/10717\/revisions"}],"wp:attachment":[{"href":"https:\/\/www.oarcanjo.net\/site\/wp-json\/wp\/v2\/media?parent=10717"}],"wp:term":[{"taxonomy":"category","embeddable":true,"href":"https:\/\/www.oarcanjo.net\/site\/wp-json\/wp\/v2\/categories?post=10717"},{"taxonomy":"post_tag","embeddable":true,"href":"https:\/\/www.oarcanjo.net\/site\/wp-json\/wp\/v2\/tags?post=10717"}],"curies":[{"name":"wp","href":"https:\/\/api.w.org\/{rel}","templated":true}]}}