
{"id":10725,"date":"2017-09-05T00:53:03","date_gmt":"2017-09-05T03:53:03","guid":{"rendered":"http:\/\/www.oarcanjo.net\/site\/?p=10725"},"modified":"2017-07-31T08:28:41","modified_gmt":"2017-07-31T11:28:41","slug":"sao-lourenco-justiniano","status":"publish","type":"post","link":"https:\/\/www.oarcanjo.net\/site\/sao-lourenco-justiniano\/","title":{"rendered":"S\u00e3o Louren\u00e7o Justiniano"},"content":{"rendered":"<p><img loading=\"lazy\" decoding=\"async\" src=\"http:\/\/www.derradeirasgracas.com\/images\/1.%20O%20Santo%20do%20Dia%20-%20Fotos\/Santos%20de%20Setembro%20-%20Fotos\/S%C3%A3o%20Louren%C3%A7o%20Justiniano.gif\" alt=\"\" width=\"120\" height=\"159\" \/><\/p>\n<p>05 de Setembro<\/p>\n<p>Filho da nobre fam\u00edlia Justiniano, Louren\u00e7o nasceu em Veneza, no dia 1\u00ba de julho de 1380. Desde cedo, j\u00e1 manifestava seu rep\u00fadio ao orgulho, \u00e0 gan\u00e2ncia e \u00e0 corrup\u00e7\u00e3o que havia em sua terra natal. Na adolesc\u00eancia, teve uma vis\u00e3o da Sabedoria Eterna e decidiu dedicar-se \u00e0 vida religiosa.<\/p>\n<p>Sua \u00fanica ambi\u00e7\u00e3o era amar e servir a Deus. Procurando o aprimoramento espiritual, tornou-se um mendigo em sua cidade, chegando a esmolar na porta da casa de seus pr\u00f3prios pais. A vanguardista Veneza do s\u00e9culo XV era um efervescente laborat\u00f3rio de reforma cat\u00f3lica, destinado a produzir frutos preciosos. Um deles foi Louren\u00e7o Justiniano.<\/p>\n<p>Aos dezenove anos de idade ele era considerado um modelo de virtude, austeridade e humildade. Em 1404, j\u00e1 di\u00e1cono, uniu-se a outros sacerdotes e ingressou no Mosteiro de S\u00e3o Jorge, em Alga, para viver em comunidade com eles, depois reconhecidos como &#8220;Companhia dos C\u00f4negos Seculares&#8221;, pioneiros do esfor\u00e7o reformador. Tornou-se sacerdote em 1407 e dois anos depois foi eleito superior da Comunidade de S\u00e3o Jorge, em Alga.<\/p>\n<p>N\u00e3o era um bom orador, em contrapartida tornava sua prega\u00e7\u00e3o eficiente com sua dedica\u00e7\u00e3o ao mist\u00e9rio do confession\u00e1rio, seu exemplo de humilde mendicante e seu trabalho de escritor incans\u00e1vel. Sua obra inclui livros para doutores e leigos, incluindo tratados teol\u00f3gicos e simples manuais de catequese. Os seus escritos trazem a matriz da id\u00e9ia da &#8220;Sabedoria Eterna&#8221;, eixo da sua m\u00edstica, tanto para a perfei\u00e7\u00e3o interior como para a retid\u00e3o da vida episcopal.<\/p>\n<p>A contragosto, em 1433, foi consagrado bispo de Castelo, uma pequena diocese. Em 1451, o papa Nicolau V extinguiu essa diocese e consagrou Louren\u00e7o Justiniano primeiro patriarca de Veneza. Nessas administra\u00e7\u00f5es, deixou sua marca singular impressa com suas virtudes, sendo considerado um homem s\u00e1bio, piedoso e caridoso, principalmente com os mais pecadores. Nesses cargos ergueu mais de quinze conventos e muitas igrejas, aumentando, assim, seu j\u00e1 enorme rebanho. Tornou-se um exemplo de pastor, amado por todos os fi\u00e9is, que obedeciam \u00e0 sua prega\u00e7\u00e3o e ao seu exemplo no seguimento de Cristo.<\/p>\n<p>Rodeado por seus amigos do clero em seu leito de morte, no dia 8 de janeiro de 1456, Louren\u00e7o Justiniano deixou, como mensagem aos crist\u00e3os, observar os mandamentos da lei de Deus. Depois de sua morte, muitos milagres foram atribu\u00eddos \u00e0 sua intercess\u00e3o, por isso foi canonizado, no ano de 1690, pelo papa Alexandre VIII. Sua festa foi indicada para ser celebrada no dia 5 de setembro.<\/p>\n<div id=\"themify_builder_content-10725\" data-postid=\"10725\" class=\"themify_builder_content themify_builder_content-10725 themify_builder themify_builder_front\">\n\t<\/div>\n<!-- \/themify_builder_content -->","protected":false},"excerpt":{"rendered":"<p>05 de Setembro Filho da nobre fam\u00edlia Justiniano, Louren\u00e7o nasceu em Veneza, no dia 1\u00ba de julho de 1380. Desde cedo, j\u00e1 manifestava seu rep\u00fadio ao orgulho, \u00e0 gan\u00e2ncia e \u00e0 corrup\u00e7\u00e3o que havia em sua terra natal. Na adolesc\u00eancia, teve uma vis\u00e3o da Sabedoria Eterna e decidiu dedicar-se \u00e0 vida religiosa. Sua \u00fanica ambi\u00e7\u00e3o [&hellip;]<\/p>\n","protected":false},"author":14,"featured_media":0,"comment_status":"open","ping_status":"open","sticky":false,"template":"","format":"standard","meta":{"ngg_post_thumbnail":0,"footnotes":""},"categories":[186],"tags":[],"yoast_head":"<!-- This site is optimized with the Yoast SEO plugin v23.5 - https:\/\/yoast.com\/wordpress\/plugins\/seo\/ -->\n<title>S\u00e3o Louren\u00e7o Justiniano - O Arcanjo no ar<\/title>\n<meta name=\"robots\" content=\"index, follow, max-snippet:-1, max-image-preview:large, max-video-preview:-1\" \/>\n<link rel=\"canonical\" href=\"https:\/\/www.oarcanjo.net\/site\/sao-lourenco-justiniano\/\" \/>\n<meta property=\"og:locale\" content=\"pt_BR\" \/>\n<meta property=\"og:type\" content=\"article\" \/>\n<meta property=\"og:title\" content=\"S\u00e3o Louren\u00e7o Justiniano - O Arcanjo no ar\" \/>\n<meta property=\"og:description\" content=\"05 de Setembro Filho da nobre fam\u00edlia Justiniano, Louren\u00e7o nasceu em Veneza, no dia 1\u00ba de julho de 1380. Desde cedo, j\u00e1 manifestava seu rep\u00fadio ao orgulho, \u00e0 gan\u00e2ncia e \u00e0 corrup\u00e7\u00e3o que havia em sua terra natal. Na adolesc\u00eancia, teve uma vis\u00e3o da Sabedoria Eterna e decidiu dedicar-se \u00e0 vida religiosa. Sua \u00fanica ambi\u00e7\u00e3o [&hellip;]\" \/>\n<meta property=\"og:url\" content=\"https:\/\/www.oarcanjo.net\/site\/sao-lourenco-justiniano\/\" \/>\n<meta property=\"og:site_name\" content=\"O Arcanjo no ar\" \/>\n<meta property=\"article:publisher\" content=\"https:\/\/www.facebook.com\/OArcanjoNoAr\/\" \/>\n<meta property=\"article:published_time\" content=\"2017-09-05T03:53:03+00:00\" \/>\n<meta property=\"article:modified_time\" content=\"2017-07-31T11:28:41+00:00\" \/>\n<meta property=\"og:image\" content=\"http:\/\/www.derradeirasgracas.com\/images\/1.%20O%20Santo%20do%20Dia%20-%20Fotos\/Santos%20de%20Setembro%20-%20Fotos\/S%C3%A3o%20Louren%C3%A7o%20Justiniano.gif\" \/>\n<meta name=\"author\" content=\"danilo\" \/>\n<meta name=\"twitter:card\" content=\"summary_large_image\" \/>\n<meta name=\"twitter:label1\" content=\"Escrito por\" \/>\n\t<meta name=\"twitter:data1\" content=\"danilo\" \/>\n\t<meta name=\"twitter:label2\" content=\"Est. tempo de leitura\" \/>\n\t<meta name=\"twitter:data2\" content=\"2 minutos\" \/>\n<script type=\"application\/ld+json\" class=\"yoast-schema-graph\">{\"@context\":\"https:\/\/schema.org\",\"@graph\":[{\"@type\":\"Article\",\"@id\":\"https:\/\/www.oarcanjo.net\/site\/sao-lourenco-justiniano\/#article\",\"isPartOf\":{\"@id\":\"https:\/\/www.oarcanjo.net\/site\/sao-lourenco-justiniano\/\"},\"author\":{\"name\":\"danilo\",\"@id\":\"https:\/\/www.oarcanjo.net\/site\/#\/schema\/person\/5eb9480bedd2f3c97e430ce128c29c6c\"},\"headline\":\"S\u00e3o Louren\u00e7o Justiniano\",\"datePublished\":\"2017-09-05T03:53:03+00:00\",\"dateModified\":\"2017-07-31T11:28:41+00:00\",\"mainEntityOfPage\":{\"@id\":\"https:\/\/www.oarcanjo.net\/site\/sao-lourenco-justiniano\/\"},\"wordCount\":429,\"commentCount\":0,\"publisher\":{\"@id\":\"https:\/\/www.oarcanjo.net\/site\/#organization\"},\"image\":{\"@id\":\"https:\/\/www.oarcanjo.net\/site\/sao-lourenco-justiniano\/#primaryimage\"},\"thumbnailUrl\":\"http:\/\/www.derradeirasgracas.com\/images\/1.%20O%20Santo%20do%20Dia%20-%20Fotos\/Santos%20de%20Setembro%20-%20Fotos\/S%C3%A3o%20Louren%C3%A7o%20Justiniano.gif\",\"articleSection\":[\"Testemunhos\"],\"inLanguage\":\"pt-BR\",\"potentialAction\":[{\"@type\":\"CommentAction\",\"name\":\"Comment\",\"target\":[\"https:\/\/www.oarcanjo.net\/site\/sao-lourenco-justiniano\/#respond\"]}]},{\"@type\":\"WebPage\",\"@id\":\"https:\/\/www.oarcanjo.net\/site\/sao-lourenco-justiniano\/\",\"url\":\"https:\/\/www.oarcanjo.net\/site\/sao-lourenco-justiniano\/\",\"name\":\"S\u00e3o Louren\u00e7o Justiniano - O Arcanjo no ar\",\"isPartOf\":{\"@id\":\"https:\/\/www.oarcanjo.net\/site\/#website\"},\"primaryImageOfPage\":{\"@id\":\"https:\/\/www.oarcanjo.net\/site\/sao-lourenco-justiniano\/#primaryimage\"},\"image\":{\"@id\":\"https:\/\/www.oarcanjo.net\/site\/sao-lourenco-justiniano\/#primaryimage\"},\"thumbnailUrl\":\"http:\/\/www.derradeirasgracas.com\/images\/1.%20O%20Santo%20do%20Dia%20-%20Fotos\/Santos%20de%20Setembro%20-%20Fotos\/S%C3%A3o%20Louren%C3%A7o%20Justiniano.gif\",\"datePublished\":\"2017-09-05T03:53:03+00:00\",\"dateModified\":\"2017-07-31T11:28:41+00:00\",\"breadcrumb\":{\"@id\":\"https:\/\/www.oarcanjo.net\/site\/sao-lourenco-justiniano\/#breadcrumb\"},\"inLanguage\":\"pt-BR\",\"potentialAction\":[{\"@type\":\"ReadAction\",\"target\":[\"https:\/\/www.oarcanjo.net\/site\/sao-lourenco-justiniano\/\"]}]},{\"@type\":\"ImageObject\",\"inLanguage\":\"pt-BR\",\"@id\":\"https:\/\/www.oarcanjo.net\/site\/sao-lourenco-justiniano\/#primaryimage\",\"url\":\"http:\/\/www.derradeirasgracas.com\/images\/1.%20O%20Santo%20do%20Dia%20-%20Fotos\/Santos%20de%20Setembro%20-%20Fotos\/S%C3%A3o%20Louren%C3%A7o%20Justiniano.gif\",\"contentUrl\":\"http:\/\/www.derradeirasgracas.com\/images\/1.%20O%20Santo%20do%20Dia%20-%20Fotos\/Santos%20de%20Setembro%20-%20Fotos\/S%C3%A3o%20Louren%C3%A7o%20Justiniano.gif\"},{\"@type\":\"BreadcrumbList\",\"@id\":\"https:\/\/www.oarcanjo.net\/site\/sao-lourenco-justiniano\/#breadcrumb\",\"itemListElement\":[{\"@type\":\"ListItem\",\"position\":1,\"name\":\"In\u00edcio\",\"item\":\"https:\/\/www.oarcanjo.net\/site\/\"},{\"@type\":\"ListItem\",\"position\":2,\"name\":\"S\u00e3o Louren\u00e7o Justiniano\"}]},{\"@type\":\"WebSite\",\"@id\":\"https:\/\/www.oarcanjo.net\/site\/#website\",\"url\":\"https:\/\/www.oarcanjo.net\/site\/\",\"name\":\"O Arcanjo no ar\",\"description\":\"Site da Par\u00f3quia S\u00e3o Miguel Arcanjo (Arquidiocese de SP)\",\"publisher\":{\"@id\":\"https:\/\/www.oarcanjo.net\/site\/#organization\"},\"potentialAction\":[{\"@type\":\"SearchAction\",\"target\":{\"@type\":\"EntryPoint\",\"urlTemplate\":\"https:\/\/www.oarcanjo.net\/site\/?s={search_term_string}\"},\"query-input\":{\"@type\":\"PropertyValueSpecification\",\"valueRequired\":true,\"valueName\":\"search_term_string\"}}],\"inLanguage\":\"pt-BR\"},{\"@type\":\"Organization\",\"@id\":\"https:\/\/www.oarcanjo.net\/site\/#organization\",\"name\":\"Par\u00f3quia S\u00e3o Miguel Arcanjo\",\"url\":\"https:\/\/www.oarcanjo.net\/site\/\",\"logo\":{\"@type\":\"ImageObject\",\"inLanguage\":\"pt-BR\",\"@id\":\"https:\/\/www.oarcanjo.net\/site\/#\/schema\/logo\/image\/\",\"url\":\"https:\/\/www.oarcanjo.net\/site\/wp-content\/uploads\/LogoOArcanjo.png\",\"contentUrl\":\"https:\/\/www.oarcanjo.net\/site\/wp-content\/uploads\/LogoOArcanjo.png\",\"width\":319,\"height\":99,\"caption\":\"Par\u00f3quia S\u00e3o Miguel Arcanjo\"},\"image\":{\"@id\":\"https:\/\/www.oarcanjo.net\/site\/#\/schema\/logo\/image\/\"},\"sameAs\":[\"https:\/\/www.facebook.com\/OArcanjoNoAr\/\"]},{\"@type\":\"Person\",\"@id\":\"https:\/\/www.oarcanjo.net\/site\/#\/schema\/person\/5eb9480bedd2f3c97e430ce128c29c6c\",\"name\":\"danilo\"}]}<\/script>\n<!-- \/ Yoast SEO plugin. -->","yoast_head_json":{"title":"S\u00e3o Louren\u00e7o Justiniano - O Arcanjo no ar","robots":{"index":"index","follow":"follow","max-snippet":"max-snippet:-1","max-image-preview":"max-image-preview:large","max-video-preview":"max-video-preview:-1"},"canonical":"https:\/\/www.oarcanjo.net\/site\/sao-lourenco-justiniano\/","og_locale":"pt_BR","og_type":"article","og_title":"S\u00e3o Louren\u00e7o Justiniano - O Arcanjo no ar","og_description":"05 de Setembro Filho da nobre fam\u00edlia Justiniano, Louren\u00e7o nasceu em Veneza, no dia 1\u00ba de julho de 1380. Desde cedo, j\u00e1 manifestava seu rep\u00fadio ao orgulho, \u00e0 gan\u00e2ncia e \u00e0 corrup\u00e7\u00e3o que havia em sua terra natal. Na adolesc\u00eancia, teve uma vis\u00e3o da Sabedoria Eterna e decidiu dedicar-se \u00e0 vida religiosa. Sua \u00fanica ambi\u00e7\u00e3o [&hellip;]","og_url":"https:\/\/www.oarcanjo.net\/site\/sao-lourenco-justiniano\/","og_site_name":"O Arcanjo no ar","article_publisher":"https:\/\/www.facebook.com\/OArcanjoNoAr\/","article_published_time":"2017-09-05T03:53:03+00:00","article_modified_time":"2017-07-31T11:28:41+00:00","og_image":[{"url":"http:\/\/www.derradeirasgracas.com\/images\/1.%20O%20Santo%20do%20Dia%20-%20Fotos\/Santos%20de%20Setembro%20-%20Fotos\/S%C3%A3o%20Louren%C3%A7o%20Justiniano.gif"}],"author":"danilo","twitter_card":"summary_large_image","twitter_misc":{"Escrito por":"danilo","Est. tempo de leitura":"2 minutos"},"schema":{"@context":"https:\/\/schema.org","@graph":[{"@type":"Article","@id":"https:\/\/www.oarcanjo.net\/site\/sao-lourenco-justiniano\/#article","isPartOf":{"@id":"https:\/\/www.oarcanjo.net\/site\/sao-lourenco-justiniano\/"},"author":{"name":"danilo","@id":"https:\/\/www.oarcanjo.net\/site\/#\/schema\/person\/5eb9480bedd2f3c97e430ce128c29c6c"},"headline":"S\u00e3o Louren\u00e7o Justiniano","datePublished":"2017-09-05T03:53:03+00:00","dateModified":"2017-07-31T11:28:41+00:00","mainEntityOfPage":{"@id":"https:\/\/www.oarcanjo.net\/site\/sao-lourenco-justiniano\/"},"wordCount":429,"commentCount":0,"publisher":{"@id":"https:\/\/www.oarcanjo.net\/site\/#organization"},"image":{"@id":"https:\/\/www.oarcanjo.net\/site\/sao-lourenco-justiniano\/#primaryimage"},"thumbnailUrl":"http:\/\/www.derradeirasgracas.com\/images\/1.%20O%20Santo%20do%20Dia%20-%20Fotos\/Santos%20de%20Setembro%20-%20Fotos\/S%C3%A3o%20Louren%C3%A7o%20Justiniano.gif","articleSection":["Testemunhos"],"inLanguage":"pt-BR","potentialAction":[{"@type":"CommentAction","name":"Comment","target":["https:\/\/www.oarcanjo.net\/site\/sao-lourenco-justiniano\/#respond"]}]},{"@type":"WebPage","@id":"https:\/\/www.oarcanjo.net\/site\/sao-lourenco-justiniano\/","url":"https:\/\/www.oarcanjo.net\/site\/sao-lourenco-justiniano\/","name":"S\u00e3o Louren\u00e7o Justiniano - O Arcanjo no ar","isPartOf":{"@id":"https:\/\/www.oarcanjo.net\/site\/#website"},"primaryImageOfPage":{"@id":"https:\/\/www.oarcanjo.net\/site\/sao-lourenco-justiniano\/#primaryimage"},"image":{"@id":"https:\/\/www.oarcanjo.net\/site\/sao-lourenco-justiniano\/#primaryimage"},"thumbnailUrl":"http:\/\/www.derradeirasgracas.com\/images\/1.%20O%20Santo%20do%20Dia%20-%20Fotos\/Santos%20de%20Setembro%20-%20Fotos\/S%C3%A3o%20Louren%C3%A7o%20Justiniano.gif","datePublished":"2017-09-05T03:53:03+00:00","dateModified":"2017-07-31T11:28:41+00:00","breadcrumb":{"@id":"https:\/\/www.oarcanjo.net\/site\/sao-lourenco-justiniano\/#breadcrumb"},"inLanguage":"pt-BR","potentialAction":[{"@type":"ReadAction","target":["https:\/\/www.oarcanjo.net\/site\/sao-lourenco-justiniano\/"]}]},{"@type":"ImageObject","inLanguage":"pt-BR","@id":"https:\/\/www.oarcanjo.net\/site\/sao-lourenco-justiniano\/#primaryimage","url":"http:\/\/www.derradeirasgracas.com\/images\/1.%20O%20Santo%20do%20Dia%20-%20Fotos\/Santos%20de%20Setembro%20-%20Fotos\/S%C3%A3o%20Louren%C3%A7o%20Justiniano.gif","contentUrl":"http:\/\/www.derradeirasgracas.com\/images\/1.%20O%20Santo%20do%20Dia%20-%20Fotos\/Santos%20de%20Setembro%20-%20Fotos\/S%C3%A3o%20Louren%C3%A7o%20Justiniano.gif"},{"@type":"BreadcrumbList","@id":"https:\/\/www.oarcanjo.net\/site\/sao-lourenco-justiniano\/#breadcrumb","itemListElement":[{"@type":"ListItem","position":1,"name":"In\u00edcio","item":"https:\/\/www.oarcanjo.net\/site\/"},{"@type":"ListItem","position":2,"name":"S\u00e3o Louren\u00e7o Justiniano"}]},{"@type":"WebSite","@id":"https:\/\/www.oarcanjo.net\/site\/#website","url":"https:\/\/www.oarcanjo.net\/site\/","name":"O Arcanjo no ar","description":"Site da Par\u00f3quia S\u00e3o Miguel Arcanjo (Arquidiocese de SP)","publisher":{"@id":"https:\/\/www.oarcanjo.net\/site\/#organization"},"potentialAction":[{"@type":"SearchAction","target":{"@type":"EntryPoint","urlTemplate":"https:\/\/www.oarcanjo.net\/site\/?s={search_term_string}"},"query-input":{"@type":"PropertyValueSpecification","valueRequired":true,"valueName":"search_term_string"}}],"inLanguage":"pt-BR"},{"@type":"Organization","@id":"https:\/\/www.oarcanjo.net\/site\/#organization","name":"Par\u00f3quia S\u00e3o Miguel Arcanjo","url":"https:\/\/www.oarcanjo.net\/site\/","logo":{"@type":"ImageObject","inLanguage":"pt-BR","@id":"https:\/\/www.oarcanjo.net\/site\/#\/schema\/logo\/image\/","url":"https:\/\/www.oarcanjo.net\/site\/wp-content\/uploads\/LogoOArcanjo.png","contentUrl":"https:\/\/www.oarcanjo.net\/site\/wp-content\/uploads\/LogoOArcanjo.png","width":319,"height":99,"caption":"Par\u00f3quia S\u00e3o Miguel Arcanjo"},"image":{"@id":"https:\/\/www.oarcanjo.net\/site\/#\/schema\/logo\/image\/"},"sameAs":["https:\/\/www.facebook.com\/OArcanjoNoAr\/"]},{"@type":"Person","@id":"https:\/\/www.oarcanjo.net\/site\/#\/schema\/person\/5eb9480bedd2f3c97e430ce128c29c6c","name":"danilo"}]}},"publishpress_future_action":{"enabled":false,"date":"2026-05-09 02:30:07","action":"category","newStatus":"draft","terms":[],"taxonomy":"category"},"publishpress_future_workflow_manual_trigger":{"enabledWorkflows":[]},"_links":{"self":[{"href":"https:\/\/www.oarcanjo.net\/site\/wp-json\/wp\/v2\/posts\/10725"}],"collection":[{"href":"https:\/\/www.oarcanjo.net\/site\/wp-json\/wp\/v2\/posts"}],"about":[{"href":"https:\/\/www.oarcanjo.net\/site\/wp-json\/wp\/v2\/types\/post"}],"author":[{"embeddable":true,"href":"https:\/\/www.oarcanjo.net\/site\/wp-json\/wp\/v2\/users\/14"}],"replies":[{"embeddable":true,"href":"https:\/\/www.oarcanjo.net\/site\/wp-json\/wp\/v2\/comments?post=10725"}],"version-history":[{"count":0,"href":"https:\/\/www.oarcanjo.net\/site\/wp-json\/wp\/v2\/posts\/10725\/revisions"}],"wp:attachment":[{"href":"https:\/\/www.oarcanjo.net\/site\/wp-json\/wp\/v2\/media?parent=10725"}],"wp:term":[{"taxonomy":"category","embeddable":true,"href":"https:\/\/www.oarcanjo.net\/site\/wp-json\/wp\/v2\/categories?post=10725"},{"taxonomy":"post_tag","embeddable":true,"href":"https:\/\/www.oarcanjo.net\/site\/wp-json\/wp\/v2\/tags?post=10725"}],"curies":[{"name":"wp","href":"https:\/\/api.w.org\/{rel}","templated":true}]}}