
{"id":107262,"date":"2021-03-27T22:35:51","date_gmt":"2021-03-28T01:35:51","guid":{"rendered":"https:\/\/www.oarcanjo.net\/site\/?p=107262"},"modified":"2021-03-28T15:21:12","modified_gmt":"2021-03-28T18:21:12","slug":"via-sacra-2021","status":"publish","type":"post","link":"https:\/\/www.oarcanjo.net\/site\/via-sacra-2021\/","title":{"rendered":"Via Sacra 2021"},"content":{"rendered":"<p><strong>VIA SACRA 2021<\/strong><\/p>\n<p><img loading=\"lazy\" decoding=\"async\" class=\"alignnone size-medium wp-image-107278\" src=\"https:\/\/www.oarcanjo.net\/site\/wp-content\/uploads\/IMG_0258-228x300.jpg\" alt=\"\" width=\"228\" height=\"300\" srcset=\"https:\/\/www.oarcanjo.net\/site\/wp-content\/uploads\/IMG_0258-228x300.jpg 228w, https:\/\/www.oarcanjo.net\/site\/wp-content\/uploads\/IMG_0258.jpg 486w\" sizes=\"(max-width: 228px) 100vw, 228px\" \/><\/p>\n<p>Campanha da Fraternidade 2021 \u2013 CNBB \u2013 Fraternidade e di\u00e1logo: compromisso de amor. Ser um com Cristo s\u00f3 se faz poss\u00edvel no amor fraterno que n\u00e3o se limita aos irm\u00e3os da mesma Igreja, mas deve ser restabelecido entre todos e para todos. O mundo n\u00e3o precisa de palavras vazias, mas de testemunhas convictas, artes\u00e3os da paz abertos ao di\u00e1logo sem exclus\u00f5es nem manipula\u00e7\u00f5es.<\/p>\n<p><strong>Primeira Esta\u00e7\u00e3o \u2013 Jesus \u00e9 preso e condenado \u00e0 morte.<\/strong><\/p>\n<p><img loading=\"lazy\" decoding=\"async\" class=\"alignnone size-full wp-image-107263\" src=\"https:\/\/www.oarcanjo.net\/site\/wp-content\/uploads\/1a.-esta\u00e7\u00e3o_Jesus_preso1.jpg\" alt=\"\" width=\"203\" height=\"219\"><\/p>\n<p>D. N\u00f3s vos adoramos, Senhor Jesus Cristo, e vos bendizemos!<\/p>\n<p><strong>T. Porque, pela vossa Santa Cruz, remistes o mundo!<\/strong><\/p>\n<p><strong>Leitura do Evangelho de Jesus Cristo escrito por Jo\u00e3o<\/strong> \u2013 Jo 19,6-7.12.16 (ler na B\u00edblia)<\/p>\n<p><strong>&nbsp;<\/strong><strong>Reflex\u00e3o:<\/strong> Os chefes religiosos condenavam Jesus por ter se feito Filho de Deus, condenavam-no pois n\u00e3o eram capazes de compreender sua proposta, estavam fechados em si mesmos e em suas leis. Uniram-se a C\u00e9sar, ao poder destrutivo do Imp\u00e9rio Romano; uniram-se ao pecado do paganismo, para destruir a vida de quem andou por toda a parte fazendo o bem. \u201cEles o mataram, suspendendo-o no madeiro\u201d (AT 10,39b).<\/p>\n<p><strong>Canto:<\/strong> Eu te abri o Mar Vermelho, tu me abriste o cora\u00e7\u00e3o. A Pilatos me levaste, eu levei-te pela m\u00e3o. <strong>Deus Santo, Deus forte, Deus imortal, tende piedade de n\u00f3s! Deus Santo, Deus forte, Deus imortal, tende piedade de n\u00f3s!<\/strong><\/p>\n<p><strong>&nbsp;D.&nbsp;<\/strong>Oremos: Senhor Jesus, auxilia-nos na promo\u00e7\u00e3o da vida integral. Que o exemplo de vossa vida, condenada pelo mundo, possa nos fazer trilhar o caminho da profecia em nossos tempos, como verdadeiros disc\u00edpulos da verdade, rejeitando o mal e abra\u00e7ando o bem. E, assim, possamos n\u00f3s ser construtores de um mundo de paz, de unidade e de verdadeira conc\u00f3rdia.<\/p>\n<p>T.&nbsp;<strong>Senhor Jesus, pela vossa Paix\u00e3o, concedei-nos a paz e a unidade.<\/strong><\/p>\n<p><strong>Canto:<\/strong> A morrer crucificado, teu Jesus \u00e9 condenado, por teus crimes, pecador! Por teus crimes, pecador! <strong>Pela virgem dolorosa, vossa M\u00e3e t\u00e3o piedosa, perdoai-me, meu Jesus! Perdoai-me, meu Jesus!<\/strong><\/p>\n<p>&nbsp;<\/p>\n<p><strong>Segunda Esta\u00e7\u00e3o \u2013 Jesus carrega a cruz.<\/strong><\/p>\n<p><img loading=\"lazy\" decoding=\"async\" class=\"alignnone size-full wp-image-107264\" src=\"https:\/\/www.oarcanjo.net\/site\/wp-content\/uploads\/2a.esta\u00e7\u00e3o_Jesus_carrega-cruz.jpg\" alt=\"\" width=\"268\" height=\"198\"><\/p>\n<p>D. N\u00f3s vos adoramos, Senhor Jesus Cristo, e vos bendizemos!<\/p>\n<p>T.&nbsp;<strong>Porque, pela vossa Santa Cruz, remistes o mundo!<\/strong><\/p>\n<p><strong>Leitura do Evangelho de Jesus Cristo escrito por Mateus<\/strong> \u2013 Mt 27,27-31 (ler na B\u00edblia)<\/p>\n<p><strong>&nbsp;<\/strong><strong>Reflex\u00e3o:<\/strong> Nesta segunda esta\u00e7\u00e3o, meditamos, no supl\u00edcio de Jesus, a arrog\u00e2ncia humana. Os soldados, valendo-se de um poder terreno, riram-se do Senhor, cuspiram e zombaram do Rei dos reis. Cabe aqui uma pergunta: \u201cquantas vezes as ins\u00edgnias do poder trazidas pelos poderosos deste mundo s\u00e3o um insulto \u00e0 verdade, \u00e0 justi\u00e7a e \u00e0 dignidade do homem\u201d? (Bento XVI). N\u00e3o existe maior verdade do que o Cristo Crucificado, do que o Servo Sofredor!<\/p>\n<p>T.&nbsp;<strong> \u201cIluminai, Senhor, no nosso cora\u00e7\u00e3o, para vos podermos seguir pelo caminho da Cruz; fazei morrer em n\u00f3s o \u2018homem velho\u2019, ligado ao ego\u00edsmo, ao mal, ao pecado, e tornai-nos \u2018homens novos\u2019, mulheres e homens santos, transformados e animados pelo vosso amor! <\/strong>(Bento XVI)<\/p>\n<p>D. Oremos: Guiai-nos, Senhor, pelo caminho da verdade, da justi\u00e7a e da paz. Que compreendamos que a via dolorosa da Cruz nos purifica de nossos ego\u00edsmos, da nossa autossufici\u00eancia.<\/p>\n<p>T.&nbsp;<strong>Senhor Jesus, pela vossa Paix\u00e3o, concedei-nos a paz e a unidade.<\/strong><\/p>\n<p><strong>Canto:<\/strong> Com a Cruz \u00e9 carregado, e do peso acabrunhado, vai morrer por teu amor! Vai morrer por teu amor! <strong>Pela virgem dolorosa, vossa M\u00e3e t\u00e3o piedosa, perdoai-me, meu Jesus! Perdoai-me, meu Jesus!<\/strong><\/p>\n<p>&nbsp;<\/p>\n<p><strong>Terceira Esta\u00e7\u00e3o \u2013 Jesus cai pela primeira vez. <\/strong><\/p>\n<p><img loading=\"lazy\" decoding=\"async\" class=\"alignnone size-full wp-image-107265\" src=\"https:\/\/www.oarcanjo.net\/site\/wp-content\/uploads\/3a.-esta\u00e7\u00e3o_Jesus_cai.jpg\" alt=\"\" width=\"255\" height=\"201\"><\/p>\n<p>D. N\u00f3s vos adoramos, Senhor Jesus Cristo, e vos bendizemos!<\/p>\n<p>T.&nbsp;<strong>Porque, pela vossa Santa Cruz, remistes o mundo!<\/strong><\/p>\n<p><strong>Leitura do Evangelho de Jesus Cristo escrito por Lucas<\/strong> \u2013 Lc 4,1-14 (ler na B\u00edblia)<\/p>\n<p><strong>&nbsp;<\/strong><strong>Reflex\u00e3o:<\/strong> A primeira queda de Jesus, quando o peso da Cruz se torna dif\u00edcil de suportar, remete-nos \u00e0 sua primeira tenta\u00e7\u00e3o no deserto. Contemplamos,&nbsp; na fraqueza da humanidade do Senhor, a nossa fraqueza. Ao cair por terra, o Senhor nos diz novamente: \u201cN\u00e3o se vive somente de p\u00e3o\u201d (Lc 4,4b). O Cristo ca\u00eddo e humilhado faz-nos refletir que o verdadeiro prazer \u00e9 cumprir a vontade do Pai.<\/p>\n<p>T.&nbsp;<strong> \u201cEnsina-nos a fazer a vossa Vontade, pois v\u00f3s sois o nosso Deus. Que o vosso bom Esp\u00edrito nos conduza por uma terra plana! <\/strong>(Sl 143[142],10)<\/p>\n<p>D. Oremos: Senhor Jesus, que, ao contemplarmos vossa primeira queda, possamos compreender a vossa doa\u00e7\u00e3o total. Que a vossa solidariedade de assumir as nossas faltas fa\u00e7a com que nos comprometamos com a caridade e o amor fraterno. Isso n\u00f3s vos pedimos, Senhor Jesus, a v\u00f3s que viveis e reinais para sempre.<\/p>\n<p>T.&nbsp;<strong> Senhor Jesus, pela vossa Paix\u00e3o, concedei-nos a paz e a unidade.<\/strong><\/p>\n<p><strong>Canto:<\/strong> Pela Cruz, t\u00e3o oprimido, cai Jesus desfalecido, pela tua salva\u00e7\u00e3o! Pela tua salva\u00e7\u00e3o! <strong>Pela virgem dolorosa, vossa M\u00e3e t\u00e3o piedosa, perdoai-me, meu Jesus! Perdoai-me, meu Jesus!<\/strong><\/p>\n<p>&nbsp;<\/p>\n<p><strong>Quarta Esta\u00e7\u00e3o \u2013 Jesus se encontra com sua m\u00e3e. <\/strong><\/p>\n<p><img loading=\"lazy\" decoding=\"async\" class=\"alignnone size-full wp-image-107266\" src=\"https:\/\/www.oarcanjo.net\/site\/wp-content\/uploads\/4a.-esta\u00e7\u00e3o_Jesus_encontra_m\u00e3e.jpg\" alt=\"\" width=\"267\" height=\"230\"><\/p>\n<p>D. N\u00f3s vos adoramos, Senhor Jesus Cristo, e vos bendizemos!<\/p>\n<p>T.&nbsp;<strong>Porque, pela vossa Santa Cruz, remistes o mundo!<\/strong><\/p>\n<p><strong>Leitura do Evangelho de Jesus Cristo escrito por Lucas<\/strong> \u2013 Lc 2,34-35 (ler na B\u00edblia)<\/p>\n<p><strong>&nbsp;<\/strong><strong>Reflex\u00e3o:<\/strong> Que grandiosa gra\u00e7a recebeu Maria por ser a M\u00e3e do Salvador. Mas t\u00e3o grandiosa dor tamb\u00e9m recebera por saber que o seu amado filho passaria pelo sofrimento da Cruz. Se a noite do seu nascimento era esperada, a noite da agonia de seu supl\u00edcio fora fortemente vivenciada por sua M\u00e3e. Assim, \u201ctodos os tormentos \u2013 os flagelos, os espinhos, os pregos, a cruz &#8211; que atormentaram as inocentes carnes de Jesus, entraram ao mesmo tempo no cora\u00e7\u00e3o de Maria\u201d (Santo Afonso Maria de Lig\u00f3rio).<\/p>\n<p><strong>Canto:<\/strong> Que dor indiz\u00edvel, quando encontrais, com a Cruz \u00e0s costas, bendita sejais.&nbsp; <strong>Bendita sejais, Senhora das dores; ouvi nossos rogos, M\u00e3e dos pecadores. <\/strong><\/p>\n<p><strong>D.&nbsp;<\/strong>Oremos: Senhor nosso, que, ao contemplarmos as dores de vossa M\u00e3e Sant\u00edssima, possamos tamb\u00e9m n\u00f3s assumir com paci\u00eancia as nossas cruzes. Pela Virgem Dolorosa, ouvi-nos Senhor!<\/p>\n<p>T.&nbsp;<strong> Senhor Jesus, pela vossa Paix\u00e3o, concedei-nos a paz e a unidade.<\/strong><\/p>\n<p><strong>Canto:<\/strong> V\u00ea a dor da M\u00e3e amada, que se encontra desolada, com seu Filho em afli\u00e7\u00e3o! Com seu Filho em afli\u00e7\u00e3o! <strong>Pela virgem dolorosa, vossa M\u00e3e t\u00e3o piedosa, perdoai-me, meu Jesus! Perdoai-me, meu Jesus!<\/strong><\/p>\n<p>&nbsp;<\/p>\n<p><strong>Quinta Esta\u00e7\u00e3o \u2013 &nbsp;Sim\u00e3o, o cirineu, ajuda Jesus a carregar a cruz. <\/strong><\/p>\n<p><img loading=\"lazy\" decoding=\"async\" class=\"alignnone size-full wp-image-107267\" src=\"https:\/\/www.oarcanjo.net\/site\/wp-content\/uploads\/5a.-esta\u00e7\u00e3o_Cirineu_ajuda.jpg\" alt=\"\" width=\"220\" height=\"217\"><\/p>\n<p>D. N\u00f3s vos adoramos, Senhor Jesus Cristo, e vos bendizemos!<\/p>\n<p>T.&nbsp;<strong> Porque, pela vossa Santa Cruz, remistes o mundo!<\/strong><\/p>\n<p><strong>Leitura do Evangelho de Jesus Cristo escrito por Lucas<\/strong> \u2013 Lc 23,26 (ler na B\u00edblia)<\/p>\n<p><strong>&nbsp;<\/strong><strong>Reflex\u00e3o:<\/strong> Um certo homem, que observava um estranho cortejo de condenados seguido por uma multid\u00e3o, \u00e9 conduzido a auxiliar um dos prisioneiros a carregar a sua Cruz. O Cirineu \u00e9 cada um de n\u00f3s, convidado a se colocar ao lado de Jesus e a carregar a Cruz junto dele. Ao nos aproximarmos daqueles que sofrem, ao estendermos as m\u00e3os aos necessitados, partilhamos de suas cruzes e cumprimos o mandato de Cristo: \u201cCarregai os fardos uns dos outros; assim cumprireis as leis de Cristo\u201d (Gl 6,2). Promover a paz, a unidade, \u00e9 estender a m\u00e3o e convidar os irm\u00e3os para que, juntos, carregamos as cruzes do dia a dia.<\/p>\n<p><strong>T:<\/strong> <strong>Ajudai-nos, Senhor, a carregar a cruz uns dos outros. <\/strong><\/p>\n<p><strong>D.&nbsp;<\/strong>Oremos: Senhor Jesus, que a exemplo de Sim\u00e3o de Cirene, saibamos n\u00f3s compartilhar das cruzes de nossos irm\u00e3os e irm\u00e3s. N\u00f3s vos rogamos que, pela pr\u00e1tica da fraternidade, possamos construir um mundo em que reine a paz e a unidade.<\/p>\n<p>T.&nbsp;<strong>Senhor Jesus, pela vossa Paix\u00e3o, concedei-nos a paz e a unidade.<\/strong><\/p>\n<p><strong>Canto:<\/strong> No caminho do Calv\u00e1rio, um aux\u00edlio \u00e9 necess\u00e1rio: n\u00e3o lhe nega o Cirineu! N\u00e3o lhe nega o Cirineu! <strong>Pela virgem dolorosa, vossa M\u00e3e t\u00e3o piedosa, perdoai-me, meu Jesus! Perdoai-me, meu Jesus!<\/strong><\/p>\n<p>&nbsp;<\/p>\n<p><strong>Sexta Esta\u00e7\u00e3o \u2013 Ver\u00f4nica enxuga o rosto de Jesus. <\/strong><\/p>\n<p><img loading=\"lazy\" decoding=\"async\" class=\"alignnone size-full wp-image-107268\" src=\"https:\/\/www.oarcanjo.net\/site\/wp-content\/uploads\/6a.-esta\u00e7\u00e3o_Ver\u00f4nica.jpg\" alt=\"\" width=\"287\" height=\"223\"><\/p>\n<p>D. N\u00f3s vos adoramos, Senhor Jesus Cristo, e vos bendizemos!<\/p>\n<p>T.&nbsp;<strong>Porque, pela vossa Santa Cruz, remistes o mundo!<\/strong><\/p>\n<p><strong>Leitura do Livro do Profeta Isa\u00edas <\/strong>\u2013 Is 53,2b-5 (ler na B\u00edblia)<\/p>\n<p><strong>&nbsp;<\/strong><strong>Reflex\u00e3o:<\/strong> Ao aproximar-se do Cristo desfigurado, Ver\u00f4nica observa a face mais humana de Deus, sem beleza, chagada. \u201cBem-aventurados os puros de cora\u00e7\u00e3o, pois eles ver\u00e3o a Deus\u201d (MT 5,8). Ver\u00f4nica \u00e9 a imagem da caridade em meio ao sofrimento, ela fez o que todos deveriam ter feito, ela sentiu compaix\u00e3o. Assim, no ato amoroso daquela mulher, o rosto do Salvador resplandeceu. \u201cDe fato, o Salvador imprime a sua imagem em cada ato de caridade, como o fez no len\u00e7o de Ver\u00f4nica\u201d (S\u00e3o Jo\u00e3o Paulo II).<\/p>\n<p><strong>T. \u201cSenhor, dai-nos a inquieta\u00e7\u00e3o do cora\u00e7\u00e3o que procura o vosso rosto\u201d<\/strong> (Bento XVI)<\/p>\n<p>D. Oremos: Bondoso Deus, que a contemplarmos a vossa face desfigurada, possamos ver tantos rostos desfigurados pela indiferen\u00e7a humana. Isso pedimos a v\u00f3s, Servo sofredor, que viveis e renais para sempre.<\/p>\n<p>T.&nbsp;<strong> Senhor Jesus, pela vossa Paix\u00e3o, concedei-nos a paz e a unidade.<\/strong><\/p>\n<p><strong>Canto:<\/strong> O seu rosto ensanguentado, por Ver\u00f4nica enxugado, eis, no pano apareceu! Eis, no pano apareceu! <strong>Pela virgem dolorosa, vossa M\u00e3e t\u00e3o piedosa, perdoai-me, meu Jesus! Perdoai-me, meu Jesus!<\/strong><\/p>\n<p>&nbsp;<\/p>\n<p><strong>S\u00e9tima Esta\u00e7\u00e3o \u2013 &nbsp;Jesus cai pela segunda vez. <\/strong><\/p>\n<p><img loading=\"lazy\" decoding=\"async\" class=\"alignnone size-medium wp-image-107269\" src=\"https:\/\/www.oarcanjo.net\/site\/wp-content\/uploads\/7a.-esta\u00e7\u00e3o_Jesus_cai_segunda_vez-300x225.jpg\" alt=\"\" width=\"300\" height=\"225\" srcset=\"https:\/\/www.oarcanjo.net\/site\/wp-content\/uploads\/7a.-esta\u00e7\u00e3o_Jesus_cai_segunda_vez-300x225.jpg 300w, https:\/\/www.oarcanjo.net\/site\/wp-content\/uploads\/7a.-esta\u00e7\u00e3o_Jesus_cai_segunda_vez.jpg 320w\" sizes=\"(max-width: 300px) 100vw, 300px\" \/><\/p>\n<p>D. N\u00f3s vos adoramos, Senhor Jesus Cristo, e vos bendizemos!<\/p>\n<p>T.&nbsp;<strong>Porque, pela vossa Santa Cruz, remistes o mundo!<\/strong><\/p>\n<p><strong>Leitura do Evangelho de Jesus Cristo escrito por Lucas<\/strong> \u2013 Lc 4,5-8 (ler na B\u00edblia)<\/p>\n<p><strong>&nbsp;<\/strong><strong>Reflex\u00e3o:<\/strong> A segunda queda de Jesus faz-nos lembrar de nossas quedas di\u00e1rias. A segunda tenta\u00e7\u00e3o no deserto possui rela\u00e7\u00e3o com os bens deste mundo, com as riquezas materiais. Jesus, ao cair novamente, mostra-nos a nossa fragilidade perante a tenta\u00e7\u00e3o da riqueza, dos tesouros mundanos, de colocar o dinheiro no lugar que \u00e9 de Deus. Sabemos que n\u00e3o podemos servir a dois senhores (Mt 6,24). Coloquemos o nosso cora\u00e7\u00e3o nos tesouros dos C\u00e9us, na perfei\u00e7\u00e3o que vem de Deus. \u201cSe queres ser perfeito, vai, vende os teus bens, d\u00e1 aos pobres, e ter\u00e1s um tesouro no c\u00e9u. Depois, vem e segue-me\u201d (Mt 19,21).<\/p>\n<p><strong>T:<\/strong> <strong>\u201cEnsinai-nos, Senhor, o vosso caminho, e fi\u00e9is a v\u00f3s caminharemos; mant\u00e9m \u00edntegros os nossos cora\u00e7\u00f5es para que temamos o vosso Nome\u201d <\/strong>(Sl 86[85],11-12).<\/p>\n<p>D. Oremos: Senhor Jesus, n\u00e3o permitais que o muro do materialismo se torne intranspon\u00edvel. Ensina-nos, Senhor, a viver apenas com o necess\u00e1rio e a combatermos as guerras travadas pelo poder da riqueza. A v\u00f3s rogamos, Pr\u00edncipe dos pobres, por toda a eternidade.<\/p>\n<p>T.&nbsp;<strong>Senhor Jesus, pela vossa Paix\u00e3o, concedei-nos a paz e a unidade.<\/strong><\/p>\n<p><strong>Canto:<\/strong> Novamente desmaiado, sob a Cruz que vai levando, cai por terra o Salvador! Cai por terra o Salvador! <strong>Pela virgem dolorosa, vossa M\u00e3e t\u00e3o piedosa, perdoai-me, meu Jesus! Perdoai-me, meu Jesus!<\/strong><\/p>\n<p>&nbsp;<\/p>\n<p><strong>Oitava Esta\u00e7\u00e3o \u2013 &nbsp;Jesus consola as mulheres de Jerusal\u00e9m. <\/strong><\/p>\n<p><img loading=\"lazy\" decoding=\"async\" class=\"alignnone size-medium wp-image-107270\" src=\"https:\/\/www.oarcanjo.net\/site\/wp-content\/uploads\/8a.-esta\u00e7\u00e3o_Jesus_consola_mulheres1-300x246.jpg\" alt=\"\" width=\"300\" height=\"246\" srcset=\"https:\/\/www.oarcanjo.net\/site\/wp-content\/uploads\/8a.-esta\u00e7\u00e3o_Jesus_consola_mulheres1-300x246.jpg 300w, https:\/\/www.oarcanjo.net\/site\/wp-content\/uploads\/8a.-esta\u00e7\u00e3o_Jesus_consola_mulheres1-768x631.jpg 768w, https:\/\/www.oarcanjo.net\/site\/wp-content\/uploads\/8a.-esta\u00e7\u00e3o_Jesus_consola_mulheres1-1024x841.jpg 1024w, https:\/\/www.oarcanjo.net\/site\/wp-content\/uploads\/8a.-esta\u00e7\u00e3o_Jesus_consola_mulheres1-600x493.jpg 600w, https:\/\/www.oarcanjo.net\/site\/wp-content\/uploads\/8a.-esta\u00e7\u00e3o_Jesus_consola_mulheres1.jpg 1942w\" sizes=\"(max-width: 300px) 100vw, 300px\" \/><\/p>\n<p>D. N\u00f3s vos adoramos, Senhor Jesus Cristo, e vos bendizemos!<\/p>\n<p>T.&nbsp;<strong>Porque, pela vossa Santa Cruz, remistes o mundo!<\/strong><\/p>\n<p><strong>Leitura do Evangelho de Jesus Cristo escrito por Lucas<\/strong> \u2013 Lc 23,27-28 (ler na B\u00edblia)<\/p>\n<p><strong>&nbsp;<\/strong><strong>Reflex\u00e3o:<\/strong> Um forte lamento era escutado pelas ruas de Jerusal\u00e9m. As mulheres choravam pois aquele pobre condenado sofria na carne um mal que n\u00e3o cometera. Jesus, consciente da profundidade do mal que habitava o cora\u00e7\u00e3o dos condenadores, pede \u00e0s mulheres que n\u00e3o chorem por Ele, mas, sim, pelos seus filhos. Que chorem, elas, pela humanidade que n\u00e3o aceitou o Salvador e o Reino que Ele anunciou. A advert\u00eancia de Jesus confirma que \u201cn\u00e3o se pode ficar pela superf\u00edcie do mal; \u00e9 preciso chegar at\u00e9 o fundo das suas ra\u00edzes\u201d (S\u00e3o Jo\u00e3o Paulo II).<\/p>\n<p><strong>T:<\/strong> <strong>\u201cOs justos clamaram e o Senhor os ouviu, e de todas as tribula\u00e7\u00f5es os libertou. O Senhor est\u00e1 perto dos que t\u00eam o cora\u00e7\u00e3o ferido, e salvar\u00e1 os de esp\u00edrito quebrantado!\u201d <\/strong>(Sl 34[33],18-19).<\/p>\n<p>D. Oremos: Misericordioso Senhor, v\u00f3s que olhais para aqueles que sofrem, que choram pela maldade humana, v\u00f3s que consolais as v\u00edtimas do ego\u00edsmo e secais as l\u00e1grimas de tantas m\u00e3es que veem os seus filhos perdidos neste mundo, n\u00f3s vos pedimos que continueis a consolar-nos e a conduzir-nos para o caminho da dignidade plena para todos.<\/p>\n<p>T.&nbsp;<strong>Senhor Jesus, pela vossa Paix\u00e3o, concedei-nos a paz e a unidade.<\/strong><\/p>\n<p><strong>Canto:<\/strong> Das mulheres piedosas, de Si\u00e3o filhas dolorosas, \u00e9 Jesus consolador! \u00c9 Jesus consolador! <strong>Pela virgem dolorosa, vossa M\u00e3e t\u00e3o piedosa, perdoai-me, meu Jesus! Perdoai-me, meu Jesus!<\/strong><\/p>\n<p>&nbsp;<\/p>\n<p><strong>Nona Esta\u00e7\u00e3o \u2013 &nbsp;Jesus cai pela terceira vez. <\/strong><\/p>\n<p><img loading=\"lazy\" decoding=\"async\" class=\"alignnone size-full wp-image-107271\" src=\"https:\/\/www.oarcanjo.net\/site\/wp-content\/uploads\/9a.-esta\u00e7\u00e3o_Jesus_cai_terceira_vez.jpg\" alt=\"\" width=\"272\" height=\"216\"><\/p>\n<p>D. N\u00f3s vos adoramos, Senhor Jesus Cristo, e vos bendizemos!<\/p>\n<p>T.&nbsp;<strong>Porque, pela vossa Santa Cruz, remistes o mundo!<\/strong><\/p>\n<p><strong>Leitura do Evangelho de Jesus Cristo escrito por Lucas<\/strong> \u2013 Lc 4,9-13 (ler na B\u00edblia)<\/p>\n<p><strong>&nbsp;<\/strong><strong>Reflex\u00e3o:<\/strong> A \u00faltima queda de Jesus remete-nos \u00e0 \u00faltima tenta\u00e7\u00e3o, Jesus \u00e9 tentado pelo poder. Diante dessa realidade, \u201cdeve permanecer uma \u00fanica palavra, que \u00e9 a pr\u00f3pria Cruz. A Cruz de Jesus \u00e9 a Palavra com que Deus respondeu ao mal do mundo\u201d (Papa Francisco). \u00c9 na contempla\u00e7\u00e3o desse mist\u00e9rio, que podemos superar a tenta\u00e7\u00e3o pelos poderes do mundo. O poder pelo poder \u00e9 sinal de morte, de destrui\u00e7\u00e3o, de divis\u00e3o, de guerra. Busquemos o poder que vem do alto e promovamos a paz.<\/p>\n<p><strong>T:<\/strong> <strong>\u201cUma s\u00f3 vez Deus falou, estas duas coisas eu ouvi: o poder vem de Deus, e a ti, Senhor, pertence a miseric\u00f3rdia; pois a cada um retribuir\u00e1s segundo as suas obras\u201d. <\/strong>(Sl 62[61],12-13).<\/p>\n<p>D. Oremos: Senhor Deus todo-poderoso, a v\u00f3s confiamos nossa vida. Conduzi-nos pelo caminho da obedi\u00eancia e da humildade. Que possamos construir, pelo vosso poder, um mundo fraterno onde reine a vossa Paz.<\/p>\n<p>T.&nbsp;<strong>Senhor Jesus, pela vossa Paix\u00e3o, concedei-nos a paz e a unidade.<\/strong><\/p>\n<p><strong>Canto:<\/strong> Cai pela terceira vez prostrado, pelo peso redobrado, dos pecados e da Cruz! Dos pecados e da Cruz! <strong>Pela virgem dolorosa, vossa M\u00e3e t\u00e3o piedosa, perdoai-me, meu Jesus! Perdoai-me, meu Jesus!<\/strong><\/p>\n<p>&nbsp;<\/p>\n<p><strong>D\u00e9cima Esta\u00e7\u00e3o \u2013 &nbsp;Jesus \u00e9 despojado de suas vestes. <\/strong><\/p>\n<p><img loading=\"lazy\" decoding=\"async\" class=\"alignnone size-medium wp-image-107272\" src=\"https:\/\/www.oarcanjo.net\/site\/wp-content\/uploads\/10.-esta\u00e7\u00e3o_Jesus_despojado-300x225.jpg\" alt=\"\" width=\"300\" height=\"225\" srcset=\"https:\/\/www.oarcanjo.net\/site\/wp-content\/uploads\/10.-esta\u00e7\u00e3o_Jesus_despojado-300x225.jpg 300w, https:\/\/www.oarcanjo.net\/site\/wp-content\/uploads\/10.-esta\u00e7\u00e3o_Jesus_despojado.jpg 320w\" sizes=\"(max-width: 300px) 100vw, 300px\" \/><\/p>\n<p>D. N\u00f3s vos adoramos, Senhor Jesus Cristo, e vos bendizemos!<\/p>\n<p>T.&nbsp;<strong>Porque, pela vossa Santa Cruz, remistes o mundo!<\/strong><\/p>\n<p><strong>Leitura do Evangelho de Jesus Cristo escrito por Jo\u00e3o<\/strong> \u2013 Jo 19,23-24 (ler na B\u00edblia)<\/p>\n<p><strong>&nbsp;<\/strong><strong>Reflex\u00e3o:<\/strong> \u201cJesus \u00e9 despojado das suas vestes. A roupa confere ao homem a sua posi\u00e7\u00e3o social; d\u00e1 a ele lugar na sociedade, faz com que se sinta algu\u00e9m. Ser despojado em p\u00fablico significa que Jesus j\u00e1 n\u00e3o \u00e9 ningu\u00e9m, nada mais \u00e9 que um marginalizado, desprezado por todos\u201d (Bento XVI). \u00c9 apresentado ao Pai como oferta pura: o corpo nu e dilacerado do Filho \u00e9 a entrega ao Pai por toda a humanidade resgatada por suas Santas Chagas. A entrega das vestes \u00e9 o rompimento com mais uma das pris\u00f5es, a pris\u00e3o da opini\u00e3o alheia, das diferen\u00e7as sociais. O Homem, verdadeiramente despojado, machucado e ferido pelo pecado, \u00e9 o exemplo de um corpo humano no esplendor da Gl\u00f3ria de Deus.<\/p>\n<p><strong>T:<\/strong> <strong>\u201cN\u00e3o quiseste v\u00edtima nem oferenda, mas formaste um corpo para mim\u201d. <\/strong>(Hb 10,5b).<\/p>\n<p>D. Oremos: Senhor Jesus, ensinai-nos a tratar a todos com igualdade. Que, despojados do velho homem, corrompido pelas paix\u00f5es enganadoras, sejamos revestidos do novo homem, criado \u00e0 imagem de Deus, em justa e santidade (EF 4,22-23).<\/p>\n<p>T.&nbsp;<strong>Senhor Jesus, pela vossa Paix\u00e3o, concedei-nos a paz e a unidade.<\/strong><\/p>\n<p><strong>Canto:<\/strong> Das suas vestes despojado, por algozes maltratado, eu vos vejo, meu Jesus! Eu vos vejo meu Jesus! <strong>Pela virgem dolorosa, vossa M\u00e3e t\u00e3o piedosa, perdoai-me, meu Jesus! Perdoai-me, meu Jesus!<\/strong><\/p>\n<p>&nbsp;<\/p>\n<p><strong>D\u00e9cima Primeira Esta\u00e7\u00e3o \u2013 &nbsp;Jesus \u00e9 pregado na cruz. <\/strong><\/p>\n<p><img loading=\"lazy\" decoding=\"async\" class=\"alignnone size-medium wp-image-107273\" src=\"https:\/\/www.oarcanjo.net\/site\/wp-content\/uploads\/11a.-esta\u00e7\u00e3o_Jesus_Pregado_na_Cruz-300x225.jpg\" alt=\"\" width=\"300\" height=\"225\" srcset=\"https:\/\/www.oarcanjo.net\/site\/wp-content\/uploads\/11a.-esta\u00e7\u00e3o_Jesus_Pregado_na_Cruz-300x225.jpg 300w, https:\/\/www.oarcanjo.net\/site\/wp-content\/uploads\/11a.-esta\u00e7\u00e3o_Jesus_Pregado_na_Cruz.jpg 320w\" sizes=\"(max-width: 300px) 100vw, 300px\" \/><\/p>\n<p>D. N\u00f3s vos adoramos, Senhor Jesus Cristo, e vos bendizemos!<\/p>\n<p>T.&nbsp;<strong>Porque, pela vossa Santa Cruz, remistes o mundo!<\/strong><\/p>\n<p><strong>Leitura do Evangelho de Jesus Cristo escrito por Marcos<\/strong> \u2013 Mc 15,25-32a (ler na B\u00edblia)<\/p>\n<p><strong>&nbsp;<\/strong><strong>Reflex\u00e3o:<\/strong> Em torno das nove horas da manh\u00e3, crucificaram o Senhor. N\u00e3o bastava a maldade da cruz, a condena\u00e7\u00e3o \u00e0 morte, os homens continuavam a zombar dele. A humanidade continua a zombar dele: no sofrimento dos irm\u00e3os, na destrui\u00e7\u00e3o da Cria\u00e7\u00e3o, no ego\u00edsmo, no desejo de vingan\u00e7a. \u201cNas palmas das suas m\u00e3os trespassadas pelos cravos est\u00e1 escrito o nome dos que, com Ele, continuam a ser crucificados\u201d (Via Sacra do Coliseu, 2002).<\/p>\n<p><strong>T:<\/strong> <strong>\u201cEscreverei, Senhor, vossas chagas em meu cora\u00e7\u00e3o, para que nelas eu leia a dor e o amor!\u201d. <\/strong>(Santo Agostinho).<\/p>\n<p>D. Oremos: Senhor Jesus, fazei-nos ler em vossas chagas o caminho seguro para a paz e a unidade. Que a vossa realeza inspire-nos a seguir vossos passos, no despojamento das riquezas do mundo e no dif\u00edcil abra\u00e7o \u00e0 Cruz. Dessa mesma Cruz em que reinais, olheis por n\u00f3s, vossos irm\u00e3os.<\/p>\n<p>T.&nbsp;<strong>Senhor Jesus, pela vossa Paix\u00e3o, concedei-nos a paz e a unidade.<\/strong><\/p>\n<p><strong>Canto:<\/strong> Sois por mim \u00e0 Cruz pregado, insultado, blasfemado, com cegueira e com furor! Com cegueira e com furor! <strong>Pela virgem dolorosa, vossa M\u00e3e t\u00e3o piedosa, perdoai-me, meu Jesus! Perdoai-me, meu Jesus!<\/strong><\/p>\n<p>&nbsp;<\/p>\n<p><strong>D\u00e9cima Segunda Esta\u00e7\u00e3o \u2013 &nbsp;Jesus morre na cruz. <\/strong><\/p>\n<p><img loading=\"lazy\" decoding=\"async\" class=\"alignnone size-full wp-image-107274\" src=\"https:\/\/www.oarcanjo.net\/site\/wp-content\/uploads\/12a.-esta\u00e7\u00e3o_Jesus_morre_na_Cruz.jpg\" alt=\"\" width=\"261\" height=\"235\"><\/p>\n<p>D. N\u00f3s vos adoramos, Senhor Jesus Cristo, e vos bendizemos!<\/p>\n<p>T.&nbsp;<strong>Porque, pela vossa Santa Cruz, remistes o mundo!<\/strong><\/p>\n<p><strong>Leitura do Evangelho de Jesus Cristo escrito por Marcos<\/strong> \u2013 Mc 15,39 (ler na B\u00edblia)<\/p>\n<p><strong>&nbsp;<\/strong><strong>Canto:<\/strong> No mais alto do Calv\u00e1rio, morreu nosso bom Jesus. Dando o \u00faltimo suspiro, nos bra\u00e7os da Santa Cruz! Dando o \u00faltimo suspiro, nos bra\u00e7os da Santa Cruz! (Todos se ajoelham e contemplam a Cruz em um momento de profundo sil\u00eancio)<\/p>\n<p><strong>&nbsp;<\/strong><strong>Reflex\u00e3o:<\/strong> Em sua entrega total, Jesus \u00e9 reconhecido como Filho de Deus. Perante o minist\u00e9rio de Deus, crucificado e morto, \u00e9 que reconhecemos sua identidade. Nessa hora de nossa Salva\u00e7\u00e3o, o mundo encontrou-se em trevas, era s\u00f3 escurid\u00e3o. Mas da Cruz redentora um facho de luz iluminou os cora\u00e7\u00f5es abertos para a Boa-Nova. Seus bra\u00e7os abertos acolhem e abra\u00e7am a humanidade.<\/p>\n<p><strong>T:<\/strong> <strong>\u201cSenhor, \u201cmostrai-vos novamente ao mundo nesta hora. Fazei com que a vossa Salva\u00e7\u00e3o se manifeste\u201d! <\/strong>(Bento XVI).<\/p>\n<p>D. Oremos: Pai amoroso, dai-nos for\u00e7a e \u00e2nimo para lutarmos em defesa da vida que supera a morte. Que, ao contemplarmos a indignidade do mal humano, sejamos estimulados a propagar a dignidade da fraternidade e \u00e0 promo\u00e7\u00e3o do bem comum e da paz, fruto da unidade e da conc\u00f3rdia entre os irm\u00e3os. Isso vos pedimos, por Cristo, Senhor nosso.<\/p>\n<p>T.&nbsp;<strong>Senhor Jesus, pela vossa Paix\u00e3o, concedei-nos a paz e a unidade.<\/strong><\/p>\n<p><strong>Canto:<\/strong> Por meus crimes padecestes, meu Jesus, por mim morrestes, quanta ang\u00fastia e quanta dor! Quanta ang\u00fastia e quanta dor! <strong>Pela virgem dolorosa, vossa M\u00e3e t\u00e3o piedosa, perdoai-me, meu Jesus! Perdoai-me, meu Jesus!<\/strong><\/p>\n<p>&nbsp;<\/p>\n<p><strong>D\u00e9cima Terceira Esta\u00e7\u00e3o \u2013 &nbsp;Jesus \u00e9 descido da cruz. <\/strong><\/p>\n<p><img loading=\"lazy\" decoding=\"async\" class=\"alignnone size-full wp-image-107275\" src=\"https:\/\/www.oarcanjo.net\/site\/wp-content\/uploads\/13a.-esta\u00e7\u00e3o_Jesus_descido_da_Cruz.jpg\" alt=\"\" width=\"217\" height=\"207\"><\/p>\n<p>D. N\u00f3s vos adoramos, Senhor Jesus Cristo, e vos bendizemos!<\/p>\n<p>T.&nbsp;<strong>Porque, pela vossa Santa Cruz, remistes o mundo!<\/strong><\/p>\n<p><strong>Leitura do Evangelho de Jesus Cristo escrito por Jo\u00e3o<\/strong> \u2013 Jo 19,32-34.38 (ler na B\u00edblia)<\/p>\n<p><strong>&nbsp;<\/strong><strong>Reflex\u00e3o:<\/strong> No final daquele hist\u00f3rico dia, o Senhor morto \u00e9 trespassado por uma lan\u00e7a. Sangue e \u00e1gua brotaram de seu lado aberto. Nessa chaga, recebemos, novamente, um convite como o de Tom\u00e9: \u201cEstende a tua m\u00e3o, coloca-a no meu lado e n\u00e3o sejas incr\u00e9dulo, mas cr\u00ea\u201d (Jo 20, 27b). A esse convite responderemos, confiantes, como o ap\u00f3stolo: \u201cMeu Senhor e meu Deus\u201d (Jo 20, 28b)! Assim, ap\u00f3s essa doa\u00e7\u00e3o que n\u00e3o encontra restri\u00e7\u00f5es, o Corpo do Senhor \u00e9 retirado da Cruz e entregue \u00e0 sua m\u00e3e. \u201cE de novo Jesus est\u00e1 inteiro nos seus bra\u00e7os como esteve no pres\u00e9pio de Bel\u00e9m, durante a fuga para o Egito, em Nazar\u00e9\u201d (S\u00e3o Jo\u00e3o Paulo II).<\/p>\n<p><strong>T:<\/strong> <strong>\u201c\u00d3 Sangue e \u00e1gua que jorraste do Cora\u00e7\u00e3o de Jesus como fonte de Miseric\u00f3rdia para n\u00f3s, eu confio em v\u00f3s!<\/strong><\/p>\n<p>D. Oremos: Senhor Jesus, trespassado pela lan\u00e7a, conduzi-nos pela via da miseric\u00f3rdia que nos concede a verdadeira paz. Isso pedimos a v\u00f3s, Pr\u00edncipe da Miseric\u00f3rdia, que viveis e reinais para sempre.<\/p>\n<p>T.&nbsp;<strong>Senhor Jesus, pela vossa Paix\u00e3o, concedei-nos a paz e a unidade.<\/strong><\/p>\n<p><strong>Canto:<\/strong> Do madeiro vos tiraram, e \u00e0 M\u00e3e vos entregaram, com que dor e compaix\u00e3o! Com que dor e compaix\u00e3o! <strong>Pela virgem dolorosa, vossa M\u00e3e t\u00e3o piedosa, perdoai-me, meu Jesus! Perdoai-me, meu Jesus!<\/strong><\/p>\n<p>&nbsp;<\/p>\n<p><strong>D\u00e9cima Quarta Esta\u00e7\u00e3o \u2013 &nbsp;Jesus \u00e9 sepultado. <\/strong><\/p>\n<p><img loading=\"lazy\" decoding=\"async\" class=\"alignnone size-medium wp-image-107276\" src=\"https:\/\/www.oarcanjo.net\/site\/wp-content\/uploads\/14a.esta\u00e7\u00e3o_Jesus_sepultado1-300x256.jpg\" alt=\"\" width=\"300\" height=\"256\" srcset=\"https:\/\/www.oarcanjo.net\/site\/wp-content\/uploads\/14a.esta\u00e7\u00e3o_Jesus_sepultado1-300x256.jpg 300w, https:\/\/www.oarcanjo.net\/site\/wp-content\/uploads\/14a.esta\u00e7\u00e3o_Jesus_sepultado1-768x657.jpg 768w, https:\/\/www.oarcanjo.net\/site\/wp-content\/uploads\/14a.esta\u00e7\u00e3o_Jesus_sepultado1-1024x875.jpg 1024w, https:\/\/www.oarcanjo.net\/site\/wp-content\/uploads\/14a.esta\u00e7\u00e3o_Jesus_sepultado1-600x513.jpg 600w, https:\/\/www.oarcanjo.net\/site\/wp-content\/uploads\/14a.esta\u00e7\u00e3o_Jesus_sepultado1.jpg 1785w\" sizes=\"(max-width: 300px) 100vw, 300px\" \/><\/p>\n<p>D. N\u00f3s vos adoramos, Senhor Jesus Cristo, e vos bendizemos!<\/p>\n<p>T.&nbsp;<strong>Porque, pela vossa Santa Cruz, remistes o mundo!<\/strong><\/p>\n<p><strong>Leitura do Evangelho de Jesus Cristo escrito por Mateus<\/strong> \u2013 Mt 27,59-60 (ler na B\u00edblia)&nbsp;<\/p>\n<p><strong>Reflex\u00e3o:<\/strong> O Corpo do Senhor, despido, ultrajado, sem dignidade aos olhos do mundo, est\u00e1 repleto da dignidade que vem do C\u00e9u. Sua vida foi reflexo de \u201cobedi\u00eancia e paz\u201d (S\u00e3o Jo\u00e3o XXIII). Nicodemos unge-o com abundante \u00f3leo perfumado, s\u00edmbolo do amor de Deus que transborda. \u00c9 revestido com um len\u00e7ol limpo, seu Corpo descansa, em paz, em um sepulcro. Mas, por detr\u00e1s daquela grande pedra, a morte n\u00e3o ter\u00e1 a \u00faltima palavra. A esperan\u00e7a vive em todos aqueles que amam ao Senhor. \u201cSabemos que tudo coopera para o bem daqueles que amam a Deus\u201d (Rm 8,28a).<\/p>\n<p><strong>T:<\/strong> <strong>\u201cS\u00f3 em Deus repousa, \u00f3 minha alma, pois dele vem minha esperan\u00e7a. Ele \u00e9 meu Rochedo e minha salva\u00e7\u00e3o, minha defesa, jamais vou vacilar! <\/strong>(Sl 62[61],6-8)<\/p>\n<p>D. Oremos: Senhor Jesus, fazei-nos compreender a vossa vontade e dai-nos coragem para caminhar. Que a esperan\u00e7a nunca nos seja roubada. A v\u00f3s, que viveis e reinais para sempre pedimos.<\/p>\n<p>T.&nbsp;<strong>Senhor Jesus, pela vossa Paix\u00e3o, concedei-nos a paz e a unidade.<\/strong><\/p>\n<p><strong>Canto:<\/strong> No sepulcro vos puseram, mas os homens tudo esperam, do Mist\u00e9rio da Paix\u00e3o! Do Mist\u00e9rio da Paix\u00e3o! <strong>Pela virgem dolorosa, vossa M\u00e3e t\u00e3o piedosa, perdoai-me, meu Jesus! Perdoai-me, meu Jesus!<\/strong><\/p>\n<p>&nbsp;<\/p>\n<p><strong>D\u00e9cima Quinta Esta\u00e7\u00e3o \u2013 &nbsp;Jesus ressuscita dos mortos. <\/strong><\/p>\n<p><img loading=\"lazy\" decoding=\"async\" class=\"alignnone size-full wp-image-107277\" src=\"https:\/\/www.oarcanjo.net\/site\/wp-content\/uploads\/15a.-esta\u00e7\u00e3o_Jesus_ressuscita.15.jpg\" alt=\"\" width=\"271\" height=\"240\"><\/p>\n<p>D. N\u00f3s vos adoramos, Senhor Jesus Cristo, e vos bendizemos!<\/p>\n<p>T.&nbsp;<strong>Porque, pela vossa Santa Cruz, remistes o mundo!<\/strong><\/p>\n<p><strong>Leitura do Evangelho de Jesus Cristo escrito por Lucas<\/strong> \u2013 Lc 24,2-7 (ler na B\u00edblia)<\/p>\n<p><strong>&nbsp;<\/strong><strong>Reflex\u00e3o:<\/strong> \u201cPor que procurais entre os mortos o vivente? N\u00e3o est\u00e1 aqui. Ressuscitou!\u201d. A Morte n\u00e3o tem a \u00faltima palavra, o pecado&nbsp; n\u00e3o \u00e9 o fim. Esse Senhor, vivo e ressuscitado, \u00e9 quem nos concede a verdadeira paz. Aquela que brota da unidade de todos os que se re\u00fanem em seu nome. Estando os disc\u00edpulos reunidos, Ele apareceu e disse-lhes: \u201cA paz esteja convosco\u201d (Lc 24 36b). E assim se repete, por todos os s\u00e9culos, quando estamos reunidos em seu nome. Ele est\u00e1 no meio de n\u00f3s e nos concede a sua Paz!<\/p>\n<p><strong>&nbsp;<\/strong><strong>Canto:<\/strong> Por sua morte, a morte viu o fim. No sangue derramado a vida renasceu. Seu p\u00e9 ferido nova estrada abriu. E neste Homem, o homem enfim se descobriu. <strong>Meu cora\u00e7\u00e3o me diz: o Amor me amou e se entregou por mim, Jesus ressuscitou. Passou a escurid\u00e3o, o Sol nasceu! A vida triunfou, Jesus ressuscitou!<\/strong><\/p>\n<p>D. Oremos: Senhor Jesus Ressuscitado, v\u00f3s que sois a nossa paz, ouvi-nos para que todos os muros da divis\u00e3o sejam rompidos e que a vossa comunh\u00e3o brilhe entre n\u00f3s. V\u00f3s que sois Deus, na unidade com o Pai e o Esp\u00edrito Santo.<\/p>\n<p>T.&nbsp;<strong>Senhor Jesus, pela vossa Paix\u00e3o, concedei-nos a paz e a unidade.<\/strong><\/p>\n<p><strong>Canto:<\/strong> Vit\u00f3ria, tu reinar\u00e1s! O Cruz, tu nos salvar\u00e1s! Brilhando sobre o mundo, que vive sem tua luz, tu \u00e9s um sol fecundo, de amor e de paz, \u00f3 Cruz! <strong>Vit\u00f3ria, tu reinar\u00e1s! O Cruz, tu nos salvar\u00e1s! Vit\u00f3ria, tu reinar\u00e1s! O Cruz, tu nos salvar\u00e1s! <\/strong><\/p>\n<p>&nbsp;<\/p>\n<p><strong>Encerramento da Via Sacra<\/strong><\/p>\n<p>D. Ao final desta caminhada, depois destas esta\u00e7\u00f5es, queremos proclamar:<\/p>\n<p><strong>&nbsp;T.&nbsp;<\/strong><strong>\u201cEle \u00e9 a nossa paz: de dois povos fez um s\u00f3\u201d!<\/strong> (Ef 2,14\u00aa)<\/p>\n<p><strong>Reflex\u00e3o:<\/strong> A Cruz do Senhor nos convida a colocar de lado as diferen\u00e7as e a buscar tecer, juntos, um caminho de fraternidade e di\u00e1logo. A Campanha da Fraternidade Ecum\u00eanica deste ano reflete justamente isto: que fraternidade e di\u00e1logo s\u00e3o, para n\u00f3s crist\u00e3os, um compromisso de amor. Queremos, ao final deste percurso, rezar com Jesus:<\/p>\n<p>T.&nbsp;<strong>\u201cQue todos sejam um, como tu, Pai, est\u00e1s em mim, e eu em ti. Que tamb\u00e9m eles estejam em n\u00f3s, a fim de que o mundo creia que tu me enviaste\u201d<\/strong> (Jo 17,21).<\/p>\n<p><strong>Reflex\u00e3o:<\/strong> Assim, encontraremos a paz nesse mesmo Senhor que nos comunica o Esp\u00edrito da Unidade. Por isso, como filhos e filhas do Pai, rezemos a ora\u00e7\u00e3o que o Filho nos ensinou:<\/p>\n<p><strong>Pai Nosso &#8230;<\/strong><\/p>\n<p><strong>Ministro:<\/strong> O Senhor nos aben\u00e7oe, nos livre de todo o mal e nos conduza \u00e0 vida eterna.<\/p>\n<p><strong>Todos:<\/strong> Am\u00e9m!<\/p>\n<p>D. Vamos em paz e que o Senhor vos acompanhe.<\/p>\n<p>T.&nbsp;<strong>Gra\u00e7as a Deus!<\/strong><\/p>\n<div id=\"themify_builder_content-107262\" data-postid=\"107262\" class=\"themify_builder_content themify_builder_content-107262 themify_builder themify_builder_front\">\n\t<\/div>\n<!-- \/themify_builder_content -->","protected":false},"excerpt":{"rendered":"<p>Ser um com Cristo s\u00f3 se faz poss\u00edvel no amor fraterno que n\u00e3o se limita aos irm\u00e3os da mesma Igreja<\/p>\n","protected":false},"author":10,"featured_media":0,"comment_status":"open","ping_status":"open","sticky":false,"template":"","format":"standard","meta":{"ngg_post_thumbnail":0,"footnotes":""},"categories":[8],"tags":[],"yoast_head":"<!-- This site is optimized with the Yoast SEO plugin v23.5 - https:\/\/yoast.com\/wordpress\/plugins\/seo\/ -->\n<title>Via Sacra 2021 - O Arcanjo no ar<\/title>\n<meta name=\"robots\" content=\"index, follow, max-snippet:-1, max-image-preview:large, max-video-preview:-1\" \/>\n<link rel=\"canonical\" href=\"https:\/\/www.oarcanjo.net\/site\/via-sacra-2021\/\" \/>\n<meta property=\"og:locale\" content=\"pt_BR\" \/>\n<meta property=\"og:type\" content=\"article\" \/>\n<meta property=\"og:title\" content=\"Via Sacra 2021 - O Arcanjo no ar\" \/>\n<meta property=\"og:description\" content=\"Ser um com Cristo s\u00f3 se faz poss\u00edvel no amor fraterno que n\u00e3o se limita aos irm\u00e3os da mesma Igreja\" \/>\n<meta property=\"og:url\" content=\"https:\/\/www.oarcanjo.net\/site\/via-sacra-2021\/\" \/>\n<meta property=\"og:site_name\" content=\"O Arcanjo no ar\" \/>\n<meta property=\"article:publisher\" content=\"https:\/\/www.facebook.com\/OArcanjoNoAr\/\" \/>\n<meta property=\"article:published_time\" content=\"2021-03-28T01:35:51+00:00\" \/>\n<meta property=\"article:modified_time\" content=\"2021-03-28T18:21:12+00:00\" \/>\n<meta property=\"og:image\" content=\"https:\/\/www.oarcanjo.net\/site\/wp-content\/uploads\/IMG_0258-228x300.jpg\" \/>\n<meta name=\"author\" content=\"carlos\" \/>\n<meta name=\"twitter:card\" content=\"summary_large_image\" \/>\n<meta name=\"twitter:label1\" content=\"Escrito por\" \/>\n\t<meta name=\"twitter:data1\" content=\"carlos\" \/>\n\t<meta name=\"twitter:label2\" content=\"Est. tempo de leitura\" \/>\n\t<meta name=\"twitter:data2\" content=\"22 minutos\" \/>\n<script type=\"application\/ld+json\" class=\"yoast-schema-graph\">{\"@context\":\"https:\/\/schema.org\",\"@graph\":[{\"@type\":\"Article\",\"@id\":\"https:\/\/www.oarcanjo.net\/site\/via-sacra-2021\/#article\",\"isPartOf\":{\"@id\":\"https:\/\/www.oarcanjo.net\/site\/via-sacra-2021\/\"},\"author\":{\"name\":\"carlos\",\"@id\":\"https:\/\/www.oarcanjo.net\/site\/#\/schema\/person\/f7870e710d8c8c30673de3a0ac2e451d\"},\"headline\":\"Via Sacra 2021\",\"datePublished\":\"2021-03-28T01:35:51+00:00\",\"dateModified\":\"2021-03-28T18:21:12+00:00\",\"mainEntityOfPage\":{\"@id\":\"https:\/\/www.oarcanjo.net\/site\/via-sacra-2021\/\"},\"wordCount\":4307,\"commentCount\":0,\"publisher\":{\"@id\":\"https:\/\/www.oarcanjo.net\/site\/#organization\"},\"image\":{\"@id\":\"https:\/\/www.oarcanjo.net\/site\/via-sacra-2021\/#primaryimage\"},\"thumbnailUrl\":\"https:\/\/www.oarcanjo.net\/site\/wp-content\/uploads\/IMG_0258-228x300.jpg\",\"articleSection\":[\"Not\u00edcias\"],\"inLanguage\":\"pt-BR\",\"potentialAction\":[{\"@type\":\"CommentAction\",\"name\":\"Comment\",\"target\":[\"https:\/\/www.oarcanjo.net\/site\/via-sacra-2021\/#respond\"]}]},{\"@type\":\"WebPage\",\"@id\":\"https:\/\/www.oarcanjo.net\/site\/via-sacra-2021\/\",\"url\":\"https:\/\/www.oarcanjo.net\/site\/via-sacra-2021\/\",\"name\":\"Via Sacra 2021 - O Arcanjo no ar\",\"isPartOf\":{\"@id\":\"https:\/\/www.oarcanjo.net\/site\/#website\"},\"primaryImageOfPage\":{\"@id\":\"https:\/\/www.oarcanjo.net\/site\/via-sacra-2021\/#primaryimage\"},\"image\":{\"@id\":\"https:\/\/www.oarcanjo.net\/site\/via-sacra-2021\/#primaryimage\"},\"thumbnailUrl\":\"https:\/\/www.oarcanjo.net\/site\/wp-content\/uploads\/IMG_0258-228x300.jpg\",\"datePublished\":\"2021-03-28T01:35:51+00:00\",\"dateModified\":\"2021-03-28T18:21:12+00:00\",\"breadcrumb\":{\"@id\":\"https:\/\/www.oarcanjo.net\/site\/via-sacra-2021\/#breadcrumb\"},\"inLanguage\":\"pt-BR\",\"potentialAction\":[{\"@type\":\"ReadAction\",\"target\":[\"https:\/\/www.oarcanjo.net\/site\/via-sacra-2021\/\"]}]},{\"@type\":\"ImageObject\",\"inLanguage\":\"pt-BR\",\"@id\":\"https:\/\/www.oarcanjo.net\/site\/via-sacra-2021\/#primaryimage\",\"url\":\"https:\/\/www.oarcanjo.net\/site\/wp-content\/uploads\/IMG_0258.jpg\",\"contentUrl\":\"https:\/\/www.oarcanjo.net\/site\/wp-content\/uploads\/IMG_0258.jpg\",\"width\":486,\"height\":640},{\"@type\":\"BreadcrumbList\",\"@id\":\"https:\/\/www.oarcanjo.net\/site\/via-sacra-2021\/#breadcrumb\",\"itemListElement\":[{\"@type\":\"ListItem\",\"position\":1,\"name\":\"In\u00edcio\",\"item\":\"https:\/\/www.oarcanjo.net\/site\/\"},{\"@type\":\"ListItem\",\"position\":2,\"name\":\"Via Sacra 2021\"}]},{\"@type\":\"WebSite\",\"@id\":\"https:\/\/www.oarcanjo.net\/site\/#website\",\"url\":\"https:\/\/www.oarcanjo.net\/site\/\",\"name\":\"O Arcanjo no ar\",\"description\":\"Site da Par\u00f3quia S\u00e3o Miguel Arcanjo (Arquidiocese de SP)\",\"publisher\":{\"@id\":\"https:\/\/www.oarcanjo.net\/site\/#organization\"},\"potentialAction\":[{\"@type\":\"SearchAction\",\"target\":{\"@type\":\"EntryPoint\",\"urlTemplate\":\"https:\/\/www.oarcanjo.net\/site\/?s={search_term_string}\"},\"query-input\":{\"@type\":\"PropertyValueSpecification\",\"valueRequired\":true,\"valueName\":\"search_term_string\"}}],\"inLanguage\":\"pt-BR\"},{\"@type\":\"Organization\",\"@id\":\"https:\/\/www.oarcanjo.net\/site\/#organization\",\"name\":\"Par\u00f3quia S\u00e3o Miguel Arcanjo\",\"url\":\"https:\/\/www.oarcanjo.net\/site\/\",\"logo\":{\"@type\":\"ImageObject\",\"inLanguage\":\"pt-BR\",\"@id\":\"https:\/\/www.oarcanjo.net\/site\/#\/schema\/logo\/image\/\",\"url\":\"https:\/\/www.oarcanjo.net\/site\/wp-content\/uploads\/LogoOArcanjo.png\",\"contentUrl\":\"https:\/\/www.oarcanjo.net\/site\/wp-content\/uploads\/LogoOArcanjo.png\",\"width\":319,\"height\":99,\"caption\":\"Par\u00f3quia S\u00e3o Miguel Arcanjo\"},\"image\":{\"@id\":\"https:\/\/www.oarcanjo.net\/site\/#\/schema\/logo\/image\/\"},\"sameAs\":[\"https:\/\/www.facebook.com\/OArcanjoNoAr\/\"]},{\"@type\":\"Person\",\"@id\":\"https:\/\/www.oarcanjo.net\/site\/#\/schema\/person\/f7870e710d8c8c30673de3a0ac2e451d\",\"name\":\"carlos\"}]}<\/script>\n<!-- \/ Yoast SEO plugin. -->","yoast_head_json":{"title":"Via Sacra 2021 - O Arcanjo no ar","robots":{"index":"index","follow":"follow","max-snippet":"max-snippet:-1","max-image-preview":"max-image-preview:large","max-video-preview":"max-video-preview:-1"},"canonical":"https:\/\/www.oarcanjo.net\/site\/via-sacra-2021\/","og_locale":"pt_BR","og_type":"article","og_title":"Via Sacra 2021 - O Arcanjo no ar","og_description":"Ser um com Cristo s\u00f3 se faz poss\u00edvel no amor fraterno que n\u00e3o se limita aos irm\u00e3os da mesma Igreja","og_url":"https:\/\/www.oarcanjo.net\/site\/via-sacra-2021\/","og_site_name":"O Arcanjo no ar","article_publisher":"https:\/\/www.facebook.com\/OArcanjoNoAr\/","article_published_time":"2021-03-28T01:35:51+00:00","article_modified_time":"2021-03-28T18:21:12+00:00","og_image":[{"url":"https:\/\/www.oarcanjo.net\/site\/wp-content\/uploads\/IMG_0258-228x300.jpg"}],"author":"carlos","twitter_card":"summary_large_image","twitter_misc":{"Escrito por":"carlos","Est. tempo de leitura":"22 minutos"},"schema":{"@context":"https:\/\/schema.org","@graph":[{"@type":"Article","@id":"https:\/\/www.oarcanjo.net\/site\/via-sacra-2021\/#article","isPartOf":{"@id":"https:\/\/www.oarcanjo.net\/site\/via-sacra-2021\/"},"author":{"name":"carlos","@id":"https:\/\/www.oarcanjo.net\/site\/#\/schema\/person\/f7870e710d8c8c30673de3a0ac2e451d"},"headline":"Via Sacra 2021","datePublished":"2021-03-28T01:35:51+00:00","dateModified":"2021-03-28T18:21:12+00:00","mainEntityOfPage":{"@id":"https:\/\/www.oarcanjo.net\/site\/via-sacra-2021\/"},"wordCount":4307,"commentCount":0,"publisher":{"@id":"https:\/\/www.oarcanjo.net\/site\/#organization"},"image":{"@id":"https:\/\/www.oarcanjo.net\/site\/via-sacra-2021\/#primaryimage"},"thumbnailUrl":"https:\/\/www.oarcanjo.net\/site\/wp-content\/uploads\/IMG_0258-228x300.jpg","articleSection":["Not\u00edcias"],"inLanguage":"pt-BR","potentialAction":[{"@type":"CommentAction","name":"Comment","target":["https:\/\/www.oarcanjo.net\/site\/via-sacra-2021\/#respond"]}]},{"@type":"WebPage","@id":"https:\/\/www.oarcanjo.net\/site\/via-sacra-2021\/","url":"https:\/\/www.oarcanjo.net\/site\/via-sacra-2021\/","name":"Via Sacra 2021 - O Arcanjo no ar","isPartOf":{"@id":"https:\/\/www.oarcanjo.net\/site\/#website"},"primaryImageOfPage":{"@id":"https:\/\/www.oarcanjo.net\/site\/via-sacra-2021\/#primaryimage"},"image":{"@id":"https:\/\/www.oarcanjo.net\/site\/via-sacra-2021\/#primaryimage"},"thumbnailUrl":"https:\/\/www.oarcanjo.net\/site\/wp-content\/uploads\/IMG_0258-228x300.jpg","datePublished":"2021-03-28T01:35:51+00:00","dateModified":"2021-03-28T18:21:12+00:00","breadcrumb":{"@id":"https:\/\/www.oarcanjo.net\/site\/via-sacra-2021\/#breadcrumb"},"inLanguage":"pt-BR","potentialAction":[{"@type":"ReadAction","target":["https:\/\/www.oarcanjo.net\/site\/via-sacra-2021\/"]}]},{"@type":"ImageObject","inLanguage":"pt-BR","@id":"https:\/\/www.oarcanjo.net\/site\/via-sacra-2021\/#primaryimage","url":"https:\/\/www.oarcanjo.net\/site\/wp-content\/uploads\/IMG_0258.jpg","contentUrl":"https:\/\/www.oarcanjo.net\/site\/wp-content\/uploads\/IMG_0258.jpg","width":486,"height":640},{"@type":"BreadcrumbList","@id":"https:\/\/www.oarcanjo.net\/site\/via-sacra-2021\/#breadcrumb","itemListElement":[{"@type":"ListItem","position":1,"name":"In\u00edcio","item":"https:\/\/www.oarcanjo.net\/site\/"},{"@type":"ListItem","position":2,"name":"Via Sacra 2021"}]},{"@type":"WebSite","@id":"https:\/\/www.oarcanjo.net\/site\/#website","url":"https:\/\/www.oarcanjo.net\/site\/","name":"O Arcanjo no ar","description":"Site da Par\u00f3quia S\u00e3o Miguel Arcanjo (Arquidiocese de SP)","publisher":{"@id":"https:\/\/www.oarcanjo.net\/site\/#organization"},"potentialAction":[{"@type":"SearchAction","target":{"@type":"EntryPoint","urlTemplate":"https:\/\/www.oarcanjo.net\/site\/?s={search_term_string}"},"query-input":{"@type":"PropertyValueSpecification","valueRequired":true,"valueName":"search_term_string"}}],"inLanguage":"pt-BR"},{"@type":"Organization","@id":"https:\/\/www.oarcanjo.net\/site\/#organization","name":"Par\u00f3quia S\u00e3o Miguel Arcanjo","url":"https:\/\/www.oarcanjo.net\/site\/","logo":{"@type":"ImageObject","inLanguage":"pt-BR","@id":"https:\/\/www.oarcanjo.net\/site\/#\/schema\/logo\/image\/","url":"https:\/\/www.oarcanjo.net\/site\/wp-content\/uploads\/LogoOArcanjo.png","contentUrl":"https:\/\/www.oarcanjo.net\/site\/wp-content\/uploads\/LogoOArcanjo.png","width":319,"height":99,"caption":"Par\u00f3quia S\u00e3o Miguel Arcanjo"},"image":{"@id":"https:\/\/www.oarcanjo.net\/site\/#\/schema\/logo\/image\/"},"sameAs":["https:\/\/www.facebook.com\/OArcanjoNoAr\/"]},{"@type":"Person","@id":"https:\/\/www.oarcanjo.net\/site\/#\/schema\/person\/f7870e710d8c8c30673de3a0ac2e451d","name":"carlos"}]}},"publishpress_future_action":{"enabled":false,"date":"2026-05-09 00:05:37","action":"category","newStatus":"draft","terms":[],"taxonomy":"category"},"publishpress_future_workflow_manual_trigger":{"enabledWorkflows":[]},"_links":{"self":[{"href":"https:\/\/www.oarcanjo.net\/site\/wp-json\/wp\/v2\/posts\/107262"}],"collection":[{"href":"https:\/\/www.oarcanjo.net\/site\/wp-json\/wp\/v2\/posts"}],"about":[{"href":"https:\/\/www.oarcanjo.net\/site\/wp-json\/wp\/v2\/types\/post"}],"author":[{"embeddable":true,"href":"https:\/\/www.oarcanjo.net\/site\/wp-json\/wp\/v2\/users\/10"}],"replies":[{"embeddable":true,"href":"https:\/\/www.oarcanjo.net\/site\/wp-json\/wp\/v2\/comments?post=107262"}],"version-history":[{"count":4,"href":"https:\/\/www.oarcanjo.net\/site\/wp-json\/wp\/v2\/posts\/107262\/revisions"}],"predecessor-version":[{"id":107314,"href":"https:\/\/www.oarcanjo.net\/site\/wp-json\/wp\/v2\/posts\/107262\/revisions\/107314"}],"wp:attachment":[{"href":"https:\/\/www.oarcanjo.net\/site\/wp-json\/wp\/v2\/media?parent=107262"}],"wp:term":[{"taxonomy":"category","embeddable":true,"href":"https:\/\/www.oarcanjo.net\/site\/wp-json\/wp\/v2\/categories?post=107262"},{"taxonomy":"post_tag","embeddable":true,"href":"https:\/\/www.oarcanjo.net\/site\/wp-json\/wp\/v2\/tags?post=107262"}],"curies":[{"name":"wp","href":"https:\/\/api.w.org\/{rel}","templated":true}]}}