
{"id":10727,"date":"2017-09-05T00:55:15","date_gmt":"2017-09-05T03:55:15","guid":{"rendered":"http:\/\/www.oarcanjo.net\/site\/?p=10727"},"modified":"2017-07-31T07:14:19","modified_gmt":"2017-07-31T10:14:19","slug":"bem-aventuradamadre-teresa-de-calcuta","status":"publish","type":"post","link":"https:\/\/www.oarcanjo.net\/site\/bem-aventuradamadre-teresa-de-calcuta\/","title":{"rendered":"Santa Madre Teresa de Calcut\u00e1"},"content":{"rendered":"<p><img loading=\"lazy\" decoding=\"async\" src=\"http:\/\/1.bp.blogspot.com\/_PvVAVDZoCwY\/TAaW1fnrxRI\/AAAAAAAAGrU\/IFSqlhBCcLU\/s400\/foto-madre-teresa.jpg\" alt=\"\" width=\"324\" height=\"400\" \/>\u00a0 <a id=\"irc_mil\" href=\"https:\/\/www.google.com.br\/url?sa=i&amp;rct=j&amp;q=&amp;esrc=s&amp;source=images&amp;cd=&amp;cad=rja&amp;uact=8&amp;ved=0ahUKEwjx9ZrTpLPVAhWDhJAKHfM_ARkQjRwIBw&amp;url=https%3A%2F%2Ffotosmilagrosasbrasil.blogspot.com%2F2013%2F09%2Fsanto-do-dia-05set13-beata-madre-teresa.html&amp;psig=AFQjCNFCDvLjcTIJElDCETOjJjs3xVvRmw&amp;ust=1501582438876700\"><img loading=\"lazy\" decoding=\"async\" id=\"irc_mi\" src=\"http:\/\/4.bp.blogspot.com\/-jgDh4OzFbnE\/UikbCfhPthI\/AAAAAAABJM0\/BanVyPpuFGA\/s640\/madre-teresa_thumb.jpg\" alt=\"Resultado de imagem para madre teresa de calcut\u00e1 santo do dia\" width=\"412\" height=\"570\" \/><\/a><\/p>\n<p>05 de Setembro<\/p>\n<p>Fundou a Congrega\u00e7\u00e3o das Mission\u00e1rias da Caridade<\/p>\n<p>Agnes Gouxha Bojaxhiu, madre Teresa de Calcut\u00e1, nasceu, no dia 27 de agosto de 1910, em Skopje, Iugosl\u00e1via, de pais albaneses. Seus pais, Nicolau e Rosa, tiveram tr\u00eas filhos. Na \u00e9poca escolar, Agnes tornou-se membro de uma associa\u00e7\u00e3o cat\u00f3lica para crian\u00e7as, a Congrega\u00e7\u00e3o Mariana, onde cresceu em ambiente crist\u00e3o. Aos doze anos, j\u00e1 estava convencida de sua voca\u00e7\u00e3o religiosa, atra\u00edda pela obra dos mission\u00e1rios.<\/p>\n<p>Agnes pediu para ingressar na Congrega\u00e7\u00e3o das Irm\u00e3s de Loreto, que trabalhavam como mission\u00e1rias em sua regi\u00e3o. Logo foi encaminhada para a Abadia de Loreto, na Irlanda, onde aprenderia o ingl\u00eas e depois seria enviada \u00e0 \u00cdndia, a fim de iniciar seu noviciado. Feitos os votos, adotou o nome Teresa, em homenagem \u00e0 carmelita francesa, Teresa de Lisieux, padroeira dos mission\u00e1rios.<\/p>\n<p>Primeiramente, irm\u00e3 Teresa foi incumbida de ensinar hist\u00f3ria e geografia no col\u00e9gio da Congrega\u00e7\u00e3o, em Calcut\u00e1. Essa atividade exerceu por dezessete anos. Cercada de crian\u00e7as, filhas das melhores fam\u00edlias de Calcut\u00e1, impressionava-se com o que via quando saia \u00e0 rua: pobreza generalizada, crian\u00e7as e velhos moribundos e abandonados, pessoas doentes sem a quem recorrer.<\/p>\n<p>O dia 10 de setembro de 1946 ficou marcado na sua vida como o &#8220;dia da inspira\u00e7\u00e3o&#8221;. Numa viagem de trem ao noviciado do Himalaia, percebeu que deveria dedicar toda a sua exist\u00eancia aos mais pobres e exclu\u00eddos, deixando o conforto do col\u00e9gio da Congrega\u00e7\u00e3o.<\/p>\n<p>E assim fez. Irm\u00e3 Teresa tomou algumas aulas de enfermagem, que julgava \u00fatil a seu plano, e misturou-se aos pobres, primeiro na cidade de Motijhil. A princ\u00edpio, juntou cinco crian\u00e7as de um bairro miser\u00e1vel e passou a dar-lhes escola. Passados dez dias, j\u00e1 se somavam cinq\u00fcenta crian\u00e7as. O seu trabalho come\u00e7ou a ficar conhecido e a solidariedade do povo operava em seu favor, com donativos e trabalho volunt\u00e1rio.<\/p>\n<p>Para irm\u00e3 Teresa, o trabalho deveria continuar a dar frutos sem depender apenas das doa\u00e7\u00f5es e dos volunt\u00e1rios. Seria necess\u00e1rio \u00e0s suas companheiras que tivessem o esp\u00edrito de vida religiosa e consagrada. Logo, uma a uma ouviram o chamado de Deus para entregarem-se ao servi\u00e7o dos mais pobres. Nascia a Congrega\u00e7\u00e3o das Mission\u00e1rias da Caridade, com seu estatuto aprovado em 1950. E ela se tornou madre Teresa, a superiora.<\/p>\n<p>As mission\u00e1rias sa\u00edram \u00e0s ruas e passaram a recolher doentes de toda esp\u00e9cie. Para as irm\u00e3s mission\u00e1rias, cada doente, cada corpo chagado representava a figura de Cristo, e sua ajuda humanit\u00e1ria era a mais doce das tarefas. Somente com essa filosofia \u00e9 que as corajosas irm\u00e3s poderiam tratar doentes de lepra, elefant\u00edase, gangrena, cujos corpos, em putrefa\u00e7\u00e3o, eram imagens horrendas que exalavam odores intoler\u00e1veis. Todos eles tinham lugar, comida, higiene e um recanto para repousar junto \u00e0s mission\u00e1rias.<\/p>\n<p>Reconhecido universalmente, o trabalho de madre Teresa rendeu-lhe um pr\u00eamio Nobel da Paz, em 1979. Esse foi um dos muitos pr\u00eamios recebidos pela religiosa devido ao seu trabalho humanit\u00e1rio. Nesse per\u00edodo, sua obra j\u00e1 se havia espalhado pela \u00c1sia, Europa, \u00c1frica, Oceania e Am\u00e9ricas.<\/p>\n<p>No dia 5 de setembro de 1997, madre Teresa veio a falecer, na \u00cdndia. A como\u00e7\u00e3o foi mundial. Uma fila de quil\u00f4metros formou-se durante dias a fio, diante da igreja de S\u00e3o Tom\u00e9, em Calcut\u00e1, onde o seu corpo estava sendo velado. Ao fim de uma semana, o corpo da madre foi trasladado ao est\u00e1dio Netaji, onde o cardeal \u00c2ngelo Sodano, secret\u00e1rio de Estado do Vaticano, celebrou a missa de corpo presente.<\/p>\n<p>Em 2003, o papa Jo\u00e3o Paulo II, seu amigo pessoal, ao comemorar o jubileu de prata do seu pontificado, beatificou madre Teresa de Calcut\u00e1, reconhecida mundialmente como a &#8220;M\u00e3e dos Pobres&#8221;. Na emocionante solenidade, o sumo pont\u00edfice disse: &#8220;Segue viva em minha mem\u00f3ria sua diminuta figura, dobrada por uma exist\u00eancia transcorrida a servi\u00e7o dos mais pobres entre os mais pobres, por\u00e9m sempre carregada de uma inesgot\u00e1vel energia interior: a energia do amor de Cristo&#8221;.<\/p>\n<p>A sua canoniza\u00e7\u00e3o aconteceu no dia 4 de setembro de 2016. Na ocasi\u00e3o, o Papa Francisco afirmou:<\/p>\n<p>\u201cA sua miss\u00e3o nas periferias das cidades e nas periferias existenciais permanece nos nossos dias como um testemunho eloquente da proximidade de Deus junto dos mais pobres entre os pobres. Hoje entrego a todo o mundo do voluntariado esta figura emblem\u00e1tica de mulher e de consagrada: que ela seja o vosso modelo de santidade!<\/p>\n<p>Que esta incans\u00e1vel agente de miseric\u00f3rdia nos ajude a entender mais e mais que o nosso \u00fanico crit\u00e9rio de a\u00e7\u00e3o \u00e9 o amor gratuito, livre de qualquer ideologia e de qualquer v\u00ednculo e que \u00e9 derramado sobre todos sem distin\u00e7\u00e3o de l\u00edngua, cultura, ra\u00e7a ou religi\u00e3o.\u201d<\/p>\n<p>FRASES DE MADRE TERESA DE CALCUTA<\/p>\n<p>S\u00e3o filhos de Deus e foram criados para coisas maiores. <em>Obs.: Referindo-se a todos os portadores da AIDS, em 1986.<\/em><\/p>\n<ul>\n<li>Podemos nos tornar um Hindu melhor, um Mu\u00e7ulmano melhor, um Cat\u00f3lico melhor.<\/li>\n<li><em>N\u00e3o utilizemos bombas e armas para dominar o mundo. Vamos usar amor e compaix\u00e3o.\u00a0<\/em><\/li>\n<li>Enquanto estiver vivo, sinta-se vivo. Se sentir saudades do que fazia, volte a faz\u00ea-lo. N\u00e3o viva de fotografias amareladas&#8230; Continue, quando todos esperam que desistas. N\u00e3o deixe que enferruje o ferro que existe em voc\u00ea. Fa\u00e7a com que em vez de pena, tenham respeito por voc\u00ea. Quando n\u00e3o conseguir correr atrav\u00e9s dos anos, trote. Quando n\u00e3o conseguir trotar, caminhe. Quando n\u00e3o conseguir caminhar, use uma bengala. Mas nunca se detenha.<\/li>\n<li>Tenha sempre presente que a pele se enruga, o cabelo embranquece, os dias convertem-se em anos&#8230;Mas o que \u00e9 importante n\u00e3o muda&#8230; a tua for\u00e7a e convic\u00e7\u00e3o n\u00e3o tem idade. O teu esp\u00edrito \u00e9 como qualquer teia de aranha. Atr\u00e1s de cada linha de chegada, h\u00e1 uma de partida.<\/li>\n<li>A for\u00e7a mais potente do universo \u00e9 a f\u00e9.<\/li>\n<li>As palavras de amizade e conforto podem ser curtas e sucintas, mas o seu eco \u00e9 infind\u00e1vel.<\/li>\n<li>A falta de amor \u00e9 a maior de todas as pobrezas.<\/li>\n<li>O importante n\u00e3o \u00e9 o que se d\u00e1, mas o amor com que se d\u00e1.<\/li>\n<li>O que eu fa\u00e7o \u00e9 simples: ponho p\u00e3o nas mesas e compartilho-o.<\/li>\n<li>Temos de ir \u00e0 procura das pessoas, porque podem ter fome de p\u00e3o ou de amizade.<\/li>\n<li>\u00a0Todas as nossas palavras ser\u00e3o in\u00fateis se n\u00e3o brotarem do fundo do cora\u00e7\u00e3o. As palavras que n\u00e3o d\u00e3o luz aumentam a escurid\u00e3o.<\/li>\n<li>\u00c9 f\u00e1cil amar os que est\u00e3o longe. Mas nem sempre \u00e9 f\u00e1cil amar os que vivem ao nosso lado.<\/li>\n<li>O dever \u00e9 uma coisa muito pessoal; decorre da necessidade de se entrar em a\u00e7\u00e3o, e n\u00e3o da necessidade de insistir com os outros para que fa\u00e7am qualquer coisa.<\/li>\n<li>A todos os que sofrem e est\u00e3o s\u00f3s, dai sempre um sorriso de alegria. N\u00e3o lhes proporciones apenas os vossos cuidados, mas tamb\u00e9m o vosso cora\u00e7\u00e3o.<\/li>\n<li>Quem julga as pessoas n\u00e3o tem tempo para am\u00e1-las.<\/li>\n<li>Qual \u00e9 o lugar do homem? Onde os seus irm\u00e3os precisarem dele.<\/li>\n<li>N\u00e3o devemos permitir que algu\u00e9m saia de nossa presen\u00e7a sem se sentir melhor e mais feliz<\/li>\n<li>O senhor n\u00e3o daria banho a um leproso nem por um milh\u00e3o de d\u00f3lares? Eu tamb\u00e9m n\u00e3o. S\u00f3 por amor se pode dar banho a um leproso.<\/li>\n<\/ul>\n<p><strong><em>A paz come\u00e7a com um sorriso &#8211; sorri cinco vezes por dia para algu\u00e9m a quem n\u00e3o gostarias realmente de sorrir \u2013 faze isso pela paz.\u00a0<\/em><\/strong><\/p>\n<p><strong><em>Ent\u00e3o <\/em><\/strong><strong><em>vamos irradiar a paz de Deus e assim acender a Sua luz e extinguir do mundo e dos cora\u00e7\u00f5es de todos os homens todo o \u00f3dio e amor pelo poder.<\/em><\/strong><em>\u201d <\/em><\/p>\n<p><img loading=\"lazy\" decoding=\"async\" src=\"http:\/\/giselle.cfn.blog.br\/files\/2009\/09\/Madre_teresa_calcuta.jpg\" alt=\"\" width=\"480\" height=\"330\" \/><\/p>\n<table border=\"0\" width=\"100%\" cellspacing=\"0\" cellpadding=\"0\">\n<tbody>\n<tr>\n<td><span style=\"font-family: Tahoma;color: #003366;font-size: x-small\"><strong>Carta do Papa Jo\u00e3o Paulo II<\/strong><\/span><\/td>\n<td rowspan=\"3\" width=\"10\"><\/td>\n<\/tr>\n<tr>\n<td><\/td>\n<\/tr>\n<tr>\n<td>\n<div><span style=\"font-family: Verdana, Arial, Helvetica, sans-serif;color: #000000;font-size: xx-small\"><strong>\u00c0 SUPERIORA-GERAL DA CONGREGA\u00c7\u00c3O DAS MISSION\u00c1RIAS DA CARIDADE<\/strong><\/span><\/div>\n<p>\u00c0 Ir. Mary N\u00ecrmala JOSHI Superiora-Geral da Congrega\u00e7\u00e3o das Mission\u00e1rias da Caridade<\/p>\n<p>\u00c9 com imenso afecto no Senhor Jesus, e com a certeza das minhas ora\u00e7\u00f5es, que lhe transmito as minhas sauda\u00e7\u00f5es, bem como a todas as Mission\u00e1rias da Caridade, por ocasi\u00e3o do vosso VIII Cap\u00edtulo Geral. Com efeito, este \u00e9 um encontro especial, dado que os membros do mundo inteiro se re\u00fanem pela primeira vez, desde a morte da vossa Fundadora, Madre Teresa.<\/p>\n<p>Revigoradas pelo exemplo da Madre, que consiste em transmitir a paz e o al\u00edvio aos necessitados do mundo, v\u00f3s sois encorajadas a olhar para o futuro, conscientes da import\u00e2ncia da vossa resposta aos clamores das pessoas que pedem p\u00e3o, amor e aceita\u00e7\u00e3o.<\/p>\n<p>A Igreja de Cristo na terra proclama o Evangelho a todos, mas olha com especial ternura e compaix\u00e3o para os pobres. Ela f\u00e1-lo, porque sabe que &#8220;a op\u00e7\u00e3o pelos pobres \u00e9 inerente \u00e0 pr\u00f3pria din\u00e2mica do amor vivido segundo Cristo&#8221; (Vita consecrata, 82). O amor crist\u00e3o n\u00e3o \u00e9 simplesmente um acto de caridade, mas um encontro com o pr\u00f3prio Cristo na pessoa do pobre. Portanto, o amor a Cristo significa amor ao pobre; e, para as pessoas consagradas, significa abra\u00e7ar uma vida feita de pobreza e adoptar um estilo de vida, tanto individual como comunit\u00e1rio, que seja simples e austero (cf. ibidem). Num mundo muitas vezes deturpado pela avidez, as vossas vidas caracterizadas pela pobreza evang\u00e9lica, humildes e ao mesmo tempo ricas, proclamam eloquentemente que Deus \u00e9 o verdadeiro tesouro do cora\u00e7\u00e3o humano.<\/p>\n<p>Esta verdade \u00e9 de extrema import\u00e2ncia nas dificuldades espirituais e materiais da vida quotidiana, em toda a sociedade, tanto rica como pobre. O vosso testemunho radical do amor de Cristo destina-se de modo vigoroso \u00e0queles que procuram um significado mais profundo na vida. Portanto, encorajo-vos a perseverar na vida fiel do vosso carisma de servi\u00e7o aos mais pobres de entre os pobres porque, ao faz\u00ea-lo, haveis de continuar a ser um exemplo luminoso para as pessoas do nosso tempo, em particular para as jovens gera\u00e7\u00f5es, que se encontram em situa\u00e7\u00f5es n\u00e3o apenas de necessidade material, mas tamb\u00e9m de empobrecimento espiritual.<\/p>\n<p>Enquanto vos preparais para realizar o vosso VIII Cap\u00edtulo Geral, recordo-vos a import\u00e2ncia da forma\u00e7\u00e3o permanente. Ela adquire um significado ainda maior para os Institutos como o vosso, que exercem o seu apostolado numa vasta gama de situa\u00e7\u00f5es sociais e culturais. A iniciativa, a criatividade e o zelo das Mission\u00e1rias da Caridade devem deixar-se orientar sempre pela inspira\u00e7\u00e3o original do Instituto, que se encarna em contextos muito diversificados. Um programa de forma\u00e7\u00e3o permanente bem elaborado, que esteja atento \u00e0 Palavra de Deus e \u00e0s sugest\u00f5es do Esp\u00edrito, \u00e9 essencial, se quiserdes reconhecer Cristo e responder-lhe nas numerosas e diferentes situa\u00e7\u00f5es em que servis os pobres. Por conseguinte, esfor\u00e7ai-vos com vista a garantir a forma\u00e7\u00e3o permanente a todos os vossos membros: este \u00e9 o modo de aprofundar a sua consagra\u00e7\u00e3o ao Senhor e de aumentar o seu amor a Jesus e ao pr\u00f3ximo.<\/p>\n<p>Queridas Irm\u00e3s, quando a vossa Fundadora morreu, recordei como ela era sempre cheia da infinita for\u00e7a interior do amor a Cristo. Isto permitiu-lhe ser uma Mission\u00e1ria da Caridade tanto de nome como de facto. Ajudada pelo sil\u00eancio da contempla\u00e7\u00e3o, ela transmitia incansavelmente o amor de Cristo \u00e0queles em quem encontrava o pr\u00f3prio Cristo. V\u00f3s sois as suas herdeiras espirituais, as suas amadas filhas. Seguindo o seu exemplo, sereis revigoradas na vossa voca\u00e7\u00e3o de servir a Deus no meio dos mais pobres entre os pobres. Oxal\u00e1 a Bem-Aventurada Virgem Maria, M\u00e3e da Esperan\u00e7a e M\u00e3e dos Pobres, que nos exorta a fazer tudo aquilo que Ele nos disser (cf. Jo 2, 5), vos oriente e vos inspire a fim de poderdes discernir o modo de responder da melhor forma e com caridade \u00e0 humanidade que sofre. Como sinal da minha uni\u00e3o espiritual convosco e como penhor de abundantes gra\u00e7as no Senhor, concedo-vos do \u00edntimo do cora\u00e7\u00e3o, tanto aos membros do Cap\u00edtulo como a todas as Mission\u00e1rias da Caridade, a minha B\u00ean\u00e7\u00e3o apost\u00f3lica.<\/td>\n<\/tr>\n<\/tbody>\n<\/table>\n<p><img loading=\"lazy\" decoding=\"async\" src=\"http:\/\/2.bp.blogspot.com\/_T7d6i1Pl3uw\/SWajMLCtKSI\/AAAAAAAAAhM\/SLd-enZxB3k\/s320\/madreteresa01g.jpg\" alt=\"\" width=\"300\" height=\"230\" \/><img loading=\"lazy\" decoding=\"async\" src=\"http:\/\/queridosfilhos.org.br\/Madre_Teresa3.jpg\" alt=\"\" width=\"276\" height=\"403\" \/><\/p>\n<table border=\"0\" width=\"100%\" cellspacing=\"0\" cellpadding=\"0\">\n<tbody>\n<tr>\n<td><span style=\"font-family: Tahoma;color: #003366;font-size: x-small\"><strong>Entrevista<\/strong><\/span><\/td>\n<td rowspan=\"3\" width=\"10\"><\/td>\n<\/tr>\n<tr>\n<td><\/td>\n<\/tr>\n<tr>\n<td>\n<div>\n<p><span style=\"font-family: Verdana, Arial, Helvetica, sans-serif;color: #000000;font-size: xx-small\">Madre Teresa, em dezembro de 1996, concedeu uma entrevista \u00e0 revista &#8220;Sem Fronteiras&#8221;, a qual talvez tenha sido a sua \u00faltima ou uma das \u00faltimas. Confira a entrevista na \u00edntegra:<\/span><\/p>\n<p><strong>Sem Fronteiras &#8211; Quantas s\u00e3o atualmente as Mission\u00e1rias da Caridade?<\/strong><\/p>\n<p>Madre Teresa &#8211; Temos 3.604 Irm\u00e3s professas e 411 novi\u00e7as, em seis noviciados: Calcut\u00e1, Filipinas, Tanz\u00e2nia, Pol\u00f4nia, Roma e Estados Unidos. As postulantes s\u00e3o 260. No total, somos 4.275 Mission\u00e1rias da Caridade, distribu\u00eddas em 119 pa\u00edses. As nossas Irm\u00e3s pertencem a 79 nacionalidades. Contamos com 560 tabern\u00e1culos, ou casas.<\/p>\n<p><strong>Por que &#8220;tabern\u00e1culos&#8221;?<\/strong><\/p>\n<p>&#8211; Porque Jesus est\u00e1 presente nessas casas. S\u00e3o casas de Jesus.<br \/>\nA nossa congrega\u00e7\u00e3o quer contribuir para que as pessoas sejam saciadas da sua sede de Jesus. Fazemos isso, tentando resgatar e santificar os mais pobres dos pobres. Como as outras congrega\u00e7\u00f5es, fazemos os votos de castidade, pobreza e obedi\u00eancia. Recebemos a autoriza\u00e7\u00e3o especial de fazer um quarto voto: o de nos colocarmos a servi\u00e7o dos mais pobres dos pobres.<\/p>\n<p><strong>Como a senhora v\u00ea o tema do celibato? <\/strong><\/p>\n<p>&#8211; O celibato n\u00e3o \u00e9 para quem se sente chamado ao matrim\u00f4nio. O sacramento do matrim\u00f4nio \u00e9 maravilhoso. Desde o momento em que um homem e uma mulher se amam verdadeiramente e rezam juntos, Deus transmite a eles o seu amor.<br \/>\nA vida familiar merece muita aten\u00e7\u00e3o, \u00e9 um dom de Deus. N\u00e3o obstante, n\u00f3s religiosas renunciamos a esse dom. Consagramos a nossa vida a Deus na castidade e no amor, sem divis\u00e3o. Nada nem ningu\u00e9m nos poder\u00e1 separar desse amor, como diz S\u00e3o Paulo.<\/p>\n<p><strong>A senhora costuma dizer que n\u00e3o h\u00e1 amor sem sofrimento&#8230; <\/strong><\/p>\n<p>&#8211; Sim, o verdadeiro amor faz sofrer. Cada vida, e cada vida familiar, deve ser vivida honestamente. Isso sup\u00f5e muitos sacrif\u00edcios e muito amor. Por\u00e9m, ao mesmo tempo, esses sofrimentos v\u00eam sempre acompanhados de muita paz.<br \/>\nQuando a paz reina em um lar, ali se encontram tamb\u00e9m a alegria, a unidade e o amor. Como se pode levar uma vida familiar normal sem paz e sem unidade?<br \/>\nNesse sentido, a ora\u00e7\u00e3o de S\u00e3o Francisco \u00e9 muito atual. N\u00e3o vivemos nas mesmas circunst\u00e2ncias, mas o que Francisco pedia responde perfeitamente \u00e0s necessidades da nossa \u00e9poca. Em Calcut\u00e1, rezamos essa ora\u00e7\u00e3o todos os dias, depois da comunh\u00e3o. Penso em todos os homens e mulheres que necessitam de amor: &#8220;Senhor, fazei-nos dignos de ser instrumentos da verdadeira paz, que \u00e9 a vossa paz&#8221;.<\/p>\n<p><strong>A sua congrega\u00e7\u00e3o abriu casas para pessoas com Aids em v\u00e1rias partes do mundo&#8230; <\/strong><\/p>\n<p>&#8211; Sim, entre outros lugares, nos Estados Unidos, na It\u00e1lia, no Zaire e, evidentemente, na \u00cdndia. At\u00e9 pouco tempo atr\u00e1s, n\u00e3o era raro que pessoas se suicidassem quando ficavam sabendo que tinham o v\u00edrus da Aids. Hoje, nenhum enfermo acolhido em nossas casas morre no desespero e na amargura. Todos, inclusive os n\u00e3o-cat\u00f3licos, morrem na paz do Senhor. Isso n\u00e3o \u00e9 maravilhoso?<\/p>\n<p><strong>As regras da sua congrega\u00e7\u00e3o falam do trabalho em favor dos &#8220;mais pobres dos pobres, tanto no plano espiritual quanto no plano material&#8221;. O que a senhora entende por &#8220;pobreza espiritual&#8221;? Alguns dizem que se ocupa apenas com gente que vive na rua&#8230; <\/strong><\/p>\n<p>&#8211; Os pobres espirituais s\u00e3o os que ainda n\u00e3o descobriram Jesus Cristo, ou que est\u00e3o separados dele por causa do pecado. Os que vivem na rua tamb\u00e9m precisam ser ajudados nesse sentido.<br \/>\nPor outro lado, fico muito contente de ver que, em nosso trabalho, podemos contar tamb\u00e9m com a ajuda de gente acomodada, a quem oferecemos a oportunidade de fazer algo de bom para Deus. \u00c9 desse modo que conseguimos abrir um centro onde acolhemos e assistimos a jovens que saem da pris\u00e3o.<br \/>\nEssa gente nos oferece material e dinheiro. Nesses dias chegou uma carta dos Estados Unidos. Pela letra dava para ver que era de uma crian\u00e7a. Ela me dizia: &#8220;Madre Teresa, eu gosto muito de voc\u00ea&#8221;. O envelope continha um cheque de 3 d\u00f3lares. Para essa crian\u00e7a, tratava-se de um grande sacrif\u00edcio.<\/p>\n<p><strong>Voc\u00eas tamb\u00e9m recebem ajuda de gente de outras religi\u00f5es? <\/strong><\/p>\n<p>&#8211; Sim, de mu\u00e7ulmanos, hindu\u00edstas, budistas e outros. Alguns meses atr\u00e1s, um grupo de budistas japoneses veio conversar comigo sobre espiritualidade. Eu disse a eles que jejuamos todas as primeiras sextas-feiras do m\u00eas e que o dinheiro economizado vai para os pobres. Quanto regressaram ao seu pa\u00eds, os monges pediram \u00e0s fam\u00edlias e comunidades budistas que fizessem o mesmo. O dinheiro que recolheram nos permitiu construir o primeiro andar do nosso centro &#8220;Shanti Dan&#8221; (&#8220;Dom de Paz&#8221;) para as &#8220;jailgirls&#8221; (meninas da pris\u00e3o).<br \/>\nCento e dez dessas meninas j\u00e1 sa\u00edram da pris\u00e3o. S\u00e3o jovens, quase sempre adolescentes. Muitas delas s\u00e3o deficientes ps\u00edquicas. Saem das favelas e, de repente, se v\u00eaem metidas na prostitui\u00e7\u00e3o. A maior parte, assim que renuncia a esse tipo de vida, \u00e9 denunciada \u00e0 pol\u00edcia pelos proxenetas. Acaba na pris\u00e3o, onde vive em condi\u00e7\u00f5es desumanas.<\/p>\n<p><strong>Madre Teresa, alguns a criticam, dizendo que s\u00f3 tem um objetivo: converter os n\u00e3o-crist\u00e3os&#8230; <\/strong><\/p>\n<p>&#8211; Ningu\u00e9m pode for\u00e7ar ou impor a convers\u00e3o, que s\u00f3 acontece por gra\u00e7a de Deus. A melhor convers\u00e3o \u00e9 a que consiste em ajudar as pessoas a se amarem umas \u00e0s outras. N\u00f3s, que somos pecadores, formos criados para ser filhos de Deus, e temos que nos ajudar a chegarmos o mais perto poss\u00edvel dele. Todos somos chamados a am\u00e1-lo.<\/p>\n<p><strong>A senhora diz que as suas Irm\u00e3s n\u00e3o s\u00e3o assistentes sociais. Por qu\u00ea? <\/strong><\/p>\n<p>&#8211; Somos contemplativas no cora\u00e7\u00e3o do mundo, porque &#8220;rezamos&#8221; o nosso trabalho. Realizamos um trabalho social, certamente, mas somos mulheres consagradas a Deus no mundo de hoje. Entregamos a nossa vida a Jesus, com uma ren\u00fancia total e a servi\u00e7o dos pobres, tal como Jesus nos deu a sua vida na eucaristia. O trabalho que fazemos \u00e9 importante, mas n\u00e3o \u00e9 tanto a pessoa que o faz que \u00e9 importante. Fazemos esse trabalho por Jesus Cristo, porque o amamos. \u00c9 t\u00e3o simples.<br \/>\nN\u00e3o temos condi\u00e7\u00f5es de fazer tudo. Eu sempre rezo muito por todos aqueles que se preocupam com as necessidades e mis\u00e9rias dos povos.<br \/>\nMuitas personalidades e gente rica se associaram \u00e0 nossa a\u00e7\u00e3o. Pessoalmente, n\u00e3o possu\u00edmos nada. N\u00e3o ganhamos dinheiro. Vivemos da caridade e para a caridade.<\/p>\n<p><strong>E da Provid\u00eancia&#8230; <\/strong><\/p>\n<p>&#8211; Isso mesmo. Normalmente, sempre temos que enfrentar necessidades imprevistas. Em nossa casa &#8220;Sishu Bevan&#8221;, temos mais de duzentos beb\u00eas que necessitam de um tipo especial de leite. Um dia, as minhas Irm\u00e3s vieram me procurar para dizer: &#8220;Madre, tem que fazer alguma coisa, porque n\u00e3o vemos nenhuma sa\u00edda&#8221;. No mesmo dia, um hindu rico veio me ver e me disse: &#8220;Madre Teresa, esta manh\u00e3, uma voz me disse que eu tinha que fazer alguma coisa pelos pobres&#8221;, e me deu o que necessit\u00e1vamos. Deus \u00e9 infinitamente bom. Ele sempre se preocupa conosco.<\/p>\n<p><strong>Por que tantas jovens entram para a sua congrega\u00e7\u00e3o? <\/strong><\/p>\n<p>&#8211; Eu creio que elas apreciam, sobretudo, a nossa vida de ora\u00e7\u00e3o. Rezamos quatro horas por dia. Elas tamb\u00e9m conhecem e v\u00eaem o que fazemos pelos pobres. N\u00e3o se trata de trabalhos importantes e impressionantes. O que fazemos \u00e9 muito discreto, mas n\u00f3s o fazemos pelos mais pequenos.<\/p>\n<p><strong>A senhora \u00e9 uma pessoa muito popular. Nunca se cansa de tanta gente, fotografias&#8230;? <\/strong><\/p>\n<p>&#8211; Considero isso um sacrif\u00edcio, e tamb\u00e9m uma b\u00ean\u00e7\u00e3o para a sociedade. Eu e Deus fizemos um contrato: para cada foto que tiram de mim, Ele liberta uma alma do Purgat\u00f3rio&#8230; (risos)&#8230; Eu creio que, nesse ritmo, em breve, o Purgat\u00f3rio estar\u00e1 vazio&#8230;<br \/>\nViajar pelo mundo cercada de tanta publicidade \u00e9 cansativo e duro. Por\u00e9m, eu utilizo tudo o que se me apresenta para a gl\u00f3ria de Deus e o servi\u00e7o aos mais pobres. \u00c9 preciso que algu\u00e9m pague esse pre\u00e7o.<\/p>\n<p><strong>Que mensagem gostaria ainda de nos deixar? <\/strong><\/p>\n<p>&#8211; Amem-se uns aos outros, como Jesus ama a cada um de voc\u00eas. N\u00e3o tenho nada que acrescentar \u00e0 mensagem que Jesus nos transmitiu. Para poder amar, \u00e9 preciso ter um cora\u00e7\u00e3o puro e \u00e9 preciso rezar. O fruto da ora\u00e7\u00e3o \u00e9 o aprofundamento da f\u00e9. O fruto da f\u00e9 \u00e9 o amor. E o fruto do amor \u00e9 o servi\u00e7o ao pr\u00f3ximo. Isso nos conduz \u00e0 paz. &#8211; &#8220;UMBRALES&#8221;<\/p>\n<p><em>Revista Sem Fronteiras N\u00ba 247 &#8211; Dezembro 96 &#8211; p\u00e1g. 05<\/em><\/p>\n<\/div>\n<\/td>\n<\/tr>\n<\/tbody>\n<\/table>\n<p><img loading=\"lazy\" decoding=\"async\" src=\"http:\/\/vivopelavida.com.br\/wp-content\/uploads\/2009\/03\/teresa.jpg\" alt=\"\" width=\"352\" height=\"243\" \/><\/p>\n<p><a href=\"http:\/\/padrenuestro.net\/fotoscristianas\/uploads\/photos\/9.jpg\" target=\"_blank\" rel=\"noopener noreferrer\"><img decoding=\"async\" src=\"http:\/\/padrenuestro.net\/fotoscristianas\/uploads\/photos\/9.jpg\" alt=\"Teresa de Calcuta funeral\" align=\"center\" border=\"0\" hspace=\"7\" vspace=\"3\" \/><\/a><\/p>\n<div id=\"themify_builder_content-10727\" data-postid=\"10727\" class=\"themify_builder_content themify_builder_content-10727 themify_builder themify_builder_front\">\n\t<\/div>\n<!-- \/themify_builder_content -->","protected":false},"excerpt":{"rendered":"<p>\u00a0 05 de Setembro Fundou a Congrega\u00e7\u00e3o das Mission\u00e1rias da Caridade Agnes Gouxha Bojaxhiu, madre Teresa de Calcut\u00e1, nasceu, no dia 27 de agosto de 1910, em Skopje, Iugosl\u00e1via, de pais albaneses. Seus pais, Nicolau e Rosa, tiveram tr\u00eas filhos. Na \u00e9poca escolar, Agnes tornou-se membro de uma associa\u00e7\u00e3o cat\u00f3lica para crian\u00e7as, a Congrega\u00e7\u00e3o Mariana, [&hellip;]<\/p>\n","protected":false},"author":14,"featured_media":0,"comment_status":"open","ping_status":"open","sticky":false,"template":"","format":"standard","meta":{"ngg_post_thumbnail":0,"footnotes":""},"categories":[186],"tags":[],"yoast_head":"<!-- This site is optimized with the Yoast SEO plugin v23.5 - https:\/\/yoast.com\/wordpress\/plugins\/seo\/ -->\n<title>Santa Madre Teresa de Calcut\u00e1 - O Arcanjo no ar<\/title>\n<meta name=\"robots\" content=\"index, follow, max-snippet:-1, max-image-preview:large, max-video-preview:-1\" \/>\n<link rel=\"canonical\" href=\"https:\/\/www.oarcanjo.net\/site\/bem-aventuradamadre-teresa-de-calcuta\/\" \/>\n<meta property=\"og:locale\" content=\"pt_BR\" \/>\n<meta property=\"og:type\" content=\"article\" \/>\n<meta property=\"og:title\" content=\"Santa Madre Teresa de Calcut\u00e1 - O Arcanjo no ar\" \/>\n<meta property=\"og:description\" content=\"\u00a0 05 de Setembro Fundou a Congrega\u00e7\u00e3o das Mission\u00e1rias da Caridade Agnes Gouxha Bojaxhiu, madre Teresa de Calcut\u00e1, nasceu, no dia 27 de agosto de 1910, em Skopje, Iugosl\u00e1via, de pais albaneses. Seus pais, Nicolau e Rosa, tiveram tr\u00eas filhos. Na \u00e9poca escolar, Agnes tornou-se membro de uma associa\u00e7\u00e3o cat\u00f3lica para crian\u00e7as, a Congrega\u00e7\u00e3o Mariana, [&hellip;]\" \/>\n<meta property=\"og:url\" content=\"https:\/\/www.oarcanjo.net\/site\/bem-aventuradamadre-teresa-de-calcuta\/\" \/>\n<meta property=\"og:site_name\" content=\"O Arcanjo no ar\" \/>\n<meta property=\"article:publisher\" content=\"https:\/\/www.facebook.com\/OArcanjoNoAr\/\" \/>\n<meta property=\"article:published_time\" content=\"2017-09-05T03:55:15+00:00\" \/>\n<meta property=\"article:modified_time\" content=\"2017-07-31T10:14:19+00:00\" \/>\n<meta property=\"og:image\" content=\"http:\/\/1.bp.blogspot.com\/_PvVAVDZoCwY\/TAaW1fnrxRI\/AAAAAAAAGrU\/IFSqlhBCcLU\/s400\/foto-madre-teresa.jpg\" \/>\n<meta name=\"author\" content=\"danilo\" \/>\n<meta name=\"twitter:card\" content=\"summary_large_image\" \/>\n<meta name=\"twitter:label1\" content=\"Escrito por\" \/>\n\t<meta name=\"twitter:data1\" content=\"danilo\" \/>\n\t<meta name=\"twitter:label2\" content=\"Est. tempo de leitura\" \/>\n\t<meta name=\"twitter:data2\" content=\"18 minutos\" \/>\n<script type=\"application\/ld+json\" class=\"yoast-schema-graph\">{\"@context\":\"https:\/\/schema.org\",\"@graph\":[{\"@type\":\"Article\",\"@id\":\"https:\/\/www.oarcanjo.net\/site\/bem-aventuradamadre-teresa-de-calcuta\/#article\",\"isPartOf\":{\"@id\":\"https:\/\/www.oarcanjo.net\/site\/bem-aventuradamadre-teresa-de-calcuta\/\"},\"author\":{\"name\":\"danilo\",\"@id\":\"https:\/\/www.oarcanjo.net\/site\/#\/schema\/person\/5eb9480bedd2f3c97e430ce128c29c6c\"},\"headline\":\"Santa Madre Teresa de Calcut\u00e1\",\"datePublished\":\"2017-09-05T03:55:15+00:00\",\"dateModified\":\"2017-07-31T10:14:19+00:00\",\"mainEntityOfPage\":{\"@id\":\"https:\/\/www.oarcanjo.net\/site\/bem-aventuradamadre-teresa-de-calcuta\/\"},\"wordCount\":3514,\"commentCount\":0,\"publisher\":{\"@id\":\"https:\/\/www.oarcanjo.net\/site\/#organization\"},\"image\":{\"@id\":\"https:\/\/www.oarcanjo.net\/site\/bem-aventuradamadre-teresa-de-calcuta\/#primaryimage\"},\"thumbnailUrl\":\"http:\/\/1.bp.blogspot.com\/_PvVAVDZoCwY\/TAaW1fnrxRI\/AAAAAAAAGrU\/IFSqlhBCcLU\/s400\/foto-madre-teresa.jpg\",\"articleSection\":[\"Testemunhos\"],\"inLanguage\":\"pt-BR\",\"potentialAction\":[{\"@type\":\"CommentAction\",\"name\":\"Comment\",\"target\":[\"https:\/\/www.oarcanjo.net\/site\/bem-aventuradamadre-teresa-de-calcuta\/#respond\"]}]},{\"@type\":\"WebPage\",\"@id\":\"https:\/\/www.oarcanjo.net\/site\/bem-aventuradamadre-teresa-de-calcuta\/\",\"url\":\"https:\/\/www.oarcanjo.net\/site\/bem-aventuradamadre-teresa-de-calcuta\/\",\"name\":\"Santa Madre Teresa de Calcut\u00e1 - O Arcanjo no ar\",\"isPartOf\":{\"@id\":\"https:\/\/www.oarcanjo.net\/site\/#website\"},\"primaryImageOfPage\":{\"@id\":\"https:\/\/www.oarcanjo.net\/site\/bem-aventuradamadre-teresa-de-calcuta\/#primaryimage\"},\"image\":{\"@id\":\"https:\/\/www.oarcanjo.net\/site\/bem-aventuradamadre-teresa-de-calcuta\/#primaryimage\"},\"thumbnailUrl\":\"http:\/\/1.bp.blogspot.com\/_PvVAVDZoCwY\/TAaW1fnrxRI\/AAAAAAAAGrU\/IFSqlhBCcLU\/s400\/foto-madre-teresa.jpg\",\"datePublished\":\"2017-09-05T03:55:15+00:00\",\"dateModified\":\"2017-07-31T10:14:19+00:00\",\"breadcrumb\":{\"@id\":\"https:\/\/www.oarcanjo.net\/site\/bem-aventuradamadre-teresa-de-calcuta\/#breadcrumb\"},\"inLanguage\":\"pt-BR\",\"potentialAction\":[{\"@type\":\"ReadAction\",\"target\":[\"https:\/\/www.oarcanjo.net\/site\/bem-aventuradamadre-teresa-de-calcuta\/\"]}]},{\"@type\":\"ImageObject\",\"inLanguage\":\"pt-BR\",\"@id\":\"https:\/\/www.oarcanjo.net\/site\/bem-aventuradamadre-teresa-de-calcuta\/#primaryimage\",\"url\":\"http:\/\/1.bp.blogspot.com\/_PvVAVDZoCwY\/TAaW1fnrxRI\/AAAAAAAAGrU\/IFSqlhBCcLU\/s400\/foto-madre-teresa.jpg\",\"contentUrl\":\"http:\/\/1.bp.blogspot.com\/_PvVAVDZoCwY\/TAaW1fnrxRI\/AAAAAAAAGrU\/IFSqlhBCcLU\/s400\/foto-madre-teresa.jpg\"},{\"@type\":\"BreadcrumbList\",\"@id\":\"https:\/\/www.oarcanjo.net\/site\/bem-aventuradamadre-teresa-de-calcuta\/#breadcrumb\",\"itemListElement\":[{\"@type\":\"ListItem\",\"position\":1,\"name\":\"In\u00edcio\",\"item\":\"https:\/\/www.oarcanjo.net\/site\/\"},{\"@type\":\"ListItem\",\"position\":2,\"name\":\"Santa Madre Teresa de Calcut\u00e1\"}]},{\"@type\":\"WebSite\",\"@id\":\"https:\/\/www.oarcanjo.net\/site\/#website\",\"url\":\"https:\/\/www.oarcanjo.net\/site\/\",\"name\":\"O Arcanjo no ar\",\"description\":\"Site da Par\u00f3quia S\u00e3o Miguel Arcanjo (Arquidiocese de SP)\",\"publisher\":{\"@id\":\"https:\/\/www.oarcanjo.net\/site\/#organization\"},\"potentialAction\":[{\"@type\":\"SearchAction\",\"target\":{\"@type\":\"EntryPoint\",\"urlTemplate\":\"https:\/\/www.oarcanjo.net\/site\/?s={search_term_string}\"},\"query-input\":{\"@type\":\"PropertyValueSpecification\",\"valueRequired\":true,\"valueName\":\"search_term_string\"}}],\"inLanguage\":\"pt-BR\"},{\"@type\":\"Organization\",\"@id\":\"https:\/\/www.oarcanjo.net\/site\/#organization\",\"name\":\"Par\u00f3quia S\u00e3o Miguel Arcanjo\",\"url\":\"https:\/\/www.oarcanjo.net\/site\/\",\"logo\":{\"@type\":\"ImageObject\",\"inLanguage\":\"pt-BR\",\"@id\":\"https:\/\/www.oarcanjo.net\/site\/#\/schema\/logo\/image\/\",\"url\":\"https:\/\/www.oarcanjo.net\/site\/wp-content\/uploads\/LogoOArcanjo.png\",\"contentUrl\":\"https:\/\/www.oarcanjo.net\/site\/wp-content\/uploads\/LogoOArcanjo.png\",\"width\":319,\"height\":99,\"caption\":\"Par\u00f3quia S\u00e3o Miguel Arcanjo\"},\"image\":{\"@id\":\"https:\/\/www.oarcanjo.net\/site\/#\/schema\/logo\/image\/\"},\"sameAs\":[\"https:\/\/www.facebook.com\/OArcanjoNoAr\/\"]},{\"@type\":\"Person\",\"@id\":\"https:\/\/www.oarcanjo.net\/site\/#\/schema\/person\/5eb9480bedd2f3c97e430ce128c29c6c\",\"name\":\"danilo\"}]}<\/script>\n<!-- \/ Yoast SEO plugin. -->","yoast_head_json":{"title":"Santa Madre Teresa de Calcut\u00e1 - O Arcanjo no ar","robots":{"index":"index","follow":"follow","max-snippet":"max-snippet:-1","max-image-preview":"max-image-preview:large","max-video-preview":"max-video-preview:-1"},"canonical":"https:\/\/www.oarcanjo.net\/site\/bem-aventuradamadre-teresa-de-calcuta\/","og_locale":"pt_BR","og_type":"article","og_title":"Santa Madre Teresa de Calcut\u00e1 - O Arcanjo no ar","og_description":"\u00a0 05 de Setembro Fundou a Congrega\u00e7\u00e3o das Mission\u00e1rias da Caridade Agnes Gouxha Bojaxhiu, madre Teresa de Calcut\u00e1, nasceu, no dia 27 de agosto de 1910, em Skopje, Iugosl\u00e1via, de pais albaneses. Seus pais, Nicolau e Rosa, tiveram tr\u00eas filhos. Na \u00e9poca escolar, Agnes tornou-se membro de uma associa\u00e7\u00e3o cat\u00f3lica para crian\u00e7as, a Congrega\u00e7\u00e3o Mariana, [&hellip;]","og_url":"https:\/\/www.oarcanjo.net\/site\/bem-aventuradamadre-teresa-de-calcuta\/","og_site_name":"O Arcanjo no ar","article_publisher":"https:\/\/www.facebook.com\/OArcanjoNoAr\/","article_published_time":"2017-09-05T03:55:15+00:00","article_modified_time":"2017-07-31T10:14:19+00:00","og_image":[{"url":"http:\/\/1.bp.blogspot.com\/_PvVAVDZoCwY\/TAaW1fnrxRI\/AAAAAAAAGrU\/IFSqlhBCcLU\/s400\/foto-madre-teresa.jpg"}],"author":"danilo","twitter_card":"summary_large_image","twitter_misc":{"Escrito por":"danilo","Est. tempo de leitura":"18 minutos"},"schema":{"@context":"https:\/\/schema.org","@graph":[{"@type":"Article","@id":"https:\/\/www.oarcanjo.net\/site\/bem-aventuradamadre-teresa-de-calcuta\/#article","isPartOf":{"@id":"https:\/\/www.oarcanjo.net\/site\/bem-aventuradamadre-teresa-de-calcuta\/"},"author":{"name":"danilo","@id":"https:\/\/www.oarcanjo.net\/site\/#\/schema\/person\/5eb9480bedd2f3c97e430ce128c29c6c"},"headline":"Santa Madre Teresa de Calcut\u00e1","datePublished":"2017-09-05T03:55:15+00:00","dateModified":"2017-07-31T10:14:19+00:00","mainEntityOfPage":{"@id":"https:\/\/www.oarcanjo.net\/site\/bem-aventuradamadre-teresa-de-calcuta\/"},"wordCount":3514,"commentCount":0,"publisher":{"@id":"https:\/\/www.oarcanjo.net\/site\/#organization"},"image":{"@id":"https:\/\/www.oarcanjo.net\/site\/bem-aventuradamadre-teresa-de-calcuta\/#primaryimage"},"thumbnailUrl":"http:\/\/1.bp.blogspot.com\/_PvVAVDZoCwY\/TAaW1fnrxRI\/AAAAAAAAGrU\/IFSqlhBCcLU\/s400\/foto-madre-teresa.jpg","articleSection":["Testemunhos"],"inLanguage":"pt-BR","potentialAction":[{"@type":"CommentAction","name":"Comment","target":["https:\/\/www.oarcanjo.net\/site\/bem-aventuradamadre-teresa-de-calcuta\/#respond"]}]},{"@type":"WebPage","@id":"https:\/\/www.oarcanjo.net\/site\/bem-aventuradamadre-teresa-de-calcuta\/","url":"https:\/\/www.oarcanjo.net\/site\/bem-aventuradamadre-teresa-de-calcuta\/","name":"Santa Madre Teresa de Calcut\u00e1 - O Arcanjo no ar","isPartOf":{"@id":"https:\/\/www.oarcanjo.net\/site\/#website"},"primaryImageOfPage":{"@id":"https:\/\/www.oarcanjo.net\/site\/bem-aventuradamadre-teresa-de-calcuta\/#primaryimage"},"image":{"@id":"https:\/\/www.oarcanjo.net\/site\/bem-aventuradamadre-teresa-de-calcuta\/#primaryimage"},"thumbnailUrl":"http:\/\/1.bp.blogspot.com\/_PvVAVDZoCwY\/TAaW1fnrxRI\/AAAAAAAAGrU\/IFSqlhBCcLU\/s400\/foto-madre-teresa.jpg","datePublished":"2017-09-05T03:55:15+00:00","dateModified":"2017-07-31T10:14:19+00:00","breadcrumb":{"@id":"https:\/\/www.oarcanjo.net\/site\/bem-aventuradamadre-teresa-de-calcuta\/#breadcrumb"},"inLanguage":"pt-BR","potentialAction":[{"@type":"ReadAction","target":["https:\/\/www.oarcanjo.net\/site\/bem-aventuradamadre-teresa-de-calcuta\/"]}]},{"@type":"ImageObject","inLanguage":"pt-BR","@id":"https:\/\/www.oarcanjo.net\/site\/bem-aventuradamadre-teresa-de-calcuta\/#primaryimage","url":"http:\/\/1.bp.blogspot.com\/_PvVAVDZoCwY\/TAaW1fnrxRI\/AAAAAAAAGrU\/IFSqlhBCcLU\/s400\/foto-madre-teresa.jpg","contentUrl":"http:\/\/1.bp.blogspot.com\/_PvVAVDZoCwY\/TAaW1fnrxRI\/AAAAAAAAGrU\/IFSqlhBCcLU\/s400\/foto-madre-teresa.jpg"},{"@type":"BreadcrumbList","@id":"https:\/\/www.oarcanjo.net\/site\/bem-aventuradamadre-teresa-de-calcuta\/#breadcrumb","itemListElement":[{"@type":"ListItem","position":1,"name":"In\u00edcio","item":"https:\/\/www.oarcanjo.net\/site\/"},{"@type":"ListItem","position":2,"name":"Santa Madre Teresa de Calcut\u00e1"}]},{"@type":"WebSite","@id":"https:\/\/www.oarcanjo.net\/site\/#website","url":"https:\/\/www.oarcanjo.net\/site\/","name":"O Arcanjo no ar","description":"Site da Par\u00f3quia S\u00e3o Miguel Arcanjo (Arquidiocese de SP)","publisher":{"@id":"https:\/\/www.oarcanjo.net\/site\/#organization"},"potentialAction":[{"@type":"SearchAction","target":{"@type":"EntryPoint","urlTemplate":"https:\/\/www.oarcanjo.net\/site\/?s={search_term_string}"},"query-input":{"@type":"PropertyValueSpecification","valueRequired":true,"valueName":"search_term_string"}}],"inLanguage":"pt-BR"},{"@type":"Organization","@id":"https:\/\/www.oarcanjo.net\/site\/#organization","name":"Par\u00f3quia S\u00e3o Miguel Arcanjo","url":"https:\/\/www.oarcanjo.net\/site\/","logo":{"@type":"ImageObject","inLanguage":"pt-BR","@id":"https:\/\/www.oarcanjo.net\/site\/#\/schema\/logo\/image\/","url":"https:\/\/www.oarcanjo.net\/site\/wp-content\/uploads\/LogoOArcanjo.png","contentUrl":"https:\/\/www.oarcanjo.net\/site\/wp-content\/uploads\/LogoOArcanjo.png","width":319,"height":99,"caption":"Par\u00f3quia S\u00e3o Miguel Arcanjo"},"image":{"@id":"https:\/\/www.oarcanjo.net\/site\/#\/schema\/logo\/image\/"},"sameAs":["https:\/\/www.facebook.com\/OArcanjoNoAr\/"]},{"@type":"Person","@id":"https:\/\/www.oarcanjo.net\/site\/#\/schema\/person\/5eb9480bedd2f3c97e430ce128c29c6c","name":"danilo"}]}},"publishpress_future_action":{"enabled":false,"date":"2026-05-09 03:59:45","action":"category","newStatus":"draft","terms":[],"taxonomy":"category"},"publishpress_future_workflow_manual_trigger":{"enabledWorkflows":[]},"_links":{"self":[{"href":"https:\/\/www.oarcanjo.net\/site\/wp-json\/wp\/v2\/posts\/10727"}],"collection":[{"href":"https:\/\/www.oarcanjo.net\/site\/wp-json\/wp\/v2\/posts"}],"about":[{"href":"https:\/\/www.oarcanjo.net\/site\/wp-json\/wp\/v2\/types\/post"}],"author":[{"embeddable":true,"href":"https:\/\/www.oarcanjo.net\/site\/wp-json\/wp\/v2\/users\/14"}],"replies":[{"embeddable":true,"href":"https:\/\/www.oarcanjo.net\/site\/wp-json\/wp\/v2\/comments?post=10727"}],"version-history":[{"count":0,"href":"https:\/\/www.oarcanjo.net\/site\/wp-json\/wp\/v2\/posts\/10727\/revisions"}],"wp:attachment":[{"href":"https:\/\/www.oarcanjo.net\/site\/wp-json\/wp\/v2\/media?parent=10727"}],"wp:term":[{"taxonomy":"category","embeddable":true,"href":"https:\/\/www.oarcanjo.net\/site\/wp-json\/wp\/v2\/categories?post=10727"},{"taxonomy":"post_tag","embeddable":true,"href":"https:\/\/www.oarcanjo.net\/site\/wp-json\/wp\/v2\/tags?post=10727"}],"curies":[{"name":"wp","href":"https:\/\/api.w.org\/{rel}","templated":true}]}}