
{"id":10731,"date":"2010-08-30T13:51:36","date_gmt":"2010-08-30T16:51:36","guid":{"rendered":"http:\/\/www.oarcanjo.net\/site\/?p=10731"},"modified":"2010-08-30T13:51:36","modified_gmt":"2010-08-30T16:51:36","slug":"nascida-ha-100-anos-madre-tereza-deixou-legado-de-bondade","status":"publish","type":"post","link":"https:\/\/www.oarcanjo.net\/site\/nascida-ha-100-anos-madre-tereza-deixou-legado-de-bondade\/","title":{"rendered":"Nascida h\u00e1 100 anos, Madre Tereza deixou legado de bondade"},"content":{"rendered":"<p>DIA DE SUA COMEMORA\u00c7\u00c3O : 05 DE SETEMBRO EM &#8220;TESTEMUNHOS&#8221;<\/p>\n<p>O recente centen\u00e1rio do nascimento da Madre Teresa de Calcut\u00e1, embora comemorado discretamente em nosso Pa\u00eds, conseguiu levar, mesmo os mais insens\u00edveis, a refletirem sobre o sentido de suas vidas, e das obras e pap\u00e9is que podem ser desempenhados por qualquer pessoa de boa vontade, pela pr\u00f3pria capacidade que todos temos de tornar o mundo melhor. A Santa, ela mesma, ainda menina &#8211; segundo sua biografia &#8211; procurou dedicar-se ao pr\u00f3ximo j\u00e1 aos 13 anos, como tarefa primordial e \u00fanica, que veio a preencher toda sua exist\u00eancia. Ela se ocupou, com f\u00e9 e afinco, da defesa dos povos desassistidos, principalmente das crian\u00e7as, e se superou no atendimento a todos a quem sua bondade alcan\u00e7ava.<\/p>\n<p>O exemplo dessa vida despojada e repleta de abnega\u00e7\u00e3o, quando vem a p\u00fablico, acaba por nos obrigar a fazer um invent\u00e1rio da nossa pr\u00f3pria bondade. O ser humano \u00e9, em princ\u00edpio, um ser de instintos. Educar e dominar esses instintos \u00e9 se afastar do estado primitivo e, para tanto, \u00e9 preciso de muito amor e responsabilidade, ferramentas indispens\u00e1veis para se alcan\u00e7ar, cada vez mais, o estatuto de humano.<\/p>\n<p>Criaturas de Deus, somos seres dotados de bons sentimentos e inten\u00e7\u00f5es, mas a for\u00e7a social que nos move, que nos obriga ao ego\u00edsmo bruto, muitas vezes nos impede de termos gestos generosos, de aux\u00edlio ao pr\u00f3ximo e, frequentemente, pensamos que um donativo feito a uma institui\u00e7\u00e3o de caridade j\u00e1 \u00e9 o suficiente. Assinado o cheque, sentimo-nos satisfeitos e pensamos que a miss\u00e3o est\u00e1 cumprida. Com isso, nos desobrigamos de olhar a quest\u00e3o mais a fundo, pois nem sempre a ajuda material \u00e9 a \u00fanica necess\u00e1ria. H\u00e1 pessoas que tem a miss\u00e3o de oferecer ajuda financeira aos mais carentes; outros, que n\u00e3o t\u00eam as condi\u00e7\u00f5es necess\u00e1rias, em geral d\u00e3o de ombros e se desobrigam, j\u00e1 que n\u00e3o podem contribuir com nada. Isso eles pensam!<\/p>\n<p>Muitas vezes, a ajuda material n\u00e3o \u00e9 a mais importante contribui\u00e7\u00e3o, e nem a \u00fanica, que pode significar apoio a algu\u00e9m carente. Acolher uma pessoa em crise, contribuir para afastar seus temores, apresentando solu\u00e7\u00f5es adequadas, que n\u00e3o foram percebidas at\u00e9 ent\u00e3o, melhorar a autoestima daquele ser t\u00e3o infeliz. Isso \u00e9 ter um aut\u00eantico momento de Madre Teresa de Calcut\u00e1. O resultado disso \u00e9 uma sensa\u00e7\u00e3o maravilhosa de leveza e sintonia com o universo, uma impress\u00e3o de que estamos cumprindo exatamente o que nos foi designado. Isso porque, ligados uns aos outros por indel\u00e9veis la\u00e7os divinos, gostamos de atuar com caridade e justi\u00e7a, na medida em que esse tipo de comportamento nos faz t\u00e3o bem e nos coloca numa dimens\u00e3o humana mais l\u00facida e coerente.<\/p>\n<p>Por mais que os maus instintos, ou uma revolta pessoal, tenda a nos afastar dos bons sentimentos e das atitudes generosas, devemos nos esfor\u00e7ar para que isso n\u00e3o aconte\u00e7a. E tamb\u00e9m para descobrirmos como \u00e9 bom receber o agradecimento sincero de um ser, a quem pudemos ajudar, fazendo isso sem nenhum interesse pessoal, tentando contribuir para a melhoria de uma situa\u00e7\u00e3o dif\u00edcil, em que um familiar, um amigo, ou mesmo um estranho se encontre envolvido. Com essa contribui\u00e7\u00e3o, por menor que seja, estaremos de posse de uma sabedoria infinita, pois al\u00e9m de ajudar algu\u00e9m que precisa, compreenderemos, cada vez melhor, as atitudes que criam um canal de energia que pode se ligar com facilidade ao todo universal.<\/p>\n<p>Deus ama todos os seus filhos, mas ama com maior intensidade aqueles que praticam, desinteressadamente, o bem. Seja um deles.<\/p>\n<p><em>autor desconhecido<\/em><\/p>\n<div id=\"themify_builder_content-10731\" data-postid=\"10731\" class=\"themify_builder_content themify_builder_content-10731 themify_builder themify_builder_front\">\n\t<\/div>\n<!-- \/themify_builder_content -->","protected":false},"excerpt":{"rendered":"<p>DIA DE SUA COMEMORA\u00c7\u00c3O : 05 DE SETEMBRO EM &#8220;TESTEMUNHOS&#8221; O recente centen\u00e1rio do nascimento da Madre Teresa de Calcut\u00e1, embora comemorado discretamente em nosso Pa\u00eds, conseguiu levar, mesmo os mais insens\u00edveis, a refletirem sobre o sentido de suas vidas, e das obras e pap\u00e9is que podem ser desempenhados por qualquer pessoa de boa vontade, [&hellip;]<\/p>\n","protected":false},"author":14,"featured_media":0,"comment_status":"open","ping_status":"open","sticky":false,"template":"","format":"standard","meta":{"ngg_post_thumbnail":0,"footnotes":""},"categories":[8],"tags":[],"yoast_head":"<!-- This site is optimized with the Yoast SEO plugin v23.5 - https:\/\/yoast.com\/wordpress\/plugins\/seo\/ -->\n<title>Nascida h\u00e1 100 anos, Madre Tereza deixou legado de bondade  - O Arcanjo no ar<\/title>\n<meta name=\"robots\" content=\"index, follow, max-snippet:-1, max-image-preview:large, max-video-preview:-1\" \/>\n<link rel=\"canonical\" href=\"https:\/\/www.oarcanjo.net\/site\/nascida-ha-100-anos-madre-tereza-deixou-legado-de-bondade\/\" \/>\n<meta property=\"og:locale\" content=\"pt_BR\" \/>\n<meta property=\"og:type\" content=\"article\" \/>\n<meta property=\"og:title\" content=\"Nascida h\u00e1 100 anos, Madre Tereza deixou legado de bondade  - O Arcanjo no ar\" \/>\n<meta property=\"og:description\" content=\"DIA DE SUA COMEMORA\u00c7\u00c3O : 05 DE SETEMBRO EM &#8220;TESTEMUNHOS&#8221; O recente centen\u00e1rio do nascimento da Madre Teresa de Calcut\u00e1, embora comemorado discretamente em nosso Pa\u00eds, conseguiu levar, mesmo os mais insens\u00edveis, a refletirem sobre o sentido de suas vidas, e das obras e pap\u00e9is que podem ser desempenhados por qualquer pessoa de boa vontade, [&hellip;]\" \/>\n<meta property=\"og:url\" content=\"https:\/\/www.oarcanjo.net\/site\/nascida-ha-100-anos-madre-tereza-deixou-legado-de-bondade\/\" \/>\n<meta property=\"og:site_name\" content=\"O Arcanjo no ar\" \/>\n<meta property=\"article:publisher\" content=\"https:\/\/www.facebook.com\/OArcanjoNoAr\/\" \/>\n<meta property=\"article:published_time\" content=\"2010-08-30T16:51:36+00:00\" \/>\n<meta property=\"og:image\" content=\"https:\/\/www.oarcanjo.net\/site\/wp-content\/uploads\/logo-o-arcanjo-no-ar-facebook.png\" \/>\n\t<meta property=\"og:image:width\" content=\"300\" \/>\n\t<meta property=\"og:image:height\" content=\"300\" \/>\n\t<meta property=\"og:image:type\" content=\"image\/png\" \/>\n<meta name=\"author\" content=\"danilo\" \/>\n<meta name=\"twitter:card\" content=\"summary_large_image\" \/>\n<meta name=\"twitter:label1\" content=\"Escrito por\" \/>\n\t<meta name=\"twitter:data1\" content=\"danilo\" \/>\n\t<meta name=\"twitter:label2\" content=\"Est. tempo de leitura\" \/>\n\t<meta name=\"twitter:data2\" content=\"3 minutos\" \/>\n<script type=\"application\/ld+json\" class=\"yoast-schema-graph\">{\"@context\":\"https:\/\/schema.org\",\"@graph\":[{\"@type\":\"Article\",\"@id\":\"https:\/\/www.oarcanjo.net\/site\/nascida-ha-100-anos-madre-tereza-deixou-legado-de-bondade\/#article\",\"isPartOf\":{\"@id\":\"https:\/\/www.oarcanjo.net\/site\/nascida-ha-100-anos-madre-tereza-deixou-legado-de-bondade\/\"},\"author\":{\"name\":\"danilo\",\"@id\":\"https:\/\/www.oarcanjo.net\/site\/#\/schema\/person\/5eb9480bedd2f3c97e430ce128c29c6c\"},\"headline\":\"Nascida h\u00e1 100 anos, Madre Tereza deixou legado de bondade\",\"datePublished\":\"2010-08-30T16:51:36+00:00\",\"dateModified\":\"2010-08-30T16:51:36+00:00\",\"mainEntityOfPage\":{\"@id\":\"https:\/\/www.oarcanjo.net\/site\/nascida-ha-100-anos-madre-tereza-deixou-legado-de-bondade\/\"},\"wordCount\":633,\"commentCount\":2,\"publisher\":{\"@id\":\"https:\/\/www.oarcanjo.net\/site\/#organization\"},\"articleSection\":[\"Not\u00edcias\"],\"inLanguage\":\"pt-BR\",\"potentialAction\":[{\"@type\":\"CommentAction\",\"name\":\"Comment\",\"target\":[\"https:\/\/www.oarcanjo.net\/site\/nascida-ha-100-anos-madre-tereza-deixou-legado-de-bondade\/#respond\"]}]},{\"@type\":\"WebPage\",\"@id\":\"https:\/\/www.oarcanjo.net\/site\/nascida-ha-100-anos-madre-tereza-deixou-legado-de-bondade\/\",\"url\":\"https:\/\/www.oarcanjo.net\/site\/nascida-ha-100-anos-madre-tereza-deixou-legado-de-bondade\/\",\"name\":\"Nascida h\u00e1 100 anos, Madre Tereza deixou legado de bondade - O Arcanjo no ar\",\"isPartOf\":{\"@id\":\"https:\/\/www.oarcanjo.net\/site\/#website\"},\"datePublished\":\"2010-08-30T16:51:36+00:00\",\"dateModified\":\"2010-08-30T16:51:36+00:00\",\"breadcrumb\":{\"@id\":\"https:\/\/www.oarcanjo.net\/site\/nascida-ha-100-anos-madre-tereza-deixou-legado-de-bondade\/#breadcrumb\"},\"inLanguage\":\"pt-BR\",\"potentialAction\":[{\"@type\":\"ReadAction\",\"target\":[\"https:\/\/www.oarcanjo.net\/site\/nascida-ha-100-anos-madre-tereza-deixou-legado-de-bondade\/\"]}]},{\"@type\":\"BreadcrumbList\",\"@id\":\"https:\/\/www.oarcanjo.net\/site\/nascida-ha-100-anos-madre-tereza-deixou-legado-de-bondade\/#breadcrumb\",\"itemListElement\":[{\"@type\":\"ListItem\",\"position\":1,\"name\":\"In\u00edcio\",\"item\":\"https:\/\/www.oarcanjo.net\/site\/\"},{\"@type\":\"ListItem\",\"position\":2,\"name\":\"Nascida h\u00e1 100 anos, Madre Tereza deixou legado de bondade\"}]},{\"@type\":\"WebSite\",\"@id\":\"https:\/\/www.oarcanjo.net\/site\/#website\",\"url\":\"https:\/\/www.oarcanjo.net\/site\/\",\"name\":\"O Arcanjo no ar\",\"description\":\"Site da Par\u00f3quia S\u00e3o Miguel Arcanjo (Arquidiocese de SP)\",\"publisher\":{\"@id\":\"https:\/\/www.oarcanjo.net\/site\/#organization\"},\"potentialAction\":[{\"@type\":\"SearchAction\",\"target\":{\"@type\":\"EntryPoint\",\"urlTemplate\":\"https:\/\/www.oarcanjo.net\/site\/?s={search_term_string}\"},\"query-input\":{\"@type\":\"PropertyValueSpecification\",\"valueRequired\":true,\"valueName\":\"search_term_string\"}}],\"inLanguage\":\"pt-BR\"},{\"@type\":\"Organization\",\"@id\":\"https:\/\/www.oarcanjo.net\/site\/#organization\",\"name\":\"Par\u00f3quia S\u00e3o Miguel Arcanjo\",\"url\":\"https:\/\/www.oarcanjo.net\/site\/\",\"logo\":{\"@type\":\"ImageObject\",\"inLanguage\":\"pt-BR\",\"@id\":\"https:\/\/www.oarcanjo.net\/site\/#\/schema\/logo\/image\/\",\"url\":\"https:\/\/www.oarcanjo.net\/site\/wp-content\/uploads\/LogoOArcanjo.png\",\"contentUrl\":\"https:\/\/www.oarcanjo.net\/site\/wp-content\/uploads\/LogoOArcanjo.png\",\"width\":319,\"height\":99,\"caption\":\"Par\u00f3quia S\u00e3o Miguel Arcanjo\"},\"image\":{\"@id\":\"https:\/\/www.oarcanjo.net\/site\/#\/schema\/logo\/image\/\"},\"sameAs\":[\"https:\/\/www.facebook.com\/OArcanjoNoAr\/\"]},{\"@type\":\"Person\",\"@id\":\"https:\/\/www.oarcanjo.net\/site\/#\/schema\/person\/5eb9480bedd2f3c97e430ce128c29c6c\",\"name\":\"danilo\"}]}<\/script>\n<!-- \/ Yoast SEO plugin. -->","yoast_head_json":{"title":"Nascida h\u00e1 100 anos, Madre Tereza deixou legado de bondade  - O Arcanjo no ar","robots":{"index":"index","follow":"follow","max-snippet":"max-snippet:-1","max-image-preview":"max-image-preview:large","max-video-preview":"max-video-preview:-1"},"canonical":"https:\/\/www.oarcanjo.net\/site\/nascida-ha-100-anos-madre-tereza-deixou-legado-de-bondade\/","og_locale":"pt_BR","og_type":"article","og_title":"Nascida h\u00e1 100 anos, Madre Tereza deixou legado de bondade  - O Arcanjo no ar","og_description":"DIA DE SUA COMEMORA\u00c7\u00c3O : 05 DE SETEMBRO EM &#8220;TESTEMUNHOS&#8221; O recente centen\u00e1rio do nascimento da Madre Teresa de Calcut\u00e1, embora comemorado discretamente em nosso Pa\u00eds, conseguiu levar, mesmo os mais insens\u00edveis, a refletirem sobre o sentido de suas vidas, e das obras e pap\u00e9is que podem ser desempenhados por qualquer pessoa de boa vontade, [&hellip;]","og_url":"https:\/\/www.oarcanjo.net\/site\/nascida-ha-100-anos-madre-tereza-deixou-legado-de-bondade\/","og_site_name":"O Arcanjo no ar","article_publisher":"https:\/\/www.facebook.com\/OArcanjoNoAr\/","article_published_time":"2010-08-30T16:51:36+00:00","og_image":[{"width":300,"height":300,"url":"https:\/\/www.oarcanjo.net\/site\/wp-content\/uploads\/logo-o-arcanjo-no-ar-facebook.png","type":"image\/png"}],"author":"danilo","twitter_card":"summary_large_image","twitter_misc":{"Escrito por":"danilo","Est. tempo de leitura":"3 minutos"},"schema":{"@context":"https:\/\/schema.org","@graph":[{"@type":"Article","@id":"https:\/\/www.oarcanjo.net\/site\/nascida-ha-100-anos-madre-tereza-deixou-legado-de-bondade\/#article","isPartOf":{"@id":"https:\/\/www.oarcanjo.net\/site\/nascida-ha-100-anos-madre-tereza-deixou-legado-de-bondade\/"},"author":{"name":"danilo","@id":"https:\/\/www.oarcanjo.net\/site\/#\/schema\/person\/5eb9480bedd2f3c97e430ce128c29c6c"},"headline":"Nascida h\u00e1 100 anos, Madre Tereza deixou legado de bondade","datePublished":"2010-08-30T16:51:36+00:00","dateModified":"2010-08-30T16:51:36+00:00","mainEntityOfPage":{"@id":"https:\/\/www.oarcanjo.net\/site\/nascida-ha-100-anos-madre-tereza-deixou-legado-de-bondade\/"},"wordCount":633,"commentCount":2,"publisher":{"@id":"https:\/\/www.oarcanjo.net\/site\/#organization"},"articleSection":["Not\u00edcias"],"inLanguage":"pt-BR","potentialAction":[{"@type":"CommentAction","name":"Comment","target":["https:\/\/www.oarcanjo.net\/site\/nascida-ha-100-anos-madre-tereza-deixou-legado-de-bondade\/#respond"]}]},{"@type":"WebPage","@id":"https:\/\/www.oarcanjo.net\/site\/nascida-ha-100-anos-madre-tereza-deixou-legado-de-bondade\/","url":"https:\/\/www.oarcanjo.net\/site\/nascida-ha-100-anos-madre-tereza-deixou-legado-de-bondade\/","name":"Nascida h\u00e1 100 anos, Madre Tereza deixou legado de bondade - O Arcanjo no ar","isPartOf":{"@id":"https:\/\/www.oarcanjo.net\/site\/#website"},"datePublished":"2010-08-30T16:51:36+00:00","dateModified":"2010-08-30T16:51:36+00:00","breadcrumb":{"@id":"https:\/\/www.oarcanjo.net\/site\/nascida-ha-100-anos-madre-tereza-deixou-legado-de-bondade\/#breadcrumb"},"inLanguage":"pt-BR","potentialAction":[{"@type":"ReadAction","target":["https:\/\/www.oarcanjo.net\/site\/nascida-ha-100-anos-madre-tereza-deixou-legado-de-bondade\/"]}]},{"@type":"BreadcrumbList","@id":"https:\/\/www.oarcanjo.net\/site\/nascida-ha-100-anos-madre-tereza-deixou-legado-de-bondade\/#breadcrumb","itemListElement":[{"@type":"ListItem","position":1,"name":"In\u00edcio","item":"https:\/\/www.oarcanjo.net\/site\/"},{"@type":"ListItem","position":2,"name":"Nascida h\u00e1 100 anos, Madre Tereza deixou legado de bondade"}]},{"@type":"WebSite","@id":"https:\/\/www.oarcanjo.net\/site\/#website","url":"https:\/\/www.oarcanjo.net\/site\/","name":"O Arcanjo no ar","description":"Site da Par\u00f3quia S\u00e3o Miguel Arcanjo (Arquidiocese de SP)","publisher":{"@id":"https:\/\/www.oarcanjo.net\/site\/#organization"},"potentialAction":[{"@type":"SearchAction","target":{"@type":"EntryPoint","urlTemplate":"https:\/\/www.oarcanjo.net\/site\/?s={search_term_string}"},"query-input":{"@type":"PropertyValueSpecification","valueRequired":true,"valueName":"search_term_string"}}],"inLanguage":"pt-BR"},{"@type":"Organization","@id":"https:\/\/www.oarcanjo.net\/site\/#organization","name":"Par\u00f3quia S\u00e3o Miguel Arcanjo","url":"https:\/\/www.oarcanjo.net\/site\/","logo":{"@type":"ImageObject","inLanguage":"pt-BR","@id":"https:\/\/www.oarcanjo.net\/site\/#\/schema\/logo\/image\/","url":"https:\/\/www.oarcanjo.net\/site\/wp-content\/uploads\/LogoOArcanjo.png","contentUrl":"https:\/\/www.oarcanjo.net\/site\/wp-content\/uploads\/LogoOArcanjo.png","width":319,"height":99,"caption":"Par\u00f3quia S\u00e3o Miguel Arcanjo"},"image":{"@id":"https:\/\/www.oarcanjo.net\/site\/#\/schema\/logo\/image\/"},"sameAs":["https:\/\/www.facebook.com\/OArcanjoNoAr\/"]},{"@type":"Person","@id":"https:\/\/www.oarcanjo.net\/site\/#\/schema\/person\/5eb9480bedd2f3c97e430ce128c29c6c","name":"danilo"}]}},"publishpress_future_action":{"enabled":false,"date":"2026-05-09 07:25:04","action":"category","newStatus":"draft","terms":[],"taxonomy":"category"},"publishpress_future_workflow_manual_trigger":{"enabledWorkflows":[]},"_links":{"self":[{"href":"https:\/\/www.oarcanjo.net\/site\/wp-json\/wp\/v2\/posts\/10731"}],"collection":[{"href":"https:\/\/www.oarcanjo.net\/site\/wp-json\/wp\/v2\/posts"}],"about":[{"href":"https:\/\/www.oarcanjo.net\/site\/wp-json\/wp\/v2\/types\/post"}],"author":[{"embeddable":true,"href":"https:\/\/www.oarcanjo.net\/site\/wp-json\/wp\/v2\/users\/14"}],"replies":[{"embeddable":true,"href":"https:\/\/www.oarcanjo.net\/site\/wp-json\/wp\/v2\/comments?post=10731"}],"version-history":[{"count":0,"href":"https:\/\/www.oarcanjo.net\/site\/wp-json\/wp\/v2\/posts\/10731\/revisions"}],"wp:attachment":[{"href":"https:\/\/www.oarcanjo.net\/site\/wp-json\/wp\/v2\/media?parent=10731"}],"wp:term":[{"taxonomy":"category","embeddable":true,"href":"https:\/\/www.oarcanjo.net\/site\/wp-json\/wp\/v2\/categories?post=10731"},{"taxonomy":"post_tag","embeddable":true,"href":"https:\/\/www.oarcanjo.net\/site\/wp-json\/wp\/v2\/tags?post=10731"}],"curies":[{"name":"wp","href":"https:\/\/api.w.org\/{rel}","templated":true}]}}