
{"id":10734,"date":"2010-08-30T14:07:30","date_gmt":"2010-08-30T17:07:30","guid":{"rendered":"http:\/\/www.oarcanjo.net\/site\/?p=10734"},"modified":"2010-08-30T14:07:30","modified_gmt":"2010-08-30T17:07:30","slug":"cristaos-leigosdiscipulos-missionarios-de-jesus-cristo-na-cidade","status":"publish","type":"post","link":"https:\/\/www.oarcanjo.net\/site\/cristaos-leigosdiscipulos-missionarios-de-jesus-cristo-na-cidade\/","title":{"rendered":"Crist\u00e3os leigos:Disc\u00edpulos mission\u00e1rios de Jesus Cristo na cidade"},"content":{"rendered":"<p><strong>\u00a0<\/strong><\/p>\n<p>Card. Odilo P. Scherer<\/p>\n<p>\u00a0O 1\u00ba Congresso Arquidiocesano de Leigos viveu, neste \u00faltimo fim de semana, um momento importante, com a conclus\u00e3o da sua etapa nas seis Regi\u00f5es Episcopais. As oficinas tem\u00e1ticas realizadas, conforme Regulamento estabelecido, ao longo de quase 3 meses, ofereceram a ocasi\u00e3o para uma tomada de consci\u00eancia sobre os muitos campos de vida e miss\u00e3o dos crist\u00e3os leigos na Igreja e no mundo. Gra\u00e7as a Deus, os Congressos \u201cRegionais\u201d foram coroados de \u00eaxito e desejo manifestar meu agradecimento a todos aqueles que se empenharam na sua realiza\u00e7\u00e3o.\u00a0<\/p>\n<p>Agora se abre diante de n\u00f3s a \u00faltima etapa do Congresso, que nos faz olhar para a\u00a0 Arquidiocese e a cidade como um todo. \u00c9 um momento muito importante. O tema do Congresso coloca-nos diante desta miss\u00e3o: ser disc\u00edpulos e mission\u00e1rios de Jesus Cristo na cidade de S\u00e3o Paulo. Nossa Arquidiocese \u00e9 inteiramente urbana e isso n\u00e3o deve ser indiferente. Temos a voca\u00e7\u00e3o, a gra\u00e7a e a miss\u00e3o de ser Igreja de Jesus Cristo neste complexo mundo metropolitano, com seus are\u00f3pagos mais variados, seus contrastes econ\u00f4micos abissais, suas situa\u00e7\u00f5es e problemas sociais muitas vezes dolorosos, seus muitos cultos, religi\u00f5es e n\u00e3o-religi\u00f5es&#8230; Que fazemos n\u00f3s neste cidade?!\u00a0<\/p>\n<p>Como Deus chamou e enviou o profeta Jonas a N\u00ednive, \u201ca grande cidade\u201d, assim tamb\u00e9m chama e envia sua Igreja para estar na cidade imensa de S\u00e3o Paulo; n\u00e3o, certamente, para anunciar que ser\u00e1 destru\u00edda, mas para cham\u00e1-la aos caminhos de Deus e para lhe fazer conhecer o amor e a presen\u00e7a salvadora de Deus: \u201cDeus habita esta cidade e tem amor pelo seu povo\u201d (cf Sl 47,9). A presen\u00e7a de milh\u00f5es de cidad\u00e3os cat\u00f3licos e de outros crist\u00e3os nesta cidade deve fazer alguma diferen\u00e7a, mediante o fermento, o sal e a luz do Evangelho introduzidos no conv\u00edvio social, no mundo do trabalho e das ocupa\u00e7\u00f5es, na educa\u00e7\u00e3o, na comunica\u00e7\u00e3o, na gest\u00e3o da vida econ\u00f4mica e pol\u00edtica, nas manifesta\u00e7\u00f5es religiosas e culturais. Temos a firme convic\u00e7\u00e3o de que o Evangelho e a proposta crist\u00e3 de vida e conviv\u00eancia s\u00e3o \u201cboa nova\u201d para este mundo urbano. Se isto aparece, ou n\u00e3o, cabe-nos constatar, e tirar as conseq\u00fc\u00eancias.\u00a0<\/p>\n<p>A Igreja n\u00e3o poder\u00e1 exercer de maneira adequada esta miss\u00e3o sem uma ativa e corajosa participa\u00e7\u00e3o de todos os seus membros: clero, religiosos e leigos. Somos todos disc\u00edpulos mission\u00e1rios de Jesus Cristo na cidade de S\u00e3o Paulo, cada um com seu dom e sua compet\u00eancia no Corpo de Cristo, o Povo de Deus, que \u00e9 a Igreja. Os leigos, de modo especial, s\u00e3o os ap\u00f3stolos do Evangelho no vasto e complexo \u201cmundo secular\u201d, onde s\u00e3o cidad\u00e3os e membros da cidade terrena e, ao mesmo tempo, membros e disc\u00edpulos do reino de Deus. Aos leigos e leigas cabe a miss\u00e3o de introduzir o sal, o fermento e a luz do Evangelho nas \u201crealidades deste mundo\u201d para que tenham sempre mais o jeito e o sabor das coisas de Deus. Na diversidade e no pluralismo das convic\u00e7\u00f5es e vis\u00f5es culturais, os crist\u00e3os t\u00eam algo de pr\u00f3prio a dizer e contribuir para que a cidade seja melhor, mais digna e justa para cada um de seus habitantes e mais digna de Deus, que nela habita. Tenhamos a certeza de que o testemunho crist\u00e3o, coerente com o Evangelho, \u00e9 bom e faz bem \u00e0 cidade.\u00a0<\/p>\n<p>Eis, agora, a 3\u00aa. etapa do Congresso Arquidiocesano de Leigos, que se estender\u00e1 at\u00e9 o Domingo de Cristo Rei, 21 de novembro, encerramento do Congresso. O objetivo desta etapa \u00e9 a reflex\u00e3o sobre a participa\u00e7\u00e3o dos crist\u00e3os leigos no conjunto da Arquidiocese e da vida da cidade. \u00c9 chegado o momento de elaborar projetos de organiza\u00e7\u00e3o, forma\u00e7\u00e3o e a\u00e7\u00e3o dos leigos. Mais uma vez, as oficinas tem\u00e1ticas ajudar\u00e3o a agregar os leigos por afinidade de forma\u00e7\u00e3o, profiss\u00e3o e ocupa\u00e7\u00e3o no mundo e na Igreja, conforme vem exposto no Regulamento do Congresso. Fa\u00e7o votos de bons trabalhos a todos!<\/p>\n<p>Enquanto isso, as par\u00f3quias, comunidades e organiza\u00e7\u00f5es de base da Igreja tamb\u00e9m podem fazer as mesmas oficinas tem\u00e1ticas em \u00e2mbito local. Tenho a certeza de que os frutos ser\u00e3o abundantes! Que o ap\u00f3stolo S\u00e3o Paulo, \u201cap\u00f3stolo urbano\u201d, contagie a todos com seu ardor e paix\u00e3o por Cristo e pela sua Igreja!<\/p>\n<p>\u00a0<em>Publicado em O S\u00c3O PAULO, ed. de 31.08.2010<\/em><\/p>\n<p><em>Card. Odilo P. Scherer<\/em><\/p>\n<p><em>Arcebispo de S\u00e3o Paulo<\/em><\/p>\n<div id=\"themify_builder_content-10734\" data-postid=\"10734\" class=\"themify_builder_content themify_builder_content-10734 themify_builder themify_builder_front\">\n\t<\/div>\n<!-- \/themify_builder_content -->","protected":false},"excerpt":{"rendered":"<p>\u00a0 Card. Odilo P. Scherer \u00a0O 1\u00ba Congresso Arquidiocesano de Leigos viveu, neste \u00faltimo fim de semana, um momento importante, com a conclus\u00e3o da sua etapa nas seis Regi\u00f5es Episcopais. As oficinas tem\u00e1ticas realizadas, conforme Regulamento estabelecido, ao longo de quase 3 meses, ofereceram a ocasi\u00e3o para uma tomada de consci\u00eancia sobre os muitos campos [&hellip;]<\/p>\n","protected":false},"author":15,"featured_media":0,"comment_status":"open","ping_status":"open","sticky":false,"template":"","format":"standard","meta":{"ngg_post_thumbnail":0,"footnotes":""},"categories":[9],"tags":[1434,155],"yoast_head":"<!-- This site is optimized with the Yoast SEO plugin v23.5 - https:\/\/yoast.com\/wordpress\/plugins\/seo\/ -->\n<title>Crist\u00e3os leigos:Disc\u00edpulos mission\u00e1rios de Jesus Cristo na cidade - O Arcanjo no ar<\/title>\n<meta name=\"robots\" content=\"index, follow, max-snippet:-1, max-image-preview:large, max-video-preview:-1\" \/>\n<link rel=\"canonical\" href=\"https:\/\/www.oarcanjo.net\/site\/cristaos-leigosdiscipulos-missionarios-de-jesus-cristo-na-cidade\/\" \/>\n<meta property=\"og:locale\" content=\"pt_BR\" \/>\n<meta property=\"og:type\" content=\"article\" \/>\n<meta property=\"og:title\" content=\"Crist\u00e3os leigos:Disc\u00edpulos mission\u00e1rios de Jesus Cristo na cidade - O Arcanjo no ar\" \/>\n<meta property=\"og:description\" content=\"\u00a0 Card. Odilo P. Scherer \u00a0O 1\u00ba Congresso Arquidiocesano de Leigos viveu, neste \u00faltimo fim de semana, um momento importante, com a conclus\u00e3o da sua etapa nas seis Regi\u00f5es Episcopais. As oficinas tem\u00e1ticas realizadas, conforme Regulamento estabelecido, ao longo de quase 3 meses, ofereceram a ocasi\u00e3o para uma tomada de consci\u00eancia sobre os muitos campos [&hellip;]\" \/>\n<meta property=\"og:url\" content=\"https:\/\/www.oarcanjo.net\/site\/cristaos-leigosdiscipulos-missionarios-de-jesus-cristo-na-cidade\/\" \/>\n<meta property=\"og:site_name\" content=\"O Arcanjo no ar\" \/>\n<meta property=\"article:publisher\" content=\"https:\/\/www.facebook.com\/OArcanjoNoAr\/\" \/>\n<meta property=\"article:published_time\" content=\"2010-08-30T17:07:30+00:00\" \/>\n<meta property=\"og:image\" content=\"https:\/\/www.oarcanjo.net\/site\/wp-content\/uploads\/logo-o-arcanjo-no-ar-facebook.png\" \/>\n\t<meta property=\"og:image:width\" content=\"300\" \/>\n\t<meta property=\"og:image:height\" content=\"300\" \/>\n\t<meta property=\"og:image:type\" content=\"image\/png\" \/>\n<meta name=\"author\" content=\"Alexandre Nunes\" \/>\n<meta name=\"twitter:card\" content=\"summary_large_image\" \/>\n<meta name=\"twitter:label1\" content=\"Escrito por\" \/>\n\t<meta name=\"twitter:data1\" content=\"Alexandre Nunes\" \/>\n\t<meta name=\"twitter:label2\" content=\"Est. tempo de leitura\" \/>\n\t<meta name=\"twitter:data2\" content=\"4 minutos\" \/>\n<script type=\"application\/ld+json\" class=\"yoast-schema-graph\">{\"@context\":\"https:\/\/schema.org\",\"@graph\":[{\"@type\":\"Article\",\"@id\":\"https:\/\/www.oarcanjo.net\/site\/cristaos-leigosdiscipulos-missionarios-de-jesus-cristo-na-cidade\/#article\",\"isPartOf\":{\"@id\":\"https:\/\/www.oarcanjo.net\/site\/cristaos-leigosdiscipulos-missionarios-de-jesus-cristo-na-cidade\/\"},\"author\":{\"name\":\"Alexandre Nunes\",\"@id\":\"https:\/\/www.oarcanjo.net\/site\/#\/schema\/person\/0a2ae077c1a09b69d29928e3b9f1c0d1\"},\"headline\":\"Crist\u00e3os leigos:Disc\u00edpulos mission\u00e1rios de Jesus Cristo na cidade\",\"datePublished\":\"2010-08-30T17:07:30+00:00\",\"dateModified\":\"2010-08-30T17:07:30+00:00\",\"mainEntityOfPage\":{\"@id\":\"https:\/\/www.oarcanjo.net\/site\/cristaos-leigosdiscipulos-missionarios-de-jesus-cristo-na-cidade\/\"},\"wordCount\":800,\"commentCount\":0,\"publisher\":{\"@id\":\"https:\/\/www.oarcanjo.net\/site\/#organization\"},\"keywords\":[\"Congresso de Leigos\",\"S\u00e3o Paulo Ap\u00f3stolo\"],\"articleSection\":[\"Reflex\u00f5es\"],\"inLanguage\":\"pt-BR\",\"potentialAction\":[{\"@type\":\"CommentAction\",\"name\":\"Comment\",\"target\":[\"https:\/\/www.oarcanjo.net\/site\/cristaos-leigosdiscipulos-missionarios-de-jesus-cristo-na-cidade\/#respond\"]}]},{\"@type\":\"WebPage\",\"@id\":\"https:\/\/www.oarcanjo.net\/site\/cristaos-leigosdiscipulos-missionarios-de-jesus-cristo-na-cidade\/\",\"url\":\"https:\/\/www.oarcanjo.net\/site\/cristaos-leigosdiscipulos-missionarios-de-jesus-cristo-na-cidade\/\",\"name\":\"Crist\u00e3os leigos:Disc\u00edpulos mission\u00e1rios de Jesus Cristo na cidade - O Arcanjo no ar\",\"isPartOf\":{\"@id\":\"https:\/\/www.oarcanjo.net\/site\/#website\"},\"datePublished\":\"2010-08-30T17:07:30+00:00\",\"dateModified\":\"2010-08-30T17:07:30+00:00\",\"breadcrumb\":{\"@id\":\"https:\/\/www.oarcanjo.net\/site\/cristaos-leigosdiscipulos-missionarios-de-jesus-cristo-na-cidade\/#breadcrumb\"},\"inLanguage\":\"pt-BR\",\"potentialAction\":[{\"@type\":\"ReadAction\",\"target\":[\"https:\/\/www.oarcanjo.net\/site\/cristaos-leigosdiscipulos-missionarios-de-jesus-cristo-na-cidade\/\"]}]},{\"@type\":\"BreadcrumbList\",\"@id\":\"https:\/\/www.oarcanjo.net\/site\/cristaos-leigosdiscipulos-missionarios-de-jesus-cristo-na-cidade\/#breadcrumb\",\"itemListElement\":[{\"@type\":\"ListItem\",\"position\":1,\"name\":\"In\u00edcio\",\"item\":\"https:\/\/www.oarcanjo.net\/site\/\"},{\"@type\":\"ListItem\",\"position\":2,\"name\":\"Crist\u00e3os leigos:Disc\u00edpulos mission\u00e1rios de Jesus Cristo na cidade\"}]},{\"@type\":\"WebSite\",\"@id\":\"https:\/\/www.oarcanjo.net\/site\/#website\",\"url\":\"https:\/\/www.oarcanjo.net\/site\/\",\"name\":\"O Arcanjo no ar\",\"description\":\"Site da Par\u00f3quia S\u00e3o Miguel Arcanjo (Arquidiocese de SP)\",\"publisher\":{\"@id\":\"https:\/\/www.oarcanjo.net\/site\/#organization\"},\"potentialAction\":[{\"@type\":\"SearchAction\",\"target\":{\"@type\":\"EntryPoint\",\"urlTemplate\":\"https:\/\/www.oarcanjo.net\/site\/?s={search_term_string}\"},\"query-input\":{\"@type\":\"PropertyValueSpecification\",\"valueRequired\":true,\"valueName\":\"search_term_string\"}}],\"inLanguage\":\"pt-BR\"},{\"@type\":\"Organization\",\"@id\":\"https:\/\/www.oarcanjo.net\/site\/#organization\",\"name\":\"Par\u00f3quia S\u00e3o Miguel Arcanjo\",\"url\":\"https:\/\/www.oarcanjo.net\/site\/\",\"logo\":{\"@type\":\"ImageObject\",\"inLanguage\":\"pt-BR\",\"@id\":\"https:\/\/www.oarcanjo.net\/site\/#\/schema\/logo\/image\/\",\"url\":\"https:\/\/www.oarcanjo.net\/site\/wp-content\/uploads\/LogoOArcanjo.png\",\"contentUrl\":\"https:\/\/www.oarcanjo.net\/site\/wp-content\/uploads\/LogoOArcanjo.png\",\"width\":319,\"height\":99,\"caption\":\"Par\u00f3quia S\u00e3o Miguel Arcanjo\"},\"image\":{\"@id\":\"https:\/\/www.oarcanjo.net\/site\/#\/schema\/logo\/image\/\"},\"sameAs\":[\"https:\/\/www.facebook.com\/OArcanjoNoAr\/\"]},{\"@type\":\"Person\",\"@id\":\"https:\/\/www.oarcanjo.net\/site\/#\/schema\/person\/0a2ae077c1a09b69d29928e3b9f1c0d1\",\"name\":\"Alexandre Nunes\",\"sameAs\":[\"http:\/\/alexandrenu.com\"]}]}<\/script>\n<!-- \/ Yoast SEO plugin. -->","yoast_head_json":{"title":"Crist\u00e3os leigos:Disc\u00edpulos mission\u00e1rios de Jesus Cristo na cidade - O Arcanjo no ar","robots":{"index":"index","follow":"follow","max-snippet":"max-snippet:-1","max-image-preview":"max-image-preview:large","max-video-preview":"max-video-preview:-1"},"canonical":"https:\/\/www.oarcanjo.net\/site\/cristaos-leigosdiscipulos-missionarios-de-jesus-cristo-na-cidade\/","og_locale":"pt_BR","og_type":"article","og_title":"Crist\u00e3os leigos:Disc\u00edpulos mission\u00e1rios de Jesus Cristo na cidade - O Arcanjo no ar","og_description":"\u00a0 Card. Odilo P. Scherer \u00a0O 1\u00ba Congresso Arquidiocesano de Leigos viveu, neste \u00faltimo fim de semana, um momento importante, com a conclus\u00e3o da sua etapa nas seis Regi\u00f5es Episcopais. As oficinas tem\u00e1ticas realizadas, conforme Regulamento estabelecido, ao longo de quase 3 meses, ofereceram a ocasi\u00e3o para uma tomada de consci\u00eancia sobre os muitos campos [&hellip;]","og_url":"https:\/\/www.oarcanjo.net\/site\/cristaos-leigosdiscipulos-missionarios-de-jesus-cristo-na-cidade\/","og_site_name":"O Arcanjo no ar","article_publisher":"https:\/\/www.facebook.com\/OArcanjoNoAr\/","article_published_time":"2010-08-30T17:07:30+00:00","og_image":[{"width":300,"height":300,"url":"https:\/\/www.oarcanjo.net\/site\/wp-content\/uploads\/logo-o-arcanjo-no-ar-facebook.png","type":"image\/png"}],"author":"Alexandre Nunes","twitter_card":"summary_large_image","twitter_misc":{"Escrito por":"Alexandre Nunes","Est. tempo de leitura":"4 minutos"},"schema":{"@context":"https:\/\/schema.org","@graph":[{"@type":"Article","@id":"https:\/\/www.oarcanjo.net\/site\/cristaos-leigosdiscipulos-missionarios-de-jesus-cristo-na-cidade\/#article","isPartOf":{"@id":"https:\/\/www.oarcanjo.net\/site\/cristaos-leigosdiscipulos-missionarios-de-jesus-cristo-na-cidade\/"},"author":{"name":"Alexandre Nunes","@id":"https:\/\/www.oarcanjo.net\/site\/#\/schema\/person\/0a2ae077c1a09b69d29928e3b9f1c0d1"},"headline":"Crist\u00e3os leigos:Disc\u00edpulos mission\u00e1rios de Jesus Cristo na cidade","datePublished":"2010-08-30T17:07:30+00:00","dateModified":"2010-08-30T17:07:30+00:00","mainEntityOfPage":{"@id":"https:\/\/www.oarcanjo.net\/site\/cristaos-leigosdiscipulos-missionarios-de-jesus-cristo-na-cidade\/"},"wordCount":800,"commentCount":0,"publisher":{"@id":"https:\/\/www.oarcanjo.net\/site\/#organization"},"keywords":["Congresso de Leigos","S\u00e3o Paulo Ap\u00f3stolo"],"articleSection":["Reflex\u00f5es"],"inLanguage":"pt-BR","potentialAction":[{"@type":"CommentAction","name":"Comment","target":["https:\/\/www.oarcanjo.net\/site\/cristaos-leigosdiscipulos-missionarios-de-jesus-cristo-na-cidade\/#respond"]}]},{"@type":"WebPage","@id":"https:\/\/www.oarcanjo.net\/site\/cristaos-leigosdiscipulos-missionarios-de-jesus-cristo-na-cidade\/","url":"https:\/\/www.oarcanjo.net\/site\/cristaos-leigosdiscipulos-missionarios-de-jesus-cristo-na-cidade\/","name":"Crist\u00e3os leigos:Disc\u00edpulos mission\u00e1rios de Jesus Cristo na cidade - O Arcanjo no ar","isPartOf":{"@id":"https:\/\/www.oarcanjo.net\/site\/#website"},"datePublished":"2010-08-30T17:07:30+00:00","dateModified":"2010-08-30T17:07:30+00:00","breadcrumb":{"@id":"https:\/\/www.oarcanjo.net\/site\/cristaos-leigosdiscipulos-missionarios-de-jesus-cristo-na-cidade\/#breadcrumb"},"inLanguage":"pt-BR","potentialAction":[{"@type":"ReadAction","target":["https:\/\/www.oarcanjo.net\/site\/cristaos-leigosdiscipulos-missionarios-de-jesus-cristo-na-cidade\/"]}]},{"@type":"BreadcrumbList","@id":"https:\/\/www.oarcanjo.net\/site\/cristaos-leigosdiscipulos-missionarios-de-jesus-cristo-na-cidade\/#breadcrumb","itemListElement":[{"@type":"ListItem","position":1,"name":"In\u00edcio","item":"https:\/\/www.oarcanjo.net\/site\/"},{"@type":"ListItem","position":2,"name":"Crist\u00e3os leigos:Disc\u00edpulos mission\u00e1rios de Jesus Cristo na cidade"}]},{"@type":"WebSite","@id":"https:\/\/www.oarcanjo.net\/site\/#website","url":"https:\/\/www.oarcanjo.net\/site\/","name":"O Arcanjo no ar","description":"Site da Par\u00f3quia S\u00e3o Miguel Arcanjo (Arquidiocese de SP)","publisher":{"@id":"https:\/\/www.oarcanjo.net\/site\/#organization"},"potentialAction":[{"@type":"SearchAction","target":{"@type":"EntryPoint","urlTemplate":"https:\/\/www.oarcanjo.net\/site\/?s={search_term_string}"},"query-input":{"@type":"PropertyValueSpecification","valueRequired":true,"valueName":"search_term_string"}}],"inLanguage":"pt-BR"},{"@type":"Organization","@id":"https:\/\/www.oarcanjo.net\/site\/#organization","name":"Par\u00f3quia S\u00e3o Miguel Arcanjo","url":"https:\/\/www.oarcanjo.net\/site\/","logo":{"@type":"ImageObject","inLanguage":"pt-BR","@id":"https:\/\/www.oarcanjo.net\/site\/#\/schema\/logo\/image\/","url":"https:\/\/www.oarcanjo.net\/site\/wp-content\/uploads\/LogoOArcanjo.png","contentUrl":"https:\/\/www.oarcanjo.net\/site\/wp-content\/uploads\/LogoOArcanjo.png","width":319,"height":99,"caption":"Par\u00f3quia S\u00e3o Miguel Arcanjo"},"image":{"@id":"https:\/\/www.oarcanjo.net\/site\/#\/schema\/logo\/image\/"},"sameAs":["https:\/\/www.facebook.com\/OArcanjoNoAr\/"]},{"@type":"Person","@id":"https:\/\/www.oarcanjo.net\/site\/#\/schema\/person\/0a2ae077c1a09b69d29928e3b9f1c0d1","name":"Alexandre Nunes","sameAs":["http:\/\/alexandrenu.com"]}]}},"publishpress_future_action":{"enabled":false,"date":"2026-05-10 06:03:59","action":"category","newStatus":"draft","terms":[],"taxonomy":"category"},"publishpress_future_workflow_manual_trigger":{"enabledWorkflows":[]},"_links":{"self":[{"href":"https:\/\/www.oarcanjo.net\/site\/wp-json\/wp\/v2\/posts\/10734"}],"collection":[{"href":"https:\/\/www.oarcanjo.net\/site\/wp-json\/wp\/v2\/posts"}],"about":[{"href":"https:\/\/www.oarcanjo.net\/site\/wp-json\/wp\/v2\/types\/post"}],"author":[{"embeddable":true,"href":"https:\/\/www.oarcanjo.net\/site\/wp-json\/wp\/v2\/users\/15"}],"replies":[{"embeddable":true,"href":"https:\/\/www.oarcanjo.net\/site\/wp-json\/wp\/v2\/comments?post=10734"}],"version-history":[{"count":0,"href":"https:\/\/www.oarcanjo.net\/site\/wp-json\/wp\/v2\/posts\/10734\/revisions"}],"wp:attachment":[{"href":"https:\/\/www.oarcanjo.net\/site\/wp-json\/wp\/v2\/media?parent=10734"}],"wp:term":[{"taxonomy":"category","embeddable":true,"href":"https:\/\/www.oarcanjo.net\/site\/wp-json\/wp\/v2\/categories?post=10734"},{"taxonomy":"post_tag","embeddable":true,"href":"https:\/\/www.oarcanjo.net\/site\/wp-json\/wp\/v2\/tags?post=10734"}],"curies":[{"name":"wp","href":"https:\/\/api.w.org\/{rel}","templated":true}]}}