
{"id":10751,"date":"2017-09-06T00:37:08","date_gmt":"2017-09-06T03:37:08","guid":{"rendered":"http:\/\/www.oarcanjo.net\/site\/?p=10751"},"modified":"2017-07-31T07:10:50","modified_gmt":"2017-07-31T10:10:50","slug":"sao-liberato-de-loro","status":"publish","type":"post","link":"https:\/\/www.oarcanjo.net\/site\/sao-liberato-de-loro\/","title":{"rendered":"S\u00e3o Liberato de Loro"},"content":{"rendered":"<p><img loading=\"lazy\" decoding=\"async\" class=\"alignnone  wp-image-65058\" src=\"http:\/\/www.oarcanjo.net\/site\/wp-content\/uploads\/Sao-Liberato-de-Loro.jpg\" alt=\"S\u00e3o Liberato de Loro\" width=\"242\" height=\"325\" srcset=\"https:\/\/www.oarcanjo.net\/site\/wp-content\/uploads\/Sao-Liberato-de-Loro.jpg 435w, https:\/\/www.oarcanjo.net\/site\/wp-content\/uploads\/Sao-Liberato-de-Loro-223x300.jpg 223w\" sizes=\"(max-width: 242px) 100vw, 242px\" \/><\/p>\n<p>6 de Setembro<\/p>\n<p>Liberato nasceu na pequena Loro Piceno, prov\u00edncia de Macerata, na It\u00e1lia. Pertencia \u00e0 nobre fam\u00edlia Brunforte, senhores de muitas terras e muito poder. Mas o jovem Liberato, ouvindo o chamado de Deus e por sua grande devo\u00e7\u00e3o \u00e0 Virgem Maria, abandonou toda riqueza e conforto para seguir a vida religiosa.<\/p>\n<p>Renunciou \u00e0s terras e ao t\u00edtulo de senhor de Loro Piceno, que havia herdado de seu tio, em favor de seu irm\u00e3o Gualt\u00e9rio, e foi viver no Convento de Rocabruna, em Urbino. Ordenado sacerdote e desejando consagrar sua vida \u00e0 penit\u00eancia e \u00e0s ora\u00e7\u00f5es contemplativas, retirou-se ao pequeno e ermo Convento de Sofiano, n\u00e3o distante do castelo de Brunforte. L\u00e1, vestiu o h\u00e1bito da Ordem dos Frades Menores de S\u00e3o Francisco, onde sua vida de virtudes valeu-lhe a fama de santidade.<\/p>\n<p>Em &#8220;Florzinhas de s\u00e3o Francisco&#8221;, encontramos o seguinte relato sobre ele:<br \/>\nNo Convento de Sofiano, o frade Liberato de Loro Piceno vivia em plena comunh\u00e3o com Deus. Ele possu\u00eda um elevado dom de contempla\u00e7\u00e3o e durante as ora\u00e7\u00f5es chegava a elevar-se do ch\u00e3o. Por onde andava, os p\u00e1ssaros o acompanhavam, posando nos seus bra\u00e7os, cabe\u00e7a e ombros, cantando alegremente. Amigo da solid\u00e3o, raramente falava, mas, quando perguntado, demonstrava a sabedoria dos anjos. Vivia alegre, entregue ao trabalho, \u00e0 penit\u00eancia e \u00e0 ora\u00e7\u00e3o contemplativa. Os demais irm\u00e3os dedicavam-lhe grande considera\u00e7\u00e3o.<\/p>\n<p>Quando atingiu a idade de quarenta e cinco anos, sua virtuosa vida chegou ao fim. Caiu gravemente enfermo, ficando entre a vida e a morte. N\u00e3o conseguia beber nada; por outro lado, recusava-se a receber tratamento com medicina terrena, confiando somente no m\u00e9dico celestial, Jesus Cristo, e na sua aben\u00e7oada M\u00e3e. Ela milagrosamente o visitou e consolou, quando estava, em ora\u00e7\u00e3o, preparando-se para a morte. Acompanhada de tr\u00eas santas virgens e com uma grande multid\u00e3o de anjos, aproximou-se de sua cama. Ao v\u00ea-la, ele experimentou grande consolo e alegria de alma e de corpo, e suplicou-lhe, em nome de Jesus, que o levasse para a vida eterna, se tivesse tal merecimento.<\/p>\n<p>Chamando-o por seu nome, a Virgem Maria respondeu: &#8220;N\u00e3o temas, filho, que tua ora\u00e7\u00e3o foi ouvida, e eu vim para confortar-te antes de tua partida desta vida&#8221;. Assim frei Liberato ingressou na vida eterna, numa data incerta do s\u00e9culo XIII.<\/p>\n<p>No s\u00e9culo XV, o culto a Liberto de Loro era t\u00e3o vigoroso que nas terras dos Brunforte recebeu autoriza\u00e7\u00e3o para ser chamado s\u00e3o Liberato. At\u00e9 o novo convento, constru\u00eddo, por ocasi\u00e3o da sua morte, ao lado do antigo de Sofiano. E constru\u00edram, tamb\u00e9m, uma igreja para conservar as suas rel\u00edquias, atualmente Santu\u00e1rio de S\u00e3o Liberato. Por\u00e9m s\u00f3 no s\u00e9culo XIX, ap\u00f3s um complicado e atrapalhado processo de canoniza\u00e7\u00e3o, \u00e9 que o seu culto foi reconhecido pelo papa Pio IX, que lhe deu a autoriza\u00e7\u00e3o can\u00f4nica para ser chamado santo. A festa de s\u00e3o Liberato de Loro foi mantida na data tradicional de 6 de setembro, quando suas rel\u00edquias foram solenemente transferidas para o altar maior do atual Santu\u00e1rio de S\u00e3o Liberato, na sua terra natal.<\/p>\n<div id=\"themify_builder_content-10751\" data-postid=\"10751\" class=\"themify_builder_content themify_builder_content-10751 themify_builder themify_builder_front\">\n\t<\/div>\n<!-- \/themify_builder_content -->","protected":false},"excerpt":{"rendered":"<p>6 de Setembro Liberato nasceu na pequena Loro Piceno, prov\u00edncia de Macerata, na It\u00e1lia. Pertencia \u00e0 nobre fam\u00edlia Brunforte, senhores de muitas terras e muito poder. Mas o jovem Liberato, ouvindo o chamado de Deus e por sua grande devo\u00e7\u00e3o \u00e0 Virgem Maria, abandonou toda riqueza e conforto para seguir a vida religiosa. Renunciou \u00e0s [&hellip;]<\/p>\n","protected":false},"author":14,"featured_media":0,"comment_status":"open","ping_status":"open","sticky":false,"template":"","format":"standard","meta":{"ngg_post_thumbnail":0,"footnotes":""},"categories":[186],"tags":[],"yoast_head":"<!-- This site is optimized with the Yoast SEO plugin v23.5 - https:\/\/yoast.com\/wordpress\/plugins\/seo\/ -->\n<title>S\u00e3o Liberato de Loro - O Arcanjo no ar<\/title>\n<meta name=\"robots\" content=\"index, follow, max-snippet:-1, max-image-preview:large, max-video-preview:-1\" \/>\n<link rel=\"canonical\" href=\"https:\/\/www.oarcanjo.net\/site\/sao-liberato-de-loro\/\" \/>\n<meta property=\"og:locale\" content=\"pt_BR\" \/>\n<meta property=\"og:type\" content=\"article\" \/>\n<meta property=\"og:title\" content=\"S\u00e3o Liberato de Loro - O Arcanjo no ar\" \/>\n<meta property=\"og:description\" content=\"6 de Setembro Liberato nasceu na pequena Loro Piceno, prov\u00edncia de Macerata, na It\u00e1lia. Pertencia \u00e0 nobre fam\u00edlia Brunforte, senhores de muitas terras e muito poder. Mas o jovem Liberato, ouvindo o chamado de Deus e por sua grande devo\u00e7\u00e3o \u00e0 Virgem Maria, abandonou toda riqueza e conforto para seguir a vida religiosa. Renunciou \u00e0s [&hellip;]\" \/>\n<meta property=\"og:url\" content=\"https:\/\/www.oarcanjo.net\/site\/sao-liberato-de-loro\/\" \/>\n<meta property=\"og:site_name\" content=\"O Arcanjo no ar\" \/>\n<meta property=\"article:publisher\" content=\"https:\/\/www.facebook.com\/OArcanjoNoAr\/\" \/>\n<meta property=\"article:published_time\" content=\"2017-09-06T03:37:08+00:00\" \/>\n<meta property=\"article:modified_time\" content=\"2017-07-31T10:10:50+00:00\" \/>\n<meta property=\"og:image\" content=\"http:\/\/www.oarcanjo.net\/site\/wp-content\/uploads\/Sao-Liberato-de-Loro.jpg\" \/>\n<meta name=\"author\" content=\"danilo\" \/>\n<meta name=\"twitter:card\" content=\"summary_large_image\" \/>\n<meta name=\"twitter:label1\" content=\"Escrito por\" \/>\n\t<meta name=\"twitter:data1\" content=\"danilo\" \/>\n\t<meta name=\"twitter:label2\" content=\"Est. tempo de leitura\" \/>\n\t<meta name=\"twitter:data2\" content=\"3 minutos\" \/>\n<script type=\"application\/ld+json\" class=\"yoast-schema-graph\">{\"@context\":\"https:\/\/schema.org\",\"@graph\":[{\"@type\":\"Article\",\"@id\":\"https:\/\/www.oarcanjo.net\/site\/sao-liberato-de-loro\/#article\",\"isPartOf\":{\"@id\":\"https:\/\/www.oarcanjo.net\/site\/sao-liberato-de-loro\/\"},\"author\":{\"name\":\"danilo\",\"@id\":\"https:\/\/www.oarcanjo.net\/site\/#\/schema\/person\/5eb9480bedd2f3c97e430ce128c29c6c\"},\"headline\":\"S\u00e3o Liberato de Loro\",\"datePublished\":\"2017-09-06T03:37:08+00:00\",\"dateModified\":\"2017-07-31T10:10:50+00:00\",\"mainEntityOfPage\":{\"@id\":\"https:\/\/www.oarcanjo.net\/site\/sao-liberato-de-loro\/\"},\"wordCount\":554,\"commentCount\":0,\"publisher\":{\"@id\":\"https:\/\/www.oarcanjo.net\/site\/#organization\"},\"image\":{\"@id\":\"https:\/\/www.oarcanjo.net\/site\/sao-liberato-de-loro\/#primaryimage\"},\"thumbnailUrl\":\"http:\/\/www.oarcanjo.net\/site\/wp-content\/uploads\/Sao-Liberato-de-Loro.jpg\",\"articleSection\":[\"Testemunhos\"],\"inLanguage\":\"pt-BR\",\"potentialAction\":[{\"@type\":\"CommentAction\",\"name\":\"Comment\",\"target\":[\"https:\/\/www.oarcanjo.net\/site\/sao-liberato-de-loro\/#respond\"]}]},{\"@type\":\"WebPage\",\"@id\":\"https:\/\/www.oarcanjo.net\/site\/sao-liberato-de-loro\/\",\"url\":\"https:\/\/www.oarcanjo.net\/site\/sao-liberato-de-loro\/\",\"name\":\"S\u00e3o Liberato de Loro - O Arcanjo no ar\",\"isPartOf\":{\"@id\":\"https:\/\/www.oarcanjo.net\/site\/#website\"},\"primaryImageOfPage\":{\"@id\":\"https:\/\/www.oarcanjo.net\/site\/sao-liberato-de-loro\/#primaryimage\"},\"image\":{\"@id\":\"https:\/\/www.oarcanjo.net\/site\/sao-liberato-de-loro\/#primaryimage\"},\"thumbnailUrl\":\"http:\/\/www.oarcanjo.net\/site\/wp-content\/uploads\/Sao-Liberato-de-Loro.jpg\",\"datePublished\":\"2017-09-06T03:37:08+00:00\",\"dateModified\":\"2017-07-31T10:10:50+00:00\",\"breadcrumb\":{\"@id\":\"https:\/\/www.oarcanjo.net\/site\/sao-liberato-de-loro\/#breadcrumb\"},\"inLanguage\":\"pt-BR\",\"potentialAction\":[{\"@type\":\"ReadAction\",\"target\":[\"https:\/\/www.oarcanjo.net\/site\/sao-liberato-de-loro\/\"]}]},{\"@type\":\"ImageObject\",\"inLanguage\":\"pt-BR\",\"@id\":\"https:\/\/www.oarcanjo.net\/site\/sao-liberato-de-loro\/#primaryimage\",\"url\":\"https:\/\/www.oarcanjo.net\/site\/wp-content\/uploads\/Sao-Liberato-de-Loro.jpg\",\"contentUrl\":\"https:\/\/www.oarcanjo.net\/site\/wp-content\/uploads\/Sao-Liberato-de-Loro.jpg\",\"width\":435,\"height\":584,\"caption\":\"S\u00e3o Liberato de Loro\"},{\"@type\":\"BreadcrumbList\",\"@id\":\"https:\/\/www.oarcanjo.net\/site\/sao-liberato-de-loro\/#breadcrumb\",\"itemListElement\":[{\"@type\":\"ListItem\",\"position\":1,\"name\":\"In\u00edcio\",\"item\":\"https:\/\/www.oarcanjo.net\/site\/\"},{\"@type\":\"ListItem\",\"position\":2,\"name\":\"S\u00e3o Liberato de Loro\"}]},{\"@type\":\"WebSite\",\"@id\":\"https:\/\/www.oarcanjo.net\/site\/#website\",\"url\":\"https:\/\/www.oarcanjo.net\/site\/\",\"name\":\"O Arcanjo no ar\",\"description\":\"Site da Par\u00f3quia S\u00e3o Miguel Arcanjo (Arquidiocese de SP)\",\"publisher\":{\"@id\":\"https:\/\/www.oarcanjo.net\/site\/#organization\"},\"potentialAction\":[{\"@type\":\"SearchAction\",\"target\":{\"@type\":\"EntryPoint\",\"urlTemplate\":\"https:\/\/www.oarcanjo.net\/site\/?s={search_term_string}\"},\"query-input\":{\"@type\":\"PropertyValueSpecification\",\"valueRequired\":true,\"valueName\":\"search_term_string\"}}],\"inLanguage\":\"pt-BR\"},{\"@type\":\"Organization\",\"@id\":\"https:\/\/www.oarcanjo.net\/site\/#organization\",\"name\":\"Par\u00f3quia S\u00e3o Miguel Arcanjo\",\"url\":\"https:\/\/www.oarcanjo.net\/site\/\",\"logo\":{\"@type\":\"ImageObject\",\"inLanguage\":\"pt-BR\",\"@id\":\"https:\/\/www.oarcanjo.net\/site\/#\/schema\/logo\/image\/\",\"url\":\"https:\/\/www.oarcanjo.net\/site\/wp-content\/uploads\/LogoOArcanjo.png\",\"contentUrl\":\"https:\/\/www.oarcanjo.net\/site\/wp-content\/uploads\/LogoOArcanjo.png\",\"width\":319,\"height\":99,\"caption\":\"Par\u00f3quia S\u00e3o Miguel Arcanjo\"},\"image\":{\"@id\":\"https:\/\/www.oarcanjo.net\/site\/#\/schema\/logo\/image\/\"},\"sameAs\":[\"https:\/\/www.facebook.com\/OArcanjoNoAr\/\"]},{\"@type\":\"Person\",\"@id\":\"https:\/\/www.oarcanjo.net\/site\/#\/schema\/person\/5eb9480bedd2f3c97e430ce128c29c6c\",\"name\":\"danilo\"}]}<\/script>\n<!-- \/ Yoast SEO plugin. -->","yoast_head_json":{"title":"S\u00e3o Liberato de Loro - O Arcanjo no ar","robots":{"index":"index","follow":"follow","max-snippet":"max-snippet:-1","max-image-preview":"max-image-preview:large","max-video-preview":"max-video-preview:-1"},"canonical":"https:\/\/www.oarcanjo.net\/site\/sao-liberato-de-loro\/","og_locale":"pt_BR","og_type":"article","og_title":"S\u00e3o Liberato de Loro - O Arcanjo no ar","og_description":"6 de Setembro Liberato nasceu na pequena Loro Piceno, prov\u00edncia de Macerata, na It\u00e1lia. Pertencia \u00e0 nobre fam\u00edlia Brunforte, senhores de muitas terras e muito poder. Mas o jovem Liberato, ouvindo o chamado de Deus e por sua grande devo\u00e7\u00e3o \u00e0 Virgem Maria, abandonou toda riqueza e conforto para seguir a vida religiosa. Renunciou \u00e0s [&hellip;]","og_url":"https:\/\/www.oarcanjo.net\/site\/sao-liberato-de-loro\/","og_site_name":"O Arcanjo no ar","article_publisher":"https:\/\/www.facebook.com\/OArcanjoNoAr\/","article_published_time":"2017-09-06T03:37:08+00:00","article_modified_time":"2017-07-31T10:10:50+00:00","og_image":[{"url":"http:\/\/www.oarcanjo.net\/site\/wp-content\/uploads\/Sao-Liberato-de-Loro.jpg"}],"author":"danilo","twitter_card":"summary_large_image","twitter_misc":{"Escrito por":"danilo","Est. tempo de leitura":"3 minutos"},"schema":{"@context":"https:\/\/schema.org","@graph":[{"@type":"Article","@id":"https:\/\/www.oarcanjo.net\/site\/sao-liberato-de-loro\/#article","isPartOf":{"@id":"https:\/\/www.oarcanjo.net\/site\/sao-liberato-de-loro\/"},"author":{"name":"danilo","@id":"https:\/\/www.oarcanjo.net\/site\/#\/schema\/person\/5eb9480bedd2f3c97e430ce128c29c6c"},"headline":"S\u00e3o Liberato de Loro","datePublished":"2017-09-06T03:37:08+00:00","dateModified":"2017-07-31T10:10:50+00:00","mainEntityOfPage":{"@id":"https:\/\/www.oarcanjo.net\/site\/sao-liberato-de-loro\/"},"wordCount":554,"commentCount":0,"publisher":{"@id":"https:\/\/www.oarcanjo.net\/site\/#organization"},"image":{"@id":"https:\/\/www.oarcanjo.net\/site\/sao-liberato-de-loro\/#primaryimage"},"thumbnailUrl":"http:\/\/www.oarcanjo.net\/site\/wp-content\/uploads\/Sao-Liberato-de-Loro.jpg","articleSection":["Testemunhos"],"inLanguage":"pt-BR","potentialAction":[{"@type":"CommentAction","name":"Comment","target":["https:\/\/www.oarcanjo.net\/site\/sao-liberato-de-loro\/#respond"]}]},{"@type":"WebPage","@id":"https:\/\/www.oarcanjo.net\/site\/sao-liberato-de-loro\/","url":"https:\/\/www.oarcanjo.net\/site\/sao-liberato-de-loro\/","name":"S\u00e3o Liberato de Loro - O Arcanjo no ar","isPartOf":{"@id":"https:\/\/www.oarcanjo.net\/site\/#website"},"primaryImageOfPage":{"@id":"https:\/\/www.oarcanjo.net\/site\/sao-liberato-de-loro\/#primaryimage"},"image":{"@id":"https:\/\/www.oarcanjo.net\/site\/sao-liberato-de-loro\/#primaryimage"},"thumbnailUrl":"http:\/\/www.oarcanjo.net\/site\/wp-content\/uploads\/Sao-Liberato-de-Loro.jpg","datePublished":"2017-09-06T03:37:08+00:00","dateModified":"2017-07-31T10:10:50+00:00","breadcrumb":{"@id":"https:\/\/www.oarcanjo.net\/site\/sao-liberato-de-loro\/#breadcrumb"},"inLanguage":"pt-BR","potentialAction":[{"@type":"ReadAction","target":["https:\/\/www.oarcanjo.net\/site\/sao-liberato-de-loro\/"]}]},{"@type":"ImageObject","inLanguage":"pt-BR","@id":"https:\/\/www.oarcanjo.net\/site\/sao-liberato-de-loro\/#primaryimage","url":"https:\/\/www.oarcanjo.net\/site\/wp-content\/uploads\/Sao-Liberato-de-Loro.jpg","contentUrl":"https:\/\/www.oarcanjo.net\/site\/wp-content\/uploads\/Sao-Liberato-de-Loro.jpg","width":435,"height":584,"caption":"S\u00e3o Liberato de Loro"},{"@type":"BreadcrumbList","@id":"https:\/\/www.oarcanjo.net\/site\/sao-liberato-de-loro\/#breadcrumb","itemListElement":[{"@type":"ListItem","position":1,"name":"In\u00edcio","item":"https:\/\/www.oarcanjo.net\/site\/"},{"@type":"ListItem","position":2,"name":"S\u00e3o Liberato de Loro"}]},{"@type":"WebSite","@id":"https:\/\/www.oarcanjo.net\/site\/#website","url":"https:\/\/www.oarcanjo.net\/site\/","name":"O Arcanjo no ar","description":"Site da Par\u00f3quia S\u00e3o Miguel Arcanjo (Arquidiocese de SP)","publisher":{"@id":"https:\/\/www.oarcanjo.net\/site\/#organization"},"potentialAction":[{"@type":"SearchAction","target":{"@type":"EntryPoint","urlTemplate":"https:\/\/www.oarcanjo.net\/site\/?s={search_term_string}"},"query-input":{"@type":"PropertyValueSpecification","valueRequired":true,"valueName":"search_term_string"}}],"inLanguage":"pt-BR"},{"@type":"Organization","@id":"https:\/\/www.oarcanjo.net\/site\/#organization","name":"Par\u00f3quia S\u00e3o Miguel Arcanjo","url":"https:\/\/www.oarcanjo.net\/site\/","logo":{"@type":"ImageObject","inLanguage":"pt-BR","@id":"https:\/\/www.oarcanjo.net\/site\/#\/schema\/logo\/image\/","url":"https:\/\/www.oarcanjo.net\/site\/wp-content\/uploads\/LogoOArcanjo.png","contentUrl":"https:\/\/www.oarcanjo.net\/site\/wp-content\/uploads\/LogoOArcanjo.png","width":319,"height":99,"caption":"Par\u00f3quia S\u00e3o Miguel Arcanjo"},"image":{"@id":"https:\/\/www.oarcanjo.net\/site\/#\/schema\/logo\/image\/"},"sameAs":["https:\/\/www.facebook.com\/OArcanjoNoAr\/"]},{"@type":"Person","@id":"https:\/\/www.oarcanjo.net\/site\/#\/schema\/person\/5eb9480bedd2f3c97e430ce128c29c6c","name":"danilo"}]}},"publishpress_future_action":{"enabled":false,"date":"2026-05-09 02:29:35","action":"category","newStatus":"draft","terms":[],"taxonomy":"category"},"publishpress_future_workflow_manual_trigger":{"enabledWorkflows":[]},"_links":{"self":[{"href":"https:\/\/www.oarcanjo.net\/site\/wp-json\/wp\/v2\/posts\/10751"}],"collection":[{"href":"https:\/\/www.oarcanjo.net\/site\/wp-json\/wp\/v2\/posts"}],"about":[{"href":"https:\/\/www.oarcanjo.net\/site\/wp-json\/wp\/v2\/types\/post"}],"author":[{"embeddable":true,"href":"https:\/\/www.oarcanjo.net\/site\/wp-json\/wp\/v2\/users\/14"}],"replies":[{"embeddable":true,"href":"https:\/\/www.oarcanjo.net\/site\/wp-json\/wp\/v2\/comments?post=10751"}],"version-history":[{"count":0,"href":"https:\/\/www.oarcanjo.net\/site\/wp-json\/wp\/v2\/posts\/10751\/revisions"}],"wp:attachment":[{"href":"https:\/\/www.oarcanjo.net\/site\/wp-json\/wp\/v2\/media?parent=10751"}],"wp:term":[{"taxonomy":"category","embeddable":true,"href":"https:\/\/www.oarcanjo.net\/site\/wp-json\/wp\/v2\/categories?post=10751"},{"taxonomy":"post_tag","embeddable":true,"href":"https:\/\/www.oarcanjo.net\/site\/wp-json\/wp\/v2\/tags?post=10751"}],"curies":[{"name":"wp","href":"https:\/\/api.w.org\/{rel}","templated":true}]}}