
{"id":10753,"date":"2017-09-06T09:41:39","date_gmt":"2017-09-06T12:41:39","guid":{"rendered":"http:\/\/www.oarcanjo.net\/site\/?p=10753"},"modified":"2017-07-31T07:10:54","modified_gmt":"2017-07-31T10:10:54","slug":"sao-zacarias-profeta","status":"publish","type":"post","link":"https:\/\/www.oarcanjo.net\/site\/sao-zacarias-profeta\/","title":{"rendered":"S\u00e3o Zacarias Profeta"},"content":{"rendered":"<p><img loading=\"lazy\" decoding=\"async\" src=\"http:\/\/sjsm.files.wordpress.com\/2009\/08\/san-zacarias-profeta.jpg\" alt=\"\" width=\"326\" height=\"403\" \/><\/p>\n<p>6 de Setembro<\/p>\n<p>A vida do profeta Zacarias \u00e9 cercada de vis\u00f5es, profecias e prod\u00edgios. Tudo se inicia com o seu nome que significa \u201co Senhor lembrou\u201d. Nas Escrituras Sagradas existe um livro com seu nome, no qual s\u00e3o narradas as passagens de sua vida religiosa. Ele \u00e9 constantemente citado no Novo Testamento.<\/p>\n<p>Viveu o seu minist\u00e9rio prof\u00e9tico por volta de 520 antes de Cristo, quando estava sendo erguido o Templo de Jerusal\u00e9m. Tendo recebido o chamado de Deus, foi convidado a espalhar a Sua palavra, para que se fizesse penit\u00eancia tendo em vista a vinda de Jesus, ou do pr\u00f3prio Deus encarnado, em um novo tempo onde reinariam a paz e a alegria.<\/p>\n<p>Sua caracter\u00edstica \u00e9 o messianismo. Zacarias, pertencia \u00e0 tribo de Levi e j\u00e1 idoso, voltou para a Palestina. Em sua velhice continuaria sua obra, que denunciava o fim dos tempos, acreditando na vinda do Salvador \u00e0 terra. Morreu em idade avan\u00e7ada e seu t\u00famulo se encontra ao lado do t\u00famulo de Ageu.<\/p>\n<p>Ora\u00e7\u00e3o<\/p>\n<p>\u201cQue as na\u00e7\u00f5es vos glorifiquem, \u00f3 Senhor,<\/p>\n<p>que todas as na\u00e7\u00f5es vos glorifiquem !<\/p>\n<p>Que o Senhor e nosso Deus, nos aben\u00e7oe,<\/p>\n<p>e o respeitem os confins de toda a terra !\u201d<\/p>\n<p>(Salmo 66)<\/p>\n<div id=\"themify_builder_content-10753\" data-postid=\"10753\" class=\"themify_builder_content themify_builder_content-10753 themify_builder themify_builder_front\">\n\t<\/div>\n<!-- \/themify_builder_content -->","protected":false},"excerpt":{"rendered":"<p>6 de Setembro A vida do profeta Zacarias \u00e9 cercada de vis\u00f5es, profecias e prod\u00edgios. Tudo se inicia com o seu nome que significa \u201co Senhor lembrou\u201d. Nas Escrituras Sagradas existe um livro com seu nome, no qual s\u00e3o narradas as passagens de sua vida religiosa. Ele \u00e9 constantemente citado no Novo Testamento. Viveu o [&hellip;]<\/p>\n","protected":false},"author":14,"featured_media":0,"comment_status":"open","ping_status":"open","sticky":false,"template":"","format":"standard","meta":{"ngg_post_thumbnail":0,"footnotes":""},"categories":[186],"tags":[],"yoast_head":"<!-- This site is optimized with the Yoast SEO plugin v23.5 - https:\/\/yoast.com\/wordpress\/plugins\/seo\/ -->\n<title>S\u00e3o Zacarias Profeta - O Arcanjo no ar<\/title>\n<meta name=\"robots\" content=\"index, follow, max-snippet:-1, max-image-preview:large, max-video-preview:-1\" \/>\n<link rel=\"canonical\" href=\"https:\/\/www.oarcanjo.net\/site\/sao-zacarias-profeta\/\" \/>\n<meta property=\"og:locale\" content=\"pt_BR\" \/>\n<meta property=\"og:type\" content=\"article\" \/>\n<meta property=\"og:title\" content=\"S\u00e3o Zacarias Profeta - O Arcanjo no ar\" \/>\n<meta property=\"og:description\" content=\"6 de Setembro A vida do profeta Zacarias \u00e9 cercada de vis\u00f5es, profecias e prod\u00edgios. Tudo se inicia com o seu nome que significa \u201co Senhor lembrou\u201d. Nas Escrituras Sagradas existe um livro com seu nome, no qual s\u00e3o narradas as passagens de sua vida religiosa. Ele \u00e9 constantemente citado no Novo Testamento. Viveu o [&hellip;]\" \/>\n<meta property=\"og:url\" content=\"https:\/\/www.oarcanjo.net\/site\/sao-zacarias-profeta\/\" \/>\n<meta property=\"og:site_name\" content=\"O Arcanjo no ar\" \/>\n<meta property=\"article:publisher\" content=\"https:\/\/www.facebook.com\/OArcanjoNoAr\/\" \/>\n<meta property=\"article:published_time\" content=\"2017-09-06T12:41:39+00:00\" \/>\n<meta property=\"article:modified_time\" content=\"2017-07-31T10:10:54+00:00\" \/>\n<meta property=\"og:image\" content=\"http:\/\/sjsm.files.wordpress.com\/2009\/08\/san-zacarias-profeta.jpg\" \/>\n<meta name=\"author\" content=\"danilo\" \/>\n<meta name=\"twitter:card\" content=\"summary_large_image\" \/>\n<meta name=\"twitter:label1\" content=\"Escrito por\" \/>\n\t<meta name=\"twitter:data1\" content=\"danilo\" \/>\n\t<meta name=\"twitter:label2\" content=\"Est. tempo de leitura\" \/>\n\t<meta name=\"twitter:data2\" content=\"1 minuto\" \/>\n<script type=\"application\/ld+json\" class=\"yoast-schema-graph\">{\"@context\":\"https:\/\/schema.org\",\"@graph\":[{\"@type\":\"Article\",\"@id\":\"https:\/\/www.oarcanjo.net\/site\/sao-zacarias-profeta\/#article\",\"isPartOf\":{\"@id\":\"https:\/\/www.oarcanjo.net\/site\/sao-zacarias-profeta\/\"},\"author\":{\"name\":\"danilo\",\"@id\":\"https:\/\/www.oarcanjo.net\/site\/#\/schema\/person\/5eb9480bedd2f3c97e430ce128c29c6c\"},\"headline\":\"S\u00e3o Zacarias Profeta\",\"datePublished\":\"2017-09-06T12:41:39+00:00\",\"dateModified\":\"2017-07-31T10:10:54+00:00\",\"mainEntityOfPage\":{\"@id\":\"https:\/\/www.oarcanjo.net\/site\/sao-zacarias-profeta\/\"},\"wordCount\":210,\"commentCount\":0,\"publisher\":{\"@id\":\"https:\/\/www.oarcanjo.net\/site\/#organization\"},\"image\":{\"@id\":\"https:\/\/www.oarcanjo.net\/site\/sao-zacarias-profeta\/#primaryimage\"},\"thumbnailUrl\":\"http:\/\/sjsm.files.wordpress.com\/2009\/08\/san-zacarias-profeta.jpg\",\"articleSection\":[\"Testemunhos\"],\"inLanguage\":\"pt-BR\",\"potentialAction\":[{\"@type\":\"CommentAction\",\"name\":\"Comment\",\"target\":[\"https:\/\/www.oarcanjo.net\/site\/sao-zacarias-profeta\/#respond\"]}]},{\"@type\":\"WebPage\",\"@id\":\"https:\/\/www.oarcanjo.net\/site\/sao-zacarias-profeta\/\",\"url\":\"https:\/\/www.oarcanjo.net\/site\/sao-zacarias-profeta\/\",\"name\":\"S\u00e3o Zacarias Profeta - O Arcanjo no ar\",\"isPartOf\":{\"@id\":\"https:\/\/www.oarcanjo.net\/site\/#website\"},\"primaryImageOfPage\":{\"@id\":\"https:\/\/www.oarcanjo.net\/site\/sao-zacarias-profeta\/#primaryimage\"},\"image\":{\"@id\":\"https:\/\/www.oarcanjo.net\/site\/sao-zacarias-profeta\/#primaryimage\"},\"thumbnailUrl\":\"http:\/\/sjsm.files.wordpress.com\/2009\/08\/san-zacarias-profeta.jpg\",\"datePublished\":\"2017-09-06T12:41:39+00:00\",\"dateModified\":\"2017-07-31T10:10:54+00:00\",\"breadcrumb\":{\"@id\":\"https:\/\/www.oarcanjo.net\/site\/sao-zacarias-profeta\/#breadcrumb\"},\"inLanguage\":\"pt-BR\",\"potentialAction\":[{\"@type\":\"ReadAction\",\"target\":[\"https:\/\/www.oarcanjo.net\/site\/sao-zacarias-profeta\/\"]}]},{\"@type\":\"ImageObject\",\"inLanguage\":\"pt-BR\",\"@id\":\"https:\/\/www.oarcanjo.net\/site\/sao-zacarias-profeta\/#primaryimage\",\"url\":\"http:\/\/sjsm.files.wordpress.com\/2009\/08\/san-zacarias-profeta.jpg\",\"contentUrl\":\"http:\/\/sjsm.files.wordpress.com\/2009\/08\/san-zacarias-profeta.jpg\"},{\"@type\":\"BreadcrumbList\",\"@id\":\"https:\/\/www.oarcanjo.net\/site\/sao-zacarias-profeta\/#breadcrumb\",\"itemListElement\":[{\"@type\":\"ListItem\",\"position\":1,\"name\":\"In\u00edcio\",\"item\":\"https:\/\/www.oarcanjo.net\/site\/\"},{\"@type\":\"ListItem\",\"position\":2,\"name\":\"S\u00e3o Zacarias Profeta\"}]},{\"@type\":\"WebSite\",\"@id\":\"https:\/\/www.oarcanjo.net\/site\/#website\",\"url\":\"https:\/\/www.oarcanjo.net\/site\/\",\"name\":\"O Arcanjo no ar\",\"description\":\"Site da Par\u00f3quia S\u00e3o Miguel Arcanjo (Arquidiocese de SP)\",\"publisher\":{\"@id\":\"https:\/\/www.oarcanjo.net\/site\/#organization\"},\"potentialAction\":[{\"@type\":\"SearchAction\",\"target\":{\"@type\":\"EntryPoint\",\"urlTemplate\":\"https:\/\/www.oarcanjo.net\/site\/?s={search_term_string}\"},\"query-input\":{\"@type\":\"PropertyValueSpecification\",\"valueRequired\":true,\"valueName\":\"search_term_string\"}}],\"inLanguage\":\"pt-BR\"},{\"@type\":\"Organization\",\"@id\":\"https:\/\/www.oarcanjo.net\/site\/#organization\",\"name\":\"Par\u00f3quia S\u00e3o Miguel Arcanjo\",\"url\":\"https:\/\/www.oarcanjo.net\/site\/\",\"logo\":{\"@type\":\"ImageObject\",\"inLanguage\":\"pt-BR\",\"@id\":\"https:\/\/www.oarcanjo.net\/site\/#\/schema\/logo\/image\/\",\"url\":\"https:\/\/www.oarcanjo.net\/site\/wp-content\/uploads\/LogoOArcanjo.png\",\"contentUrl\":\"https:\/\/www.oarcanjo.net\/site\/wp-content\/uploads\/LogoOArcanjo.png\",\"width\":319,\"height\":99,\"caption\":\"Par\u00f3quia S\u00e3o Miguel Arcanjo\"},\"image\":{\"@id\":\"https:\/\/www.oarcanjo.net\/site\/#\/schema\/logo\/image\/\"},\"sameAs\":[\"https:\/\/www.facebook.com\/OArcanjoNoAr\/\"]},{\"@type\":\"Person\",\"@id\":\"https:\/\/www.oarcanjo.net\/site\/#\/schema\/person\/5eb9480bedd2f3c97e430ce128c29c6c\",\"name\":\"danilo\"}]}<\/script>\n<!-- \/ Yoast SEO plugin. -->","yoast_head_json":{"title":"S\u00e3o Zacarias Profeta - O Arcanjo no ar","robots":{"index":"index","follow":"follow","max-snippet":"max-snippet:-1","max-image-preview":"max-image-preview:large","max-video-preview":"max-video-preview:-1"},"canonical":"https:\/\/www.oarcanjo.net\/site\/sao-zacarias-profeta\/","og_locale":"pt_BR","og_type":"article","og_title":"S\u00e3o Zacarias Profeta - O Arcanjo no ar","og_description":"6 de Setembro A vida do profeta Zacarias \u00e9 cercada de vis\u00f5es, profecias e prod\u00edgios. Tudo se inicia com o seu nome que significa \u201co Senhor lembrou\u201d. Nas Escrituras Sagradas existe um livro com seu nome, no qual s\u00e3o narradas as passagens de sua vida religiosa. Ele \u00e9 constantemente citado no Novo Testamento. Viveu o [&hellip;]","og_url":"https:\/\/www.oarcanjo.net\/site\/sao-zacarias-profeta\/","og_site_name":"O Arcanjo no ar","article_publisher":"https:\/\/www.facebook.com\/OArcanjoNoAr\/","article_published_time":"2017-09-06T12:41:39+00:00","article_modified_time":"2017-07-31T10:10:54+00:00","og_image":[{"url":"http:\/\/sjsm.files.wordpress.com\/2009\/08\/san-zacarias-profeta.jpg"}],"author":"danilo","twitter_card":"summary_large_image","twitter_misc":{"Escrito por":"danilo","Est. tempo de leitura":"1 minuto"},"schema":{"@context":"https:\/\/schema.org","@graph":[{"@type":"Article","@id":"https:\/\/www.oarcanjo.net\/site\/sao-zacarias-profeta\/#article","isPartOf":{"@id":"https:\/\/www.oarcanjo.net\/site\/sao-zacarias-profeta\/"},"author":{"name":"danilo","@id":"https:\/\/www.oarcanjo.net\/site\/#\/schema\/person\/5eb9480bedd2f3c97e430ce128c29c6c"},"headline":"S\u00e3o Zacarias Profeta","datePublished":"2017-09-06T12:41:39+00:00","dateModified":"2017-07-31T10:10:54+00:00","mainEntityOfPage":{"@id":"https:\/\/www.oarcanjo.net\/site\/sao-zacarias-profeta\/"},"wordCount":210,"commentCount":0,"publisher":{"@id":"https:\/\/www.oarcanjo.net\/site\/#organization"},"image":{"@id":"https:\/\/www.oarcanjo.net\/site\/sao-zacarias-profeta\/#primaryimage"},"thumbnailUrl":"http:\/\/sjsm.files.wordpress.com\/2009\/08\/san-zacarias-profeta.jpg","articleSection":["Testemunhos"],"inLanguage":"pt-BR","potentialAction":[{"@type":"CommentAction","name":"Comment","target":["https:\/\/www.oarcanjo.net\/site\/sao-zacarias-profeta\/#respond"]}]},{"@type":"WebPage","@id":"https:\/\/www.oarcanjo.net\/site\/sao-zacarias-profeta\/","url":"https:\/\/www.oarcanjo.net\/site\/sao-zacarias-profeta\/","name":"S\u00e3o Zacarias Profeta - O Arcanjo no ar","isPartOf":{"@id":"https:\/\/www.oarcanjo.net\/site\/#website"},"primaryImageOfPage":{"@id":"https:\/\/www.oarcanjo.net\/site\/sao-zacarias-profeta\/#primaryimage"},"image":{"@id":"https:\/\/www.oarcanjo.net\/site\/sao-zacarias-profeta\/#primaryimage"},"thumbnailUrl":"http:\/\/sjsm.files.wordpress.com\/2009\/08\/san-zacarias-profeta.jpg","datePublished":"2017-09-06T12:41:39+00:00","dateModified":"2017-07-31T10:10:54+00:00","breadcrumb":{"@id":"https:\/\/www.oarcanjo.net\/site\/sao-zacarias-profeta\/#breadcrumb"},"inLanguage":"pt-BR","potentialAction":[{"@type":"ReadAction","target":["https:\/\/www.oarcanjo.net\/site\/sao-zacarias-profeta\/"]}]},{"@type":"ImageObject","inLanguage":"pt-BR","@id":"https:\/\/www.oarcanjo.net\/site\/sao-zacarias-profeta\/#primaryimage","url":"http:\/\/sjsm.files.wordpress.com\/2009\/08\/san-zacarias-profeta.jpg","contentUrl":"http:\/\/sjsm.files.wordpress.com\/2009\/08\/san-zacarias-profeta.jpg"},{"@type":"BreadcrumbList","@id":"https:\/\/www.oarcanjo.net\/site\/sao-zacarias-profeta\/#breadcrumb","itemListElement":[{"@type":"ListItem","position":1,"name":"In\u00edcio","item":"https:\/\/www.oarcanjo.net\/site\/"},{"@type":"ListItem","position":2,"name":"S\u00e3o Zacarias Profeta"}]},{"@type":"WebSite","@id":"https:\/\/www.oarcanjo.net\/site\/#website","url":"https:\/\/www.oarcanjo.net\/site\/","name":"O Arcanjo no ar","description":"Site da Par\u00f3quia S\u00e3o Miguel Arcanjo (Arquidiocese de SP)","publisher":{"@id":"https:\/\/www.oarcanjo.net\/site\/#organization"},"potentialAction":[{"@type":"SearchAction","target":{"@type":"EntryPoint","urlTemplate":"https:\/\/www.oarcanjo.net\/site\/?s={search_term_string}"},"query-input":{"@type":"PropertyValueSpecification","valueRequired":true,"valueName":"search_term_string"}}],"inLanguage":"pt-BR"},{"@type":"Organization","@id":"https:\/\/www.oarcanjo.net\/site\/#organization","name":"Par\u00f3quia S\u00e3o Miguel Arcanjo","url":"https:\/\/www.oarcanjo.net\/site\/","logo":{"@type":"ImageObject","inLanguage":"pt-BR","@id":"https:\/\/www.oarcanjo.net\/site\/#\/schema\/logo\/image\/","url":"https:\/\/www.oarcanjo.net\/site\/wp-content\/uploads\/LogoOArcanjo.png","contentUrl":"https:\/\/www.oarcanjo.net\/site\/wp-content\/uploads\/LogoOArcanjo.png","width":319,"height":99,"caption":"Par\u00f3quia S\u00e3o Miguel Arcanjo"},"image":{"@id":"https:\/\/www.oarcanjo.net\/site\/#\/schema\/logo\/image\/"},"sameAs":["https:\/\/www.facebook.com\/OArcanjoNoAr\/"]},{"@type":"Person","@id":"https:\/\/www.oarcanjo.net\/site\/#\/schema\/person\/5eb9480bedd2f3c97e430ce128c29c6c","name":"danilo"}]}},"publishpress_future_action":{"enabled":false,"date":"2026-05-09 02:30:06","action":"category","newStatus":"draft","terms":[],"taxonomy":"category"},"publishpress_future_workflow_manual_trigger":{"enabledWorkflows":[]},"_links":{"self":[{"href":"https:\/\/www.oarcanjo.net\/site\/wp-json\/wp\/v2\/posts\/10753"}],"collection":[{"href":"https:\/\/www.oarcanjo.net\/site\/wp-json\/wp\/v2\/posts"}],"about":[{"href":"https:\/\/www.oarcanjo.net\/site\/wp-json\/wp\/v2\/types\/post"}],"author":[{"embeddable":true,"href":"https:\/\/www.oarcanjo.net\/site\/wp-json\/wp\/v2\/users\/14"}],"replies":[{"embeddable":true,"href":"https:\/\/www.oarcanjo.net\/site\/wp-json\/wp\/v2\/comments?post=10753"}],"version-history":[{"count":0,"href":"https:\/\/www.oarcanjo.net\/site\/wp-json\/wp\/v2\/posts\/10753\/revisions"}],"wp:attachment":[{"href":"https:\/\/www.oarcanjo.net\/site\/wp-json\/wp\/v2\/media?parent=10753"}],"wp:term":[{"taxonomy":"category","embeddable":true,"href":"https:\/\/www.oarcanjo.net\/site\/wp-json\/wp\/v2\/categories?post=10753"},{"taxonomy":"post_tag","embeddable":true,"href":"https:\/\/www.oarcanjo.net\/site\/wp-json\/wp\/v2\/tags?post=10753"}],"curies":[{"name":"wp","href":"https:\/\/api.w.org\/{rel}","templated":true}]}}