
{"id":10768,"date":"2010-09-05T07:05:53","date_gmt":"2010-09-05T10:05:53","guid":{"rendered":"http:\/\/www.oarcanjo.net\/site\/?p=10768"},"modified":"2010-09-05T10:17:08","modified_gmt":"2010-09-05T13:17:08","slug":"leituras-do-domingo-12092010","status":"publish","type":"post","link":"https:\/\/www.oarcanjo.net\/site\/leituras-do-domingo-12092010\/","title":{"rendered":"Leituras do domingo 12\/09\/2010"},"content":{"rendered":"<h4>24\u00ba Domingo Comum<\/h4>\n<p><strong>Primeira leitura (\u00caxodo 32,7-11.13-14)<\/strong><\/p>\n<p>Leitura do Livro do \u00caxodo.<\/p>\n<p>Naqueles dias,\u00a0<sup>7<\/sup>o Senhor falou a Mois\u00e9s: \u201cVai, desce, pois corrompeu-se o teu povo que tiraste da terra do Egito.\u00a0<sup>8<\/sup>Bem depressa desviaram-se do caminho que lhes prescrevi. Fizeram para si um bezerro de metal fundido, inclinaram-se em adora\u00e7\u00e3o diante dele e ofereceram-lhe sacrif\u00edcios, dizendo: \u2018Estes s\u00e3o os teus deuses, Israel, que te fizeram sair do Egito!\u2019\u201d.<br \/>\n<sup>9<\/sup>E o Senhor disse ainda a Mois\u00e9s: \u201cVejo que este \u00e9 um povo de cabe\u00e7a dura.\u00a0<sup>10<\/sup>Deixa que minha c\u00f3lera se inflame contra eles e que eu os extermine. Mas de ti farei uma grande na\u00e7\u00e3o\u201d.<br \/>\n<sup>11<\/sup>Mois\u00e9s, por\u00e9m, suplicava ao Senhor seu Deus, dizendo: \u201cPor que, \u00f3 Senhor, se inflama a tua c\u00f3lera contra o teu povo, que fizeste sair do Egito com grande poder e m\u00e3o forte?<br \/>\n<sup>13<\/sup>Lembra-te de teus servos Abra\u00e3o, Isaac e Israel, com os quais te comprometeste, por juramento, dizendo: \u2018Tornarei os vossos descendentes t\u00e3o numerosos como as estrelas do c\u00e9u; e toda esta terra de que vos falei, eu a darei aos vossos descendentes como heran\u00e7a para sempre\u2019\u201d.<br \/>\n<sup>14<\/sup>E o Senhor desistiu do mal que havia amea\u00e7ado fazer a seu povo.<\/p>\n<p><strong>Salmo (Salmos 50)<\/strong><\/p>\n<p>\u2014 Vou, agora, levantar-me, volto \u00e0 casa do meu pai.<br \/>\n<strong>\u2014 Vou, agora, levantar-me, volto \u00e0 casa do meu pai.<\/strong><\/p>\n<p>\u2014 Tende piedade, \u00f3 meu Deus, miseric\u00f3rdia!\/ Na imensid\u00e3o de vosso amor, purificai-me!\/ Lavai&#8211;me todo inteiro do pecado,\/ e apagai completamente a minha culpa!<br \/>\n\u2014 Criai em mim um cora\u00e7\u00e3o que seja puro,\/ dai-<br \/>\n-me de novo um esp\u00edrito decidido.\/ \u00d3 Senhor, n\u00e3o me afasteis de vossa face,\/ nem retireis de mim o vosso Santo Esp\u00edrito!<br \/>\n\u2014 Abri meus l\u00e1bios, \u00f3 Senhor, para cantar,\/ e minha boca anunciar\u00e1 vosso louvor!\/ Meu sacrif\u00edcio \u00e9 minha alma penitente,\/ n\u00e3o desprezeis um cora\u00e7\u00e3o arrependido!<\/p>\n<p><strong>Segunda leitura (1\u00ba Tim\u00f3teo 1,12-17)<\/strong><\/p>\n<p>Primeira Carta de S\u00e3o Paulo ap\u00f3stolo a Tim\u00f3teo.<\/p>\n<p>Car\u00edssimo:\u00a0<sup>12<\/sup>Agrade\u00e7o \u00e0quele que me deu for\u00e7a, Cristo Jesus, nosso Senhor, pela confian\u00e7a que teve em mim, ao designar-me para o seu servi\u00e7o,\u00a0<sup>13<\/sup>a mim, que antes blasfemava, perseguia e insultava. Mas encontrei miseric\u00f3rdia, porque agia com a ignor\u00e2ncia de quem n\u00e3o tem f\u00e9.<br \/>\n<sup>14<\/sup>Transbordou a gra\u00e7a de nosso Senhor com a f\u00e9 e o amor que h\u00e1 em Cristo Jesus.<sup>15<\/sup>Segura e digna de ser acolhida por todos \u00e9 esta palavra: Cristo veio ao mundo para salvar os pecadores. E eu sou o primeiro deles!<br \/>\n<sup>16<\/sup>Por isso encontrei miseric\u00f3rdia, para que em mim, como primeiro, Cristo Jesus demonstrasse toda a grandeza de seu cora\u00e7\u00e3o; ele fez de mim um modelo de todos os que crerem nele para alcan\u00e7ar a vida eterna.\u00a0<sup>17<\/sup>Ao Rei dos s\u00e9culos, ao \u00fanico Deus, imortal e invis\u00edvel, honra e gl\u00f3ria pelos s\u00e9culos dos s\u00e9culos. Am\u00e9m!<\/p>\n<p><strong>Evangelho (Lucas 15,1-32)<\/strong><\/p>\n<p>Naquele tempo,\u00a0<sup>1<\/sup>os publicanos e pecadores aproximavam-se de Jesus para o escutar.<sup>2<\/sup>Os fariseus, por\u00e9m, e os mestres da Lei criticavam Jesus. \u201cEste homem acolhe os pecadores e faz refei\u00e7\u00e3o com eles\u201d.\u00a0<sup>3<\/sup>Ent\u00e3o Jesus contou-lhes esta par\u00e1bola:<br \/>\n<sup>4<\/sup>Se um de v\u00f3s tem cem ovelhas e perde uma, n\u00e3o deixa as noventa e nove no deserto, e vai atr\u00e1s daquela que se perdeu, at\u00e9 encontr\u00e1-la?\u00a0<sup>5<\/sup>Quando a encontra, coloca-a nos ombros com alegria,\u00a0<sup>6<\/sup>e, chegando \u00e0 casa, re\u00fane os amigos e vizinhos, e diz: \u2018Alegrai-vos comigo! Encontrei a minha ovelha que estava perdida!\u2019<br \/>\n<sup>7<\/sup>Eu vos digo: Assim haver\u00e1 no c\u00e9u mais alegria por um s\u00f3 pecador que se converte, do que por noventa e nove justos que n\u00e3o precisam de convers\u00e3o.<br \/>\n<sup>8<\/sup>E se uma mulher tem dez moedas de prata e perde uma, n\u00e3o acende uma l\u00e2mpada, varre a casa e a procura cuidadosamente, at\u00e9 encontr\u00e1-la?\u00a0<sup>9<\/sup>Quando a encontra, re\u00fane as amigas e vizinhas, e diz: \u2018Alegrai-vos comigo! Encontrei a moeda que tinha perdido!\u2019<br \/>\n<sup>10<\/sup>Por isso, eu vos digo, haver\u00e1 alegria entre os anjos de Deus por um s\u00f3 pecador que se converte\u201d.<br \/>\n<sup>11<\/sup>E Jesus continuou: \u201cUm homem tinha dois filhos.\u00a0<sup>12<\/sup>O filho mais novo disse ao pai: \u2018Pai, d\u00e1-me a parte da heran\u00e7a que me cabe\u2019. E o pai dividiu os bens entre eles.<br \/>\n<sup>13<\/sup>Poucos dias depois, o filho mais novo juntou o que era seu e partiu para um lugar distante. E ali esbanjou tudo numa vida desenfreada.\u00a0<sup>14<\/sup>Quando tinha gasto tudo o que possu\u00eda, houve uma grande fome naquela regi\u00e3o, e ele come\u00e7ou a passar necessidade.<br \/>\n<sup>15<\/sup>Ent\u00e3o foi pedir trabalho a um homem do lugar, que o mandou para seu campo cuidar dos porcos.\u00a0<sup>16<\/sup>O rapaz queria matar a fome com a comida que os porcos comiam, mas nem isto lhe davam.<br \/>\n<sup>17<\/sup>Ent\u00e3o caiu em si e disse: \u2018Quantos empregados do meu pai t\u00eam p\u00e3o com fartura, e eu aqui, morrendo de fome.\u00a0<sup>18<\/sup>Vou-me embora, vou voltar para meu pai e dizer&#8211;lhe: Pai, pequei contra Deus e contra ti;\u00a0<sup>19<\/sup>j\u00e1 n\u00e3o mere\u00e7o ser chamado teu filho. Trata-me como a um dos teus empregados\u2019.<br \/>\n<sup>20<\/sup>Ent\u00e3o ele partiu e voltou para seu pai. Quando ainda estava longe, seu pai o avistou e sentiu compaix\u00e3o. Correu-lhe ao encontro, abra\u00e7ou-o e cobriu-o de beijos.<br \/>\n<sup>21<\/sup>O filho, ent\u00e3o, lhe disse: \u2018Pai, pequei contra Deus e contra ti. J\u00e1 n\u00e3o mere\u00e7o ser chamado teu filho\u2019.<br \/>\n<sup>22<\/sup>Mas o pai disse aos empregados: \u2018Trazei depressa a melhor t\u00fanica para vestir meu filho. E colocai um anel no seu dedo e sand\u00e1lias nos p\u00e9s.\u00a0<sup>23<\/sup>Trazei um novilho gordo e matai-o. Vamos fazer um banquete.\u00a0<sup>24<\/sup>Porque este meu filho estava morto e tornou a viver; estava perdido e foi encontrado\u2019. E come\u00e7aram a festa.<br \/>\n<sup>25<\/sup>O filho mais velho estava no campo. Ao voltar, j\u00e1 perto de casa, ouviu m\u00fasica e barulho de dan\u00e7a.\u00a0<sup>26<\/sup>Ent\u00e3o chamou um dos criados e perguntou o que estava acontecendo.<br \/>\n<sup>27<\/sup>O criado respondeu: \u2018\u00c9 teu irm\u00e3o que voltou. Teu pai matou o novilho gordo, porque o recuperou com sa\u00fade\u2019.<br \/>\n<sup>28<\/sup>Mas ele ficou com raiva e n\u00e3o queria entrar. O pai, saindo, insistia com ele.\u00a0<sup>29<\/sup>Ele, por\u00e9m, respondeu ao pai: \u2018Eu trabalho para ti h\u00e1 tantos anos, jamais desobedeci a qualquer ordem tua. E tu nunca me deste um cabrito para eu festejar com meus amigos.\u00a0<sup>30<\/sup>Quando chegou esse teu filho, que esbanjou teus bens com prostitutas, matas para ele o novilho cevado\u2019.<br \/>\n<sup>31<\/sup>Ent\u00e3o o pai lhe disse: \u2018Filho, tu est\u00e1s sempre comigo, e tudo o que \u00e9 meu \u00e9 teu.\u00a0<sup>32<\/sup>Mas era preciso festejar e alegrar-nos, porque este teu irm\u00e3o estava morto e tornou a viver; estava perdido, e foi encontrado\u2019.<\/p>\n<div id=\"themify_builder_content-10768\" data-postid=\"10768\" class=\"themify_builder_content themify_builder_content-10768 themify_builder themify_builder_front\">\n\t<\/div>\n<!-- \/themify_builder_content -->","protected":false},"excerpt":{"rendered":"<p>24\u00ba Domingo Comum Primeira leitura (\u00caxodo 32,7-11.13-14) Leitura do Livro do \u00caxodo. Naqueles dias,\u00a07o Senhor falou a Mois\u00e9s: \u201cVai, desce, pois corrompeu-se o teu povo que tiraste da terra do Egito.\u00a08Bem depressa desviaram-se do caminho que lhes prescrevi. Fizeram para si um bezerro de metal fundido, inclinaram-se em adora\u00e7\u00e3o diante dele e ofereceram-lhe sacrif\u00edcios, dizendo: [&hellip;]<\/p>\n","protected":false},"author":5,"featured_media":0,"comment_status":"open","ping_status":"open","sticky":false,"template":"","format":"standard","meta":{"ngg_post_thumbnail":0,"footnotes":""},"categories":[109],"tags":[3204],"yoast_head":"<!-- This site is optimized with the Yoast SEO plugin v23.5 - https:\/\/yoast.com\/wordpress\/plugins\/seo\/ -->\n<title>Leituras do domingo 12\/09\/2010 - O Arcanjo no ar<\/title>\n<meta name=\"robots\" content=\"index, follow, max-snippet:-1, max-image-preview:large, max-video-preview:-1\" \/>\n<link rel=\"canonical\" href=\"https:\/\/www.oarcanjo.net\/site\/leituras-do-domingo-12092010\/\" \/>\n<meta property=\"og:locale\" content=\"pt_BR\" \/>\n<meta property=\"og:type\" content=\"article\" \/>\n<meta property=\"og:title\" content=\"Leituras do domingo 12\/09\/2010 - O Arcanjo no ar\" \/>\n<meta property=\"og:description\" content=\"24\u00ba Domingo Comum Primeira leitura (\u00caxodo 32,7-11.13-14) Leitura do Livro do \u00caxodo. Naqueles dias,\u00a07o Senhor falou a Mois\u00e9s: \u201cVai, desce, pois corrompeu-se o teu povo que tiraste da terra do Egito.\u00a08Bem depressa desviaram-se do caminho que lhes prescrevi. Fizeram para si um bezerro de metal fundido, inclinaram-se em adora\u00e7\u00e3o diante dele e ofereceram-lhe sacrif\u00edcios, dizendo: [&hellip;]\" \/>\n<meta property=\"og:url\" content=\"https:\/\/www.oarcanjo.net\/site\/leituras-do-domingo-12092010\/\" \/>\n<meta property=\"og:site_name\" content=\"O Arcanjo no ar\" \/>\n<meta property=\"article:publisher\" content=\"https:\/\/www.facebook.com\/OArcanjoNoAr\/\" \/>\n<meta property=\"article:published_time\" content=\"2010-09-05T10:05:53+00:00\" \/>\n<meta property=\"article:modified_time\" content=\"2010-09-05T13:17:08+00:00\" \/>\n<meta property=\"og:image\" content=\"https:\/\/www.oarcanjo.net\/site\/wp-content\/uploads\/logo-o-arcanjo-no-ar-facebook.png\" \/>\n\t<meta property=\"og:image:width\" content=\"300\" \/>\n\t<meta property=\"og:image:height\" content=\"300\" \/>\n\t<meta property=\"og:image:type\" content=\"image\/png\" \/>\n<meta name=\"author\" content=\"editor\" \/>\n<meta name=\"twitter:card\" content=\"summary_large_image\" \/>\n<meta name=\"twitter:label1\" content=\"Escrito por\" \/>\n\t<meta name=\"twitter:data1\" content=\"editor\" \/>\n\t<meta name=\"twitter:label2\" content=\"Est. tempo de leitura\" \/>\n\t<meta name=\"twitter:data2\" content=\"6 minutos\" \/>\n<script type=\"application\/ld+json\" class=\"yoast-schema-graph\">{\"@context\":\"https:\/\/schema.org\",\"@graph\":[{\"@type\":\"Article\",\"@id\":\"https:\/\/www.oarcanjo.net\/site\/leituras-do-domingo-12092010\/#article\",\"isPartOf\":{\"@id\":\"https:\/\/www.oarcanjo.net\/site\/leituras-do-domingo-12092010\/\"},\"author\":{\"name\":\"editor\",\"@id\":\"https:\/\/www.oarcanjo.net\/site\/#\/schema\/person\/f7024d007863202483a31326673a0838\"},\"headline\":\"Leituras do domingo 12\/09\/2010\",\"datePublished\":\"2010-09-05T10:05:53+00:00\",\"dateModified\":\"2010-09-05T13:17:08+00:00\",\"mainEntityOfPage\":{\"@id\":\"https:\/\/www.oarcanjo.net\/site\/leituras-do-domingo-12092010\/\"},\"wordCount\":1131,\"commentCount\":0,\"publisher\":{\"@id\":\"https:\/\/www.oarcanjo.net\/site\/#organization\"},\"keywords\":[\"Liturgia\"],\"articleSection\":[\"Liturgia\"],\"inLanguage\":\"pt-BR\",\"potentialAction\":[{\"@type\":\"CommentAction\",\"name\":\"Comment\",\"target\":[\"https:\/\/www.oarcanjo.net\/site\/leituras-do-domingo-12092010\/#respond\"]}]},{\"@type\":\"WebPage\",\"@id\":\"https:\/\/www.oarcanjo.net\/site\/leituras-do-domingo-12092010\/\",\"url\":\"https:\/\/www.oarcanjo.net\/site\/leituras-do-domingo-12092010\/\",\"name\":\"Leituras do domingo 12\/09\/2010 - O Arcanjo no ar\",\"isPartOf\":{\"@id\":\"https:\/\/www.oarcanjo.net\/site\/#website\"},\"datePublished\":\"2010-09-05T10:05:53+00:00\",\"dateModified\":\"2010-09-05T13:17:08+00:00\",\"breadcrumb\":{\"@id\":\"https:\/\/www.oarcanjo.net\/site\/leituras-do-domingo-12092010\/#breadcrumb\"},\"inLanguage\":\"pt-BR\",\"potentialAction\":[{\"@type\":\"ReadAction\",\"target\":[\"https:\/\/www.oarcanjo.net\/site\/leituras-do-domingo-12092010\/\"]}]},{\"@type\":\"BreadcrumbList\",\"@id\":\"https:\/\/www.oarcanjo.net\/site\/leituras-do-domingo-12092010\/#breadcrumb\",\"itemListElement\":[{\"@type\":\"ListItem\",\"position\":1,\"name\":\"In\u00edcio\",\"item\":\"https:\/\/www.oarcanjo.net\/site\/\"},{\"@type\":\"ListItem\",\"position\":2,\"name\":\"Leituras do domingo 12\/09\/2010\"}]},{\"@type\":\"WebSite\",\"@id\":\"https:\/\/www.oarcanjo.net\/site\/#website\",\"url\":\"https:\/\/www.oarcanjo.net\/site\/\",\"name\":\"O Arcanjo no ar\",\"description\":\"Site da Par\u00f3quia S\u00e3o Miguel Arcanjo (Arquidiocese de SP)\",\"publisher\":{\"@id\":\"https:\/\/www.oarcanjo.net\/site\/#organization\"},\"potentialAction\":[{\"@type\":\"SearchAction\",\"target\":{\"@type\":\"EntryPoint\",\"urlTemplate\":\"https:\/\/www.oarcanjo.net\/site\/?s={search_term_string}\"},\"query-input\":{\"@type\":\"PropertyValueSpecification\",\"valueRequired\":true,\"valueName\":\"search_term_string\"}}],\"inLanguage\":\"pt-BR\"},{\"@type\":\"Organization\",\"@id\":\"https:\/\/www.oarcanjo.net\/site\/#organization\",\"name\":\"Par\u00f3quia S\u00e3o Miguel Arcanjo\",\"url\":\"https:\/\/www.oarcanjo.net\/site\/\",\"logo\":{\"@type\":\"ImageObject\",\"inLanguage\":\"pt-BR\",\"@id\":\"https:\/\/www.oarcanjo.net\/site\/#\/schema\/logo\/image\/\",\"url\":\"https:\/\/www.oarcanjo.net\/site\/wp-content\/uploads\/LogoOArcanjo.png\",\"contentUrl\":\"https:\/\/www.oarcanjo.net\/site\/wp-content\/uploads\/LogoOArcanjo.png\",\"width\":319,\"height\":99,\"caption\":\"Par\u00f3quia S\u00e3o Miguel Arcanjo\"},\"image\":{\"@id\":\"https:\/\/www.oarcanjo.net\/site\/#\/schema\/logo\/image\/\"},\"sameAs\":[\"https:\/\/www.facebook.com\/OArcanjoNoAr\/\"]},{\"@type\":\"Person\",\"@id\":\"https:\/\/www.oarcanjo.net\/site\/#\/schema\/person\/f7024d007863202483a31326673a0838\",\"name\":\"editor\",\"sameAs\":[\"http:\/\/www.oarcanjo.net\"]}]}<\/script>\n<!-- \/ Yoast SEO plugin. -->","yoast_head_json":{"title":"Leituras do domingo 12\/09\/2010 - O Arcanjo no ar","robots":{"index":"index","follow":"follow","max-snippet":"max-snippet:-1","max-image-preview":"max-image-preview:large","max-video-preview":"max-video-preview:-1"},"canonical":"https:\/\/www.oarcanjo.net\/site\/leituras-do-domingo-12092010\/","og_locale":"pt_BR","og_type":"article","og_title":"Leituras do domingo 12\/09\/2010 - O Arcanjo no ar","og_description":"24\u00ba Domingo Comum Primeira leitura (\u00caxodo 32,7-11.13-14) Leitura do Livro do \u00caxodo. Naqueles dias,\u00a07o Senhor falou a Mois\u00e9s: \u201cVai, desce, pois corrompeu-se o teu povo que tiraste da terra do Egito.\u00a08Bem depressa desviaram-se do caminho que lhes prescrevi. Fizeram para si um bezerro de metal fundido, inclinaram-se em adora\u00e7\u00e3o diante dele e ofereceram-lhe sacrif\u00edcios, dizendo: [&hellip;]","og_url":"https:\/\/www.oarcanjo.net\/site\/leituras-do-domingo-12092010\/","og_site_name":"O Arcanjo no ar","article_publisher":"https:\/\/www.facebook.com\/OArcanjoNoAr\/","article_published_time":"2010-09-05T10:05:53+00:00","article_modified_time":"2010-09-05T13:17:08+00:00","og_image":[{"width":300,"height":300,"url":"https:\/\/www.oarcanjo.net\/site\/wp-content\/uploads\/logo-o-arcanjo-no-ar-facebook.png","type":"image\/png"}],"author":"editor","twitter_card":"summary_large_image","twitter_misc":{"Escrito por":"editor","Est. tempo de leitura":"6 minutos"},"schema":{"@context":"https:\/\/schema.org","@graph":[{"@type":"Article","@id":"https:\/\/www.oarcanjo.net\/site\/leituras-do-domingo-12092010\/#article","isPartOf":{"@id":"https:\/\/www.oarcanjo.net\/site\/leituras-do-domingo-12092010\/"},"author":{"name":"editor","@id":"https:\/\/www.oarcanjo.net\/site\/#\/schema\/person\/f7024d007863202483a31326673a0838"},"headline":"Leituras do domingo 12\/09\/2010","datePublished":"2010-09-05T10:05:53+00:00","dateModified":"2010-09-05T13:17:08+00:00","mainEntityOfPage":{"@id":"https:\/\/www.oarcanjo.net\/site\/leituras-do-domingo-12092010\/"},"wordCount":1131,"commentCount":0,"publisher":{"@id":"https:\/\/www.oarcanjo.net\/site\/#organization"},"keywords":["Liturgia"],"articleSection":["Liturgia"],"inLanguage":"pt-BR","potentialAction":[{"@type":"CommentAction","name":"Comment","target":["https:\/\/www.oarcanjo.net\/site\/leituras-do-domingo-12092010\/#respond"]}]},{"@type":"WebPage","@id":"https:\/\/www.oarcanjo.net\/site\/leituras-do-domingo-12092010\/","url":"https:\/\/www.oarcanjo.net\/site\/leituras-do-domingo-12092010\/","name":"Leituras do domingo 12\/09\/2010 - O Arcanjo no ar","isPartOf":{"@id":"https:\/\/www.oarcanjo.net\/site\/#website"},"datePublished":"2010-09-05T10:05:53+00:00","dateModified":"2010-09-05T13:17:08+00:00","breadcrumb":{"@id":"https:\/\/www.oarcanjo.net\/site\/leituras-do-domingo-12092010\/#breadcrumb"},"inLanguage":"pt-BR","potentialAction":[{"@type":"ReadAction","target":["https:\/\/www.oarcanjo.net\/site\/leituras-do-domingo-12092010\/"]}]},{"@type":"BreadcrumbList","@id":"https:\/\/www.oarcanjo.net\/site\/leituras-do-domingo-12092010\/#breadcrumb","itemListElement":[{"@type":"ListItem","position":1,"name":"In\u00edcio","item":"https:\/\/www.oarcanjo.net\/site\/"},{"@type":"ListItem","position":2,"name":"Leituras do domingo 12\/09\/2010"}]},{"@type":"WebSite","@id":"https:\/\/www.oarcanjo.net\/site\/#website","url":"https:\/\/www.oarcanjo.net\/site\/","name":"O Arcanjo no ar","description":"Site da Par\u00f3quia S\u00e3o Miguel Arcanjo (Arquidiocese de SP)","publisher":{"@id":"https:\/\/www.oarcanjo.net\/site\/#organization"},"potentialAction":[{"@type":"SearchAction","target":{"@type":"EntryPoint","urlTemplate":"https:\/\/www.oarcanjo.net\/site\/?s={search_term_string}"},"query-input":{"@type":"PropertyValueSpecification","valueRequired":true,"valueName":"search_term_string"}}],"inLanguage":"pt-BR"},{"@type":"Organization","@id":"https:\/\/www.oarcanjo.net\/site\/#organization","name":"Par\u00f3quia S\u00e3o Miguel Arcanjo","url":"https:\/\/www.oarcanjo.net\/site\/","logo":{"@type":"ImageObject","inLanguage":"pt-BR","@id":"https:\/\/www.oarcanjo.net\/site\/#\/schema\/logo\/image\/","url":"https:\/\/www.oarcanjo.net\/site\/wp-content\/uploads\/LogoOArcanjo.png","contentUrl":"https:\/\/www.oarcanjo.net\/site\/wp-content\/uploads\/LogoOArcanjo.png","width":319,"height":99,"caption":"Par\u00f3quia S\u00e3o Miguel Arcanjo"},"image":{"@id":"https:\/\/www.oarcanjo.net\/site\/#\/schema\/logo\/image\/"},"sameAs":["https:\/\/www.facebook.com\/OArcanjoNoAr\/"]},{"@type":"Person","@id":"https:\/\/www.oarcanjo.net\/site\/#\/schema\/person\/f7024d007863202483a31326673a0838","name":"editor","sameAs":["http:\/\/www.oarcanjo.net"]}]}},"publishpress_future_action":{"enabled":false,"date":"2026-05-08 02:22:28","action":"category","newStatus":"draft","terms":[],"taxonomy":"category"},"publishpress_future_workflow_manual_trigger":{"enabledWorkflows":[]},"_links":{"self":[{"href":"https:\/\/www.oarcanjo.net\/site\/wp-json\/wp\/v2\/posts\/10768"}],"collection":[{"href":"https:\/\/www.oarcanjo.net\/site\/wp-json\/wp\/v2\/posts"}],"about":[{"href":"https:\/\/www.oarcanjo.net\/site\/wp-json\/wp\/v2\/types\/post"}],"author":[{"embeddable":true,"href":"https:\/\/www.oarcanjo.net\/site\/wp-json\/wp\/v2\/users\/5"}],"replies":[{"embeddable":true,"href":"https:\/\/www.oarcanjo.net\/site\/wp-json\/wp\/v2\/comments?post=10768"}],"version-history":[{"count":0,"href":"https:\/\/www.oarcanjo.net\/site\/wp-json\/wp\/v2\/posts\/10768\/revisions"}],"wp:attachment":[{"href":"https:\/\/www.oarcanjo.net\/site\/wp-json\/wp\/v2\/media?parent=10768"}],"wp:term":[{"taxonomy":"category","embeddable":true,"href":"https:\/\/www.oarcanjo.net\/site\/wp-json\/wp\/v2\/categories?post=10768"},{"taxonomy":"post_tag","embeddable":true,"href":"https:\/\/www.oarcanjo.net\/site\/wp-json\/wp\/v2\/tags?post=10768"}],"curies":[{"name":"wp","href":"https:\/\/api.w.org\/{rel}","templated":true}]}}