
{"id":10772,"date":"2010-09-05T10:09:19","date_gmt":"2010-09-05T13:09:19","guid":{"rendered":"http:\/\/www.oarcanjo.net\/site\/?p=10772"},"modified":"2010-09-05T10:09:19","modified_gmt":"2010-09-05T13:09:19","slug":"leituras-do-domingo-19092010","status":"publish","type":"post","link":"https:\/\/www.oarcanjo.net\/site\/leituras-do-domingo-19092010\/","title":{"rendered":"Leituras do domingo 19\/09\/2010"},"content":{"rendered":"<h4>25\u00ba Domingo Comum<\/h4>\n<p><strong>Primeira leitura (Am\u00f3s 8,4-7)<\/strong><\/p>\n<p>Leitura do Livro do Profeta Am\u00f3s.<\/p>\n<p><sup>4<\/sup>Ouvi isto, v\u00f3s, que maltratais os humildes e causais a prostra\u00e7\u00e3o dos pobres da terra;<sup>5<\/sup>v\u00f3s que andais dizendo: \u201cQuando passar\u00e1 a lua nova, para vendermos bem a mercadoria? E o s\u00e1bado, para darmos pronta sa\u00edda ao trigo, para diminuir medidas, aumentar pesos, e adulterar balan\u00e7as,\u00a0<sup>6<\/sup>dominar os pobres com dinheiro e os humildes com um par de sand\u00e1lias, e para p\u00f4r \u00e0 venda o refugo do trigo?\u201d<br \/>\n<sup>7<\/sup>Por causa da soberba de Jac\u00f3, jurou o Senhor: \u201cNunca mais esquecerei o que eles fizeram\u201d.<\/p>\n<p><strong>Salmo (Salmos 112)<\/strong><\/p>\n<p>\u2014 Louvai o Senhor, que eleva os pobres!<br \/>\n<strong>\u2014 Louvai o Senhor, que eleva os pobres!<\/strong><\/p>\n<p>\u2014 Louvai, louvai, \u00f3 servos do Senhor,\/ louvai, louvai o nome do Senhor!\/ Bendito seja o nome do Senhor,\/ agora e por toda a eternidade!<br \/>\n\u2014 O Senhor est\u00e1 acima das na\u00e7\u00f5es,\/ sua gl\u00f3ria vai al\u00e9m dos altos c\u00e9us.\/ Quem pode comparar-se ao nosso Deus,\/ ao Senhor, que no alto c\u00e9u tem o seu trono\/ e se inclina para olhar o c\u00e9u e a terra?<br \/>\n\u2014 Levanta da poeira o indigente\/ e do lixo ele retira o pobrezinho,\/ para faz\u00ea-lo assentar-se com os nobres,\/ assentar-se com os nobres do seu povo.<\/p>\n<p><strong>Segunda leitura (1\u00ba Tim\u00f3teo 2,1-8)<\/strong><\/p>\n<p>Primeira Carta de S\u00e3o Paulo ap\u00f3stolo a Tim\u00f3teo.<\/p>\n<p>Car\u00edssimo:\u00a0<sup>1<\/sup>Antes de tudo, recomendo que se fa\u00e7am preces e ora\u00e7\u00f5es, s\u00faplicas e a\u00e7\u00f5es de gra\u00e7as, por todos os homens;\u00a0<sup>2<\/sup>pelos que governam e por todos que ocupam altos cargos, a fim de que possamos levar uma vida tranquila e serena, com toda piedade e dignidade.<br \/>\n<sup>3<\/sup>Isto \u00e9 bom e agrad\u00e1vel a Deus, nosso Salvador;\u00a0<sup>4<\/sup>ele quer que todos os homens sejam salvos e cheguem ao conhecimento da verdade.\u00a0<sup>5<\/sup>Pois h\u00e1 um s\u00f3 Deus, e um s\u00f3 mediador entre Deus e os homens: o homem Cristo Jesus,\u00a0<sup>6<\/sup>que se entregou em resgate por todos. Este \u00e9 o testemunho dado no tempo estabelecido por Deus,\u00a0<sup>7<\/sup>e para este testemunho eu fui designado pregador e ap\u00f3stolo, e \u2014 falo a verdade, n\u00e3o minto \u2014 mestre das na\u00e7\u00f5es pag\u00e3s na f\u00e9 e na verdade.\u00a0<sup>8<\/sup>Quero, portanto, que em todo lugar os homens fa\u00e7am a ora\u00e7\u00e3o, erguendo m\u00e3os santas, sem ira e sem discuss\u00f5es.<\/p>\n<p><strong>Evangelho (Lucas 16,1-13)<\/strong><\/p>\n<p>Naquele tempo, Jesus dizia aos disc\u00edpulos:\u00a0<sup>1<\/sup>\u201cUm homem rico tinha um administrador que foi acusado de esbanjar os seus bens.\u00a0<sup>2<\/sup>Ele o chamou e lhe disse: \u2018Que \u00e9 isto que ou\u00e7o a teu respeito? Presta contas da tua administra\u00e7\u00e3o, pois j\u00e1 n\u00e3o podes mais administrar meus bens\u2019.<br \/>\n<sup>3<\/sup>O administrador ent\u00e3o come\u00e7ou a refletir: \u2018O senhor vai me tirar a administra\u00e7\u00e3o. Que vou fazer? Para cavar, n\u00e3o tenho for\u00e7as; de mendigar, tenho vergonha.\u00a0<sup>4<\/sup>Ah! J\u00e1 sei o que fazer, para que algu\u00e9m me receba em sua casa, quando eu for afastado da administra\u00e7\u00e3o\u2019.<br \/>\n<sup>5<\/sup>Ent\u00e3o ele chamou cada um dos que estavam devendo ao seu patr\u00e3o. E perguntou ao primeiro: \u2018Quanto deves ao meu patr\u00e3o?\u2019\u00a0<sup>6<\/sup>Ele respondeu: \u2018Cem barris de \u00f3leo!\u2019 O administrador disse: \u2018Pega a tua conta, senta-te, depressa, e escreve cinquenta!\u2019<br \/>\n<sup>7<\/sup>Depois ele perguntou a outro: \u2018E tu, quanto deves?\u2019 Ele respondeu: \u2018Cem medidas de trigo\u2019. O administrador disse: \u2018Pega a tua conta e escreve oitenta\u2019.<br \/>\n<sup>8<\/sup>E o senhor elogiou o administrador desonesto, porque ele agiu com esperteza. Com efeito, os filhos deste mundo s\u00e3o mais espertos em seus neg\u00f3cios do que os filhos da luz.\u00a0<sup>9<\/sup>E eu vos digo: usai o dinheiro injusto para fazer amigos, pois, quando acabar, eles vos receber\u00e3o nas moradas eternas.<br \/>\n<sup>10<\/sup>Quem \u00e9 fiel nas pequenas coisas tamb\u00e9m \u00e9 fiel nas grandes, e quem \u00e9 injusto nas pequenas tamb\u00e9m \u00e9 injusto nas grandes.\u00a0<sup>11<\/sup>Por isso, se v\u00f3s n\u00e3o sois fi\u00e9is no uso do dinheiro injusto, quem vos confiar\u00e1 o verdadeiro bem?\u00a0<sup>12<\/sup>E se n\u00e3o sois fi\u00e9is no que \u00e9 dos outros, quem vos dar\u00e1 aquilo que \u00e9 vosso?<br \/>\n<sup>13<\/sup>Ningu\u00e9m pode servir a dois senhores; porque ou odiar\u00e1 um e amar\u00e1 o outro, ou se apegar\u00e1 a um e desprezar\u00e1 o outro. V\u00f3s n\u00e3o podeis servir a Deus e ao dinheiro\u201d.<\/p>\n<div id=\"themify_builder_content-10772\" data-postid=\"10772\" class=\"themify_builder_content themify_builder_content-10772 themify_builder themify_builder_front\">\n\t<\/div>\n<!-- \/themify_builder_content -->","protected":false},"excerpt":{"rendered":"<p>25\u00ba Domingo Comum Primeira leitura (Am\u00f3s 8,4-7) Leitura do Livro do Profeta Am\u00f3s. 4Ouvi isto, v\u00f3s, que maltratais os humildes e causais a prostra\u00e7\u00e3o dos pobres da terra;5v\u00f3s que andais dizendo: \u201cQuando passar\u00e1 a lua nova, para vendermos bem a mercadoria? E o s\u00e1bado, para darmos pronta sa\u00edda ao trigo, para diminuir medidas, aumentar pesos, [&hellip;]<\/p>\n","protected":false},"author":5,"featured_media":0,"comment_status":"open","ping_status":"open","sticky":false,"template":"","format":"standard","meta":{"ngg_post_thumbnail":0,"footnotes":""},"categories":[109],"tags":[3204],"yoast_head":"<!-- This site is optimized with the Yoast SEO plugin v23.5 - https:\/\/yoast.com\/wordpress\/plugins\/seo\/ -->\n<title>Leituras do domingo 19\/09\/2010 - O Arcanjo no ar<\/title>\n<meta name=\"robots\" content=\"index, follow, max-snippet:-1, max-image-preview:large, max-video-preview:-1\" \/>\n<link rel=\"canonical\" href=\"https:\/\/www.oarcanjo.net\/site\/leituras-do-domingo-19092010\/\" \/>\n<meta property=\"og:locale\" content=\"pt_BR\" \/>\n<meta property=\"og:type\" content=\"article\" \/>\n<meta property=\"og:title\" content=\"Leituras do domingo 19\/09\/2010 - O Arcanjo no ar\" \/>\n<meta property=\"og:description\" content=\"25\u00ba Domingo Comum Primeira leitura (Am\u00f3s 8,4-7) Leitura do Livro do Profeta Am\u00f3s. 4Ouvi isto, v\u00f3s, que maltratais os humildes e causais a prostra\u00e7\u00e3o dos pobres da terra;5v\u00f3s que andais dizendo: \u201cQuando passar\u00e1 a lua nova, para vendermos bem a mercadoria? E o s\u00e1bado, para darmos pronta sa\u00edda ao trigo, para diminuir medidas, aumentar pesos, [&hellip;]\" \/>\n<meta property=\"og:url\" content=\"https:\/\/www.oarcanjo.net\/site\/leituras-do-domingo-19092010\/\" \/>\n<meta property=\"og:site_name\" content=\"O Arcanjo no ar\" \/>\n<meta property=\"article:publisher\" content=\"https:\/\/www.facebook.com\/OArcanjoNoAr\/\" \/>\n<meta property=\"article:published_time\" content=\"2010-09-05T13:09:19+00:00\" \/>\n<meta property=\"og:image\" content=\"https:\/\/www.oarcanjo.net\/site\/wp-content\/uploads\/logo-o-arcanjo-no-ar-facebook.png\" \/>\n\t<meta property=\"og:image:width\" content=\"300\" \/>\n\t<meta property=\"og:image:height\" content=\"300\" \/>\n\t<meta property=\"og:image:type\" content=\"image\/png\" \/>\n<meta name=\"author\" content=\"editor\" \/>\n<meta name=\"twitter:card\" content=\"summary_large_image\" \/>\n<meta name=\"twitter:label1\" content=\"Escrito por\" \/>\n\t<meta name=\"twitter:data1\" content=\"editor\" \/>\n\t<meta name=\"twitter:label2\" content=\"Est. tempo de leitura\" \/>\n\t<meta name=\"twitter:data2\" content=\"4 minutos\" \/>\n<script type=\"application\/ld+json\" class=\"yoast-schema-graph\">{\"@context\":\"https:\/\/schema.org\",\"@graph\":[{\"@type\":\"Article\",\"@id\":\"https:\/\/www.oarcanjo.net\/site\/leituras-do-domingo-19092010\/#article\",\"isPartOf\":{\"@id\":\"https:\/\/www.oarcanjo.net\/site\/leituras-do-domingo-19092010\/\"},\"author\":{\"name\":\"editor\",\"@id\":\"https:\/\/www.oarcanjo.net\/site\/#\/schema\/person\/f7024d007863202483a31326673a0838\"},\"headline\":\"Leituras do domingo 19\/09\/2010\",\"datePublished\":\"2010-09-05T13:09:19+00:00\",\"dateModified\":\"2010-09-05T13:09:19+00:00\",\"mainEntityOfPage\":{\"@id\":\"https:\/\/www.oarcanjo.net\/site\/leituras-do-domingo-19092010\/\"},\"wordCount\":713,\"commentCount\":0,\"publisher\":{\"@id\":\"https:\/\/www.oarcanjo.net\/site\/#organization\"},\"keywords\":[\"Liturgia\"],\"articleSection\":[\"Liturgia\"],\"inLanguage\":\"pt-BR\",\"potentialAction\":[{\"@type\":\"CommentAction\",\"name\":\"Comment\",\"target\":[\"https:\/\/www.oarcanjo.net\/site\/leituras-do-domingo-19092010\/#respond\"]}]},{\"@type\":\"WebPage\",\"@id\":\"https:\/\/www.oarcanjo.net\/site\/leituras-do-domingo-19092010\/\",\"url\":\"https:\/\/www.oarcanjo.net\/site\/leituras-do-domingo-19092010\/\",\"name\":\"Leituras do domingo 19\/09\/2010 - O Arcanjo no ar\",\"isPartOf\":{\"@id\":\"https:\/\/www.oarcanjo.net\/site\/#website\"},\"datePublished\":\"2010-09-05T13:09:19+00:00\",\"dateModified\":\"2010-09-05T13:09:19+00:00\",\"breadcrumb\":{\"@id\":\"https:\/\/www.oarcanjo.net\/site\/leituras-do-domingo-19092010\/#breadcrumb\"},\"inLanguage\":\"pt-BR\",\"potentialAction\":[{\"@type\":\"ReadAction\",\"target\":[\"https:\/\/www.oarcanjo.net\/site\/leituras-do-domingo-19092010\/\"]}]},{\"@type\":\"BreadcrumbList\",\"@id\":\"https:\/\/www.oarcanjo.net\/site\/leituras-do-domingo-19092010\/#breadcrumb\",\"itemListElement\":[{\"@type\":\"ListItem\",\"position\":1,\"name\":\"In\u00edcio\",\"item\":\"https:\/\/www.oarcanjo.net\/site\/\"},{\"@type\":\"ListItem\",\"position\":2,\"name\":\"Leituras do domingo 19\/09\/2010\"}]},{\"@type\":\"WebSite\",\"@id\":\"https:\/\/www.oarcanjo.net\/site\/#website\",\"url\":\"https:\/\/www.oarcanjo.net\/site\/\",\"name\":\"O Arcanjo no ar\",\"description\":\"Site da Par\u00f3quia S\u00e3o Miguel Arcanjo (Arquidiocese de SP)\",\"publisher\":{\"@id\":\"https:\/\/www.oarcanjo.net\/site\/#organization\"},\"potentialAction\":[{\"@type\":\"SearchAction\",\"target\":{\"@type\":\"EntryPoint\",\"urlTemplate\":\"https:\/\/www.oarcanjo.net\/site\/?s={search_term_string}\"},\"query-input\":{\"@type\":\"PropertyValueSpecification\",\"valueRequired\":true,\"valueName\":\"search_term_string\"}}],\"inLanguage\":\"pt-BR\"},{\"@type\":\"Organization\",\"@id\":\"https:\/\/www.oarcanjo.net\/site\/#organization\",\"name\":\"Par\u00f3quia S\u00e3o Miguel Arcanjo\",\"url\":\"https:\/\/www.oarcanjo.net\/site\/\",\"logo\":{\"@type\":\"ImageObject\",\"inLanguage\":\"pt-BR\",\"@id\":\"https:\/\/www.oarcanjo.net\/site\/#\/schema\/logo\/image\/\",\"url\":\"https:\/\/www.oarcanjo.net\/site\/wp-content\/uploads\/LogoOArcanjo.png\",\"contentUrl\":\"https:\/\/www.oarcanjo.net\/site\/wp-content\/uploads\/LogoOArcanjo.png\",\"width\":319,\"height\":99,\"caption\":\"Par\u00f3quia S\u00e3o Miguel Arcanjo\"},\"image\":{\"@id\":\"https:\/\/www.oarcanjo.net\/site\/#\/schema\/logo\/image\/\"},\"sameAs\":[\"https:\/\/www.facebook.com\/OArcanjoNoAr\/\"]},{\"@type\":\"Person\",\"@id\":\"https:\/\/www.oarcanjo.net\/site\/#\/schema\/person\/f7024d007863202483a31326673a0838\",\"name\":\"editor\",\"sameAs\":[\"http:\/\/www.oarcanjo.net\"]}]}<\/script>\n<!-- \/ Yoast SEO plugin. -->","yoast_head_json":{"title":"Leituras do domingo 19\/09\/2010 - O Arcanjo no ar","robots":{"index":"index","follow":"follow","max-snippet":"max-snippet:-1","max-image-preview":"max-image-preview:large","max-video-preview":"max-video-preview:-1"},"canonical":"https:\/\/www.oarcanjo.net\/site\/leituras-do-domingo-19092010\/","og_locale":"pt_BR","og_type":"article","og_title":"Leituras do domingo 19\/09\/2010 - O Arcanjo no ar","og_description":"25\u00ba Domingo Comum Primeira leitura (Am\u00f3s 8,4-7) Leitura do Livro do Profeta Am\u00f3s. 4Ouvi isto, v\u00f3s, que maltratais os humildes e causais a prostra\u00e7\u00e3o dos pobres da terra;5v\u00f3s que andais dizendo: \u201cQuando passar\u00e1 a lua nova, para vendermos bem a mercadoria? E o s\u00e1bado, para darmos pronta sa\u00edda ao trigo, para diminuir medidas, aumentar pesos, [&hellip;]","og_url":"https:\/\/www.oarcanjo.net\/site\/leituras-do-domingo-19092010\/","og_site_name":"O Arcanjo no ar","article_publisher":"https:\/\/www.facebook.com\/OArcanjoNoAr\/","article_published_time":"2010-09-05T13:09:19+00:00","og_image":[{"width":300,"height":300,"url":"https:\/\/www.oarcanjo.net\/site\/wp-content\/uploads\/logo-o-arcanjo-no-ar-facebook.png","type":"image\/png"}],"author":"editor","twitter_card":"summary_large_image","twitter_misc":{"Escrito por":"editor","Est. tempo de leitura":"4 minutos"},"schema":{"@context":"https:\/\/schema.org","@graph":[{"@type":"Article","@id":"https:\/\/www.oarcanjo.net\/site\/leituras-do-domingo-19092010\/#article","isPartOf":{"@id":"https:\/\/www.oarcanjo.net\/site\/leituras-do-domingo-19092010\/"},"author":{"name":"editor","@id":"https:\/\/www.oarcanjo.net\/site\/#\/schema\/person\/f7024d007863202483a31326673a0838"},"headline":"Leituras do domingo 19\/09\/2010","datePublished":"2010-09-05T13:09:19+00:00","dateModified":"2010-09-05T13:09:19+00:00","mainEntityOfPage":{"@id":"https:\/\/www.oarcanjo.net\/site\/leituras-do-domingo-19092010\/"},"wordCount":713,"commentCount":0,"publisher":{"@id":"https:\/\/www.oarcanjo.net\/site\/#organization"},"keywords":["Liturgia"],"articleSection":["Liturgia"],"inLanguage":"pt-BR","potentialAction":[{"@type":"CommentAction","name":"Comment","target":["https:\/\/www.oarcanjo.net\/site\/leituras-do-domingo-19092010\/#respond"]}]},{"@type":"WebPage","@id":"https:\/\/www.oarcanjo.net\/site\/leituras-do-domingo-19092010\/","url":"https:\/\/www.oarcanjo.net\/site\/leituras-do-domingo-19092010\/","name":"Leituras do domingo 19\/09\/2010 - O Arcanjo no ar","isPartOf":{"@id":"https:\/\/www.oarcanjo.net\/site\/#website"},"datePublished":"2010-09-05T13:09:19+00:00","dateModified":"2010-09-05T13:09:19+00:00","breadcrumb":{"@id":"https:\/\/www.oarcanjo.net\/site\/leituras-do-domingo-19092010\/#breadcrumb"},"inLanguage":"pt-BR","potentialAction":[{"@type":"ReadAction","target":["https:\/\/www.oarcanjo.net\/site\/leituras-do-domingo-19092010\/"]}]},{"@type":"BreadcrumbList","@id":"https:\/\/www.oarcanjo.net\/site\/leituras-do-domingo-19092010\/#breadcrumb","itemListElement":[{"@type":"ListItem","position":1,"name":"In\u00edcio","item":"https:\/\/www.oarcanjo.net\/site\/"},{"@type":"ListItem","position":2,"name":"Leituras do domingo 19\/09\/2010"}]},{"@type":"WebSite","@id":"https:\/\/www.oarcanjo.net\/site\/#website","url":"https:\/\/www.oarcanjo.net\/site\/","name":"O Arcanjo no ar","description":"Site da Par\u00f3quia S\u00e3o Miguel Arcanjo (Arquidiocese de SP)","publisher":{"@id":"https:\/\/www.oarcanjo.net\/site\/#organization"},"potentialAction":[{"@type":"SearchAction","target":{"@type":"EntryPoint","urlTemplate":"https:\/\/www.oarcanjo.net\/site\/?s={search_term_string}"},"query-input":{"@type":"PropertyValueSpecification","valueRequired":true,"valueName":"search_term_string"}}],"inLanguage":"pt-BR"},{"@type":"Organization","@id":"https:\/\/www.oarcanjo.net\/site\/#organization","name":"Par\u00f3quia S\u00e3o Miguel Arcanjo","url":"https:\/\/www.oarcanjo.net\/site\/","logo":{"@type":"ImageObject","inLanguage":"pt-BR","@id":"https:\/\/www.oarcanjo.net\/site\/#\/schema\/logo\/image\/","url":"https:\/\/www.oarcanjo.net\/site\/wp-content\/uploads\/LogoOArcanjo.png","contentUrl":"https:\/\/www.oarcanjo.net\/site\/wp-content\/uploads\/LogoOArcanjo.png","width":319,"height":99,"caption":"Par\u00f3quia S\u00e3o Miguel Arcanjo"},"image":{"@id":"https:\/\/www.oarcanjo.net\/site\/#\/schema\/logo\/image\/"},"sameAs":["https:\/\/www.facebook.com\/OArcanjoNoAr\/"]},{"@type":"Person","@id":"https:\/\/www.oarcanjo.net\/site\/#\/schema\/person\/f7024d007863202483a31326673a0838","name":"editor","sameAs":["http:\/\/www.oarcanjo.net"]}]}},"publishpress_future_action":{"enabled":false,"date":"2026-05-08 05:14:02","action":"category","newStatus":"draft","terms":[],"taxonomy":"category"},"publishpress_future_workflow_manual_trigger":{"enabledWorkflows":[]},"_links":{"self":[{"href":"https:\/\/www.oarcanjo.net\/site\/wp-json\/wp\/v2\/posts\/10772"}],"collection":[{"href":"https:\/\/www.oarcanjo.net\/site\/wp-json\/wp\/v2\/posts"}],"about":[{"href":"https:\/\/www.oarcanjo.net\/site\/wp-json\/wp\/v2\/types\/post"}],"author":[{"embeddable":true,"href":"https:\/\/www.oarcanjo.net\/site\/wp-json\/wp\/v2\/users\/5"}],"replies":[{"embeddable":true,"href":"https:\/\/www.oarcanjo.net\/site\/wp-json\/wp\/v2\/comments?post=10772"}],"version-history":[{"count":0,"href":"https:\/\/www.oarcanjo.net\/site\/wp-json\/wp\/v2\/posts\/10772\/revisions"}],"wp:attachment":[{"href":"https:\/\/www.oarcanjo.net\/site\/wp-json\/wp\/v2\/media?parent=10772"}],"wp:term":[{"taxonomy":"category","embeddable":true,"href":"https:\/\/www.oarcanjo.net\/site\/wp-json\/wp\/v2\/categories?post=10772"},{"taxonomy":"post_tag","embeddable":true,"href":"https:\/\/www.oarcanjo.net\/site\/wp-json\/wp\/v2\/tags?post=10772"}],"curies":[{"name":"wp","href":"https:\/\/api.w.org\/{rel}","templated":true}]}}