
{"id":10775,"date":"2010-09-05T10:15:51","date_gmt":"2010-09-05T13:15:51","guid":{"rendered":"http:\/\/www.oarcanjo.net\/site\/?p=10775"},"modified":"2010-09-05T10:15:51","modified_gmt":"2010-09-05T13:15:51","slug":"leituras-do-domingo-26092010","status":"publish","type":"post","link":"https:\/\/www.oarcanjo.net\/site\/leituras-do-domingo-26092010\/","title":{"rendered":"Leituras do domingo 26\/09\/2010"},"content":{"rendered":"<h4>26\u00ba Domingo Comum<\/h4>\n<p>Primeira leitura (Am\u00f3s 6,1a.4-7)<\/p>\n<p>Leitura do Livro do Profeta Am\u00f3s.<\/p>\n<p>Assim diz o Senhor todo-poderoso:\u00a0<sup>1a<\/sup>Ai dos que vivem despreocupadamente em Si\u00e3o, os que se sentem seguros nas alturas de Samaria.\u00a0<sup>4<\/sup>Os que dormem em camas de marfim, deitam-se em almofadas, comendo cordeiros do rebanho e novilhos do seu gado;\u00a0<sup>5<\/sup>os que cantam ao som das harpas, ou, como Davi, dedilham instrumentos musicais;\u00a0<sup>6<\/sup>os que bebem vinho em ta\u00e7as, e se perfumam com os mais finos unguentos e n\u00e3o se preocupam com a ru\u00edna de Jos\u00e9.<br \/>\n<sup>7<\/sup>Por isso, eles ir\u00e3o agora para o desterro, na primeira fila, e o bando dos gozadores ser\u00e1 desfeito.<\/p>\n<p><strong>Salmo (Salmos 145)<\/strong><\/p>\n<p>\u2014 Bendize, minha alma, e louva o Senhor!<br \/>\n<strong>\u2014 Bendize, minha alma, e louva o Senhor!<\/strong><\/p>\n<p>\u2014 O Senhor \u00e9 fiel para sempre,\/ faz justi\u00e7a aos que s\u00e3o oprimidos;\/ ele d\u00e1 alimento aos famintos,\/ \u00e9 o Senhor quem liberta os cativos.<br \/>\n\u2014 O Senhor abre os olhos aos cegos,\/ o Senhor faz erguer-se o ca\u00eddo;\/ o Senhor ama aquele que \u00e9 justo.\/ \u00c9 o Senhor quem protege o estrangeiro.<br \/>\n\u2014 Ele ampara a vi\u00fava e o \u00f3rf\u00e3o,\/ mas confunde o caminho dos maus.\/ O Senhor reinar\u00e1 para sempre!\/ \u00d3 Si\u00e3o, o teu Deus reinar\u00e1 para sempre e por todos os s\u00e9culos!<\/p>\n<p><strong>Primeira leitura (Am\u00f3s 6,1a.4-7)<\/strong><\/p>\n<p>Leitura do Livro do Profeta Am\u00f3s.<\/p>\n<p>Assim diz o Senhor todo-poderoso:\u00a0<sup>1a<\/sup>Ai dos que vivem despreocupadamente em Si\u00e3o, os que se sentem seguros nas alturas de Samaria.\u00a0<sup>4<\/sup>Os que dormem em camas de marfim, deitam-se em almofadas, comendo cordeiros do rebanho e novilhos do seu gado;\u00a0<sup>5<\/sup>os que cantam ao som das harpas, ou, como Davi, dedilham instrumentos musicais;\u00a0<sup>6<\/sup>os que bebem vinho em ta\u00e7as, e se perfumam com os mais finos unguentos e n\u00e3o se preocupam com a ru\u00edna de Jos\u00e9.<br \/>\n<sup>7<\/sup>Por isso, eles ir\u00e3o agora para o desterro, na primeira fila, e o bando dos gozadores ser\u00e1 desfeito.<\/p>\n<p><strong>Evangelho (Lucas 16,19-31)<\/strong><\/p>\n<p>Naquele tempo, Jesus disse aos fariseus: \u201c<sup>19<\/sup>Havia um homem rico, que se vestia com roupas finas e elegantes e fazia festas espl\u00eandidas todos os dias.<br \/>\n<sup>20<\/sup>Um pobre, chamado L\u00e1zaro, cheio de feridas, estava no ch\u00e3o, \u00e0 porta do rico.\u00a0<sup>21<\/sup>Ele queria matar a fome com as sobras que ca\u00edam da mesa do rico. E, al\u00e9m disso, vinham os cachorros lamber suas feridas.<br \/>\n<sup>22<\/sup>Quando o pobre morreu, os anjos levaram-no para junto de Abra\u00e3o. Morreu tamb\u00e9m o rico e foi enterrado.<br \/>\n<sup>23<\/sup>Na regi\u00e3o dos mortos, no meio dos tormentos, o rico levantou os olhos e viu de longe a Abra\u00e3o, com L\u00e1zaro ao seu lado.<br \/>\n<sup>24<\/sup>Ent\u00e3o gritou: \u2018Pai Abra\u00e3o, tem piedade de mim! Manda L\u00e1zaro molhar a ponta do dedo para me refrescar a l\u00edngua, porque sofro muito nestas chamas\u2019.<br \/>\n<sup>25<\/sup>Mas Abra\u00e3o respondeu: \u2018Filho, lembra-te que tu recebeste teus bens durante a vida e L\u00e1zaro, por sua vez, os males. Agora, por\u00e9m, ele encontra aqui consolo e tu \u00e9s atormentado.\u00a0<sup>26<\/sup>E, al\u00e9m disso, h\u00e1 um grande abismo entre n\u00f3s; por mais que algu\u00e9m desejasse, n\u00e3o poderia passar daqui para junto de v\u00f3s, e nem os da\u00ed poderiam atravessar at\u00e9 n\u00f3s\u2019.<br \/>\n<sup>27<\/sup>O rico insistiu: \u2018Pai, eu te suplico, manda L\u00e1zaro \u00e0 casa do meu pai,\u00a0<sup>28<\/sup>porque eu tenho cinco irm\u00e3os. Manda preveni-los, para que n\u00e3o venham tamb\u00e9m eles para este lugar de tormento\u2019.<br \/>\n<sup>29<\/sup>Mas Abra\u00e3o respondeu: \u2018Eles t\u00eam Mois\u00e9s e os Profetas, que os escutem!\u2019<br \/>\n<sup>30<\/sup>O rico insistiu: \u2018N\u00e3o, Pai Abra\u00e3o, mas se um dos mortos for at\u00e9 eles, certamente v\u00e3o se converter\u2019.<br \/>\n<sup>31<\/sup>Mas Abra\u00e3o lhe disse: \u2018Se n\u00e3o escutam a Mois\u00e9s, nem aos Profetas, eles n\u00e3o acreditar\u00e3o, mesmo que algu\u00e9m ressuscite dos mortos\u2019\u201d.<\/p>\n<div id=\"themify_builder_content-10775\" data-postid=\"10775\" class=\"themify_builder_content themify_builder_content-10775 themify_builder themify_builder_front\">\n\t<\/div>\n<!-- \/themify_builder_content -->","protected":false},"excerpt":{"rendered":"<p>26\u00ba Domingo Comum Primeira leitura (Am\u00f3s 6,1a.4-7) Leitura do Livro do Profeta Am\u00f3s. Assim diz o Senhor todo-poderoso:\u00a01aAi dos que vivem despreocupadamente em Si\u00e3o, os que se sentem seguros nas alturas de Samaria.\u00a04Os que dormem em camas de marfim, deitam-se em almofadas, comendo cordeiros do rebanho e novilhos do seu gado;\u00a05os que cantam ao som [&hellip;]<\/p>\n","protected":false},"author":5,"featured_media":0,"comment_status":"open","ping_status":"open","sticky":false,"template":"","format":"standard","meta":{"ngg_post_thumbnail":0,"footnotes":""},"categories":[109],"tags":[3204],"yoast_head":"<!-- This site is optimized with the Yoast SEO plugin v23.5 - https:\/\/yoast.com\/wordpress\/plugins\/seo\/ -->\n<title>Leituras do domingo 26\/09\/2010 - O Arcanjo no ar<\/title>\n<meta name=\"robots\" content=\"index, follow, max-snippet:-1, max-image-preview:large, max-video-preview:-1\" \/>\n<link rel=\"canonical\" href=\"https:\/\/www.oarcanjo.net\/site\/leituras-do-domingo-26092010\/\" \/>\n<meta property=\"og:locale\" content=\"pt_BR\" \/>\n<meta property=\"og:type\" content=\"article\" \/>\n<meta property=\"og:title\" content=\"Leituras do domingo 26\/09\/2010 - O Arcanjo no ar\" \/>\n<meta property=\"og:description\" content=\"26\u00ba Domingo Comum Primeira leitura (Am\u00f3s 6,1a.4-7) Leitura do Livro do Profeta Am\u00f3s. Assim diz o Senhor todo-poderoso:\u00a01aAi dos que vivem despreocupadamente em Si\u00e3o, os que se sentem seguros nas alturas de Samaria.\u00a04Os que dormem em camas de marfim, deitam-se em almofadas, comendo cordeiros do rebanho e novilhos do seu gado;\u00a05os que cantam ao som [&hellip;]\" \/>\n<meta property=\"og:url\" content=\"https:\/\/www.oarcanjo.net\/site\/leituras-do-domingo-26092010\/\" \/>\n<meta property=\"og:site_name\" content=\"O Arcanjo no ar\" \/>\n<meta property=\"article:publisher\" content=\"https:\/\/www.facebook.com\/OArcanjoNoAr\/\" \/>\n<meta property=\"article:published_time\" content=\"2010-09-05T13:15:51+00:00\" \/>\n<meta property=\"og:image\" content=\"https:\/\/www.oarcanjo.net\/site\/wp-content\/uploads\/logo-o-arcanjo-no-ar-facebook.png\" \/>\n\t<meta property=\"og:image:width\" content=\"300\" \/>\n\t<meta property=\"og:image:height\" content=\"300\" \/>\n\t<meta property=\"og:image:type\" content=\"image\/png\" \/>\n<meta name=\"author\" content=\"editor\" \/>\n<meta name=\"twitter:card\" content=\"summary_large_image\" \/>\n<meta name=\"twitter:label1\" content=\"Escrito por\" \/>\n\t<meta name=\"twitter:data1\" content=\"editor\" \/>\n\t<meta name=\"twitter:label2\" content=\"Est. tempo de leitura\" \/>\n\t<meta name=\"twitter:data2\" content=\"3 minutos\" \/>\n<script type=\"application\/ld+json\" class=\"yoast-schema-graph\">{\"@context\":\"https:\/\/schema.org\",\"@graph\":[{\"@type\":\"Article\",\"@id\":\"https:\/\/www.oarcanjo.net\/site\/leituras-do-domingo-26092010\/#article\",\"isPartOf\":{\"@id\":\"https:\/\/www.oarcanjo.net\/site\/leituras-do-domingo-26092010\/\"},\"author\":{\"name\":\"editor\",\"@id\":\"https:\/\/www.oarcanjo.net\/site\/#\/schema\/person\/f7024d007863202483a31326673a0838\"},\"headline\":\"Leituras do domingo 26\/09\/2010\",\"datePublished\":\"2010-09-05T13:15:51+00:00\",\"dateModified\":\"2010-09-05T13:15:51+00:00\",\"mainEntityOfPage\":{\"@id\":\"https:\/\/www.oarcanjo.net\/site\/leituras-do-domingo-26092010\/\"},\"wordCount\":641,\"commentCount\":1,\"publisher\":{\"@id\":\"https:\/\/www.oarcanjo.net\/site\/#organization\"},\"keywords\":[\"Liturgia\"],\"articleSection\":[\"Liturgia\"],\"inLanguage\":\"pt-BR\",\"potentialAction\":[{\"@type\":\"CommentAction\",\"name\":\"Comment\",\"target\":[\"https:\/\/www.oarcanjo.net\/site\/leituras-do-domingo-26092010\/#respond\"]}]},{\"@type\":\"WebPage\",\"@id\":\"https:\/\/www.oarcanjo.net\/site\/leituras-do-domingo-26092010\/\",\"url\":\"https:\/\/www.oarcanjo.net\/site\/leituras-do-domingo-26092010\/\",\"name\":\"Leituras do domingo 26\/09\/2010 - O Arcanjo no ar\",\"isPartOf\":{\"@id\":\"https:\/\/www.oarcanjo.net\/site\/#website\"},\"datePublished\":\"2010-09-05T13:15:51+00:00\",\"dateModified\":\"2010-09-05T13:15:51+00:00\",\"breadcrumb\":{\"@id\":\"https:\/\/www.oarcanjo.net\/site\/leituras-do-domingo-26092010\/#breadcrumb\"},\"inLanguage\":\"pt-BR\",\"potentialAction\":[{\"@type\":\"ReadAction\",\"target\":[\"https:\/\/www.oarcanjo.net\/site\/leituras-do-domingo-26092010\/\"]}]},{\"@type\":\"BreadcrumbList\",\"@id\":\"https:\/\/www.oarcanjo.net\/site\/leituras-do-domingo-26092010\/#breadcrumb\",\"itemListElement\":[{\"@type\":\"ListItem\",\"position\":1,\"name\":\"In\u00edcio\",\"item\":\"https:\/\/www.oarcanjo.net\/site\/\"},{\"@type\":\"ListItem\",\"position\":2,\"name\":\"Leituras do domingo 26\/09\/2010\"}]},{\"@type\":\"WebSite\",\"@id\":\"https:\/\/www.oarcanjo.net\/site\/#website\",\"url\":\"https:\/\/www.oarcanjo.net\/site\/\",\"name\":\"O Arcanjo no ar\",\"description\":\"Site da Par\u00f3quia S\u00e3o Miguel Arcanjo (Arquidiocese de SP)\",\"publisher\":{\"@id\":\"https:\/\/www.oarcanjo.net\/site\/#organization\"},\"potentialAction\":[{\"@type\":\"SearchAction\",\"target\":{\"@type\":\"EntryPoint\",\"urlTemplate\":\"https:\/\/www.oarcanjo.net\/site\/?s={search_term_string}\"},\"query-input\":{\"@type\":\"PropertyValueSpecification\",\"valueRequired\":true,\"valueName\":\"search_term_string\"}}],\"inLanguage\":\"pt-BR\"},{\"@type\":\"Organization\",\"@id\":\"https:\/\/www.oarcanjo.net\/site\/#organization\",\"name\":\"Par\u00f3quia S\u00e3o Miguel Arcanjo\",\"url\":\"https:\/\/www.oarcanjo.net\/site\/\",\"logo\":{\"@type\":\"ImageObject\",\"inLanguage\":\"pt-BR\",\"@id\":\"https:\/\/www.oarcanjo.net\/site\/#\/schema\/logo\/image\/\",\"url\":\"https:\/\/www.oarcanjo.net\/site\/wp-content\/uploads\/LogoOArcanjo.png\",\"contentUrl\":\"https:\/\/www.oarcanjo.net\/site\/wp-content\/uploads\/LogoOArcanjo.png\",\"width\":319,\"height\":99,\"caption\":\"Par\u00f3quia S\u00e3o Miguel Arcanjo\"},\"image\":{\"@id\":\"https:\/\/www.oarcanjo.net\/site\/#\/schema\/logo\/image\/\"},\"sameAs\":[\"https:\/\/www.facebook.com\/OArcanjoNoAr\/\"]},{\"@type\":\"Person\",\"@id\":\"https:\/\/www.oarcanjo.net\/site\/#\/schema\/person\/f7024d007863202483a31326673a0838\",\"name\":\"editor\",\"sameAs\":[\"http:\/\/www.oarcanjo.net\"]}]}<\/script>\n<!-- \/ Yoast SEO plugin. -->","yoast_head_json":{"title":"Leituras do domingo 26\/09\/2010 - O Arcanjo no ar","robots":{"index":"index","follow":"follow","max-snippet":"max-snippet:-1","max-image-preview":"max-image-preview:large","max-video-preview":"max-video-preview:-1"},"canonical":"https:\/\/www.oarcanjo.net\/site\/leituras-do-domingo-26092010\/","og_locale":"pt_BR","og_type":"article","og_title":"Leituras do domingo 26\/09\/2010 - O Arcanjo no ar","og_description":"26\u00ba Domingo Comum Primeira leitura (Am\u00f3s 6,1a.4-7) Leitura do Livro do Profeta Am\u00f3s. Assim diz o Senhor todo-poderoso:\u00a01aAi dos que vivem despreocupadamente em Si\u00e3o, os que se sentem seguros nas alturas de Samaria.\u00a04Os que dormem em camas de marfim, deitam-se em almofadas, comendo cordeiros do rebanho e novilhos do seu gado;\u00a05os que cantam ao som [&hellip;]","og_url":"https:\/\/www.oarcanjo.net\/site\/leituras-do-domingo-26092010\/","og_site_name":"O Arcanjo no ar","article_publisher":"https:\/\/www.facebook.com\/OArcanjoNoAr\/","article_published_time":"2010-09-05T13:15:51+00:00","og_image":[{"width":300,"height":300,"url":"https:\/\/www.oarcanjo.net\/site\/wp-content\/uploads\/logo-o-arcanjo-no-ar-facebook.png","type":"image\/png"}],"author":"editor","twitter_card":"summary_large_image","twitter_misc":{"Escrito por":"editor","Est. tempo de leitura":"3 minutos"},"schema":{"@context":"https:\/\/schema.org","@graph":[{"@type":"Article","@id":"https:\/\/www.oarcanjo.net\/site\/leituras-do-domingo-26092010\/#article","isPartOf":{"@id":"https:\/\/www.oarcanjo.net\/site\/leituras-do-domingo-26092010\/"},"author":{"name":"editor","@id":"https:\/\/www.oarcanjo.net\/site\/#\/schema\/person\/f7024d007863202483a31326673a0838"},"headline":"Leituras do domingo 26\/09\/2010","datePublished":"2010-09-05T13:15:51+00:00","dateModified":"2010-09-05T13:15:51+00:00","mainEntityOfPage":{"@id":"https:\/\/www.oarcanjo.net\/site\/leituras-do-domingo-26092010\/"},"wordCount":641,"commentCount":1,"publisher":{"@id":"https:\/\/www.oarcanjo.net\/site\/#organization"},"keywords":["Liturgia"],"articleSection":["Liturgia"],"inLanguage":"pt-BR","potentialAction":[{"@type":"CommentAction","name":"Comment","target":["https:\/\/www.oarcanjo.net\/site\/leituras-do-domingo-26092010\/#respond"]}]},{"@type":"WebPage","@id":"https:\/\/www.oarcanjo.net\/site\/leituras-do-domingo-26092010\/","url":"https:\/\/www.oarcanjo.net\/site\/leituras-do-domingo-26092010\/","name":"Leituras do domingo 26\/09\/2010 - O Arcanjo no ar","isPartOf":{"@id":"https:\/\/www.oarcanjo.net\/site\/#website"},"datePublished":"2010-09-05T13:15:51+00:00","dateModified":"2010-09-05T13:15:51+00:00","breadcrumb":{"@id":"https:\/\/www.oarcanjo.net\/site\/leituras-do-domingo-26092010\/#breadcrumb"},"inLanguage":"pt-BR","potentialAction":[{"@type":"ReadAction","target":["https:\/\/www.oarcanjo.net\/site\/leituras-do-domingo-26092010\/"]}]},{"@type":"BreadcrumbList","@id":"https:\/\/www.oarcanjo.net\/site\/leituras-do-domingo-26092010\/#breadcrumb","itemListElement":[{"@type":"ListItem","position":1,"name":"In\u00edcio","item":"https:\/\/www.oarcanjo.net\/site\/"},{"@type":"ListItem","position":2,"name":"Leituras do domingo 26\/09\/2010"}]},{"@type":"WebSite","@id":"https:\/\/www.oarcanjo.net\/site\/#website","url":"https:\/\/www.oarcanjo.net\/site\/","name":"O Arcanjo no ar","description":"Site da Par\u00f3quia S\u00e3o Miguel Arcanjo (Arquidiocese de SP)","publisher":{"@id":"https:\/\/www.oarcanjo.net\/site\/#organization"},"potentialAction":[{"@type":"SearchAction","target":{"@type":"EntryPoint","urlTemplate":"https:\/\/www.oarcanjo.net\/site\/?s={search_term_string}"},"query-input":{"@type":"PropertyValueSpecification","valueRequired":true,"valueName":"search_term_string"}}],"inLanguage":"pt-BR"},{"@type":"Organization","@id":"https:\/\/www.oarcanjo.net\/site\/#organization","name":"Par\u00f3quia S\u00e3o Miguel Arcanjo","url":"https:\/\/www.oarcanjo.net\/site\/","logo":{"@type":"ImageObject","inLanguage":"pt-BR","@id":"https:\/\/www.oarcanjo.net\/site\/#\/schema\/logo\/image\/","url":"https:\/\/www.oarcanjo.net\/site\/wp-content\/uploads\/LogoOArcanjo.png","contentUrl":"https:\/\/www.oarcanjo.net\/site\/wp-content\/uploads\/LogoOArcanjo.png","width":319,"height":99,"caption":"Par\u00f3quia S\u00e3o Miguel Arcanjo"},"image":{"@id":"https:\/\/www.oarcanjo.net\/site\/#\/schema\/logo\/image\/"},"sameAs":["https:\/\/www.facebook.com\/OArcanjoNoAr\/"]},{"@type":"Person","@id":"https:\/\/www.oarcanjo.net\/site\/#\/schema\/person\/f7024d007863202483a31326673a0838","name":"editor","sameAs":["http:\/\/www.oarcanjo.net"]}]}},"publishpress_future_action":{"enabled":false,"date":"2026-05-08 06:35:08","action":"category","newStatus":"draft","terms":[],"taxonomy":"category"},"publishpress_future_workflow_manual_trigger":{"enabledWorkflows":[]},"_links":{"self":[{"href":"https:\/\/www.oarcanjo.net\/site\/wp-json\/wp\/v2\/posts\/10775"}],"collection":[{"href":"https:\/\/www.oarcanjo.net\/site\/wp-json\/wp\/v2\/posts"}],"about":[{"href":"https:\/\/www.oarcanjo.net\/site\/wp-json\/wp\/v2\/types\/post"}],"author":[{"embeddable":true,"href":"https:\/\/www.oarcanjo.net\/site\/wp-json\/wp\/v2\/users\/5"}],"replies":[{"embeddable":true,"href":"https:\/\/www.oarcanjo.net\/site\/wp-json\/wp\/v2\/comments?post=10775"}],"version-history":[{"count":0,"href":"https:\/\/www.oarcanjo.net\/site\/wp-json\/wp\/v2\/posts\/10775\/revisions"}],"wp:attachment":[{"href":"https:\/\/www.oarcanjo.net\/site\/wp-json\/wp\/v2\/media?parent=10775"}],"wp:term":[{"taxonomy":"category","embeddable":true,"href":"https:\/\/www.oarcanjo.net\/site\/wp-json\/wp\/v2\/categories?post=10775"},{"taxonomy":"post_tag","embeddable":true,"href":"https:\/\/www.oarcanjo.net\/site\/wp-json\/wp\/v2\/tags?post=10775"}],"curies":[{"name":"wp","href":"https:\/\/api.w.org\/{rel}","templated":true}]}}