
{"id":10780,"date":"2017-09-07T12:51:15","date_gmt":"2017-09-07T15:51:15","guid":{"rendered":"http:\/\/www.oarcanjo.net\/site\/?p=10780"},"modified":"2017-07-31T07:11:00","modified_gmt":"2017-07-31T10:11:00","slug":"santa-regina","status":"publish","type":"post","link":"https:\/\/www.oarcanjo.net\/site\/santa-regina\/","title":{"rendered":"Santa Regina"},"content":{"rendered":"<p><img loading=\"lazy\" decoding=\"async\" src=\"http:\/\/4.bp.blogspot.com\/_z-c0Sh5Zlrs\/SLIQYdbqp7I\/AAAAAAAACQs\/06pHIt7hRTc\/s400\/Santa+Regina.jpg\" alt=\"\" width=\"150\" height=\"190\" \/><\/p>\n<p>07 de Setembro<\/p>\n<p>Regina ou Reine, seu nome no idioma natal, viveu no s\u00e9culo III, em Alise, antiga G\u00e1lia, Fran\u00e7a. Seu nascimento foi marcado por uma trag\u00e9dia familiar, especialmente para ela, porque sua m\u00e3e morreu durante o parto. Por essa raz\u00e3o a crian\u00e7a precisou de uma ama de leite, no caso uma crist\u00e3. Foi ela que a inspirou nos caminhos da verdadeira f\u00e9 e da virtude.<\/p>\n<p>Na adolesc\u00eancia, a pr\u00f3pria Regina pediu para ser batizada no cristianismo, embora o ambiente em sua casa fosse pag\u00e3o.<\/p>\n<p>A cada dia, tornava-se mais piedosa e tinha a convic\u00e7\u00e3o de que queria ser esposa de Cristo. Nunca aceitava o cortejo dos rapazes que queriam despos\u00e1-la, tanto por sua beleza f\u00edsica como por suas virtudes e atitudes, que sempre eram exemplares. Ela simplesmente se afastava de todos, preferindo passar a maior parte do seu tempo reclusa em seu quarto, em ora\u00e7\u00e3o e penit\u00eancia.<\/p>\n<p>Entretanto o real mart\u00edrio de Regina come\u00e7ou muito cedo, e em sua pr\u00f3pria casa. O seu pai, um servidor do Imp\u00e9rio Romano chamado Ol\u00edbrio, passou a insistir para que ela aprendesse a reverenciar os deuses. At\u00e9 que um dia recebeu a denuncia de que Regina era uma crist\u00e3. No in\u00edcio n\u00e3o acreditou, mas decidiu que iria averiguar bem o assunto.<\/p>\n<p>Quando Ol\u00edbrio percebeu que era verdade, denunciou a pr\u00f3pria filha ao imperador D\u00e9cio, que seduziu-a com promessas vantajosas caso renegasse Cristo. Ao perceber que nada conseguiria com a bela jovem, muito menos demov\u00ea-la de sua f\u00e9, ele friamente a mandou para o supl\u00edcio. Regina sofreu todos os tipos de torturas e foi decapitada.<\/p>\n<p>O culto a santa Regina difundiu-se por todo o mundo crist\u00e3o, sendo que suas rel\u00edquias foram v\u00e1rias vezes transladadas para v\u00e1rias igrejas. At\u00e9 que, no local onde foi encontrada a sua sepultura, foi constru\u00edda uma capela, que atraiu grande n\u00famero de fi\u00e9is que pediam por sua intercess\u00e3o na cura e prote\u00e7\u00e3o. Logo em seguida surgiu a constru\u00e7\u00e3o de um mosteiro e, ao longo do tempo, grande n\u00famero de casas. Foi assim que nasceu a charmosa vila Sainte-Reine, isto \u00e9, Santa Rainha, na Fran\u00e7a.<\/p>\n<p>Esta festa secular ocorre, tradicionalmente, em todo o mundo crist\u00e3o, no dia 7 de setembro.<\/p>\n<div id=\"themify_builder_content-10780\" data-postid=\"10780\" class=\"themify_builder_content themify_builder_content-10780 themify_builder themify_builder_front\">\n\t<\/div>\n<!-- \/themify_builder_content -->","protected":false},"excerpt":{"rendered":"<p>07 de Setembro Regina ou Reine, seu nome no idioma natal, viveu no s\u00e9culo III, em Alise, antiga G\u00e1lia, Fran\u00e7a. Seu nascimento foi marcado por uma trag\u00e9dia familiar, especialmente para ela, porque sua m\u00e3e morreu durante o parto. Por essa raz\u00e3o a crian\u00e7a precisou de uma ama de leite, no caso uma crist\u00e3. Foi ela [&hellip;]<\/p>\n","protected":false},"author":14,"featured_media":0,"comment_status":"open","ping_status":"open","sticky":false,"template":"","format":"standard","meta":{"ngg_post_thumbnail":0,"footnotes":""},"categories":[186],"tags":[],"yoast_head":"<!-- This site is optimized with the Yoast SEO plugin v23.5 - https:\/\/yoast.com\/wordpress\/plugins\/seo\/ -->\n<title>Santa Regina - O Arcanjo no ar<\/title>\n<meta name=\"robots\" content=\"index, follow, max-snippet:-1, max-image-preview:large, max-video-preview:-1\" \/>\n<link rel=\"canonical\" href=\"https:\/\/www.oarcanjo.net\/site\/santa-regina\/\" \/>\n<meta property=\"og:locale\" content=\"pt_BR\" \/>\n<meta property=\"og:type\" content=\"article\" \/>\n<meta property=\"og:title\" content=\"Santa Regina - O Arcanjo no ar\" \/>\n<meta property=\"og:description\" content=\"07 de Setembro Regina ou Reine, seu nome no idioma natal, viveu no s\u00e9culo III, em Alise, antiga G\u00e1lia, Fran\u00e7a. Seu nascimento foi marcado por uma trag\u00e9dia familiar, especialmente para ela, porque sua m\u00e3e morreu durante o parto. Por essa raz\u00e3o a crian\u00e7a precisou de uma ama de leite, no caso uma crist\u00e3. Foi ela [&hellip;]\" \/>\n<meta property=\"og:url\" content=\"https:\/\/www.oarcanjo.net\/site\/santa-regina\/\" \/>\n<meta property=\"og:site_name\" content=\"O Arcanjo no ar\" \/>\n<meta property=\"article:publisher\" content=\"https:\/\/www.facebook.com\/OArcanjoNoAr\/\" \/>\n<meta property=\"article:published_time\" content=\"2017-09-07T15:51:15+00:00\" \/>\n<meta property=\"article:modified_time\" content=\"2017-07-31T10:11:00+00:00\" \/>\n<meta property=\"og:image\" content=\"http:\/\/4.bp.blogspot.com\/_z-c0Sh5Zlrs\/SLIQYdbqp7I\/AAAAAAAACQs\/06pHIt7hRTc\/s400\/Santa+Regina.jpg\" \/>\n<meta name=\"author\" content=\"danilo\" \/>\n<meta name=\"twitter:card\" content=\"summary_large_image\" \/>\n<meta name=\"twitter:label1\" content=\"Escrito por\" \/>\n\t<meta name=\"twitter:data1\" content=\"danilo\" \/>\n\t<meta name=\"twitter:label2\" content=\"Est. tempo de leitura\" \/>\n\t<meta name=\"twitter:data2\" content=\"2 minutos\" \/>\n<script type=\"application\/ld+json\" class=\"yoast-schema-graph\">{\"@context\":\"https:\/\/schema.org\",\"@graph\":[{\"@type\":\"Article\",\"@id\":\"https:\/\/www.oarcanjo.net\/site\/santa-regina\/#article\",\"isPartOf\":{\"@id\":\"https:\/\/www.oarcanjo.net\/site\/santa-regina\/\"},\"author\":{\"name\":\"danilo\",\"@id\":\"https:\/\/www.oarcanjo.net\/site\/#\/schema\/person\/5eb9480bedd2f3c97e430ce128c29c6c\"},\"headline\":\"Santa Regina\",\"datePublished\":\"2017-09-07T15:51:15+00:00\",\"dateModified\":\"2017-07-31T10:11:00+00:00\",\"mainEntityOfPage\":{\"@id\":\"https:\/\/www.oarcanjo.net\/site\/santa-regina\/\"},\"wordCount\":398,\"commentCount\":0,\"publisher\":{\"@id\":\"https:\/\/www.oarcanjo.net\/site\/#organization\"},\"image\":{\"@id\":\"https:\/\/www.oarcanjo.net\/site\/santa-regina\/#primaryimage\"},\"thumbnailUrl\":\"http:\/\/4.bp.blogspot.com\/_z-c0Sh5Zlrs\/SLIQYdbqp7I\/AAAAAAAACQs\/06pHIt7hRTc\/s400\/Santa+Regina.jpg\",\"articleSection\":[\"Testemunhos\"],\"inLanguage\":\"pt-BR\",\"potentialAction\":[{\"@type\":\"CommentAction\",\"name\":\"Comment\",\"target\":[\"https:\/\/www.oarcanjo.net\/site\/santa-regina\/#respond\"]}]},{\"@type\":\"WebPage\",\"@id\":\"https:\/\/www.oarcanjo.net\/site\/santa-regina\/\",\"url\":\"https:\/\/www.oarcanjo.net\/site\/santa-regina\/\",\"name\":\"Santa Regina - O Arcanjo no ar\",\"isPartOf\":{\"@id\":\"https:\/\/www.oarcanjo.net\/site\/#website\"},\"primaryImageOfPage\":{\"@id\":\"https:\/\/www.oarcanjo.net\/site\/santa-regina\/#primaryimage\"},\"image\":{\"@id\":\"https:\/\/www.oarcanjo.net\/site\/santa-regina\/#primaryimage\"},\"thumbnailUrl\":\"http:\/\/4.bp.blogspot.com\/_z-c0Sh5Zlrs\/SLIQYdbqp7I\/AAAAAAAACQs\/06pHIt7hRTc\/s400\/Santa+Regina.jpg\",\"datePublished\":\"2017-09-07T15:51:15+00:00\",\"dateModified\":\"2017-07-31T10:11:00+00:00\",\"breadcrumb\":{\"@id\":\"https:\/\/www.oarcanjo.net\/site\/santa-regina\/#breadcrumb\"},\"inLanguage\":\"pt-BR\",\"potentialAction\":[{\"@type\":\"ReadAction\",\"target\":[\"https:\/\/www.oarcanjo.net\/site\/santa-regina\/\"]}]},{\"@type\":\"ImageObject\",\"inLanguage\":\"pt-BR\",\"@id\":\"https:\/\/www.oarcanjo.net\/site\/santa-regina\/#primaryimage\",\"url\":\"http:\/\/4.bp.blogspot.com\/_z-c0Sh5Zlrs\/SLIQYdbqp7I\/AAAAAAAACQs\/06pHIt7hRTc\/s400\/Santa+Regina.jpg\",\"contentUrl\":\"http:\/\/4.bp.blogspot.com\/_z-c0Sh5Zlrs\/SLIQYdbqp7I\/AAAAAAAACQs\/06pHIt7hRTc\/s400\/Santa+Regina.jpg\"},{\"@type\":\"BreadcrumbList\",\"@id\":\"https:\/\/www.oarcanjo.net\/site\/santa-regina\/#breadcrumb\",\"itemListElement\":[{\"@type\":\"ListItem\",\"position\":1,\"name\":\"In\u00edcio\",\"item\":\"https:\/\/www.oarcanjo.net\/site\/\"},{\"@type\":\"ListItem\",\"position\":2,\"name\":\"Santa Regina\"}]},{\"@type\":\"WebSite\",\"@id\":\"https:\/\/www.oarcanjo.net\/site\/#website\",\"url\":\"https:\/\/www.oarcanjo.net\/site\/\",\"name\":\"O Arcanjo no ar\",\"description\":\"Site da Par\u00f3quia S\u00e3o Miguel Arcanjo (Arquidiocese de SP)\",\"publisher\":{\"@id\":\"https:\/\/www.oarcanjo.net\/site\/#organization\"},\"potentialAction\":[{\"@type\":\"SearchAction\",\"target\":{\"@type\":\"EntryPoint\",\"urlTemplate\":\"https:\/\/www.oarcanjo.net\/site\/?s={search_term_string}\"},\"query-input\":{\"@type\":\"PropertyValueSpecification\",\"valueRequired\":true,\"valueName\":\"search_term_string\"}}],\"inLanguage\":\"pt-BR\"},{\"@type\":\"Organization\",\"@id\":\"https:\/\/www.oarcanjo.net\/site\/#organization\",\"name\":\"Par\u00f3quia S\u00e3o Miguel Arcanjo\",\"url\":\"https:\/\/www.oarcanjo.net\/site\/\",\"logo\":{\"@type\":\"ImageObject\",\"inLanguage\":\"pt-BR\",\"@id\":\"https:\/\/www.oarcanjo.net\/site\/#\/schema\/logo\/image\/\",\"url\":\"https:\/\/www.oarcanjo.net\/site\/wp-content\/uploads\/LogoOArcanjo.png\",\"contentUrl\":\"https:\/\/www.oarcanjo.net\/site\/wp-content\/uploads\/LogoOArcanjo.png\",\"width\":319,\"height\":99,\"caption\":\"Par\u00f3quia S\u00e3o Miguel Arcanjo\"},\"image\":{\"@id\":\"https:\/\/www.oarcanjo.net\/site\/#\/schema\/logo\/image\/\"},\"sameAs\":[\"https:\/\/www.facebook.com\/OArcanjoNoAr\/\"]},{\"@type\":\"Person\",\"@id\":\"https:\/\/www.oarcanjo.net\/site\/#\/schema\/person\/5eb9480bedd2f3c97e430ce128c29c6c\",\"name\":\"danilo\"}]}<\/script>\n<!-- \/ Yoast SEO plugin. -->","yoast_head_json":{"title":"Santa Regina - O Arcanjo no ar","robots":{"index":"index","follow":"follow","max-snippet":"max-snippet:-1","max-image-preview":"max-image-preview:large","max-video-preview":"max-video-preview:-1"},"canonical":"https:\/\/www.oarcanjo.net\/site\/santa-regina\/","og_locale":"pt_BR","og_type":"article","og_title":"Santa Regina - O Arcanjo no ar","og_description":"07 de Setembro Regina ou Reine, seu nome no idioma natal, viveu no s\u00e9culo III, em Alise, antiga G\u00e1lia, Fran\u00e7a. Seu nascimento foi marcado por uma trag\u00e9dia familiar, especialmente para ela, porque sua m\u00e3e morreu durante o parto. Por essa raz\u00e3o a crian\u00e7a precisou de uma ama de leite, no caso uma crist\u00e3. Foi ela [&hellip;]","og_url":"https:\/\/www.oarcanjo.net\/site\/santa-regina\/","og_site_name":"O Arcanjo no ar","article_publisher":"https:\/\/www.facebook.com\/OArcanjoNoAr\/","article_published_time":"2017-09-07T15:51:15+00:00","article_modified_time":"2017-07-31T10:11:00+00:00","og_image":[{"url":"http:\/\/4.bp.blogspot.com\/_z-c0Sh5Zlrs\/SLIQYdbqp7I\/AAAAAAAACQs\/06pHIt7hRTc\/s400\/Santa+Regina.jpg"}],"author":"danilo","twitter_card":"summary_large_image","twitter_misc":{"Escrito por":"danilo","Est. tempo de leitura":"2 minutos"},"schema":{"@context":"https:\/\/schema.org","@graph":[{"@type":"Article","@id":"https:\/\/www.oarcanjo.net\/site\/santa-regina\/#article","isPartOf":{"@id":"https:\/\/www.oarcanjo.net\/site\/santa-regina\/"},"author":{"name":"danilo","@id":"https:\/\/www.oarcanjo.net\/site\/#\/schema\/person\/5eb9480bedd2f3c97e430ce128c29c6c"},"headline":"Santa Regina","datePublished":"2017-09-07T15:51:15+00:00","dateModified":"2017-07-31T10:11:00+00:00","mainEntityOfPage":{"@id":"https:\/\/www.oarcanjo.net\/site\/santa-regina\/"},"wordCount":398,"commentCount":0,"publisher":{"@id":"https:\/\/www.oarcanjo.net\/site\/#organization"},"image":{"@id":"https:\/\/www.oarcanjo.net\/site\/santa-regina\/#primaryimage"},"thumbnailUrl":"http:\/\/4.bp.blogspot.com\/_z-c0Sh5Zlrs\/SLIQYdbqp7I\/AAAAAAAACQs\/06pHIt7hRTc\/s400\/Santa+Regina.jpg","articleSection":["Testemunhos"],"inLanguage":"pt-BR","potentialAction":[{"@type":"CommentAction","name":"Comment","target":["https:\/\/www.oarcanjo.net\/site\/santa-regina\/#respond"]}]},{"@type":"WebPage","@id":"https:\/\/www.oarcanjo.net\/site\/santa-regina\/","url":"https:\/\/www.oarcanjo.net\/site\/santa-regina\/","name":"Santa Regina - O Arcanjo no ar","isPartOf":{"@id":"https:\/\/www.oarcanjo.net\/site\/#website"},"primaryImageOfPage":{"@id":"https:\/\/www.oarcanjo.net\/site\/santa-regina\/#primaryimage"},"image":{"@id":"https:\/\/www.oarcanjo.net\/site\/santa-regina\/#primaryimage"},"thumbnailUrl":"http:\/\/4.bp.blogspot.com\/_z-c0Sh5Zlrs\/SLIQYdbqp7I\/AAAAAAAACQs\/06pHIt7hRTc\/s400\/Santa+Regina.jpg","datePublished":"2017-09-07T15:51:15+00:00","dateModified":"2017-07-31T10:11:00+00:00","breadcrumb":{"@id":"https:\/\/www.oarcanjo.net\/site\/santa-regina\/#breadcrumb"},"inLanguage":"pt-BR","potentialAction":[{"@type":"ReadAction","target":["https:\/\/www.oarcanjo.net\/site\/santa-regina\/"]}]},{"@type":"ImageObject","inLanguage":"pt-BR","@id":"https:\/\/www.oarcanjo.net\/site\/santa-regina\/#primaryimage","url":"http:\/\/4.bp.blogspot.com\/_z-c0Sh5Zlrs\/SLIQYdbqp7I\/AAAAAAAACQs\/06pHIt7hRTc\/s400\/Santa+Regina.jpg","contentUrl":"http:\/\/4.bp.blogspot.com\/_z-c0Sh5Zlrs\/SLIQYdbqp7I\/AAAAAAAACQs\/06pHIt7hRTc\/s400\/Santa+Regina.jpg"},{"@type":"BreadcrumbList","@id":"https:\/\/www.oarcanjo.net\/site\/santa-regina\/#breadcrumb","itemListElement":[{"@type":"ListItem","position":1,"name":"In\u00edcio","item":"https:\/\/www.oarcanjo.net\/site\/"},{"@type":"ListItem","position":2,"name":"Santa Regina"}]},{"@type":"WebSite","@id":"https:\/\/www.oarcanjo.net\/site\/#website","url":"https:\/\/www.oarcanjo.net\/site\/","name":"O Arcanjo no ar","description":"Site da Par\u00f3quia S\u00e3o Miguel Arcanjo (Arquidiocese de SP)","publisher":{"@id":"https:\/\/www.oarcanjo.net\/site\/#organization"},"potentialAction":[{"@type":"SearchAction","target":{"@type":"EntryPoint","urlTemplate":"https:\/\/www.oarcanjo.net\/site\/?s={search_term_string}"},"query-input":{"@type":"PropertyValueSpecification","valueRequired":true,"valueName":"search_term_string"}}],"inLanguage":"pt-BR"},{"@type":"Organization","@id":"https:\/\/www.oarcanjo.net\/site\/#organization","name":"Par\u00f3quia S\u00e3o Miguel Arcanjo","url":"https:\/\/www.oarcanjo.net\/site\/","logo":{"@type":"ImageObject","inLanguage":"pt-BR","@id":"https:\/\/www.oarcanjo.net\/site\/#\/schema\/logo\/image\/","url":"https:\/\/www.oarcanjo.net\/site\/wp-content\/uploads\/LogoOArcanjo.png","contentUrl":"https:\/\/www.oarcanjo.net\/site\/wp-content\/uploads\/LogoOArcanjo.png","width":319,"height":99,"caption":"Par\u00f3quia S\u00e3o Miguel Arcanjo"},"image":{"@id":"https:\/\/www.oarcanjo.net\/site\/#\/schema\/logo\/image\/"},"sameAs":["https:\/\/www.facebook.com\/OArcanjoNoAr\/"]},{"@type":"Person","@id":"https:\/\/www.oarcanjo.net\/site\/#\/schema\/person\/5eb9480bedd2f3c97e430ce128c29c6c","name":"danilo"}]}},"publishpress_future_action":{"enabled":false,"date":"2026-05-09 02:29:39","action":"category","newStatus":"draft","terms":[],"taxonomy":"category"},"publishpress_future_workflow_manual_trigger":{"enabledWorkflows":[]},"_links":{"self":[{"href":"https:\/\/www.oarcanjo.net\/site\/wp-json\/wp\/v2\/posts\/10780"}],"collection":[{"href":"https:\/\/www.oarcanjo.net\/site\/wp-json\/wp\/v2\/posts"}],"about":[{"href":"https:\/\/www.oarcanjo.net\/site\/wp-json\/wp\/v2\/types\/post"}],"author":[{"embeddable":true,"href":"https:\/\/www.oarcanjo.net\/site\/wp-json\/wp\/v2\/users\/14"}],"replies":[{"embeddable":true,"href":"https:\/\/www.oarcanjo.net\/site\/wp-json\/wp\/v2\/comments?post=10780"}],"version-history":[{"count":0,"href":"https:\/\/www.oarcanjo.net\/site\/wp-json\/wp\/v2\/posts\/10780\/revisions"}],"wp:attachment":[{"href":"https:\/\/www.oarcanjo.net\/site\/wp-json\/wp\/v2\/media?parent=10780"}],"wp:term":[{"taxonomy":"category","embeddable":true,"href":"https:\/\/www.oarcanjo.net\/site\/wp-json\/wp\/v2\/categories?post=10780"},{"taxonomy":"post_tag","embeddable":true,"href":"https:\/\/www.oarcanjo.net\/site\/wp-json\/wp\/v2\/tags?post=10780"}],"curies":[{"name":"wp","href":"https:\/\/api.w.org\/{rel}","templated":true}]}}