
{"id":10783,"date":"2017-09-08T00:33:35","date_gmt":"2017-09-08T03:33:35","guid":{"rendered":"http:\/\/www.oarcanjo.net\/site\/?p=10783"},"modified":"2017-07-31T07:10:38","modified_gmt":"2017-07-31T10:10:38","slug":"sao-tomas-de-vilanova","status":"publish","type":"post","link":"https:\/\/www.oarcanjo.net\/site\/sao-tomas-de-vilanova\/","title":{"rendered":"S\u00e3o Tom\u00e1s de Vilanova"},"content":{"rendered":"<p><img loading=\"lazy\" decoding=\"async\" class=\"alignnone size-full wp-image-65061\" src=\"http:\/\/www.oarcanjo.net\/site\/wp-content\/uploads\/Sao-Tomas-de-Vila-Nova.jpg\" alt=\"S\u00e3o Tom\u00e1s de Vilanova\" width=\"250\" height=\"344\" srcset=\"https:\/\/www.oarcanjo.net\/site\/wp-content\/uploads\/Sao-Tomas-de-Vila-Nova.jpg 250w, https:\/\/www.oarcanjo.net\/site\/wp-content\/uploads\/Sao-Tomas-de-Vila-Nova-218x300.jpg 218w\" sizes=\"(max-width: 250px) 100vw, 250px\" \/><\/p>\n<p>8 de Setembro<\/p>\n<p>Tom\u00e1s foi um dos pregadores de maior destaque do s\u00e9culo XVI na Espanha. Como frei agostiniano e, mais tarde, como arcebispo, ele conquistou a reputa\u00e7\u00e3o de ter feito grande caridade, promovido os estudos e encorajado o trabalho mission\u00e1rio. Em tempos de grande materialismo no Espanha, Tom\u00e1s de Vilanova viveu frugalmente. Ele usava dos meios financeiros de sua afluente arquidiocese para concretizar programas sociais para os pobres e rejeitados. Ele deu de comer aos que tinham fome e acolheu os sem-teto em sua pr\u00f3pria casa. Antes de morrer, ele deu as poucas coisas pessoais que tinha aos necessitados.<\/p>\n<p>Santo Tom\u00e1s de Vilanova nasceu em Fuenllana (Espanha) no ano de 1488, mas foi criado em Villanueva (Vilanova, em portugu\u00eas) de los Infantes, de onde tomou seu nome ao entrar na Ordem dos Agostinianos. Seus pais, Alonso Tom\u00e1s Garcia e Lucia Martinez de Castellanos, praticavam obras de caridade, socorrendo a toda esp\u00e9cie de necessitados. Tom\u00e1s herdou dos pais esta virtude. Dava a seus coleguinhas mais necessitados tudo o que podia, inclusive suas pr\u00f3prias vestes e cal\u00e7ados. Um dia em que os pais n\u00e3o estavam em casa, chegaram seis pobres pedindo esmola. O menino, n\u00e3o encontrando nada para dar-lhes, foi ao galinheiro e pegou seis franguinhos, dando a cada um dos pobres um destes. E disse \u00e0 m\u00e3e que, se houvesse mais um pobre, ter-lhe-ia dado tamb\u00e9m a galinha. Seguindo o exemplo da m\u00e3e, desde muito cedo come\u00e7ou a jejuar, n\u00e3o s\u00f3 nos dias prescritos pela Igreja mas tamb\u00e9m em outros de sua devo\u00e7\u00e3o. Flagelava-se e fazia outras sortes de penit\u00eancias como se fosse j\u00e1 um adulto. Estudante modelar na universidade de Alcal\u00e1 Quando tinha 15 anos seus pais enviaram-lhe \u00e0 famosa Universidade de Alcal\u00e1 para cursar humanidades, ret\u00f3rica, filosofia e teologia. Seu sucesso foi tanto que nos nove anos de estudos naquela institui\u00e7\u00e3o ele foi aclamado por todo mundo. No entanto, sua virtude era ainda mais not\u00e1vel que sua ci\u00eancia. Apesar do seu sucesso, jamais perdeu a mod\u00e9stia e a humildade: ele aceitava os elogios como se n\u00e3o fosse ele que estivesse em foco. Aos 17 anos a morte de seu pai obrigou-o a voltar temporariamente para casa a fim de p\u00f4r em ordem os assuntos dom\u00e9sticos. Ele recebeu de heran\u00e7a uma grande resid\u00eancia que transformou em hospital para os pobres. Sua m\u00e3e cumpriu sua vontade, encerrando-se ela mesma no hospital para passar os seus anos de viuvez a servi\u00e7o dos pobres. De professor de filosofia a frade agostiniano Voltando para Alcal\u00e1 passou a ensinar filosofia na Universidade. Ele tinha ent\u00e3o 26 anos. Mas outras eram suas preocupa\u00e7\u00f5es. Havia muito vinha ele pensando em consagrar-se inteiramente a Deus mediante a vida religiosa. Por isso, deixou as gl\u00f3rias do mundo pelo h\u00e1bito agostiniano. Tom\u00e1s fez sua profiss\u00e3o solene em 25 de novembro de 1517. Ordenado sacerdote algum tempo depois, celebrou sua primeira missa no dia de Natal. Ele entrou em \u00eaxtase ao cantar o Gl\u00f3ria. Tom\u00e1s conservaria para sempre uma terna devo\u00e7\u00e3o \u00e0 Divina Inf\u00e2ncia e ao Santo Sacrif\u00edcio do altar. Ele costumava dizer que \u00e9 p\u00e9ssimo sinal para um sacerdote quando ele \u00e9 visto celebrar a Missa todos os dias sem se tornar cada vez melhor. N\u00e3o perdia um minuto durante o dia. Os lugares que mais frequentava eram o altar, o coro (para as ora\u00e7\u00f5es), sua cela (uma cela em um mosteiro \u00e9 o aposento de um membro da comunidade; a cela \u00e9 utilizada para estudar e medita\u00e7\u00e3o, tamb\u00e9m), a bilbioteca (para os estudos) e a enfermaria (para cuidar dos doentes). O santo n\u00e3o podia ver um religioso ocioso e in\u00fatil que j\u00e1 o comparava a um soldado sem armas e exposto ao ataque de seus inimigos. Dizia que ter ci\u00eancia e grande erudi\u00e7\u00e3o sem a piedade \u00e9 como uma espada na m\u00e3o de uma crian\u00e7a: \u00e9 uma arma que pode ferir pois n\u00e3o tira proveito daqueles dons de ci\u00eancia para ningu\u00e9m. Ele criticava tamb\u00e9m os religiosos que, sob pretexto de devo\u00e7\u00e3o, n\u00e3o se aplicavam suficientemente ao estudo. Outro S\u00e3o Paulo ou Elias Designado \u00e0 prega\u00e7\u00e3o ele a fazia com tanto empenho que o consideravam um outro S\u00e3o Paulo (pela profundidade de sua doutrina) ou um outro Elias da nova Lei (por causa do zelo que demonstrava em seus serm\u00f5es).<\/p>\n<p>Tom\u00e1s reformou de tal maneira Salamanca que a cidade \u201cse havia tornado um mosteiro\u201d. Muitos jovens renunciaram ao mundo para seguir a Deus. O pr\u00f3prio Imperador Carlos V quis ouv\u00ed-lo e acabou escolhendo-o para seu pregador. Quando Tom\u00e1s pregava fora do pal\u00e1cio, o Rei ia disfar\u00e7ado para ouv\u00ed-lo. O santo n\u00e3o aprovava os pregadores que, para dar mostras de erudi\u00e7\u00e3o, faziam longos e prolixos serm\u00f5es. Por uma vis\u00e3o interior ele conhecia as necessidades espirituais de seus ouvintes e o mais admir\u00e1vel era que, por mais diferentes que fossem seus interlocutores, todos sa\u00edam com maior piedade ap\u00f3s ouvir seu serm\u00e3o. Pregui\u00e7a e ociosidade: inimigas da virtude Tom\u00e1s foi eleito prior de Burgos e Valladolid e duas vezes foi provincial da Andaluzia e uma vez de Castela. No governo de seus s\u00faditos sua mansid\u00e3o de cora\u00e7\u00e3o e o atrativo de sua pessoa constitu\u00edam poderosas armas para exercer sua autoridade. Nos seus governos, ele desejava primeiro que os oficios divinos fossem celebrados com toda a rever\u00eancia e aten\u00e7\u00e3o poss\u00edveis; em segundo lugar, que os religiosos considerassem a medita\u00e7\u00e3o e a leitura espiritual como coisas inviol\u00e1veis; terceiro, que a paz e a uni\u00e3o na caridade fraterna fossem guardadas sem nenhuma altera\u00e7\u00e3o; e, finalmente, que ningu\u00e9m fosse dominado pela pregui\u00e7a ou pelo \u00f3cio, v\u00edcios que s\u00e3o os maiores inimigos da virtude, a ruina da alma, o destruidor da castidade e a fonte de todas as desordens. Com tais normas, ele fez florescer a observ\u00e2ncia em todas as casas sob sua jurisdi\u00e7\u00e3o. Ou seja: promoveu uma verdadeira reforma no sentido cat\u00f3lico do termo. Arcebispo de Val\u00eancia por inspira\u00e7\u00e3o divina Frei Tom\u00e1s relutou em aceitar ser bispo, ele teve que curvar a cabe\u00e7a e conformar-se com os des\u00edgnios da Provid\u00eancia. Tinha ent\u00e3o ele 56 anos. Foi nomeado no dia 10 de outubro de 1544. Conservou como arcebispo seu h\u00e1bito religioso que ele mesmo remendava. O cabido da arquidiocese, pensando que ele n\u00e3o tivesse dinheiro para comprar roupas melhores, deu de presente quatro mil ducados para que comprasse trajes mais condizentes com seu posto. Imediatamente Tom\u00e1s doou o dinheiro ao hospital, agradeceu muito ao cabido dizendo que o bem que era feito aos doentes ele o tomava como para si pr\u00f3prio. Come\u00e7ou sua administra\u00e7\u00e3o pela visita pastoral \u00e0 sua circunscri\u00e7\u00e3o eclesi\u00e1stica pregando por toda parte, resolvendo lit\u00edgios, reformando conventos e extirpando os v\u00edcios. Promoveu um s\u00ednodo para acabar com muitos abusos e reformar o clero. Extraordin\u00e1ria caridade e milagres. A caridade do ent\u00e3o Dom Tom\u00e1s era insuper\u00e1vel. Atendia diretamente no pal\u00e1cio in\u00fameros pobres. N\u00e3o importava a hora do dia ou da noite em que os necessitados pediam seu aux\u00edlio. Freq\u00fcentemente acompanhava seus atos de caridade com milagres. A um paral\u00edtico que lhe pedia esmola, perguntou se preferia trabalhar e ganhar seu sustento com as pr\u00f3prias m\u00e3os. \u00c0 resposta afirmativa, ele lhe disse: \u201cem nome de Jesus Crucificado, deixa tuas muletas e anda.\u201d No mesmo instante o pobre come\u00e7ou a andar e a agradecer. Santo Tom\u00e1s de Vilanova tinha \u00eaxtases em p\u00fablico, o que contribuia para aumentar a venera\u00e7\u00e3o que por ele sentiam. Seus milagres tamb\u00e9m eram conhecidos por todo mundo. Entretanto, como ele mesmo dizia, nunca temera tanto salvar-se como desde o momento em que se tornou arcebispo. Isso, devido \u00e0s responsabilidades que lhe cabiam, pelo bem das almas de todos seus diocesanos. Por essa raz\u00e3o, aspirava ardentemente renunciar ao cargo e voltar para sua cela de religioso. Enfim, quando ele suplicava com l\u00e1grimas a Nosso Senhor que o livrasse desse pesado fardo, o Crucificado lhe respondeu: \u201cTenha \u00e2nimo, que no dia do nascimento de minha M\u00e3e vir\u00e1s descansar.\u201d No dia 8 de setembro de 1555, Tom\u00e1s de Vilanova recebeu o pr\u00eamio demasiadamente grande de sua fidelidade. Texto base: Pl\u00ednio Maria Solimeo.<\/p>\n<p><strong>Ora\u00e7\u00e3o:<\/strong> <em>Enviai, Senhor, \u00e0 vossa Igreja, pastores cheios de uma caridade iluminada pela ci\u00eancia, para que, seguindo o exemplo de Santo Tom\u00e1s de Vilanova, levem-nos a cultivar a ci\u00eancia e coloc\u00e1-la a servi\u00e7o da caridade. Por nosso Senhor Jesus Cristo, vosso Filho, na unidade do Esp\u00edrito Santo. Am\u00e9m.<\/em><\/p>\n<div id=\"themify_builder_content-10783\" data-postid=\"10783\" class=\"themify_builder_content themify_builder_content-10783 themify_builder themify_builder_front\">\n\t<\/div>\n<!-- \/themify_builder_content -->","protected":false},"excerpt":{"rendered":"<p>8 de Setembro Tom\u00e1s foi um dos pregadores de maior destaque do s\u00e9culo XVI na Espanha. Como frei agostiniano e, mais tarde, como arcebispo, ele conquistou a reputa\u00e7\u00e3o de ter feito grande caridade, promovido os estudos e encorajado o trabalho mission\u00e1rio. Em tempos de grande materialismo no Espanha, Tom\u00e1s de Vilanova viveu frugalmente. Ele usava [&hellip;]<\/p>\n","protected":false},"author":14,"featured_media":0,"comment_status":"open","ping_status":"open","sticky":false,"template":"","format":"standard","meta":{"ngg_post_thumbnail":0,"footnotes":""},"categories":[186],"tags":[],"yoast_head":"<!-- This site is optimized with the Yoast SEO plugin v23.5 - https:\/\/yoast.com\/wordpress\/plugins\/seo\/ -->\n<title>S\u00e3o Tom\u00e1s de Vilanova - O Arcanjo no ar<\/title>\n<meta name=\"robots\" content=\"index, follow, max-snippet:-1, max-image-preview:large, max-video-preview:-1\" \/>\n<link rel=\"canonical\" href=\"https:\/\/www.oarcanjo.net\/site\/sao-tomas-de-vilanova\/\" \/>\n<meta property=\"og:locale\" content=\"pt_BR\" \/>\n<meta property=\"og:type\" content=\"article\" \/>\n<meta property=\"og:title\" content=\"S\u00e3o Tom\u00e1s de Vilanova - O Arcanjo no ar\" \/>\n<meta property=\"og:description\" content=\"8 de Setembro Tom\u00e1s foi um dos pregadores de maior destaque do s\u00e9culo XVI na Espanha. Como frei agostiniano e, mais tarde, como arcebispo, ele conquistou a reputa\u00e7\u00e3o de ter feito grande caridade, promovido os estudos e encorajado o trabalho mission\u00e1rio. Em tempos de grande materialismo no Espanha, Tom\u00e1s de Vilanova viveu frugalmente. Ele usava [&hellip;]\" \/>\n<meta property=\"og:url\" content=\"https:\/\/www.oarcanjo.net\/site\/sao-tomas-de-vilanova\/\" \/>\n<meta property=\"og:site_name\" content=\"O Arcanjo no ar\" \/>\n<meta property=\"article:publisher\" content=\"https:\/\/www.facebook.com\/OArcanjoNoAr\/\" \/>\n<meta property=\"article:published_time\" content=\"2017-09-08T03:33:35+00:00\" \/>\n<meta property=\"article:modified_time\" content=\"2017-07-31T10:10:38+00:00\" \/>\n<meta property=\"og:image\" content=\"http:\/\/www.oarcanjo.net\/site\/wp-content\/uploads\/Sao-Tomas-de-Vila-Nova.jpg\" \/>\n<meta name=\"author\" content=\"danilo\" \/>\n<meta name=\"twitter:card\" content=\"summary_large_image\" \/>\n<meta name=\"twitter:label1\" content=\"Escrito por\" \/>\n\t<meta name=\"twitter:data1\" content=\"danilo\" \/>\n\t<meta name=\"twitter:label2\" content=\"Est. tempo de leitura\" \/>\n\t<meta name=\"twitter:data2\" content=\"7 minutos\" \/>\n<script type=\"application\/ld+json\" class=\"yoast-schema-graph\">{\"@context\":\"https:\/\/schema.org\",\"@graph\":[{\"@type\":\"Article\",\"@id\":\"https:\/\/www.oarcanjo.net\/site\/sao-tomas-de-vilanova\/#article\",\"isPartOf\":{\"@id\":\"https:\/\/www.oarcanjo.net\/site\/sao-tomas-de-vilanova\/\"},\"author\":{\"name\":\"danilo\",\"@id\":\"https:\/\/www.oarcanjo.net\/site\/#\/schema\/person\/5eb9480bedd2f3c97e430ce128c29c6c\"},\"headline\":\"S\u00e3o Tom\u00e1s de Vilanova\",\"datePublished\":\"2017-09-08T03:33:35+00:00\",\"dateModified\":\"2017-07-31T10:10:38+00:00\",\"mainEntityOfPage\":{\"@id\":\"https:\/\/www.oarcanjo.net\/site\/sao-tomas-de-vilanova\/\"},\"wordCount\":1496,\"commentCount\":0,\"publisher\":{\"@id\":\"https:\/\/www.oarcanjo.net\/site\/#organization\"},\"image\":{\"@id\":\"https:\/\/www.oarcanjo.net\/site\/sao-tomas-de-vilanova\/#primaryimage\"},\"thumbnailUrl\":\"http:\/\/www.oarcanjo.net\/site\/wp-content\/uploads\/Sao-Tomas-de-Vila-Nova.jpg\",\"articleSection\":[\"Testemunhos\"],\"inLanguage\":\"pt-BR\",\"potentialAction\":[{\"@type\":\"CommentAction\",\"name\":\"Comment\",\"target\":[\"https:\/\/www.oarcanjo.net\/site\/sao-tomas-de-vilanova\/#respond\"]}]},{\"@type\":\"WebPage\",\"@id\":\"https:\/\/www.oarcanjo.net\/site\/sao-tomas-de-vilanova\/\",\"url\":\"https:\/\/www.oarcanjo.net\/site\/sao-tomas-de-vilanova\/\",\"name\":\"S\u00e3o Tom\u00e1s de Vilanova - O Arcanjo no ar\",\"isPartOf\":{\"@id\":\"https:\/\/www.oarcanjo.net\/site\/#website\"},\"primaryImageOfPage\":{\"@id\":\"https:\/\/www.oarcanjo.net\/site\/sao-tomas-de-vilanova\/#primaryimage\"},\"image\":{\"@id\":\"https:\/\/www.oarcanjo.net\/site\/sao-tomas-de-vilanova\/#primaryimage\"},\"thumbnailUrl\":\"http:\/\/www.oarcanjo.net\/site\/wp-content\/uploads\/Sao-Tomas-de-Vila-Nova.jpg\",\"datePublished\":\"2017-09-08T03:33:35+00:00\",\"dateModified\":\"2017-07-31T10:10:38+00:00\",\"breadcrumb\":{\"@id\":\"https:\/\/www.oarcanjo.net\/site\/sao-tomas-de-vilanova\/#breadcrumb\"},\"inLanguage\":\"pt-BR\",\"potentialAction\":[{\"@type\":\"ReadAction\",\"target\":[\"https:\/\/www.oarcanjo.net\/site\/sao-tomas-de-vilanova\/\"]}]},{\"@type\":\"ImageObject\",\"inLanguage\":\"pt-BR\",\"@id\":\"https:\/\/www.oarcanjo.net\/site\/sao-tomas-de-vilanova\/#primaryimage\",\"url\":\"https:\/\/www.oarcanjo.net\/site\/wp-content\/uploads\/Sao-Tomas-de-Vila-Nova.jpg\",\"contentUrl\":\"https:\/\/www.oarcanjo.net\/site\/wp-content\/uploads\/Sao-Tomas-de-Vila-Nova.jpg\",\"width\":250,\"height\":344,\"caption\":\"S\u00e3o Tom\u00e1s de Vilanova\"},{\"@type\":\"BreadcrumbList\",\"@id\":\"https:\/\/www.oarcanjo.net\/site\/sao-tomas-de-vilanova\/#breadcrumb\",\"itemListElement\":[{\"@type\":\"ListItem\",\"position\":1,\"name\":\"In\u00edcio\",\"item\":\"https:\/\/www.oarcanjo.net\/site\/\"},{\"@type\":\"ListItem\",\"position\":2,\"name\":\"S\u00e3o Tom\u00e1s de Vilanova\"}]},{\"@type\":\"WebSite\",\"@id\":\"https:\/\/www.oarcanjo.net\/site\/#website\",\"url\":\"https:\/\/www.oarcanjo.net\/site\/\",\"name\":\"O Arcanjo no ar\",\"description\":\"Site da Par\u00f3quia S\u00e3o Miguel Arcanjo (Arquidiocese de SP)\",\"publisher\":{\"@id\":\"https:\/\/www.oarcanjo.net\/site\/#organization\"},\"potentialAction\":[{\"@type\":\"SearchAction\",\"target\":{\"@type\":\"EntryPoint\",\"urlTemplate\":\"https:\/\/www.oarcanjo.net\/site\/?s={search_term_string}\"},\"query-input\":{\"@type\":\"PropertyValueSpecification\",\"valueRequired\":true,\"valueName\":\"search_term_string\"}}],\"inLanguage\":\"pt-BR\"},{\"@type\":\"Organization\",\"@id\":\"https:\/\/www.oarcanjo.net\/site\/#organization\",\"name\":\"Par\u00f3quia S\u00e3o Miguel Arcanjo\",\"url\":\"https:\/\/www.oarcanjo.net\/site\/\",\"logo\":{\"@type\":\"ImageObject\",\"inLanguage\":\"pt-BR\",\"@id\":\"https:\/\/www.oarcanjo.net\/site\/#\/schema\/logo\/image\/\",\"url\":\"https:\/\/www.oarcanjo.net\/site\/wp-content\/uploads\/LogoOArcanjo.png\",\"contentUrl\":\"https:\/\/www.oarcanjo.net\/site\/wp-content\/uploads\/LogoOArcanjo.png\",\"width\":319,\"height\":99,\"caption\":\"Par\u00f3quia S\u00e3o Miguel Arcanjo\"},\"image\":{\"@id\":\"https:\/\/www.oarcanjo.net\/site\/#\/schema\/logo\/image\/\"},\"sameAs\":[\"https:\/\/www.facebook.com\/OArcanjoNoAr\/\"]},{\"@type\":\"Person\",\"@id\":\"https:\/\/www.oarcanjo.net\/site\/#\/schema\/person\/5eb9480bedd2f3c97e430ce128c29c6c\",\"name\":\"danilo\"}]}<\/script>\n<!-- \/ Yoast SEO plugin. -->","yoast_head_json":{"title":"S\u00e3o Tom\u00e1s de Vilanova - O Arcanjo no ar","robots":{"index":"index","follow":"follow","max-snippet":"max-snippet:-1","max-image-preview":"max-image-preview:large","max-video-preview":"max-video-preview:-1"},"canonical":"https:\/\/www.oarcanjo.net\/site\/sao-tomas-de-vilanova\/","og_locale":"pt_BR","og_type":"article","og_title":"S\u00e3o Tom\u00e1s de Vilanova - O Arcanjo no ar","og_description":"8 de Setembro Tom\u00e1s foi um dos pregadores de maior destaque do s\u00e9culo XVI na Espanha. Como frei agostiniano e, mais tarde, como arcebispo, ele conquistou a reputa\u00e7\u00e3o de ter feito grande caridade, promovido os estudos e encorajado o trabalho mission\u00e1rio. Em tempos de grande materialismo no Espanha, Tom\u00e1s de Vilanova viveu frugalmente. Ele usava [&hellip;]","og_url":"https:\/\/www.oarcanjo.net\/site\/sao-tomas-de-vilanova\/","og_site_name":"O Arcanjo no ar","article_publisher":"https:\/\/www.facebook.com\/OArcanjoNoAr\/","article_published_time":"2017-09-08T03:33:35+00:00","article_modified_time":"2017-07-31T10:10:38+00:00","og_image":[{"url":"http:\/\/www.oarcanjo.net\/site\/wp-content\/uploads\/Sao-Tomas-de-Vila-Nova.jpg"}],"author":"danilo","twitter_card":"summary_large_image","twitter_misc":{"Escrito por":"danilo","Est. tempo de leitura":"7 minutos"},"schema":{"@context":"https:\/\/schema.org","@graph":[{"@type":"Article","@id":"https:\/\/www.oarcanjo.net\/site\/sao-tomas-de-vilanova\/#article","isPartOf":{"@id":"https:\/\/www.oarcanjo.net\/site\/sao-tomas-de-vilanova\/"},"author":{"name":"danilo","@id":"https:\/\/www.oarcanjo.net\/site\/#\/schema\/person\/5eb9480bedd2f3c97e430ce128c29c6c"},"headline":"S\u00e3o Tom\u00e1s de Vilanova","datePublished":"2017-09-08T03:33:35+00:00","dateModified":"2017-07-31T10:10:38+00:00","mainEntityOfPage":{"@id":"https:\/\/www.oarcanjo.net\/site\/sao-tomas-de-vilanova\/"},"wordCount":1496,"commentCount":0,"publisher":{"@id":"https:\/\/www.oarcanjo.net\/site\/#organization"},"image":{"@id":"https:\/\/www.oarcanjo.net\/site\/sao-tomas-de-vilanova\/#primaryimage"},"thumbnailUrl":"http:\/\/www.oarcanjo.net\/site\/wp-content\/uploads\/Sao-Tomas-de-Vila-Nova.jpg","articleSection":["Testemunhos"],"inLanguage":"pt-BR","potentialAction":[{"@type":"CommentAction","name":"Comment","target":["https:\/\/www.oarcanjo.net\/site\/sao-tomas-de-vilanova\/#respond"]}]},{"@type":"WebPage","@id":"https:\/\/www.oarcanjo.net\/site\/sao-tomas-de-vilanova\/","url":"https:\/\/www.oarcanjo.net\/site\/sao-tomas-de-vilanova\/","name":"S\u00e3o Tom\u00e1s de Vilanova - O Arcanjo no ar","isPartOf":{"@id":"https:\/\/www.oarcanjo.net\/site\/#website"},"primaryImageOfPage":{"@id":"https:\/\/www.oarcanjo.net\/site\/sao-tomas-de-vilanova\/#primaryimage"},"image":{"@id":"https:\/\/www.oarcanjo.net\/site\/sao-tomas-de-vilanova\/#primaryimage"},"thumbnailUrl":"http:\/\/www.oarcanjo.net\/site\/wp-content\/uploads\/Sao-Tomas-de-Vila-Nova.jpg","datePublished":"2017-09-08T03:33:35+00:00","dateModified":"2017-07-31T10:10:38+00:00","breadcrumb":{"@id":"https:\/\/www.oarcanjo.net\/site\/sao-tomas-de-vilanova\/#breadcrumb"},"inLanguage":"pt-BR","potentialAction":[{"@type":"ReadAction","target":["https:\/\/www.oarcanjo.net\/site\/sao-tomas-de-vilanova\/"]}]},{"@type":"ImageObject","inLanguage":"pt-BR","@id":"https:\/\/www.oarcanjo.net\/site\/sao-tomas-de-vilanova\/#primaryimage","url":"https:\/\/www.oarcanjo.net\/site\/wp-content\/uploads\/Sao-Tomas-de-Vila-Nova.jpg","contentUrl":"https:\/\/www.oarcanjo.net\/site\/wp-content\/uploads\/Sao-Tomas-de-Vila-Nova.jpg","width":250,"height":344,"caption":"S\u00e3o Tom\u00e1s de Vilanova"},{"@type":"BreadcrumbList","@id":"https:\/\/www.oarcanjo.net\/site\/sao-tomas-de-vilanova\/#breadcrumb","itemListElement":[{"@type":"ListItem","position":1,"name":"In\u00edcio","item":"https:\/\/www.oarcanjo.net\/site\/"},{"@type":"ListItem","position":2,"name":"S\u00e3o Tom\u00e1s de Vilanova"}]},{"@type":"WebSite","@id":"https:\/\/www.oarcanjo.net\/site\/#website","url":"https:\/\/www.oarcanjo.net\/site\/","name":"O Arcanjo no ar","description":"Site da Par\u00f3quia S\u00e3o Miguel Arcanjo (Arquidiocese de SP)","publisher":{"@id":"https:\/\/www.oarcanjo.net\/site\/#organization"},"potentialAction":[{"@type":"SearchAction","target":{"@type":"EntryPoint","urlTemplate":"https:\/\/www.oarcanjo.net\/site\/?s={search_term_string}"},"query-input":{"@type":"PropertyValueSpecification","valueRequired":true,"valueName":"search_term_string"}}],"inLanguage":"pt-BR"},{"@type":"Organization","@id":"https:\/\/www.oarcanjo.net\/site\/#organization","name":"Par\u00f3quia S\u00e3o Miguel Arcanjo","url":"https:\/\/www.oarcanjo.net\/site\/","logo":{"@type":"ImageObject","inLanguage":"pt-BR","@id":"https:\/\/www.oarcanjo.net\/site\/#\/schema\/logo\/image\/","url":"https:\/\/www.oarcanjo.net\/site\/wp-content\/uploads\/LogoOArcanjo.png","contentUrl":"https:\/\/www.oarcanjo.net\/site\/wp-content\/uploads\/LogoOArcanjo.png","width":319,"height":99,"caption":"Par\u00f3quia S\u00e3o Miguel Arcanjo"},"image":{"@id":"https:\/\/www.oarcanjo.net\/site\/#\/schema\/logo\/image\/"},"sameAs":["https:\/\/www.facebook.com\/OArcanjoNoAr\/"]},{"@type":"Person","@id":"https:\/\/www.oarcanjo.net\/site\/#\/schema\/person\/5eb9480bedd2f3c97e430ce128c29c6c","name":"danilo"}]}},"publishpress_future_action":{"enabled":false,"date":"2026-05-09 02:29:39","action":"category","newStatus":"draft","terms":[],"taxonomy":"category"},"publishpress_future_workflow_manual_trigger":{"enabledWorkflows":[]},"_links":{"self":[{"href":"https:\/\/www.oarcanjo.net\/site\/wp-json\/wp\/v2\/posts\/10783"}],"collection":[{"href":"https:\/\/www.oarcanjo.net\/site\/wp-json\/wp\/v2\/posts"}],"about":[{"href":"https:\/\/www.oarcanjo.net\/site\/wp-json\/wp\/v2\/types\/post"}],"author":[{"embeddable":true,"href":"https:\/\/www.oarcanjo.net\/site\/wp-json\/wp\/v2\/users\/14"}],"replies":[{"embeddable":true,"href":"https:\/\/www.oarcanjo.net\/site\/wp-json\/wp\/v2\/comments?post=10783"}],"version-history":[{"count":0,"href":"https:\/\/www.oarcanjo.net\/site\/wp-json\/wp\/v2\/posts\/10783\/revisions"}],"wp:attachment":[{"href":"https:\/\/www.oarcanjo.net\/site\/wp-json\/wp\/v2\/media?parent=10783"}],"wp:term":[{"taxonomy":"category","embeddable":true,"href":"https:\/\/www.oarcanjo.net\/site\/wp-json\/wp\/v2\/categories?post=10783"},{"taxonomy":"post_tag","embeddable":true,"href":"https:\/\/www.oarcanjo.net\/site\/wp-json\/wp\/v2\/tags?post=10783"}],"curies":[{"name":"wp","href":"https:\/\/api.w.org\/{rel}","templated":true}]}}