
{"id":10785,"date":"2017-09-08T08:46:22","date_gmt":"2017-09-08T11:46:22","guid":{"rendered":"http:\/\/www.oarcanjo.net\/site\/?p=10785"},"modified":"2017-07-31T07:10:17","modified_gmt":"2017-07-31T10:10:17","slug":"bem-aventurado-frederico-ozanam","status":"publish","type":"post","link":"https:\/\/www.oarcanjo.net\/site\/bem-aventurado-frederico-ozanam\/","title":{"rendered":"Bem Aventurado Frederico Ozanam"},"content":{"rendered":"<p><img loading=\"lazy\" decoding=\"async\" class=\"alignnone  wp-image-65051\" src=\"http:\/\/www.oarcanjo.net\/site\/wp-content\/uploads\/Bem-Aventurado-Frederico-Ozanan.jpg\" alt=\"Bem Aventurado Frederico Ozanam\" width=\"208\" height=\"304\" srcset=\"https:\/\/www.oarcanjo.net\/site\/wp-content\/uploads\/Bem-Aventurado-Frederico-Ozanan.jpg 400w, https:\/\/www.oarcanjo.net\/site\/wp-content\/uploads\/Bem-Aventurado-Frederico-Ozanan-205x300.jpg 205w\" sizes=\"(max-width: 208px) 100vw, 208px\" \/><\/p>\n<p>08 de Setembro<\/p>\n<p>Fundou a Sociedade de S\u00e3o Vicente de Paulo<\/p>\n<p>Nascido na It\u00e1lia, em 23 de abril de 1813, Antonio Frederico Ozanam viveu na Fran\u00e7a. Muito de sua vida de caridade e servi\u00e7o aos pobres deve-se, particularmente, ao pai, Jo\u00e3o Ant\u00f4nio, um exemplo de caridade crist\u00e3, que era m\u00e9dico oficial do ex\u00e9rcito napole\u00f4nico e cuidava gratuitamente de pessoas humildes que n\u00e3o tinham como pagar pelos cuidados m\u00e9dicos.<\/p>\n<p>Frederico foi estudar direito e letras na Universidade de Sorbonne, em Paris, onde depois foi professor, mas a sua paix\u00e3o era o estudo de religi\u00e3o comparada, nas horas vagas. Nessa \u00e9poca, havia se hospedado na casa de Andr\u00e9-Marie Amp\u00e8re, o famoso estudioso da eletrodin\u00e2mica. Contagiado pela f\u00e9 do amigo e orientado pelo seu confessor, o abade Noirot, envolveu-se com jovens intelectuais crist\u00e3os numa \u00e9poca onde o clericalismo ortodoxo estava sendo duramente combatido em toda a Europa.<\/p>\n<p>Defensor da f\u00e9, empolgante orador, excelente escritor e precioso professor, Frederico n\u00e3o estava satisfeito em apenas praticar o cristianismo intelectual. Entendia que era necess\u00e1rio fundamentar essa f\u00e9 no exerc\u00edcio de uma obra de caridade, pois assim ela se justificaria. Ent\u00e3o, voltou-se para os pobres e norteou a sua vida no sentido de servi-los, a exemplo de seu pai e dos ensinamentos de Jesus Cristo.<\/p>\n<p>Junto de outros jovens crist\u00e3os com o mesmo objetivo, fundou a Sociedade de S\u00e3o Vicente de Paulo, em 1833, uma institui\u00e7\u00e3o cat\u00f3lica, mas de leigos, direcionada para dar abrigo e assist\u00eancia aos pobres e aos exclu\u00eddos. Entretanto pensou n\u00e3o apenas no objetivo social, mas tamb\u00e9m no religioso para os integrantes da Sociedade, que, al\u00e9m de proporcionar o bem-estar aos pobres, trilhariam o caminho da santifica\u00e7\u00e3o, no seguimento de Cristo. Tamb\u00e9m colocariam em pr\u00e1tica os princ\u00edpios da verdadeira democracia social e dos direitos humanos dos indiv\u00edduos baseados na caridade crist\u00e3. Por essa vis\u00e3o humanit\u00e1ria e democr\u00e1tica crist\u00e3 ele \u00e9 considerado precursor da doutrina social da Igreja.<\/p>\n<p>Frederico Ozanam casou-se em 1841. Teve uma filha. Mas continuou firme na Obra. Amigo da nobreza e da intelectualidade parisiense, viajou por toda a Europa difundindo as &#8220;Confer\u00eancias de Caridade da Sociedade S\u00e3o Vicente de Paulo&#8221;. Por\u00e9m, quando sentiu seu organismo ser tomado pela doen\u00e7a, preferiu ir viver numa das Casas da Sociedade S\u00e3o Vicente de Paulo, optando pela vida simples e humilde. Sua obra expandiu-se e seus integrantes tornaram-se numerosos, espalhando-se por todo o planeta.<\/p>\n<p>Morreu em 8 de setembro de 1853, em Marselha, Fran\u00e7a. Em 1997, o papa Jo\u00e3o Paulo II, durante a solenidade de sua beatifica\u00e7\u00e3o, na catedral de Notre Dame, em Paris, disse: &#8220;Frederico Ozanam \u00e9 verdadeiramente um santo laico do nosso tempo&#8221;. Sua festa lit\u00fargica ocorre no dia de sua morte.<\/p>\n<div id=\"themify_builder_content-10785\" data-postid=\"10785\" class=\"themify_builder_content themify_builder_content-10785 themify_builder themify_builder_front\">\n\t<\/div>\n<!-- \/themify_builder_content -->","protected":false},"excerpt":{"rendered":"<p>08 de Setembro Fundou a Sociedade de S\u00e3o Vicente de Paulo Nascido na It\u00e1lia, em 23 de abril de 1813, Antonio Frederico Ozanam viveu na Fran\u00e7a. Muito de sua vida de caridade e servi\u00e7o aos pobres deve-se, particularmente, ao pai, Jo\u00e3o Ant\u00f4nio, um exemplo de caridade crist\u00e3, que era m\u00e9dico oficial do ex\u00e9rcito napole\u00f4nico e [&hellip;]<\/p>\n","protected":false},"author":14,"featured_media":0,"comment_status":"open","ping_status":"open","sticky":false,"template":"","format":"standard","meta":{"ngg_post_thumbnail":0,"footnotes":""},"categories":[186],"tags":[],"yoast_head":"<!-- This site is optimized with the Yoast SEO plugin v23.5 - https:\/\/yoast.com\/wordpress\/plugins\/seo\/ -->\n<title>Bem Aventurado Frederico Ozanam - O Arcanjo no ar<\/title>\n<meta name=\"robots\" content=\"index, follow, max-snippet:-1, max-image-preview:large, max-video-preview:-1\" \/>\n<link rel=\"canonical\" href=\"https:\/\/www.oarcanjo.net\/site\/bem-aventurado-frederico-ozanam\/\" \/>\n<meta property=\"og:locale\" content=\"pt_BR\" \/>\n<meta property=\"og:type\" content=\"article\" \/>\n<meta property=\"og:title\" content=\"Bem Aventurado Frederico Ozanam - O Arcanjo no ar\" \/>\n<meta property=\"og:description\" content=\"08 de Setembro Fundou a Sociedade de S\u00e3o Vicente de Paulo Nascido na It\u00e1lia, em 23 de abril de 1813, Antonio Frederico Ozanam viveu na Fran\u00e7a. Muito de sua vida de caridade e servi\u00e7o aos pobres deve-se, particularmente, ao pai, Jo\u00e3o Ant\u00f4nio, um exemplo de caridade crist\u00e3, que era m\u00e9dico oficial do ex\u00e9rcito napole\u00f4nico e [&hellip;]\" \/>\n<meta property=\"og:url\" content=\"https:\/\/www.oarcanjo.net\/site\/bem-aventurado-frederico-ozanam\/\" \/>\n<meta property=\"og:site_name\" content=\"O Arcanjo no ar\" \/>\n<meta property=\"article:publisher\" content=\"https:\/\/www.facebook.com\/OArcanjoNoAr\/\" \/>\n<meta property=\"article:published_time\" content=\"2017-09-08T11:46:22+00:00\" \/>\n<meta property=\"article:modified_time\" content=\"2017-07-31T10:10:17+00:00\" \/>\n<meta property=\"og:image\" content=\"http:\/\/www.oarcanjo.net\/site\/wp-content\/uploads\/Bem-Aventurado-Frederico-Ozanan.jpg\" \/>\n<meta name=\"author\" content=\"danilo\" \/>\n<meta name=\"twitter:card\" content=\"summary_large_image\" \/>\n<meta name=\"twitter:label1\" content=\"Escrito por\" \/>\n\t<meta name=\"twitter:data1\" content=\"danilo\" \/>\n\t<meta name=\"twitter:label2\" content=\"Est. tempo de leitura\" \/>\n\t<meta name=\"twitter:data2\" content=\"2 minutos\" \/>\n<script type=\"application\/ld+json\" class=\"yoast-schema-graph\">{\"@context\":\"https:\/\/schema.org\",\"@graph\":[{\"@type\":\"Article\",\"@id\":\"https:\/\/www.oarcanjo.net\/site\/bem-aventurado-frederico-ozanam\/#article\",\"isPartOf\":{\"@id\":\"https:\/\/www.oarcanjo.net\/site\/bem-aventurado-frederico-ozanam\/\"},\"author\":{\"name\":\"danilo\",\"@id\":\"https:\/\/www.oarcanjo.net\/site\/#\/schema\/person\/5eb9480bedd2f3c97e430ce128c29c6c\"},\"headline\":\"Bem Aventurado Frederico Ozanam\",\"datePublished\":\"2017-09-08T11:46:22+00:00\",\"dateModified\":\"2017-07-31T10:10:17+00:00\",\"mainEntityOfPage\":{\"@id\":\"https:\/\/www.oarcanjo.net\/site\/bem-aventurado-frederico-ozanam\/\"},\"wordCount\":480,\"commentCount\":0,\"publisher\":{\"@id\":\"https:\/\/www.oarcanjo.net\/site\/#organization\"},\"image\":{\"@id\":\"https:\/\/www.oarcanjo.net\/site\/bem-aventurado-frederico-ozanam\/#primaryimage\"},\"thumbnailUrl\":\"http:\/\/www.oarcanjo.net\/site\/wp-content\/uploads\/Bem-Aventurado-Frederico-Ozanan.jpg\",\"articleSection\":[\"Testemunhos\"],\"inLanguage\":\"pt-BR\",\"potentialAction\":[{\"@type\":\"CommentAction\",\"name\":\"Comment\",\"target\":[\"https:\/\/www.oarcanjo.net\/site\/bem-aventurado-frederico-ozanam\/#respond\"]}]},{\"@type\":\"WebPage\",\"@id\":\"https:\/\/www.oarcanjo.net\/site\/bem-aventurado-frederico-ozanam\/\",\"url\":\"https:\/\/www.oarcanjo.net\/site\/bem-aventurado-frederico-ozanam\/\",\"name\":\"Bem Aventurado Frederico Ozanam - O Arcanjo no ar\",\"isPartOf\":{\"@id\":\"https:\/\/www.oarcanjo.net\/site\/#website\"},\"primaryImageOfPage\":{\"@id\":\"https:\/\/www.oarcanjo.net\/site\/bem-aventurado-frederico-ozanam\/#primaryimage\"},\"image\":{\"@id\":\"https:\/\/www.oarcanjo.net\/site\/bem-aventurado-frederico-ozanam\/#primaryimage\"},\"thumbnailUrl\":\"http:\/\/www.oarcanjo.net\/site\/wp-content\/uploads\/Bem-Aventurado-Frederico-Ozanan.jpg\",\"datePublished\":\"2017-09-08T11:46:22+00:00\",\"dateModified\":\"2017-07-31T10:10:17+00:00\",\"breadcrumb\":{\"@id\":\"https:\/\/www.oarcanjo.net\/site\/bem-aventurado-frederico-ozanam\/#breadcrumb\"},\"inLanguage\":\"pt-BR\",\"potentialAction\":[{\"@type\":\"ReadAction\",\"target\":[\"https:\/\/www.oarcanjo.net\/site\/bem-aventurado-frederico-ozanam\/\"]}]},{\"@type\":\"ImageObject\",\"inLanguage\":\"pt-BR\",\"@id\":\"https:\/\/www.oarcanjo.net\/site\/bem-aventurado-frederico-ozanam\/#primaryimage\",\"url\":\"https:\/\/www.oarcanjo.net\/site\/wp-content\/uploads\/Bem-Aventurado-Frederico-Ozanan.jpg\",\"contentUrl\":\"https:\/\/www.oarcanjo.net\/site\/wp-content\/uploads\/Bem-Aventurado-Frederico-Ozanan.jpg\",\"width\":400,\"height\":584,\"caption\":\"Bem Aventurado Frederico Ozanam\"},{\"@type\":\"BreadcrumbList\",\"@id\":\"https:\/\/www.oarcanjo.net\/site\/bem-aventurado-frederico-ozanam\/#breadcrumb\",\"itemListElement\":[{\"@type\":\"ListItem\",\"position\":1,\"name\":\"In\u00edcio\",\"item\":\"https:\/\/www.oarcanjo.net\/site\/\"},{\"@type\":\"ListItem\",\"position\":2,\"name\":\"Bem Aventurado Frederico Ozanam\"}]},{\"@type\":\"WebSite\",\"@id\":\"https:\/\/www.oarcanjo.net\/site\/#website\",\"url\":\"https:\/\/www.oarcanjo.net\/site\/\",\"name\":\"O Arcanjo no ar\",\"description\":\"Site da Par\u00f3quia S\u00e3o Miguel Arcanjo (Arquidiocese de SP)\",\"publisher\":{\"@id\":\"https:\/\/www.oarcanjo.net\/site\/#organization\"},\"potentialAction\":[{\"@type\":\"SearchAction\",\"target\":{\"@type\":\"EntryPoint\",\"urlTemplate\":\"https:\/\/www.oarcanjo.net\/site\/?s={search_term_string}\"},\"query-input\":{\"@type\":\"PropertyValueSpecification\",\"valueRequired\":true,\"valueName\":\"search_term_string\"}}],\"inLanguage\":\"pt-BR\"},{\"@type\":\"Organization\",\"@id\":\"https:\/\/www.oarcanjo.net\/site\/#organization\",\"name\":\"Par\u00f3quia S\u00e3o Miguel Arcanjo\",\"url\":\"https:\/\/www.oarcanjo.net\/site\/\",\"logo\":{\"@type\":\"ImageObject\",\"inLanguage\":\"pt-BR\",\"@id\":\"https:\/\/www.oarcanjo.net\/site\/#\/schema\/logo\/image\/\",\"url\":\"https:\/\/www.oarcanjo.net\/site\/wp-content\/uploads\/LogoOArcanjo.png\",\"contentUrl\":\"https:\/\/www.oarcanjo.net\/site\/wp-content\/uploads\/LogoOArcanjo.png\",\"width\":319,\"height\":99,\"caption\":\"Par\u00f3quia S\u00e3o Miguel Arcanjo\"},\"image\":{\"@id\":\"https:\/\/www.oarcanjo.net\/site\/#\/schema\/logo\/image\/\"},\"sameAs\":[\"https:\/\/www.facebook.com\/OArcanjoNoAr\/\"]},{\"@type\":\"Person\",\"@id\":\"https:\/\/www.oarcanjo.net\/site\/#\/schema\/person\/5eb9480bedd2f3c97e430ce128c29c6c\",\"name\":\"danilo\"}]}<\/script>\n<!-- \/ Yoast SEO plugin. -->","yoast_head_json":{"title":"Bem Aventurado Frederico Ozanam - O Arcanjo no ar","robots":{"index":"index","follow":"follow","max-snippet":"max-snippet:-1","max-image-preview":"max-image-preview:large","max-video-preview":"max-video-preview:-1"},"canonical":"https:\/\/www.oarcanjo.net\/site\/bem-aventurado-frederico-ozanam\/","og_locale":"pt_BR","og_type":"article","og_title":"Bem Aventurado Frederico Ozanam - O Arcanjo no ar","og_description":"08 de Setembro Fundou a Sociedade de S\u00e3o Vicente de Paulo Nascido na It\u00e1lia, em 23 de abril de 1813, Antonio Frederico Ozanam viveu na Fran\u00e7a. Muito de sua vida de caridade e servi\u00e7o aos pobres deve-se, particularmente, ao pai, Jo\u00e3o Ant\u00f4nio, um exemplo de caridade crist\u00e3, que era m\u00e9dico oficial do ex\u00e9rcito napole\u00f4nico e [&hellip;]","og_url":"https:\/\/www.oarcanjo.net\/site\/bem-aventurado-frederico-ozanam\/","og_site_name":"O Arcanjo no ar","article_publisher":"https:\/\/www.facebook.com\/OArcanjoNoAr\/","article_published_time":"2017-09-08T11:46:22+00:00","article_modified_time":"2017-07-31T10:10:17+00:00","og_image":[{"url":"http:\/\/www.oarcanjo.net\/site\/wp-content\/uploads\/Bem-Aventurado-Frederico-Ozanan.jpg"}],"author":"danilo","twitter_card":"summary_large_image","twitter_misc":{"Escrito por":"danilo","Est. tempo de leitura":"2 minutos"},"schema":{"@context":"https:\/\/schema.org","@graph":[{"@type":"Article","@id":"https:\/\/www.oarcanjo.net\/site\/bem-aventurado-frederico-ozanam\/#article","isPartOf":{"@id":"https:\/\/www.oarcanjo.net\/site\/bem-aventurado-frederico-ozanam\/"},"author":{"name":"danilo","@id":"https:\/\/www.oarcanjo.net\/site\/#\/schema\/person\/5eb9480bedd2f3c97e430ce128c29c6c"},"headline":"Bem Aventurado Frederico Ozanam","datePublished":"2017-09-08T11:46:22+00:00","dateModified":"2017-07-31T10:10:17+00:00","mainEntityOfPage":{"@id":"https:\/\/www.oarcanjo.net\/site\/bem-aventurado-frederico-ozanam\/"},"wordCount":480,"commentCount":0,"publisher":{"@id":"https:\/\/www.oarcanjo.net\/site\/#organization"},"image":{"@id":"https:\/\/www.oarcanjo.net\/site\/bem-aventurado-frederico-ozanam\/#primaryimage"},"thumbnailUrl":"http:\/\/www.oarcanjo.net\/site\/wp-content\/uploads\/Bem-Aventurado-Frederico-Ozanan.jpg","articleSection":["Testemunhos"],"inLanguage":"pt-BR","potentialAction":[{"@type":"CommentAction","name":"Comment","target":["https:\/\/www.oarcanjo.net\/site\/bem-aventurado-frederico-ozanam\/#respond"]}]},{"@type":"WebPage","@id":"https:\/\/www.oarcanjo.net\/site\/bem-aventurado-frederico-ozanam\/","url":"https:\/\/www.oarcanjo.net\/site\/bem-aventurado-frederico-ozanam\/","name":"Bem Aventurado Frederico Ozanam - O Arcanjo no ar","isPartOf":{"@id":"https:\/\/www.oarcanjo.net\/site\/#website"},"primaryImageOfPage":{"@id":"https:\/\/www.oarcanjo.net\/site\/bem-aventurado-frederico-ozanam\/#primaryimage"},"image":{"@id":"https:\/\/www.oarcanjo.net\/site\/bem-aventurado-frederico-ozanam\/#primaryimage"},"thumbnailUrl":"http:\/\/www.oarcanjo.net\/site\/wp-content\/uploads\/Bem-Aventurado-Frederico-Ozanan.jpg","datePublished":"2017-09-08T11:46:22+00:00","dateModified":"2017-07-31T10:10:17+00:00","breadcrumb":{"@id":"https:\/\/www.oarcanjo.net\/site\/bem-aventurado-frederico-ozanam\/#breadcrumb"},"inLanguage":"pt-BR","potentialAction":[{"@type":"ReadAction","target":["https:\/\/www.oarcanjo.net\/site\/bem-aventurado-frederico-ozanam\/"]}]},{"@type":"ImageObject","inLanguage":"pt-BR","@id":"https:\/\/www.oarcanjo.net\/site\/bem-aventurado-frederico-ozanam\/#primaryimage","url":"https:\/\/www.oarcanjo.net\/site\/wp-content\/uploads\/Bem-Aventurado-Frederico-Ozanan.jpg","contentUrl":"https:\/\/www.oarcanjo.net\/site\/wp-content\/uploads\/Bem-Aventurado-Frederico-Ozanan.jpg","width":400,"height":584,"caption":"Bem Aventurado Frederico Ozanam"},{"@type":"BreadcrumbList","@id":"https:\/\/www.oarcanjo.net\/site\/bem-aventurado-frederico-ozanam\/#breadcrumb","itemListElement":[{"@type":"ListItem","position":1,"name":"In\u00edcio","item":"https:\/\/www.oarcanjo.net\/site\/"},{"@type":"ListItem","position":2,"name":"Bem Aventurado Frederico Ozanam"}]},{"@type":"WebSite","@id":"https:\/\/www.oarcanjo.net\/site\/#website","url":"https:\/\/www.oarcanjo.net\/site\/","name":"O Arcanjo no ar","description":"Site da Par\u00f3quia S\u00e3o Miguel Arcanjo (Arquidiocese de SP)","publisher":{"@id":"https:\/\/www.oarcanjo.net\/site\/#organization"},"potentialAction":[{"@type":"SearchAction","target":{"@type":"EntryPoint","urlTemplate":"https:\/\/www.oarcanjo.net\/site\/?s={search_term_string}"},"query-input":{"@type":"PropertyValueSpecification","valueRequired":true,"valueName":"search_term_string"}}],"inLanguage":"pt-BR"},{"@type":"Organization","@id":"https:\/\/www.oarcanjo.net\/site\/#organization","name":"Par\u00f3quia S\u00e3o Miguel Arcanjo","url":"https:\/\/www.oarcanjo.net\/site\/","logo":{"@type":"ImageObject","inLanguage":"pt-BR","@id":"https:\/\/www.oarcanjo.net\/site\/#\/schema\/logo\/image\/","url":"https:\/\/www.oarcanjo.net\/site\/wp-content\/uploads\/LogoOArcanjo.png","contentUrl":"https:\/\/www.oarcanjo.net\/site\/wp-content\/uploads\/LogoOArcanjo.png","width":319,"height":99,"caption":"Par\u00f3quia S\u00e3o Miguel Arcanjo"},"image":{"@id":"https:\/\/www.oarcanjo.net\/site\/#\/schema\/logo\/image\/"},"sameAs":["https:\/\/www.facebook.com\/OArcanjoNoAr\/"]},{"@type":"Person","@id":"https:\/\/www.oarcanjo.net\/site\/#\/schema\/person\/5eb9480bedd2f3c97e430ce128c29c6c","name":"danilo"}]}},"publishpress_future_action":{"enabled":false,"date":"2026-05-09 02:29:35","action":"category","newStatus":"draft","terms":[],"taxonomy":"category"},"publishpress_future_workflow_manual_trigger":{"enabledWorkflows":[]},"_links":{"self":[{"href":"https:\/\/www.oarcanjo.net\/site\/wp-json\/wp\/v2\/posts\/10785"}],"collection":[{"href":"https:\/\/www.oarcanjo.net\/site\/wp-json\/wp\/v2\/posts"}],"about":[{"href":"https:\/\/www.oarcanjo.net\/site\/wp-json\/wp\/v2\/types\/post"}],"author":[{"embeddable":true,"href":"https:\/\/www.oarcanjo.net\/site\/wp-json\/wp\/v2\/users\/14"}],"replies":[{"embeddable":true,"href":"https:\/\/www.oarcanjo.net\/site\/wp-json\/wp\/v2\/comments?post=10785"}],"version-history":[{"count":0,"href":"https:\/\/www.oarcanjo.net\/site\/wp-json\/wp\/v2\/posts\/10785\/revisions"}],"wp:attachment":[{"href":"https:\/\/www.oarcanjo.net\/site\/wp-json\/wp\/v2\/media?parent=10785"}],"wp:term":[{"taxonomy":"category","embeddable":true,"href":"https:\/\/www.oarcanjo.net\/site\/wp-json\/wp\/v2\/categories?post=10785"},{"taxonomy":"post_tag","embeddable":true,"href":"https:\/\/www.oarcanjo.net\/site\/wp-json\/wp\/v2\/tags?post=10785"}],"curies":[{"name":"wp","href":"https:\/\/api.w.org\/{rel}","templated":true}]}}