
{"id":10787,"date":"2017-09-08T00:01:28","date_gmt":"2017-09-08T03:01:28","guid":{"rendered":"http:\/\/www.oarcanjo.net\/site\/?p=10787"},"modified":"2017-07-31T07:10:45","modified_gmt":"2017-07-31T10:10:45","slug":"sao-sergio-i","status":"publish","type":"post","link":"https:\/\/www.oarcanjo.net\/site\/sao-sergio-i\/","title":{"rendered":"S\u00e3o S\u00e9rgio I"},"content":{"rendered":"<p><img loading=\"lazy\" decoding=\"async\" class=\"alignnone size-full wp-image-65055\" src=\"http:\/\/www.oarcanjo.net\/site\/wp-content\/uploads\/Sao-Sergio-I.jpg\" alt=\"S\u00e3o S\u00e9rgio I\" width=\"280\" height=\"343\" srcset=\"https:\/\/www.oarcanjo.net\/site\/wp-content\/uploads\/Sao-Sergio-I.jpg 280w, https:\/\/www.oarcanjo.net\/site\/wp-content\/uploads\/Sao-Sergio-I-245x300.jpg 245w\" sizes=\"(max-width: 280px) 100vw, 280px\" \/><\/p>\n<p>8 de Setembro<\/p>\n<p>Nascido em Palermo, numa data desconhecida, S\u00e9rgio foi eleito papa em 15 de dezembro de 687. Logo em seguida, chegou da Bretanha o rei pag\u00e3o Ceadwalla, soberano de Wessex, o qual desejava tornar-se crist\u00e3o, recebendo o batismo diretamente das m\u00e3os do papa S\u00e9rgio I, adotando o nome de Pedro.<\/p>\n<p>S\u00e9rgio I foi um papa muito popular, por ter sido um homem de f\u00e9, de ora\u00e7\u00e3o. Antes de tornar-se sacerdote, j\u00e1 era famoso na Schola Cantorum. Depois de ordenado, tornou-se um personagem eminente do clero. Quando morreu o papa C\u00f3non, em 687, foi indicado para suced\u00ea-lo.<\/p>\n<p>Naquela \u00e9poca, os imperadores romanos do Ocidente e do Oriente reclamavam para si a autoridade de pont\u00edfice, n\u00e3o aceitando estar abaixo do papa, mesmo em quest\u00f5es de f\u00e9. Os papas que iam contra essa exig\u00eancia eram for\u00e7ados a aceit\u00e1-la, ou morriam. Um exemplo foi o papa Martinho I, que foi morto pelo imperador do Oriente, Constante II.<\/p>\n<p>Agora, Justiniano II, imperador do Oriente, desejava impor a Roma e a todos os crist\u00e3os as normas disciplinares adotadas em um conc\u00edlio composto somente de bispos orientais, efetuado em Constantinopla. Assim, ele mandou o respectivo decreto para aprova\u00e7\u00e3o do papa S\u00e9rgio I.<\/p>\n<p>Entre outras coisas, o decreto terminava com o celibato sacerdotal. S\u00e9rgio negou-se, terminantemente, a aprovar tal decreto. Justiniano, ent\u00e3o, enviou um alto dignit\u00e1rio, Zacarias, para prend\u00ea-lo e deport\u00e1-lo a Constantinopla, a exemplo de Martinho I. Por\u00e9m Zacarias foi recebido pelas mil\u00edcias formadas pelo povo que tentava ajudar S\u00e9rgio. Eram milhares de pessoas revoltadas pelos desmandos do imperador que circundavam o pal\u00e1cio Lateranense, resid\u00eancia do papa.<\/p>\n<p>Zacarias procurou fugir, por\u00e9m foi pego pelas mil\u00edcias. S\u00e9rgio foi em seu socorro, libertou-o e perdoou. Mandou que retornasse ao seu imperador, ileso. Justiniano nada podia fazer para combater a popularidade deste papa. A vontade de Roma permaneceu, bem como o celibato em toda a Igreja Cat\u00f3lica.<\/p>\n<p>Apesar desses acontecimentos, o pontificado de S\u00e9rgio I foi marcado pela paz religiosa, numa \u00e9poca de muitas diverg\u00eancias teol\u00f3gicas a respeito da pessoa e da natureza de Cristo. Em seus quatorze anos de pontificado, S\u00e9rgio I trabalhou para o enriquecimento da liturgia. Deve-se a ele o canto do &#8220;Agnus Dei&#8221; durante a missa.<br \/>\nS\u00e9rgio morreu aos 8 de setembro de 701 e foi sepultado na antiga bas\u00edlica de S\u00e3o Pedro.<\/p>\n<div id=\"themify_builder_content-10787\" data-postid=\"10787\" class=\"themify_builder_content themify_builder_content-10787 themify_builder themify_builder_front\">\n\t<\/div>\n<!-- \/themify_builder_content -->","protected":false},"excerpt":{"rendered":"<p>8 de Setembro Nascido em Palermo, numa data desconhecida, S\u00e9rgio foi eleito papa em 15 de dezembro de 687. Logo em seguida, chegou da Bretanha o rei pag\u00e3o Ceadwalla, soberano de Wessex, o qual desejava tornar-se crist\u00e3o, recebendo o batismo diretamente das m\u00e3os do papa S\u00e9rgio I, adotando o nome de Pedro. S\u00e9rgio I foi [&hellip;]<\/p>\n","protected":false},"author":14,"featured_media":0,"comment_status":"open","ping_status":"open","sticky":false,"template":"","format":"standard","meta":{"ngg_post_thumbnail":0,"footnotes":""},"categories":[186],"tags":[],"yoast_head":"<!-- This site is optimized with the Yoast SEO plugin v23.5 - https:\/\/yoast.com\/wordpress\/plugins\/seo\/ -->\n<title>S\u00e3o S\u00e9rgio I - O Arcanjo no ar<\/title>\n<meta name=\"robots\" content=\"index, follow, max-snippet:-1, max-image-preview:large, max-video-preview:-1\" \/>\n<link rel=\"canonical\" href=\"https:\/\/www.oarcanjo.net\/site\/sao-sergio-i\/\" \/>\n<meta property=\"og:locale\" content=\"pt_BR\" \/>\n<meta property=\"og:type\" content=\"article\" \/>\n<meta property=\"og:title\" content=\"S\u00e3o S\u00e9rgio I - O Arcanjo no ar\" \/>\n<meta property=\"og:description\" content=\"8 de Setembro Nascido em Palermo, numa data desconhecida, S\u00e9rgio foi eleito papa em 15 de dezembro de 687. Logo em seguida, chegou da Bretanha o rei pag\u00e3o Ceadwalla, soberano de Wessex, o qual desejava tornar-se crist\u00e3o, recebendo o batismo diretamente das m\u00e3os do papa S\u00e9rgio I, adotando o nome de Pedro. S\u00e9rgio I foi [&hellip;]\" \/>\n<meta property=\"og:url\" content=\"https:\/\/www.oarcanjo.net\/site\/sao-sergio-i\/\" \/>\n<meta property=\"og:site_name\" content=\"O Arcanjo no ar\" \/>\n<meta property=\"article:publisher\" content=\"https:\/\/www.facebook.com\/OArcanjoNoAr\/\" \/>\n<meta property=\"article:published_time\" content=\"2017-09-08T03:01:28+00:00\" \/>\n<meta property=\"article:modified_time\" content=\"2017-07-31T10:10:45+00:00\" \/>\n<meta property=\"og:image\" content=\"http:\/\/www.oarcanjo.net\/site\/wp-content\/uploads\/Sao-Sergio-I.jpg\" \/>\n<meta name=\"author\" content=\"danilo\" \/>\n<meta name=\"twitter:card\" content=\"summary_large_image\" \/>\n<meta name=\"twitter:label1\" content=\"Escrito por\" \/>\n\t<meta name=\"twitter:data1\" content=\"danilo\" \/>\n\t<meta name=\"twitter:label2\" content=\"Est. tempo de leitura\" \/>\n\t<meta name=\"twitter:data2\" content=\"2 minutos\" \/>\n<script type=\"application\/ld+json\" class=\"yoast-schema-graph\">{\"@context\":\"https:\/\/schema.org\",\"@graph\":[{\"@type\":\"Article\",\"@id\":\"https:\/\/www.oarcanjo.net\/site\/sao-sergio-i\/#article\",\"isPartOf\":{\"@id\":\"https:\/\/www.oarcanjo.net\/site\/sao-sergio-i\/\"},\"author\":{\"name\":\"danilo\",\"@id\":\"https:\/\/www.oarcanjo.net\/site\/#\/schema\/person\/5eb9480bedd2f3c97e430ce128c29c6c\"},\"headline\":\"S\u00e3o S\u00e9rgio I\",\"datePublished\":\"2017-09-08T03:01:28+00:00\",\"dateModified\":\"2017-07-31T10:10:45+00:00\",\"mainEntityOfPage\":{\"@id\":\"https:\/\/www.oarcanjo.net\/site\/sao-sergio-i\/\"},\"wordCount\":418,\"commentCount\":0,\"publisher\":{\"@id\":\"https:\/\/www.oarcanjo.net\/site\/#organization\"},\"image\":{\"@id\":\"https:\/\/www.oarcanjo.net\/site\/sao-sergio-i\/#primaryimage\"},\"thumbnailUrl\":\"http:\/\/www.oarcanjo.net\/site\/wp-content\/uploads\/Sao-Sergio-I.jpg\",\"articleSection\":[\"Testemunhos\"],\"inLanguage\":\"pt-BR\",\"potentialAction\":[{\"@type\":\"CommentAction\",\"name\":\"Comment\",\"target\":[\"https:\/\/www.oarcanjo.net\/site\/sao-sergio-i\/#respond\"]}]},{\"@type\":\"WebPage\",\"@id\":\"https:\/\/www.oarcanjo.net\/site\/sao-sergio-i\/\",\"url\":\"https:\/\/www.oarcanjo.net\/site\/sao-sergio-i\/\",\"name\":\"S\u00e3o S\u00e9rgio I - O Arcanjo no ar\",\"isPartOf\":{\"@id\":\"https:\/\/www.oarcanjo.net\/site\/#website\"},\"primaryImageOfPage\":{\"@id\":\"https:\/\/www.oarcanjo.net\/site\/sao-sergio-i\/#primaryimage\"},\"image\":{\"@id\":\"https:\/\/www.oarcanjo.net\/site\/sao-sergio-i\/#primaryimage\"},\"thumbnailUrl\":\"http:\/\/www.oarcanjo.net\/site\/wp-content\/uploads\/Sao-Sergio-I.jpg\",\"datePublished\":\"2017-09-08T03:01:28+00:00\",\"dateModified\":\"2017-07-31T10:10:45+00:00\",\"breadcrumb\":{\"@id\":\"https:\/\/www.oarcanjo.net\/site\/sao-sergio-i\/#breadcrumb\"},\"inLanguage\":\"pt-BR\",\"potentialAction\":[{\"@type\":\"ReadAction\",\"target\":[\"https:\/\/www.oarcanjo.net\/site\/sao-sergio-i\/\"]}]},{\"@type\":\"ImageObject\",\"inLanguage\":\"pt-BR\",\"@id\":\"https:\/\/www.oarcanjo.net\/site\/sao-sergio-i\/#primaryimage\",\"url\":\"https:\/\/www.oarcanjo.net\/site\/wp-content\/uploads\/Sao-Sergio-I.jpg\",\"contentUrl\":\"https:\/\/www.oarcanjo.net\/site\/wp-content\/uploads\/Sao-Sergio-I.jpg\",\"width\":280,\"height\":343,\"caption\":\"S\u00e3o S\u00e9rgio I\"},{\"@type\":\"BreadcrumbList\",\"@id\":\"https:\/\/www.oarcanjo.net\/site\/sao-sergio-i\/#breadcrumb\",\"itemListElement\":[{\"@type\":\"ListItem\",\"position\":1,\"name\":\"In\u00edcio\",\"item\":\"https:\/\/www.oarcanjo.net\/site\/\"},{\"@type\":\"ListItem\",\"position\":2,\"name\":\"S\u00e3o S\u00e9rgio I\"}]},{\"@type\":\"WebSite\",\"@id\":\"https:\/\/www.oarcanjo.net\/site\/#website\",\"url\":\"https:\/\/www.oarcanjo.net\/site\/\",\"name\":\"O Arcanjo no ar\",\"description\":\"Site da Par\u00f3quia S\u00e3o Miguel Arcanjo (Arquidiocese de SP)\",\"publisher\":{\"@id\":\"https:\/\/www.oarcanjo.net\/site\/#organization\"},\"potentialAction\":[{\"@type\":\"SearchAction\",\"target\":{\"@type\":\"EntryPoint\",\"urlTemplate\":\"https:\/\/www.oarcanjo.net\/site\/?s={search_term_string}\"},\"query-input\":{\"@type\":\"PropertyValueSpecification\",\"valueRequired\":true,\"valueName\":\"search_term_string\"}}],\"inLanguage\":\"pt-BR\"},{\"@type\":\"Organization\",\"@id\":\"https:\/\/www.oarcanjo.net\/site\/#organization\",\"name\":\"Par\u00f3quia S\u00e3o Miguel Arcanjo\",\"url\":\"https:\/\/www.oarcanjo.net\/site\/\",\"logo\":{\"@type\":\"ImageObject\",\"inLanguage\":\"pt-BR\",\"@id\":\"https:\/\/www.oarcanjo.net\/site\/#\/schema\/logo\/image\/\",\"url\":\"https:\/\/www.oarcanjo.net\/site\/wp-content\/uploads\/LogoOArcanjo.png\",\"contentUrl\":\"https:\/\/www.oarcanjo.net\/site\/wp-content\/uploads\/LogoOArcanjo.png\",\"width\":319,\"height\":99,\"caption\":\"Par\u00f3quia S\u00e3o Miguel Arcanjo\"},\"image\":{\"@id\":\"https:\/\/www.oarcanjo.net\/site\/#\/schema\/logo\/image\/\"},\"sameAs\":[\"https:\/\/www.facebook.com\/OArcanjoNoAr\/\"]},{\"@type\":\"Person\",\"@id\":\"https:\/\/www.oarcanjo.net\/site\/#\/schema\/person\/5eb9480bedd2f3c97e430ce128c29c6c\",\"name\":\"danilo\"}]}<\/script>\n<!-- \/ Yoast SEO plugin. -->","yoast_head_json":{"title":"S\u00e3o S\u00e9rgio I - O Arcanjo no ar","robots":{"index":"index","follow":"follow","max-snippet":"max-snippet:-1","max-image-preview":"max-image-preview:large","max-video-preview":"max-video-preview:-1"},"canonical":"https:\/\/www.oarcanjo.net\/site\/sao-sergio-i\/","og_locale":"pt_BR","og_type":"article","og_title":"S\u00e3o S\u00e9rgio I - O Arcanjo no ar","og_description":"8 de Setembro Nascido em Palermo, numa data desconhecida, S\u00e9rgio foi eleito papa em 15 de dezembro de 687. Logo em seguida, chegou da Bretanha o rei pag\u00e3o Ceadwalla, soberano de Wessex, o qual desejava tornar-se crist\u00e3o, recebendo o batismo diretamente das m\u00e3os do papa S\u00e9rgio I, adotando o nome de Pedro. S\u00e9rgio I foi [&hellip;]","og_url":"https:\/\/www.oarcanjo.net\/site\/sao-sergio-i\/","og_site_name":"O Arcanjo no ar","article_publisher":"https:\/\/www.facebook.com\/OArcanjoNoAr\/","article_published_time":"2017-09-08T03:01:28+00:00","article_modified_time":"2017-07-31T10:10:45+00:00","og_image":[{"url":"http:\/\/www.oarcanjo.net\/site\/wp-content\/uploads\/Sao-Sergio-I.jpg"}],"author":"danilo","twitter_card":"summary_large_image","twitter_misc":{"Escrito por":"danilo","Est. tempo de leitura":"2 minutos"},"schema":{"@context":"https:\/\/schema.org","@graph":[{"@type":"Article","@id":"https:\/\/www.oarcanjo.net\/site\/sao-sergio-i\/#article","isPartOf":{"@id":"https:\/\/www.oarcanjo.net\/site\/sao-sergio-i\/"},"author":{"name":"danilo","@id":"https:\/\/www.oarcanjo.net\/site\/#\/schema\/person\/5eb9480bedd2f3c97e430ce128c29c6c"},"headline":"S\u00e3o S\u00e9rgio I","datePublished":"2017-09-08T03:01:28+00:00","dateModified":"2017-07-31T10:10:45+00:00","mainEntityOfPage":{"@id":"https:\/\/www.oarcanjo.net\/site\/sao-sergio-i\/"},"wordCount":418,"commentCount":0,"publisher":{"@id":"https:\/\/www.oarcanjo.net\/site\/#organization"},"image":{"@id":"https:\/\/www.oarcanjo.net\/site\/sao-sergio-i\/#primaryimage"},"thumbnailUrl":"http:\/\/www.oarcanjo.net\/site\/wp-content\/uploads\/Sao-Sergio-I.jpg","articleSection":["Testemunhos"],"inLanguage":"pt-BR","potentialAction":[{"@type":"CommentAction","name":"Comment","target":["https:\/\/www.oarcanjo.net\/site\/sao-sergio-i\/#respond"]}]},{"@type":"WebPage","@id":"https:\/\/www.oarcanjo.net\/site\/sao-sergio-i\/","url":"https:\/\/www.oarcanjo.net\/site\/sao-sergio-i\/","name":"S\u00e3o S\u00e9rgio I - O Arcanjo no ar","isPartOf":{"@id":"https:\/\/www.oarcanjo.net\/site\/#website"},"primaryImageOfPage":{"@id":"https:\/\/www.oarcanjo.net\/site\/sao-sergio-i\/#primaryimage"},"image":{"@id":"https:\/\/www.oarcanjo.net\/site\/sao-sergio-i\/#primaryimage"},"thumbnailUrl":"http:\/\/www.oarcanjo.net\/site\/wp-content\/uploads\/Sao-Sergio-I.jpg","datePublished":"2017-09-08T03:01:28+00:00","dateModified":"2017-07-31T10:10:45+00:00","breadcrumb":{"@id":"https:\/\/www.oarcanjo.net\/site\/sao-sergio-i\/#breadcrumb"},"inLanguage":"pt-BR","potentialAction":[{"@type":"ReadAction","target":["https:\/\/www.oarcanjo.net\/site\/sao-sergio-i\/"]}]},{"@type":"ImageObject","inLanguage":"pt-BR","@id":"https:\/\/www.oarcanjo.net\/site\/sao-sergio-i\/#primaryimage","url":"https:\/\/www.oarcanjo.net\/site\/wp-content\/uploads\/Sao-Sergio-I.jpg","contentUrl":"https:\/\/www.oarcanjo.net\/site\/wp-content\/uploads\/Sao-Sergio-I.jpg","width":280,"height":343,"caption":"S\u00e3o S\u00e9rgio I"},{"@type":"BreadcrumbList","@id":"https:\/\/www.oarcanjo.net\/site\/sao-sergio-i\/#breadcrumb","itemListElement":[{"@type":"ListItem","position":1,"name":"In\u00edcio","item":"https:\/\/www.oarcanjo.net\/site\/"},{"@type":"ListItem","position":2,"name":"S\u00e3o S\u00e9rgio I"}]},{"@type":"WebSite","@id":"https:\/\/www.oarcanjo.net\/site\/#website","url":"https:\/\/www.oarcanjo.net\/site\/","name":"O Arcanjo no ar","description":"Site da Par\u00f3quia S\u00e3o Miguel Arcanjo (Arquidiocese de SP)","publisher":{"@id":"https:\/\/www.oarcanjo.net\/site\/#organization"},"potentialAction":[{"@type":"SearchAction","target":{"@type":"EntryPoint","urlTemplate":"https:\/\/www.oarcanjo.net\/site\/?s={search_term_string}"},"query-input":{"@type":"PropertyValueSpecification","valueRequired":true,"valueName":"search_term_string"}}],"inLanguage":"pt-BR"},{"@type":"Organization","@id":"https:\/\/www.oarcanjo.net\/site\/#organization","name":"Par\u00f3quia S\u00e3o Miguel Arcanjo","url":"https:\/\/www.oarcanjo.net\/site\/","logo":{"@type":"ImageObject","inLanguage":"pt-BR","@id":"https:\/\/www.oarcanjo.net\/site\/#\/schema\/logo\/image\/","url":"https:\/\/www.oarcanjo.net\/site\/wp-content\/uploads\/LogoOArcanjo.png","contentUrl":"https:\/\/www.oarcanjo.net\/site\/wp-content\/uploads\/LogoOArcanjo.png","width":319,"height":99,"caption":"Par\u00f3quia S\u00e3o Miguel Arcanjo"},"image":{"@id":"https:\/\/www.oarcanjo.net\/site\/#\/schema\/logo\/image\/"},"sameAs":["https:\/\/www.facebook.com\/OArcanjoNoAr\/"]},{"@type":"Person","@id":"https:\/\/www.oarcanjo.net\/site\/#\/schema\/person\/5eb9480bedd2f3c97e430ce128c29c6c","name":"danilo"}]}},"publishpress_future_action":{"enabled":false,"date":"2026-05-09 02:29:34","action":"category","newStatus":"draft","terms":[],"taxonomy":"category"},"publishpress_future_workflow_manual_trigger":{"enabledWorkflows":[]},"_links":{"self":[{"href":"https:\/\/www.oarcanjo.net\/site\/wp-json\/wp\/v2\/posts\/10787"}],"collection":[{"href":"https:\/\/www.oarcanjo.net\/site\/wp-json\/wp\/v2\/posts"}],"about":[{"href":"https:\/\/www.oarcanjo.net\/site\/wp-json\/wp\/v2\/types\/post"}],"author":[{"embeddable":true,"href":"https:\/\/www.oarcanjo.net\/site\/wp-json\/wp\/v2\/users\/14"}],"replies":[{"embeddable":true,"href":"https:\/\/www.oarcanjo.net\/site\/wp-json\/wp\/v2\/comments?post=10787"}],"version-history":[{"count":0,"href":"https:\/\/www.oarcanjo.net\/site\/wp-json\/wp\/v2\/posts\/10787\/revisions"}],"wp:attachment":[{"href":"https:\/\/www.oarcanjo.net\/site\/wp-json\/wp\/v2\/media?parent=10787"}],"wp:term":[{"taxonomy":"category","embeddable":true,"href":"https:\/\/www.oarcanjo.net\/site\/wp-json\/wp\/v2\/categories?post=10787"},{"taxonomy":"post_tag","embeddable":true,"href":"https:\/\/www.oarcanjo.net\/site\/wp-json\/wp\/v2\/tags?post=10787"}],"curies":[{"name":"wp","href":"https:\/\/api.w.org\/{rel}","templated":true}]}}