
{"id":10789,"date":"2018-09-09T09:50:59","date_gmt":"2018-09-09T12:50:59","guid":{"rendered":"http:\/\/www.oarcanjo.net\/site\/?p=10789"},"modified":"2018-09-09T14:01:49","modified_gmt":"2018-09-09T17:01:49","slug":"sao-pedro-claver-2","status":"publish","type":"post","link":"https:\/\/www.oarcanjo.net\/site\/sao-pedro-claver-2\/","title":{"rendered":"S\u00e3o Pedro Claver"},"content":{"rendered":"<p><iframe loading=\"lazy\" width=\"700\" height=\"394\" src=\"https:\/\/www.youtube.com\/embed\/545gITrWTBw?rel=0\" frameborder=\"0\" allowfullscreen=\"allowfullscreen\"><\/iframe><\/p>\n<p>9 de Setembro<\/p>\n<p>Os escravos negros que chegavam em enormes navios negreiros ao porto de Cartagena, na Col\u00f4mbia, eram recepcionados e aliviados de suas dores e sofrimentos por um mission\u00e1rio que, al\u00e9m de alimento, vinho e tabaco, oferecia palavras de f\u00e9 para aquecer seus cora\u00e7\u00f5es e dar-lhes esperan\u00e7a. Para quem vivia com corrente nos p\u00e9s e sob o a\u00e7oite dos feitores, a esperan\u00e7a vinha de Nosso Senhor.<\/p>\n<p>Esse mission\u00e1rio era Pedro de Claver, nascido no povoado de Verd\u00fa, em Barcelona, na Espanha, em 26 de junho de 1580. Filho de um casal de simples camponeses muito crist\u00e3os, desde cedo revelou sua voca\u00e7\u00e3o. Estudou no Col\u00e9gio dos Jesu\u00edtas e, em 1602, entrou para a Companhia de Jesus, para tornar-se um deles.<\/p>\n<p>Quando terminou os estudos teol\u00f3gicos, Pedro de Claver viajou com uma miss\u00e3o para Cartagena, hoje cidade da Col\u00f4mbia, na Am\u00e9rica do Sul. Iniciou seu apostolado antes mesmo de ser ordenado sacerdote, o que ocorreu logo em seguida, em 1616, naquela cidade. E assim, foi enviado para Carque, evangelizar os escravos que chegavam da \u00c1frica. Apesar de n\u00e3o entenderem sua l\u00edngua, entendiam a linguagem do amor, da caridade e do sentimento crist\u00e3o e paternal que emanavam daquele padre santo. Por esse motivo os escravos negros o veneravam e respeitavam como um justo e bondoso pai.<\/p>\n<p>Em sua miss\u00e3o, lutava ao lado dos negros e sofria com eles as mesmas agruras. O que podia fazer por eles era mitigar seus sofrimentos e oferecer-lhes a salva\u00e7\u00e3o eterna. Com essa proposta, Pedro de Claver batizou cerca de quatrocentos mil negros durante os quarenta anos de miss\u00e3o apost\u00f3lica. Foram atribu\u00eddos a ele, ainda, muitos milagres de cura.<\/p>\n<p>Durante a peste, em 1650, ele foi o primeiro a oferecer-se para tratar os doentes. As conseq\u00fc\u00eancias foram fatais: em sua peregrina\u00e7\u00e3o entre os contaminados, foi atacado pela epidemia, que o deixou paral\u00edtico. Depois de quatro anos de sofrimento, Pedro de Claver morreu aos setenta e tr\u00eas anos de idade, em 8 de setembro de 1654, no dia na festa da Natividade da Virgem Maria.<\/p>\n<p>Foi canonizado pelo papa Le\u00e3o XIII em 1888. S\u00e3o Pedro Claver foi proclamado padroeiro especial de todas as miss\u00f5es cat\u00f3licas entre os negros em 1896. Sua festa, em raz\u00e3o da solenidade mariana, foi marcada para 9 de setembro, dia seguinte ao da data em que se celebra a sua morte.<\/p>\n<p><img loading=\"lazy\" decoding=\"async\" width=\"130\" height=\"180\" alt=\"\" src=\"http:\/\/3.bp.blogspot.com\/_WpUtkn_AArU\/Sqdy9I7xJfI\/AAAAAAAAA-8\/Pn-cEX3QBqQ\/s200\/S%C3%A3o+Pedro+Claver.jpg\"><\/p>\n<p>S\u00e3o Pedro Claver e o carnaval<\/p>\n<p>Um oficial espanhol viu um dia S\u00e3o Pedro Claver com um grande saco \u00e0s costas.\u2014 Padre, aonde vai com esse saco?<\/p>\n<p>\u2014 Vou fazer carnaval; pois n\u00e3o \u00e9 tempo de folgan\u00e7a? O oficial quer ver o que acontece: acompanha-o.<\/p>\n<p>O Santo entra num hospital. Os doentes alvoro\u00e7am-se e fazem-lhe festa; muitos o rodeiam, porque o Santo, passando com eles uma hora alegre, lhes reparte presentes e regalos at\u00e9 esvaziar completamente o saco.<\/p>\n<p>\u2014 E agora? \u2013 pergunta o oficial.<br \/>\n\u2014 Agora venha comigo; vamos \u00e0 igreja rezar por esses infelizes que, l\u00e1 fora, julgam que t\u00eam o direito de ofender a Deus livremente por ser tempo de carnaval.<\/p>\n<div id=\"themify_builder_content-10789\" data-postid=\"10789\" class=\"themify_builder_content themify_builder_content-10789 themify_builder themify_builder_front\">\n\t<\/div>\n<!-- \/themify_builder_content -->","protected":false},"excerpt":{"rendered":"<p>9 de Setembro Os escravos negros que chegavam em enormes navios negreiros ao porto de Cartagena, na Col\u00f4mbia, eram recepcionados e aliviados de suas dores e sofrimentos por um mission\u00e1rio que, al\u00e9m de alimento, vinho e tabaco, oferecia palavras de f\u00e9 para aquecer seus cora\u00e7\u00f5es e dar-lhes esperan\u00e7a. Para quem vivia com corrente nos p\u00e9s [&hellip;]<\/p>\n","protected":false},"author":14,"featured_media":0,"comment_status":"open","ping_status":"open","sticky":false,"template":"","format":"standard","meta":{"ngg_post_thumbnail":0,"footnotes":""},"categories":[186],"tags":[],"yoast_head":"<!-- This site is optimized with the Yoast SEO plugin v23.5 - https:\/\/yoast.com\/wordpress\/plugins\/seo\/ -->\n<title>S\u00e3o Pedro Claver - O Arcanjo no ar<\/title>\n<meta name=\"robots\" content=\"index, follow, max-snippet:-1, max-image-preview:large, max-video-preview:-1\" \/>\n<link rel=\"canonical\" href=\"https:\/\/www.oarcanjo.net\/site\/sao-pedro-claver-2\/\" \/>\n<meta property=\"og:locale\" content=\"pt_BR\" \/>\n<meta property=\"og:type\" content=\"article\" \/>\n<meta property=\"og:title\" content=\"S\u00e3o Pedro Claver - O Arcanjo no ar\" \/>\n<meta property=\"og:description\" content=\"9 de Setembro Os escravos negros que chegavam em enormes navios negreiros ao porto de Cartagena, na Col\u00f4mbia, eram recepcionados e aliviados de suas dores e sofrimentos por um mission\u00e1rio que, al\u00e9m de alimento, vinho e tabaco, oferecia palavras de f\u00e9 para aquecer seus cora\u00e7\u00f5es e dar-lhes esperan\u00e7a. Para quem vivia com corrente nos p\u00e9s [&hellip;]\" \/>\n<meta property=\"og:url\" content=\"https:\/\/www.oarcanjo.net\/site\/sao-pedro-claver-2\/\" \/>\n<meta property=\"og:site_name\" content=\"O Arcanjo no ar\" \/>\n<meta property=\"article:publisher\" content=\"https:\/\/www.facebook.com\/OArcanjoNoAr\/\" \/>\n<meta property=\"article:published_time\" content=\"2018-09-09T12:50:59+00:00\" \/>\n<meta property=\"article:modified_time\" content=\"2018-09-09T17:01:49+00:00\" \/>\n<meta property=\"og:image\" content=\"http:\/\/3.bp.blogspot.com\/_WpUtkn_AArU\/Sqdy9I7xJfI\/AAAAAAAAA-8\/Pn-cEX3QBqQ\/s200\/S%C3%A3o+Pedro+Claver.jpg\" \/>\n<meta name=\"author\" content=\"danilo\" \/>\n<meta name=\"twitter:card\" content=\"summary_large_image\" \/>\n<meta name=\"twitter:label1\" content=\"Escrito por\" \/>\n\t<meta name=\"twitter:data1\" content=\"danilo\" \/>\n\t<meta name=\"twitter:label2\" content=\"Est. tempo de leitura\" \/>\n\t<meta name=\"twitter:data2\" content=\"3 minutos\" \/>\n<script type=\"application\/ld+json\" class=\"yoast-schema-graph\">{\"@context\":\"https:\/\/schema.org\",\"@graph\":[{\"@type\":\"Article\",\"@id\":\"https:\/\/www.oarcanjo.net\/site\/sao-pedro-claver-2\/#article\",\"isPartOf\":{\"@id\":\"https:\/\/www.oarcanjo.net\/site\/sao-pedro-claver-2\/\"},\"author\":{\"name\":\"danilo\",\"@id\":\"https:\/\/www.oarcanjo.net\/site\/#\/schema\/person\/5eb9480bedd2f3c97e430ce128c29c6c\"},\"headline\":\"S\u00e3o Pedro Claver\",\"datePublished\":\"2018-09-09T12:50:59+00:00\",\"dateModified\":\"2018-09-09T17:01:49+00:00\",\"mainEntityOfPage\":{\"@id\":\"https:\/\/www.oarcanjo.net\/site\/sao-pedro-claver-2\/\"},\"wordCount\":528,\"commentCount\":2,\"publisher\":{\"@id\":\"https:\/\/www.oarcanjo.net\/site\/#organization\"},\"image\":{\"@id\":\"https:\/\/www.oarcanjo.net\/site\/sao-pedro-claver-2\/#primaryimage\"},\"thumbnailUrl\":\"http:\/\/3.bp.blogspot.com\/_WpUtkn_AArU\/Sqdy9I7xJfI\/AAAAAAAAA-8\/Pn-cEX3QBqQ\/s200\/S%C3%A3o+Pedro+Claver.jpg\",\"articleSection\":[\"Testemunhos\"],\"inLanguage\":\"pt-BR\",\"potentialAction\":[{\"@type\":\"CommentAction\",\"name\":\"Comment\",\"target\":[\"https:\/\/www.oarcanjo.net\/site\/sao-pedro-claver-2\/#respond\"]}]},{\"@type\":\"WebPage\",\"@id\":\"https:\/\/www.oarcanjo.net\/site\/sao-pedro-claver-2\/\",\"url\":\"https:\/\/www.oarcanjo.net\/site\/sao-pedro-claver-2\/\",\"name\":\"S\u00e3o Pedro Claver - O Arcanjo no ar\",\"isPartOf\":{\"@id\":\"https:\/\/www.oarcanjo.net\/site\/#website\"},\"primaryImageOfPage\":{\"@id\":\"https:\/\/www.oarcanjo.net\/site\/sao-pedro-claver-2\/#primaryimage\"},\"image\":{\"@id\":\"https:\/\/www.oarcanjo.net\/site\/sao-pedro-claver-2\/#primaryimage\"},\"thumbnailUrl\":\"http:\/\/3.bp.blogspot.com\/_WpUtkn_AArU\/Sqdy9I7xJfI\/AAAAAAAAA-8\/Pn-cEX3QBqQ\/s200\/S%C3%A3o+Pedro+Claver.jpg\",\"datePublished\":\"2018-09-09T12:50:59+00:00\",\"dateModified\":\"2018-09-09T17:01:49+00:00\",\"breadcrumb\":{\"@id\":\"https:\/\/www.oarcanjo.net\/site\/sao-pedro-claver-2\/#breadcrumb\"},\"inLanguage\":\"pt-BR\",\"potentialAction\":[{\"@type\":\"ReadAction\",\"target\":[\"https:\/\/www.oarcanjo.net\/site\/sao-pedro-claver-2\/\"]}]},{\"@type\":\"ImageObject\",\"inLanguage\":\"pt-BR\",\"@id\":\"https:\/\/www.oarcanjo.net\/site\/sao-pedro-claver-2\/#primaryimage\",\"url\":\"http:\/\/3.bp.blogspot.com\/_WpUtkn_AArU\/Sqdy9I7xJfI\/AAAAAAAAA-8\/Pn-cEX3QBqQ\/s200\/S%C3%A3o+Pedro+Claver.jpg\",\"contentUrl\":\"http:\/\/3.bp.blogspot.com\/_WpUtkn_AArU\/Sqdy9I7xJfI\/AAAAAAAAA-8\/Pn-cEX3QBqQ\/s200\/S%C3%A3o+Pedro+Claver.jpg\"},{\"@type\":\"BreadcrumbList\",\"@id\":\"https:\/\/www.oarcanjo.net\/site\/sao-pedro-claver-2\/#breadcrumb\",\"itemListElement\":[{\"@type\":\"ListItem\",\"position\":1,\"name\":\"In\u00edcio\",\"item\":\"https:\/\/www.oarcanjo.net\/site\/\"},{\"@type\":\"ListItem\",\"position\":2,\"name\":\"S\u00e3o Pedro Claver\"}]},{\"@type\":\"WebSite\",\"@id\":\"https:\/\/www.oarcanjo.net\/site\/#website\",\"url\":\"https:\/\/www.oarcanjo.net\/site\/\",\"name\":\"O Arcanjo no ar\",\"description\":\"Site da Par\u00f3quia S\u00e3o Miguel Arcanjo (Arquidiocese de SP)\",\"publisher\":{\"@id\":\"https:\/\/www.oarcanjo.net\/site\/#organization\"},\"potentialAction\":[{\"@type\":\"SearchAction\",\"target\":{\"@type\":\"EntryPoint\",\"urlTemplate\":\"https:\/\/www.oarcanjo.net\/site\/?s={search_term_string}\"},\"query-input\":{\"@type\":\"PropertyValueSpecification\",\"valueRequired\":true,\"valueName\":\"search_term_string\"}}],\"inLanguage\":\"pt-BR\"},{\"@type\":\"Organization\",\"@id\":\"https:\/\/www.oarcanjo.net\/site\/#organization\",\"name\":\"Par\u00f3quia S\u00e3o Miguel Arcanjo\",\"url\":\"https:\/\/www.oarcanjo.net\/site\/\",\"logo\":{\"@type\":\"ImageObject\",\"inLanguage\":\"pt-BR\",\"@id\":\"https:\/\/www.oarcanjo.net\/site\/#\/schema\/logo\/image\/\",\"url\":\"https:\/\/www.oarcanjo.net\/site\/wp-content\/uploads\/LogoOArcanjo.png\",\"contentUrl\":\"https:\/\/www.oarcanjo.net\/site\/wp-content\/uploads\/LogoOArcanjo.png\",\"width\":319,\"height\":99,\"caption\":\"Par\u00f3quia S\u00e3o Miguel Arcanjo\"},\"image\":{\"@id\":\"https:\/\/www.oarcanjo.net\/site\/#\/schema\/logo\/image\/\"},\"sameAs\":[\"https:\/\/www.facebook.com\/OArcanjoNoAr\/\"]},{\"@type\":\"Person\",\"@id\":\"https:\/\/www.oarcanjo.net\/site\/#\/schema\/person\/5eb9480bedd2f3c97e430ce128c29c6c\",\"name\":\"danilo\"}]}<\/script>\n<!-- \/ Yoast SEO plugin. -->","yoast_head_json":{"title":"S\u00e3o Pedro Claver - O Arcanjo no ar","robots":{"index":"index","follow":"follow","max-snippet":"max-snippet:-1","max-image-preview":"max-image-preview:large","max-video-preview":"max-video-preview:-1"},"canonical":"https:\/\/www.oarcanjo.net\/site\/sao-pedro-claver-2\/","og_locale":"pt_BR","og_type":"article","og_title":"S\u00e3o Pedro Claver - O Arcanjo no ar","og_description":"9 de Setembro Os escravos negros que chegavam em enormes navios negreiros ao porto de Cartagena, na Col\u00f4mbia, eram recepcionados e aliviados de suas dores e sofrimentos por um mission\u00e1rio que, al\u00e9m de alimento, vinho e tabaco, oferecia palavras de f\u00e9 para aquecer seus cora\u00e7\u00f5es e dar-lhes esperan\u00e7a. Para quem vivia com corrente nos p\u00e9s [&hellip;]","og_url":"https:\/\/www.oarcanjo.net\/site\/sao-pedro-claver-2\/","og_site_name":"O Arcanjo no ar","article_publisher":"https:\/\/www.facebook.com\/OArcanjoNoAr\/","article_published_time":"2018-09-09T12:50:59+00:00","article_modified_time":"2018-09-09T17:01:49+00:00","og_image":[{"url":"http:\/\/3.bp.blogspot.com\/_WpUtkn_AArU\/Sqdy9I7xJfI\/AAAAAAAAA-8\/Pn-cEX3QBqQ\/s200\/S%C3%A3o+Pedro+Claver.jpg"}],"author":"danilo","twitter_card":"summary_large_image","twitter_misc":{"Escrito por":"danilo","Est. tempo de leitura":"3 minutos"},"schema":{"@context":"https:\/\/schema.org","@graph":[{"@type":"Article","@id":"https:\/\/www.oarcanjo.net\/site\/sao-pedro-claver-2\/#article","isPartOf":{"@id":"https:\/\/www.oarcanjo.net\/site\/sao-pedro-claver-2\/"},"author":{"name":"danilo","@id":"https:\/\/www.oarcanjo.net\/site\/#\/schema\/person\/5eb9480bedd2f3c97e430ce128c29c6c"},"headline":"S\u00e3o Pedro Claver","datePublished":"2018-09-09T12:50:59+00:00","dateModified":"2018-09-09T17:01:49+00:00","mainEntityOfPage":{"@id":"https:\/\/www.oarcanjo.net\/site\/sao-pedro-claver-2\/"},"wordCount":528,"commentCount":2,"publisher":{"@id":"https:\/\/www.oarcanjo.net\/site\/#organization"},"image":{"@id":"https:\/\/www.oarcanjo.net\/site\/sao-pedro-claver-2\/#primaryimage"},"thumbnailUrl":"http:\/\/3.bp.blogspot.com\/_WpUtkn_AArU\/Sqdy9I7xJfI\/AAAAAAAAA-8\/Pn-cEX3QBqQ\/s200\/S%C3%A3o+Pedro+Claver.jpg","articleSection":["Testemunhos"],"inLanguage":"pt-BR","potentialAction":[{"@type":"CommentAction","name":"Comment","target":["https:\/\/www.oarcanjo.net\/site\/sao-pedro-claver-2\/#respond"]}]},{"@type":"WebPage","@id":"https:\/\/www.oarcanjo.net\/site\/sao-pedro-claver-2\/","url":"https:\/\/www.oarcanjo.net\/site\/sao-pedro-claver-2\/","name":"S\u00e3o Pedro Claver - O Arcanjo no ar","isPartOf":{"@id":"https:\/\/www.oarcanjo.net\/site\/#website"},"primaryImageOfPage":{"@id":"https:\/\/www.oarcanjo.net\/site\/sao-pedro-claver-2\/#primaryimage"},"image":{"@id":"https:\/\/www.oarcanjo.net\/site\/sao-pedro-claver-2\/#primaryimage"},"thumbnailUrl":"http:\/\/3.bp.blogspot.com\/_WpUtkn_AArU\/Sqdy9I7xJfI\/AAAAAAAAA-8\/Pn-cEX3QBqQ\/s200\/S%C3%A3o+Pedro+Claver.jpg","datePublished":"2018-09-09T12:50:59+00:00","dateModified":"2018-09-09T17:01:49+00:00","breadcrumb":{"@id":"https:\/\/www.oarcanjo.net\/site\/sao-pedro-claver-2\/#breadcrumb"},"inLanguage":"pt-BR","potentialAction":[{"@type":"ReadAction","target":["https:\/\/www.oarcanjo.net\/site\/sao-pedro-claver-2\/"]}]},{"@type":"ImageObject","inLanguage":"pt-BR","@id":"https:\/\/www.oarcanjo.net\/site\/sao-pedro-claver-2\/#primaryimage","url":"http:\/\/3.bp.blogspot.com\/_WpUtkn_AArU\/Sqdy9I7xJfI\/AAAAAAAAA-8\/Pn-cEX3QBqQ\/s200\/S%C3%A3o+Pedro+Claver.jpg","contentUrl":"http:\/\/3.bp.blogspot.com\/_WpUtkn_AArU\/Sqdy9I7xJfI\/AAAAAAAAA-8\/Pn-cEX3QBqQ\/s200\/S%C3%A3o+Pedro+Claver.jpg"},{"@type":"BreadcrumbList","@id":"https:\/\/www.oarcanjo.net\/site\/sao-pedro-claver-2\/#breadcrumb","itemListElement":[{"@type":"ListItem","position":1,"name":"In\u00edcio","item":"https:\/\/www.oarcanjo.net\/site\/"},{"@type":"ListItem","position":2,"name":"S\u00e3o Pedro Claver"}]},{"@type":"WebSite","@id":"https:\/\/www.oarcanjo.net\/site\/#website","url":"https:\/\/www.oarcanjo.net\/site\/","name":"O Arcanjo no ar","description":"Site da Par\u00f3quia S\u00e3o Miguel Arcanjo (Arquidiocese de SP)","publisher":{"@id":"https:\/\/www.oarcanjo.net\/site\/#organization"},"potentialAction":[{"@type":"SearchAction","target":{"@type":"EntryPoint","urlTemplate":"https:\/\/www.oarcanjo.net\/site\/?s={search_term_string}"},"query-input":{"@type":"PropertyValueSpecification","valueRequired":true,"valueName":"search_term_string"}}],"inLanguage":"pt-BR"},{"@type":"Organization","@id":"https:\/\/www.oarcanjo.net\/site\/#organization","name":"Par\u00f3quia S\u00e3o Miguel Arcanjo","url":"https:\/\/www.oarcanjo.net\/site\/","logo":{"@type":"ImageObject","inLanguage":"pt-BR","@id":"https:\/\/www.oarcanjo.net\/site\/#\/schema\/logo\/image\/","url":"https:\/\/www.oarcanjo.net\/site\/wp-content\/uploads\/LogoOArcanjo.png","contentUrl":"https:\/\/www.oarcanjo.net\/site\/wp-content\/uploads\/LogoOArcanjo.png","width":319,"height":99,"caption":"Par\u00f3quia S\u00e3o Miguel Arcanjo"},"image":{"@id":"https:\/\/www.oarcanjo.net\/site\/#\/schema\/logo\/image\/"},"sameAs":["https:\/\/www.facebook.com\/OArcanjoNoAr\/"]},{"@type":"Person","@id":"https:\/\/www.oarcanjo.net\/site\/#\/schema\/person\/5eb9480bedd2f3c97e430ce128c29c6c","name":"danilo"}]}},"publishpress_future_action":{"enabled":false,"date":"2026-05-08 04:12:53","action":"category","newStatus":"draft","terms":[],"taxonomy":"category"},"publishpress_future_workflow_manual_trigger":{"enabledWorkflows":[]},"_links":{"self":[{"href":"https:\/\/www.oarcanjo.net\/site\/wp-json\/wp\/v2\/posts\/10789"}],"collection":[{"href":"https:\/\/www.oarcanjo.net\/site\/wp-json\/wp\/v2\/posts"}],"about":[{"href":"https:\/\/www.oarcanjo.net\/site\/wp-json\/wp\/v2\/types\/post"}],"author":[{"embeddable":true,"href":"https:\/\/www.oarcanjo.net\/site\/wp-json\/wp\/v2\/users\/14"}],"replies":[{"embeddable":true,"href":"https:\/\/www.oarcanjo.net\/site\/wp-json\/wp\/v2\/comments?post=10789"}],"version-history":[{"count":2,"href":"https:\/\/www.oarcanjo.net\/site\/wp-json\/wp\/v2\/posts\/10789\/revisions"}],"predecessor-version":[{"id":89599,"href":"https:\/\/www.oarcanjo.net\/site\/wp-json\/wp\/v2\/posts\/10789\/revisions\/89599"}],"wp:attachment":[{"href":"https:\/\/www.oarcanjo.net\/site\/wp-json\/wp\/v2\/media?parent=10789"}],"wp:term":[{"taxonomy":"category","embeddable":true,"href":"https:\/\/www.oarcanjo.net\/site\/wp-json\/wp\/v2\/categories?post=10789"},{"taxonomy":"post_tag","embeddable":true,"href":"https:\/\/www.oarcanjo.net\/site\/wp-json\/wp\/v2\/tags?post=10789"}],"curies":[{"name":"wp","href":"https:\/\/api.w.org\/{rel}","templated":true}]}}