
{"id":10793,"date":"2017-09-11T00:59:57","date_gmt":"2017-09-11T03:59:57","guid":{"rendered":"http:\/\/www.oarcanjo.net\/site\/?p=10793"},"modified":"2017-07-31T07:10:33","modified_gmt":"2017-07-31T10:10:33","slug":"sao-joao-gabriel-perboyre","status":"publish","type":"post","link":"https:\/\/www.oarcanjo.net\/site\/sao-joao-gabriel-perboyre\/","title":{"rendered":"S\u00e3o Jo\u00e3o Gabriel Perboyre"},"content":{"rendered":"<p><img loading=\"lazy\" decoding=\"async\" src=\"http:\/\/4.bp.blogspot.com\/_VsL8VkjSZWw\/SMXzLqB6-8I\/AAAAAAAAALs\/FL92q8kznrM\/s400\/19960602_jean-gabriel_perboyre.jpg\" alt=\"\" width=\"254\" height=\"400\" \/><\/p>\n<p>11 de Setembro<\/p>\n<p>Jo\u00e3o Gabriel Perboyre nasceu em 5 de janeiro de 1802, em Mongesty, na diocese de Cahors, Fran\u00e7a, numa fam\u00edlia de agricultores, numerosa e profundamente crist\u00e3. Foi o primeiro dos oito filhos do casal, sendo educado para seguir a profiss\u00e3o do pai.<\/p>\n<p>Mas o menino era muito piedoso, demonstrando desde a inf\u00e2ncia sua voca\u00e7\u00e3o religiosa. Assim, aos quatorze anos, junto com dois de seus irm\u00e3os, Lu\u00eds e Tiago, decidiu seguir o exemplo do seu tio Jacques Perboyre, que era sacerdote. Ingressou na Congrega\u00e7\u00e3o da miss\u00e3o fundada por s\u00e3o Vicente de Paulo para tornar-se um padre vicentino ou lazarista, como tamb\u00e9m s\u00e3o chamados os sacerdotes desta Ordem. Depois, tamb\u00e9m, duas de suas irm\u00e3s ingressaram na Congrega\u00e7\u00e3o das Filhas da Caridade. Uma outra irm\u00e3, logo ap\u00f3s entrar para as carmelitas, adoeceu e morreu.<\/p>\n<p>Jo\u00e3o Gabriel recebeu a ordena\u00e7\u00e3o sacerdotal em 1826. Ficou alguns anos em Paris, como professor e diretor nos semin\u00e1rios vicentinos. Por\u00e9m seu desejo era ser um mission\u00e1rio na China, onde os vicentinos atuavam e onde, recentemente, padre Clet fora martirizado.<\/p>\n<p>Em 1832, seu irm\u00e3o, padre Lu\u00eds, foi designado para l\u00e1. Mas ele morreu em pleno mar, antes de chegar \u00e0s Miss\u00f5es na China. Foi assim que Jo\u00e3o Gabriel pediu para substitu\u00ed-lo. Foi atendido e, tr\u00eas anos depois, em 1835, estava em Macau, deixando assim registrado: &#8220;Eis-me aqui. Bendito o Senhor que me guiou e trouxe&#8221;. Na Miss\u00e3o, aprendeu a disfar\u00e7ar-se de chin\u00eas, porque a presen\u00e7a de estrangeiros era proibida por lei. Estudou o idioma e os costumes e seguiu para ser mission\u00e1rio nas dioceses Ho-Nan e Hou-P\u00e9.<\/p>\n<p>Entretanto foi denunciado e preso na persegui\u00e7\u00e3o de 1839. Permaneceu um ano no cativeiro, sofrendo torturas cru\u00e9is, at\u00e9 ser amarrado a uma cruz e estrangulado, no dia 11 de setembro de 1840.<\/p>\n<p>Beatificado em 1889, Jo\u00e3o Gabriel Perboyre foi proclamado santo pelo papa Jo\u00e3o Paulo II em 1996. Festejado no dia de sua morte, tornou-se o primeiro mission\u00e1rio da China a ser declarado santo pela Igreja.<\/p>\n<div id=\"themify_builder_content-10793\" data-postid=\"10793\" class=\"themify_builder_content themify_builder_content-10793 themify_builder themify_builder_front\">\n\t<\/div>\n<!-- \/themify_builder_content -->","protected":false},"excerpt":{"rendered":"<p>11 de Setembro Jo\u00e3o Gabriel Perboyre nasceu em 5 de janeiro de 1802, em Mongesty, na diocese de Cahors, Fran\u00e7a, numa fam\u00edlia de agricultores, numerosa e profundamente crist\u00e3. Foi o primeiro dos oito filhos do casal, sendo educado para seguir a profiss\u00e3o do pai. Mas o menino era muito piedoso, demonstrando desde a inf\u00e2ncia sua [&hellip;]<\/p>\n","protected":false},"author":14,"featured_media":0,"comment_status":"open","ping_status":"open","sticky":false,"template":"","format":"standard","meta":{"ngg_post_thumbnail":0,"footnotes":""},"categories":[186],"tags":[],"yoast_head":"<!-- This site is optimized with the Yoast SEO plugin v23.5 - https:\/\/yoast.com\/wordpress\/plugins\/seo\/ -->\n<title>S\u00e3o Jo\u00e3o Gabriel Perboyre - O Arcanjo no ar<\/title>\n<meta name=\"robots\" content=\"index, follow, max-snippet:-1, max-image-preview:large, max-video-preview:-1\" \/>\n<link rel=\"canonical\" href=\"https:\/\/www.oarcanjo.net\/site\/sao-joao-gabriel-perboyre\/\" \/>\n<meta property=\"og:locale\" content=\"pt_BR\" \/>\n<meta property=\"og:type\" content=\"article\" \/>\n<meta property=\"og:title\" content=\"S\u00e3o Jo\u00e3o Gabriel Perboyre - O Arcanjo no ar\" \/>\n<meta property=\"og:description\" content=\"11 de Setembro Jo\u00e3o Gabriel Perboyre nasceu em 5 de janeiro de 1802, em Mongesty, na diocese de Cahors, Fran\u00e7a, numa fam\u00edlia de agricultores, numerosa e profundamente crist\u00e3. Foi o primeiro dos oito filhos do casal, sendo educado para seguir a profiss\u00e3o do pai. Mas o menino era muito piedoso, demonstrando desde a inf\u00e2ncia sua [&hellip;]\" \/>\n<meta property=\"og:url\" content=\"https:\/\/www.oarcanjo.net\/site\/sao-joao-gabriel-perboyre\/\" \/>\n<meta property=\"og:site_name\" content=\"O Arcanjo no ar\" \/>\n<meta property=\"article:publisher\" content=\"https:\/\/www.facebook.com\/OArcanjoNoAr\/\" \/>\n<meta property=\"article:published_time\" content=\"2017-09-11T03:59:57+00:00\" \/>\n<meta property=\"article:modified_time\" content=\"2017-07-31T10:10:33+00:00\" \/>\n<meta property=\"og:image\" content=\"http:\/\/4.bp.blogspot.com\/_VsL8VkjSZWw\/SMXzLqB6-8I\/AAAAAAAAALs\/FL92q8kznrM\/s400\/19960602_jean-gabriel_perboyre.jpg\" \/>\n<meta name=\"author\" content=\"danilo\" \/>\n<meta name=\"twitter:card\" content=\"summary_large_image\" \/>\n<meta name=\"twitter:label1\" content=\"Escrito por\" \/>\n\t<meta name=\"twitter:data1\" content=\"danilo\" \/>\n\t<meta name=\"twitter:label2\" content=\"Est. tempo de leitura\" \/>\n\t<meta name=\"twitter:data2\" content=\"2 minutos\" \/>\n<script type=\"application\/ld+json\" class=\"yoast-schema-graph\">{\"@context\":\"https:\/\/schema.org\",\"@graph\":[{\"@type\":\"Article\",\"@id\":\"https:\/\/www.oarcanjo.net\/site\/sao-joao-gabriel-perboyre\/#article\",\"isPartOf\":{\"@id\":\"https:\/\/www.oarcanjo.net\/site\/sao-joao-gabriel-perboyre\/\"},\"author\":{\"name\":\"danilo\",\"@id\":\"https:\/\/www.oarcanjo.net\/site\/#\/schema\/person\/5eb9480bedd2f3c97e430ce128c29c6c\"},\"headline\":\"S\u00e3o Jo\u00e3o Gabriel Perboyre\",\"datePublished\":\"2017-09-11T03:59:57+00:00\",\"dateModified\":\"2017-07-31T10:10:33+00:00\",\"mainEntityOfPage\":{\"@id\":\"https:\/\/www.oarcanjo.net\/site\/sao-joao-gabriel-perboyre\/\"},\"wordCount\":359,\"commentCount\":0,\"publisher\":{\"@id\":\"https:\/\/www.oarcanjo.net\/site\/#organization\"},\"image\":{\"@id\":\"https:\/\/www.oarcanjo.net\/site\/sao-joao-gabriel-perboyre\/#primaryimage\"},\"thumbnailUrl\":\"http:\/\/4.bp.blogspot.com\/_VsL8VkjSZWw\/SMXzLqB6-8I\/AAAAAAAAALs\/FL92q8kznrM\/s400\/19960602_jean-gabriel_perboyre.jpg\",\"articleSection\":[\"Testemunhos\"],\"inLanguage\":\"pt-BR\",\"potentialAction\":[{\"@type\":\"CommentAction\",\"name\":\"Comment\",\"target\":[\"https:\/\/www.oarcanjo.net\/site\/sao-joao-gabriel-perboyre\/#respond\"]}]},{\"@type\":\"WebPage\",\"@id\":\"https:\/\/www.oarcanjo.net\/site\/sao-joao-gabriel-perboyre\/\",\"url\":\"https:\/\/www.oarcanjo.net\/site\/sao-joao-gabriel-perboyre\/\",\"name\":\"S\u00e3o Jo\u00e3o Gabriel Perboyre - O Arcanjo no ar\",\"isPartOf\":{\"@id\":\"https:\/\/www.oarcanjo.net\/site\/#website\"},\"primaryImageOfPage\":{\"@id\":\"https:\/\/www.oarcanjo.net\/site\/sao-joao-gabriel-perboyre\/#primaryimage\"},\"image\":{\"@id\":\"https:\/\/www.oarcanjo.net\/site\/sao-joao-gabriel-perboyre\/#primaryimage\"},\"thumbnailUrl\":\"http:\/\/4.bp.blogspot.com\/_VsL8VkjSZWw\/SMXzLqB6-8I\/AAAAAAAAALs\/FL92q8kznrM\/s400\/19960602_jean-gabriel_perboyre.jpg\",\"datePublished\":\"2017-09-11T03:59:57+00:00\",\"dateModified\":\"2017-07-31T10:10:33+00:00\",\"breadcrumb\":{\"@id\":\"https:\/\/www.oarcanjo.net\/site\/sao-joao-gabriel-perboyre\/#breadcrumb\"},\"inLanguage\":\"pt-BR\",\"potentialAction\":[{\"@type\":\"ReadAction\",\"target\":[\"https:\/\/www.oarcanjo.net\/site\/sao-joao-gabriel-perboyre\/\"]}]},{\"@type\":\"ImageObject\",\"inLanguage\":\"pt-BR\",\"@id\":\"https:\/\/www.oarcanjo.net\/site\/sao-joao-gabriel-perboyre\/#primaryimage\",\"url\":\"http:\/\/4.bp.blogspot.com\/_VsL8VkjSZWw\/SMXzLqB6-8I\/AAAAAAAAALs\/FL92q8kznrM\/s400\/19960602_jean-gabriel_perboyre.jpg\",\"contentUrl\":\"http:\/\/4.bp.blogspot.com\/_VsL8VkjSZWw\/SMXzLqB6-8I\/AAAAAAAAALs\/FL92q8kznrM\/s400\/19960602_jean-gabriel_perboyre.jpg\"},{\"@type\":\"BreadcrumbList\",\"@id\":\"https:\/\/www.oarcanjo.net\/site\/sao-joao-gabriel-perboyre\/#breadcrumb\",\"itemListElement\":[{\"@type\":\"ListItem\",\"position\":1,\"name\":\"In\u00edcio\",\"item\":\"https:\/\/www.oarcanjo.net\/site\/\"},{\"@type\":\"ListItem\",\"position\":2,\"name\":\"S\u00e3o Jo\u00e3o Gabriel Perboyre\"}]},{\"@type\":\"WebSite\",\"@id\":\"https:\/\/www.oarcanjo.net\/site\/#website\",\"url\":\"https:\/\/www.oarcanjo.net\/site\/\",\"name\":\"O Arcanjo no ar\",\"description\":\"Site da Par\u00f3quia S\u00e3o Miguel Arcanjo (Arquidiocese de SP)\",\"publisher\":{\"@id\":\"https:\/\/www.oarcanjo.net\/site\/#organization\"},\"potentialAction\":[{\"@type\":\"SearchAction\",\"target\":{\"@type\":\"EntryPoint\",\"urlTemplate\":\"https:\/\/www.oarcanjo.net\/site\/?s={search_term_string}\"},\"query-input\":{\"@type\":\"PropertyValueSpecification\",\"valueRequired\":true,\"valueName\":\"search_term_string\"}}],\"inLanguage\":\"pt-BR\"},{\"@type\":\"Organization\",\"@id\":\"https:\/\/www.oarcanjo.net\/site\/#organization\",\"name\":\"Par\u00f3quia S\u00e3o Miguel Arcanjo\",\"url\":\"https:\/\/www.oarcanjo.net\/site\/\",\"logo\":{\"@type\":\"ImageObject\",\"inLanguage\":\"pt-BR\",\"@id\":\"https:\/\/www.oarcanjo.net\/site\/#\/schema\/logo\/image\/\",\"url\":\"https:\/\/www.oarcanjo.net\/site\/wp-content\/uploads\/LogoOArcanjo.png\",\"contentUrl\":\"https:\/\/www.oarcanjo.net\/site\/wp-content\/uploads\/LogoOArcanjo.png\",\"width\":319,\"height\":99,\"caption\":\"Par\u00f3quia S\u00e3o Miguel Arcanjo\"},\"image\":{\"@id\":\"https:\/\/www.oarcanjo.net\/site\/#\/schema\/logo\/image\/\"},\"sameAs\":[\"https:\/\/www.facebook.com\/OArcanjoNoAr\/\"]},{\"@type\":\"Person\",\"@id\":\"https:\/\/www.oarcanjo.net\/site\/#\/schema\/person\/5eb9480bedd2f3c97e430ce128c29c6c\",\"name\":\"danilo\"}]}<\/script>\n<!-- \/ Yoast SEO plugin. -->","yoast_head_json":{"title":"S\u00e3o Jo\u00e3o Gabriel Perboyre - O Arcanjo no ar","robots":{"index":"index","follow":"follow","max-snippet":"max-snippet:-1","max-image-preview":"max-image-preview:large","max-video-preview":"max-video-preview:-1"},"canonical":"https:\/\/www.oarcanjo.net\/site\/sao-joao-gabriel-perboyre\/","og_locale":"pt_BR","og_type":"article","og_title":"S\u00e3o Jo\u00e3o Gabriel Perboyre - O Arcanjo no ar","og_description":"11 de Setembro Jo\u00e3o Gabriel Perboyre nasceu em 5 de janeiro de 1802, em Mongesty, na diocese de Cahors, Fran\u00e7a, numa fam\u00edlia de agricultores, numerosa e profundamente crist\u00e3. Foi o primeiro dos oito filhos do casal, sendo educado para seguir a profiss\u00e3o do pai. Mas o menino era muito piedoso, demonstrando desde a inf\u00e2ncia sua [&hellip;]","og_url":"https:\/\/www.oarcanjo.net\/site\/sao-joao-gabriel-perboyre\/","og_site_name":"O Arcanjo no ar","article_publisher":"https:\/\/www.facebook.com\/OArcanjoNoAr\/","article_published_time":"2017-09-11T03:59:57+00:00","article_modified_time":"2017-07-31T10:10:33+00:00","og_image":[{"url":"http:\/\/4.bp.blogspot.com\/_VsL8VkjSZWw\/SMXzLqB6-8I\/AAAAAAAAALs\/FL92q8kznrM\/s400\/19960602_jean-gabriel_perboyre.jpg"}],"author":"danilo","twitter_card":"summary_large_image","twitter_misc":{"Escrito por":"danilo","Est. tempo de leitura":"2 minutos"},"schema":{"@context":"https:\/\/schema.org","@graph":[{"@type":"Article","@id":"https:\/\/www.oarcanjo.net\/site\/sao-joao-gabriel-perboyre\/#article","isPartOf":{"@id":"https:\/\/www.oarcanjo.net\/site\/sao-joao-gabriel-perboyre\/"},"author":{"name":"danilo","@id":"https:\/\/www.oarcanjo.net\/site\/#\/schema\/person\/5eb9480bedd2f3c97e430ce128c29c6c"},"headline":"S\u00e3o Jo\u00e3o Gabriel Perboyre","datePublished":"2017-09-11T03:59:57+00:00","dateModified":"2017-07-31T10:10:33+00:00","mainEntityOfPage":{"@id":"https:\/\/www.oarcanjo.net\/site\/sao-joao-gabriel-perboyre\/"},"wordCount":359,"commentCount":0,"publisher":{"@id":"https:\/\/www.oarcanjo.net\/site\/#organization"},"image":{"@id":"https:\/\/www.oarcanjo.net\/site\/sao-joao-gabriel-perboyre\/#primaryimage"},"thumbnailUrl":"http:\/\/4.bp.blogspot.com\/_VsL8VkjSZWw\/SMXzLqB6-8I\/AAAAAAAAALs\/FL92q8kznrM\/s400\/19960602_jean-gabriel_perboyre.jpg","articleSection":["Testemunhos"],"inLanguage":"pt-BR","potentialAction":[{"@type":"CommentAction","name":"Comment","target":["https:\/\/www.oarcanjo.net\/site\/sao-joao-gabriel-perboyre\/#respond"]}]},{"@type":"WebPage","@id":"https:\/\/www.oarcanjo.net\/site\/sao-joao-gabriel-perboyre\/","url":"https:\/\/www.oarcanjo.net\/site\/sao-joao-gabriel-perboyre\/","name":"S\u00e3o Jo\u00e3o Gabriel Perboyre - O Arcanjo no ar","isPartOf":{"@id":"https:\/\/www.oarcanjo.net\/site\/#website"},"primaryImageOfPage":{"@id":"https:\/\/www.oarcanjo.net\/site\/sao-joao-gabriel-perboyre\/#primaryimage"},"image":{"@id":"https:\/\/www.oarcanjo.net\/site\/sao-joao-gabriel-perboyre\/#primaryimage"},"thumbnailUrl":"http:\/\/4.bp.blogspot.com\/_VsL8VkjSZWw\/SMXzLqB6-8I\/AAAAAAAAALs\/FL92q8kznrM\/s400\/19960602_jean-gabriel_perboyre.jpg","datePublished":"2017-09-11T03:59:57+00:00","dateModified":"2017-07-31T10:10:33+00:00","breadcrumb":{"@id":"https:\/\/www.oarcanjo.net\/site\/sao-joao-gabriel-perboyre\/#breadcrumb"},"inLanguage":"pt-BR","potentialAction":[{"@type":"ReadAction","target":["https:\/\/www.oarcanjo.net\/site\/sao-joao-gabriel-perboyre\/"]}]},{"@type":"ImageObject","inLanguage":"pt-BR","@id":"https:\/\/www.oarcanjo.net\/site\/sao-joao-gabriel-perboyre\/#primaryimage","url":"http:\/\/4.bp.blogspot.com\/_VsL8VkjSZWw\/SMXzLqB6-8I\/AAAAAAAAALs\/FL92q8kznrM\/s400\/19960602_jean-gabriel_perboyre.jpg","contentUrl":"http:\/\/4.bp.blogspot.com\/_VsL8VkjSZWw\/SMXzLqB6-8I\/AAAAAAAAALs\/FL92q8kznrM\/s400\/19960602_jean-gabriel_perboyre.jpg"},{"@type":"BreadcrumbList","@id":"https:\/\/www.oarcanjo.net\/site\/sao-joao-gabriel-perboyre\/#breadcrumb","itemListElement":[{"@type":"ListItem","position":1,"name":"In\u00edcio","item":"https:\/\/www.oarcanjo.net\/site\/"},{"@type":"ListItem","position":2,"name":"S\u00e3o Jo\u00e3o Gabriel Perboyre"}]},{"@type":"WebSite","@id":"https:\/\/www.oarcanjo.net\/site\/#website","url":"https:\/\/www.oarcanjo.net\/site\/","name":"O Arcanjo no ar","description":"Site da Par\u00f3quia S\u00e3o Miguel Arcanjo (Arquidiocese de SP)","publisher":{"@id":"https:\/\/www.oarcanjo.net\/site\/#organization"},"potentialAction":[{"@type":"SearchAction","target":{"@type":"EntryPoint","urlTemplate":"https:\/\/www.oarcanjo.net\/site\/?s={search_term_string}"},"query-input":{"@type":"PropertyValueSpecification","valueRequired":true,"valueName":"search_term_string"}}],"inLanguage":"pt-BR"},{"@type":"Organization","@id":"https:\/\/www.oarcanjo.net\/site\/#organization","name":"Par\u00f3quia S\u00e3o Miguel Arcanjo","url":"https:\/\/www.oarcanjo.net\/site\/","logo":{"@type":"ImageObject","inLanguage":"pt-BR","@id":"https:\/\/www.oarcanjo.net\/site\/#\/schema\/logo\/image\/","url":"https:\/\/www.oarcanjo.net\/site\/wp-content\/uploads\/LogoOArcanjo.png","contentUrl":"https:\/\/www.oarcanjo.net\/site\/wp-content\/uploads\/LogoOArcanjo.png","width":319,"height":99,"caption":"Par\u00f3quia S\u00e3o Miguel Arcanjo"},"image":{"@id":"https:\/\/www.oarcanjo.net\/site\/#\/schema\/logo\/image\/"},"sameAs":["https:\/\/www.facebook.com\/OArcanjoNoAr\/"]},{"@type":"Person","@id":"https:\/\/www.oarcanjo.net\/site\/#\/schema\/person\/5eb9480bedd2f3c97e430ce128c29c6c","name":"danilo"}]}},"publishpress_future_action":{"enabled":false,"date":"2026-05-09 01:04:12","action":"category","newStatus":"draft","terms":[],"taxonomy":"category"},"publishpress_future_workflow_manual_trigger":{"enabledWorkflows":[]},"_links":{"self":[{"href":"https:\/\/www.oarcanjo.net\/site\/wp-json\/wp\/v2\/posts\/10793"}],"collection":[{"href":"https:\/\/www.oarcanjo.net\/site\/wp-json\/wp\/v2\/posts"}],"about":[{"href":"https:\/\/www.oarcanjo.net\/site\/wp-json\/wp\/v2\/types\/post"}],"author":[{"embeddable":true,"href":"https:\/\/www.oarcanjo.net\/site\/wp-json\/wp\/v2\/users\/14"}],"replies":[{"embeddable":true,"href":"https:\/\/www.oarcanjo.net\/site\/wp-json\/wp\/v2\/comments?post=10793"}],"version-history":[{"count":0,"href":"https:\/\/www.oarcanjo.net\/site\/wp-json\/wp\/v2\/posts\/10793\/revisions"}],"wp:attachment":[{"href":"https:\/\/www.oarcanjo.net\/site\/wp-json\/wp\/v2\/media?parent=10793"}],"wp:term":[{"taxonomy":"category","embeddable":true,"href":"https:\/\/www.oarcanjo.net\/site\/wp-json\/wp\/v2\/categories?post=10793"},{"taxonomy":"post_tag","embeddable":true,"href":"https:\/\/www.oarcanjo.net\/site\/wp-json\/wp\/v2\/tags?post=10793"}],"curies":[{"name":"wp","href":"https:\/\/api.w.org\/{rel}","templated":true}]}}