
{"id":10803,"date":"2010-09-06T13:08:43","date_gmt":"2010-09-06T16:08:43","guid":{"rendered":"http:\/\/www.oarcanjo.net\/site\/?p=10803"},"modified":"2010-09-07T19:50:36","modified_gmt":"2010-09-07T22:50:36","slug":"plebiscito-resgate-da-divida-social-e-construcao-do-desenvolvimento-sustentavel","status":"publish","type":"post","link":"https:\/\/www.oarcanjo.net\/site\/plebiscito-resgate-da-divida-social-e-construcao-do-desenvolvimento-sustentavel\/","title":{"rendered":"Plebiscito: Resgate da d\u00edvida social e constru\u00e7\u00e3o do desenvolvimento sustent\u00e1vel"},"content":{"rendered":"<p>Leia a carta do Conselho Nacional do Laicato do Brasil &#8211; Regional Sul I sobre o Plebiscito pelo Limite da Propriedade da Terra:<!--more--><\/p>\n<p style=\"text-align: right;\"><em>&#8220;Quem diz \u2018Deus\u2019 est\u00e1 dizendo ao mesmo tempo: justi\u00e7a e amor!\u201d<br \/>\nDom Pedro Casald\u00e1liga<\/em><\/p>\n<p>\u00c9 semana da P\u00e1tria! N\u00e3o por acaso, e repleto de simbolismo, dos dias 01 a 07 de setembro, realiza-se no Brasil o Plebiscito Popular pelo Limite de Propriedade da Terra, em defesa da Reforma Agr\u00e1ria e da soberania territorial e alimentar de nosso pa\u00eds.  Terra \u00e9 interpretada de diferentes formas nas diferentes culturas e ci\u00eancias. \u00c9 m\u00e3e, \u00e9 oikos, \u00e9 elemento da natureza, \u00e9 casa, \u00e9 Gaia, \u00e9 vontade que emana do cora\u00e7\u00e3o de Deus! Explos\u00e3o que se cria e evolui&#8230;Parece que num ponto todas convergem: \u00e9 lugar sagrado! \u201cTira as sand\u00e1lias, pois o lugar onde pisa \u00e9 sagrado!\u201d<\/p>\n<p>Nesse lugar, o homem faz sua morada. Cultiva o jardim! Espera e corre, entristece e se alegra, trabalha e descansa, briga e festeja, vive e convive. \u00c9 lugar comum. \u00c9 casa de todos, segundo as diferentes tradi\u00e7\u00f5es.<\/p>\n<p>No processo de desenvolvimento, a terra \u00e9 cercada, transforma-se em mercadoria, num processo de acumula\u00e7\u00e3o. Expropriam-se trabalhadores do campo, formando um ex\u00e9rcito industrial de reserva nas cidades. No Brasil, o processo de industrializa\u00e7\u00e3o tardio e dependente causa um fant\u00e1stico e assustador \u00eaxodo rural, sobretudo a partir dos anos 60, inchando as cidades, formando favelas, perpetuando um paradigma civilizacional dos sem teto, sem terra, sem renda, dos sem nada&#8230;de um dos lados, certamente.<\/p>\n<p>\u00c9 semana da P\u00e1tria! Momento singular para pensar um projeto de na\u00e7\u00e3o, sustent\u00e1vel, em que a propriedade da terra existe e s\u00f3 tem sentido para gerar o bem estar de cada um e de todos. Muitos dos pa\u00edses desenvolvidos tiveram seus projetos de na\u00e7\u00e3o pautados pela reforma agr\u00e1ria e delimita\u00e7\u00e3o do limite m\u00e1ximo de propriedade. Isto n\u00e3o \u00e9 e n\u00e3o foi algo adotado em pa\u00edses de cunho socialista, apenas. Os EUA, Fran\u00e7a, Italia etc adotaram medidas assim. Assim, foi (e \u00e9!) uma necessidade para o pr\u00f3prio desenvolvimento do sistema capitalista de produ\u00e7\u00e3o.<\/p>\n<p>No Brasil, entretanto, a terra tem sido vista como sin\u00ffnimo de poder (consultem os livros de hist\u00f3ria!). Ela \u00e9 tomada dos povos ind\u00edgenas, dividida em capitanias heredit\u00e1rias e a elas s\u00e3o designados donat\u00e1rios (donos). Os herdeiros das mesmas foram adquirindo as terras de seus pais. Outros a compraram, dentro da l\u00f3gica da acumula\u00e7\u00e3o e poder. Conclus\u00e3o: concentra-se a terra e se gera um processo de estrangulamento econ\u00ffmico, pois a falta de renda para a grande maioria e a concentra\u00e7\u00e3o na m\u00e3o de poucos, trazidas substancialmente pela concentra\u00e7\u00e3o fundi\u00e1ria, traduz-se numa n\u00e3o realiza\u00e7\u00e3o do capital na sociedade e a gera\u00e7\u00e3o de um sistema econ\u00ffmico em crise.<\/p>\n<p>O economista Ign\u00e1cio Rangel diria que a terra \u00e9 por excel\u00eancia o impasse ou a possibilidade para o desenvolvimento no Brasil, na medida em que a reforma agr\u00e1ria (realizada como prioridade em pa\u00edses desenvolvidos) gera renda na m\u00e3o das fam\u00edlias, maior consumo na sociedade, aumento da produ\u00e7\u00e3o, mais contrata\u00e7\u00f5es e aumento geral da renda, num multiplicador keynesiano. Entre algumas experi\u00eancias, o exemplo do desenvolvimento da cidade de Promiss\u00e3o, a partir do processo de reforma agr\u00e1ria, comprova a teoria de Rangel. Existe uma Promiss\u00e3o antes e depois da Reforma agr\u00e1ria. O muito na m\u00e3o de poucos, n\u00e3o cultivado, tornou-se pouco na m\u00e3o de muitos, cultiv\u00e1vel, rent\u00e1vel e extremamente produtor de alimentos, que hoje inclusive fornece recursos alimentares para se fazer a merenda em muitas escolas p\u00fablicas de cidade s da regi\u00e3o. Consultem e vejam!<\/p>\n<p>Olhando os dados vemos que 1% dos estabelecimentos rurais, que tem \u00e1rea de mais 1 mil hectares, ocupam 44% de todas as terras, enquanto praticamente 50% dos estabelecimentos (que possuem menos de 10 hectares), ocupam somente, 2,36% da \u00e1rea do pa\u00eds. O Censo do IBGE de 2006 mostra que 84% dos estabelecimentos de agricultura familiar s\u00e3o os grandes respons\u00e1veis pelo emprego de 74% dos trabalhadores do campo. S\u00e3o esses tamb\u00e9m os grandes respons\u00e1veis pela produ\u00e7\u00e3o de alimentos. O mesmo Censo mostra que em 2006, os 16% maiores propriet\u00e1rios de terra possu\u00edam uma \u00e1rea do tamanho das Regi\u00f5es Sudeste e Nordeste juntas. \u00c9 a insustentabilidade do sistema econ\u00ffmico!<\/p>\n<p>\u00c9 semana da P\u00e1tria! A Constitui\u00e7\u00e3o Federal prev\u00ea a possibilidade de participa\u00e7\u00e3o popular na elabora\u00e7\u00e3o de leis e emendas, com abaixo-assinados e plebiscitos. Neste sentido, um Plebiscito pelo Limite da Propriedade da Terra e um Abaixo-assinado est\u00e3o sendo realizados nessa semana. O Plebiscito, que pode ser organizado em qualquer comunidade, com apresenta\u00e7\u00e3o de documento, e respeitadas normas, possui duas perguntas: 1) Voc\u00ea concorda que as grandes propriedades de terra no Brasil devem ter um limite m\u00e1ximo de tamanho? 2) Voc\u00ea concorda que o limite das grandes propriedades de terra no Brasil possibilita aumentar a produ\u00e7\u00e3o de alimentos saud\u00e1veis e melhorar as condi\u00e7\u00f5es de vida no campo e na cidade?  A essas perguntas, responde-se com um sim ou n\u00e3o. Paralelamente a isso, um abaixo-assinado que prev\u00ea um PEC (Programa de Emenda Constitucional) que insere o inciso 5, sobre a fun\u00e7\u00e3o social da terra, no artigo 186 da Constitui\u00e7\u00e3o, est\u00e1 sendo organizado. Ap\u00f3s a realiza\u00e7\u00e3o do plebiscito e abaixo-assinado, estes s\u00e3o enviados ao Congresso Nacional.<\/p>\n<p>Quando se fala em limite m\u00e1ximo da propriedade, a isso n\u00e3o correspondem faixas de terra pequenas, m\u00e9dias e at\u00e9 grandes. Significa sim uma indigna\u00e7\u00e3o diante de propriedades muito grandes e latif\u00fandios. O governo federal considera que um m\u00f3dulo fiscal \u00e9 considerado o m\u00ednimo necess\u00e1rio para garantir a subsist\u00eancia de uma fam\u00edlia na agricultura.  At\u00e9 5 m\u00f3dulos temos uma propriedade familiar e at\u00e9 15 m\u00f3dulos uma propriedade de tamanho m\u00e9dio. A partir da\u00ed, grandes propriedades. Uma das propostas apresentadas, pra ser discutida no Congresso Nacional, \u00e9 que o limite m\u00e1ximo de propriedade seja de 25 m\u00f3dulos. O que passar disso ser\u00e1 incorporado ao patrim\u00ffnio p\u00fablico. O Plebiscito e abaixo assinado querem manifestar, na semana da P\u00e1tria, que a participa\u00e7\u00e3o popular se faz nece ss\u00e1ria para a constru\u00e7\u00e3o de nosso projeto de na\u00e7\u00e3o.<\/p>\n<p>De fato, um novo paradigma se coloca, onde a participa\u00e7\u00e3o popular \u00e9 pr\u00e9-requisito para o desenvolvimento de nosso pa\u00eds como na\u00e7\u00e3o. N\u00e3o \u00e9 poss\u00edvel um continu\u00edsmo que reproduz na ess\u00eancia o sistema de capitanias heredit\u00e1rias, onde terra \u00e9 poder. Terra \u00e9 casa para produzir! Terra \u00e9 casa que precisa ser cuidada! E os dados econ\u00ffmicos nos mostram que a agricultura familiar e a pequena propriedade produzem no conjunto muito mais que os grandes latif\u00fandios (em grande parte, improdutivos). Do ponto de vista ambiental, a propriedade familiar \u00e9 sustent\u00e1vel, na medida em que traz a possibilidade de rotatividade de culturas e cuidado para com a m\u00e3e-terra.<\/p>\n<p>\u00c9 semana da p\u00e1tria! Neste sentido, o plebiscito pelo limite da propriedade e o abaixo-assinado a ele correlato que esta semana est\u00e3o sendo mobilizados por v\u00e1rias frentes, inclusive com o apoio de organismos eclesiais, como n\u00f3s, CONSELHO NACIONAL DO LAICATO DO BRASIL REGIONAL SUL I, \u00e9 caminho para a sustentabilidade de nosso pa\u00eds e a constru\u00e7\u00e3o de um projeto de na\u00e7\u00e3o, onde a dignidade de todos, e n\u00e3o de alguns apenas, \u00e9 respeitada.<\/p>\n<p>Celso Furtado lembra que \u201co desafio que se coloca no umbral do s\u00e9culo XXI \u00e9 nada menos do que mudar o curso da civiliza\u00e7\u00e3o, deslocar seu eixo da l\u00f3gica dos meios a servi\u00e7o da acumula\u00e7\u00e3o num curto horizonte de tempo para uma l\u00f3gica dos fins em fun\u00e7\u00e3o do bem-estar social, do exerc\u00edcio da liberdade e da coopera\u00e7\u00e3o entre os povos\u201d.<\/p>\n<p>Precisamos de um novo paradigma civilizat\u00f3rio, pois o atual chegou ao seu fim e exauriu as possibilidades. A partir da Campanha da Fraternidade de 2010, Economia e Vida, refletimos isso. Um consenso sobre novos valores, que incorporem o humano e o ambiente, \u00e9 necess\u00e1rio para cuidar de Gaia, do oikos, da terra, consenso esse capaz de resgatar o bin\u00ffmio terra-humanidade, numa rela\u00e7\u00e3o de complementaridade: a vida em primeiro lugar! Vida de todos os homens, vida do planeta, vida da terra&#8230;pra sempre, para a edifica\u00e7\u00e3o de uma Civiliza\u00e7\u00e3o do amor!<\/p>\n<p>Conclamamos a todos os crist\u00e3os e crist\u00e3s para que se empenhem em suas Comunidades e Par\u00f3quias, Comunidades Eclesiais de Base e Comunidades de vida, Pastorais, Movimentos e Associa\u00e7\u00f5es Laicais, em coletar assinaturas para o abaixo-assinado e mobilizar o Plebiscito. \u201cTirem as sand\u00e1lias, pois o lugar onde pisam \u00e9 sagrado!\u201d<\/p>\n<p>Luis Antonio Ferreira<br \/>\nPresidente do CNLB Sul I<\/p>\n<p>Alex de Souza Rossi<br \/>\nSecret\u00e1rio Geral do CNLB Sul I<\/p>\n<div id=\"themify_builder_content-10803\" data-postid=\"10803\" class=\"themify_builder_content themify_builder_content-10803 themify_builder themify_builder_front\">\n\t<\/div>\n<!-- \/themify_builder_content -->","protected":false},"excerpt":{"rendered":"<p>Leia a carta do Conselho Nacional do Laicato do Brasil &#8211; Regional Sul I sobre o Plebiscito pelo Limite da Propriedade da Terra:<\/p>\n","protected":false},"author":5,"featured_media":0,"comment_status":"open","ping_status":"open","sticky":false,"template":"","format":"standard","meta":{"ngg_post_thumbnail":0,"footnotes":""},"categories":[3,8],"tags":[44,1706,75,1153,1021,1666,1707],"yoast_head":"<!-- This site is optimized with the Yoast SEO plugin v23.5 - https:\/\/yoast.com\/wordpress\/plugins\/seo\/ -->\n<title>Plebiscito: Resgate da d\u00edvida social e constru\u00e7\u00e3o do desenvolvimento sustent\u00e1vel - O Arcanjo no ar<\/title>\n<meta name=\"robots\" content=\"index, follow, max-snippet:-1, max-image-preview:large, max-video-preview:-1\" \/>\n<link rel=\"canonical\" href=\"https:\/\/www.oarcanjo.net\/site\/plebiscito-resgate-da-divida-social-e-construcao-do-desenvolvimento-sustentavel\/\" \/>\n<meta property=\"og:locale\" content=\"pt_BR\" \/>\n<meta property=\"og:type\" content=\"article\" \/>\n<meta property=\"og:title\" content=\"Plebiscito: Resgate da d\u00edvida social e constru\u00e7\u00e3o do desenvolvimento sustent\u00e1vel - O Arcanjo no ar\" \/>\n<meta property=\"og:description\" content=\"Leia a carta do Conselho Nacional do Laicato do Brasil &#8211; Regional Sul I sobre o Plebiscito pelo Limite da Propriedade da Terra:\" \/>\n<meta property=\"og:url\" content=\"https:\/\/www.oarcanjo.net\/site\/plebiscito-resgate-da-divida-social-e-construcao-do-desenvolvimento-sustentavel\/\" \/>\n<meta property=\"og:site_name\" content=\"O Arcanjo no ar\" \/>\n<meta property=\"article:publisher\" content=\"https:\/\/www.facebook.com\/OArcanjoNoAr\/\" \/>\n<meta property=\"article:published_time\" content=\"2010-09-06T16:08:43+00:00\" \/>\n<meta property=\"article:modified_time\" content=\"2010-09-07T22:50:36+00:00\" \/>\n<meta property=\"og:image\" content=\"https:\/\/www.oarcanjo.net\/site\/wp-content\/uploads\/logo-o-arcanjo-no-ar-facebook.png\" \/>\n\t<meta property=\"og:image:width\" content=\"300\" \/>\n\t<meta property=\"og:image:height\" content=\"300\" \/>\n\t<meta property=\"og:image:type\" content=\"image\/png\" \/>\n<meta name=\"author\" content=\"editor\" \/>\n<meta name=\"twitter:card\" content=\"summary_large_image\" \/>\n<meta name=\"twitter:label1\" content=\"Escrito por\" \/>\n\t<meta name=\"twitter:data1\" content=\"editor\" \/>\n\t<meta name=\"twitter:label2\" content=\"Est. tempo de leitura\" \/>\n\t<meta name=\"twitter:data2\" content=\"7 minutos\" \/>\n<script type=\"application\/ld+json\" class=\"yoast-schema-graph\">{\"@context\":\"https:\/\/schema.org\",\"@graph\":[{\"@type\":\"Article\",\"@id\":\"https:\/\/www.oarcanjo.net\/site\/plebiscito-resgate-da-divida-social-e-construcao-do-desenvolvimento-sustentavel\/#article\",\"isPartOf\":{\"@id\":\"https:\/\/www.oarcanjo.net\/site\/plebiscito-resgate-da-divida-social-e-construcao-do-desenvolvimento-sustentavel\/\"},\"author\":{\"name\":\"editor\",\"@id\":\"https:\/\/www.oarcanjo.net\/site\/#\/schema\/person\/f7024d007863202483a31326673a0838\"},\"headline\":\"Plebiscito: Resgate da d\u00edvida social e constru\u00e7\u00e3o do desenvolvimento sustent\u00e1vel\",\"datePublished\":\"2010-09-06T16:08:43+00:00\",\"dateModified\":\"2010-09-07T22:50:36+00:00\",\"mainEntityOfPage\":{\"@id\":\"https:\/\/www.oarcanjo.net\/site\/plebiscito-resgate-da-divida-social-e-construcao-do-desenvolvimento-sustentavel\/\"},\"wordCount\":1489,\"commentCount\":0,\"publisher\":{\"@id\":\"https:\/\/www.oarcanjo.net\/site\/#organization\"},\"keywords\":[\"grito dos exclu\u00eddos\",\"igualdade social\",\"Justi\u00e7a social\",\"luta pela terra\",\"mobiliza\u00e7\u00e3o popular\",\"plebiscito sobre o limite da propriedade\",\"Semana da P\u00e1tria\"],\"articleSection\":[\"Destaques\",\"Not\u00edcias\"],\"inLanguage\":\"pt-BR\",\"potentialAction\":[{\"@type\":\"CommentAction\",\"name\":\"Comment\",\"target\":[\"https:\/\/www.oarcanjo.net\/site\/plebiscito-resgate-da-divida-social-e-construcao-do-desenvolvimento-sustentavel\/#respond\"]}]},{\"@type\":\"WebPage\",\"@id\":\"https:\/\/www.oarcanjo.net\/site\/plebiscito-resgate-da-divida-social-e-construcao-do-desenvolvimento-sustentavel\/\",\"url\":\"https:\/\/www.oarcanjo.net\/site\/plebiscito-resgate-da-divida-social-e-construcao-do-desenvolvimento-sustentavel\/\",\"name\":\"Plebiscito: Resgate da d\u00edvida social e constru\u00e7\u00e3o do desenvolvimento sustent\u00e1vel - O Arcanjo no ar\",\"isPartOf\":{\"@id\":\"https:\/\/www.oarcanjo.net\/site\/#website\"},\"datePublished\":\"2010-09-06T16:08:43+00:00\",\"dateModified\":\"2010-09-07T22:50:36+00:00\",\"breadcrumb\":{\"@id\":\"https:\/\/www.oarcanjo.net\/site\/plebiscito-resgate-da-divida-social-e-construcao-do-desenvolvimento-sustentavel\/#breadcrumb\"},\"inLanguage\":\"pt-BR\",\"potentialAction\":[{\"@type\":\"ReadAction\",\"target\":[\"https:\/\/www.oarcanjo.net\/site\/plebiscito-resgate-da-divida-social-e-construcao-do-desenvolvimento-sustentavel\/\"]}]},{\"@type\":\"BreadcrumbList\",\"@id\":\"https:\/\/www.oarcanjo.net\/site\/plebiscito-resgate-da-divida-social-e-construcao-do-desenvolvimento-sustentavel\/#breadcrumb\",\"itemListElement\":[{\"@type\":\"ListItem\",\"position\":1,\"name\":\"In\u00edcio\",\"item\":\"https:\/\/www.oarcanjo.net\/site\/\"},{\"@type\":\"ListItem\",\"position\":2,\"name\":\"Plebiscito: Resgate da d\u00edvida social e constru\u00e7\u00e3o do desenvolvimento sustent\u00e1vel\"}]},{\"@type\":\"WebSite\",\"@id\":\"https:\/\/www.oarcanjo.net\/site\/#website\",\"url\":\"https:\/\/www.oarcanjo.net\/site\/\",\"name\":\"O Arcanjo no ar\",\"description\":\"Site da Par\u00f3quia S\u00e3o Miguel Arcanjo (Arquidiocese de SP)\",\"publisher\":{\"@id\":\"https:\/\/www.oarcanjo.net\/site\/#organization\"},\"potentialAction\":[{\"@type\":\"SearchAction\",\"target\":{\"@type\":\"EntryPoint\",\"urlTemplate\":\"https:\/\/www.oarcanjo.net\/site\/?s={search_term_string}\"},\"query-input\":{\"@type\":\"PropertyValueSpecification\",\"valueRequired\":true,\"valueName\":\"search_term_string\"}}],\"inLanguage\":\"pt-BR\"},{\"@type\":\"Organization\",\"@id\":\"https:\/\/www.oarcanjo.net\/site\/#organization\",\"name\":\"Par\u00f3quia S\u00e3o Miguel Arcanjo\",\"url\":\"https:\/\/www.oarcanjo.net\/site\/\",\"logo\":{\"@type\":\"ImageObject\",\"inLanguage\":\"pt-BR\",\"@id\":\"https:\/\/www.oarcanjo.net\/site\/#\/schema\/logo\/image\/\",\"url\":\"https:\/\/www.oarcanjo.net\/site\/wp-content\/uploads\/LogoOArcanjo.png\",\"contentUrl\":\"https:\/\/www.oarcanjo.net\/site\/wp-content\/uploads\/LogoOArcanjo.png\",\"width\":319,\"height\":99,\"caption\":\"Par\u00f3quia S\u00e3o Miguel Arcanjo\"},\"image\":{\"@id\":\"https:\/\/www.oarcanjo.net\/site\/#\/schema\/logo\/image\/\"},\"sameAs\":[\"https:\/\/www.facebook.com\/OArcanjoNoAr\/\"]},{\"@type\":\"Person\",\"@id\":\"https:\/\/www.oarcanjo.net\/site\/#\/schema\/person\/f7024d007863202483a31326673a0838\",\"name\":\"editor\",\"sameAs\":[\"http:\/\/www.oarcanjo.net\"]}]}<\/script>\n<!-- \/ Yoast SEO plugin. -->","yoast_head_json":{"title":"Plebiscito: Resgate da d\u00edvida social e constru\u00e7\u00e3o do desenvolvimento sustent\u00e1vel - O Arcanjo no ar","robots":{"index":"index","follow":"follow","max-snippet":"max-snippet:-1","max-image-preview":"max-image-preview:large","max-video-preview":"max-video-preview:-1"},"canonical":"https:\/\/www.oarcanjo.net\/site\/plebiscito-resgate-da-divida-social-e-construcao-do-desenvolvimento-sustentavel\/","og_locale":"pt_BR","og_type":"article","og_title":"Plebiscito: Resgate da d\u00edvida social e constru\u00e7\u00e3o do desenvolvimento sustent\u00e1vel - O Arcanjo no ar","og_description":"Leia a carta do Conselho Nacional do Laicato do Brasil &#8211; Regional Sul I sobre o Plebiscito pelo Limite da Propriedade da Terra:","og_url":"https:\/\/www.oarcanjo.net\/site\/plebiscito-resgate-da-divida-social-e-construcao-do-desenvolvimento-sustentavel\/","og_site_name":"O Arcanjo no ar","article_publisher":"https:\/\/www.facebook.com\/OArcanjoNoAr\/","article_published_time":"2010-09-06T16:08:43+00:00","article_modified_time":"2010-09-07T22:50:36+00:00","og_image":[{"width":300,"height":300,"url":"https:\/\/www.oarcanjo.net\/site\/wp-content\/uploads\/logo-o-arcanjo-no-ar-facebook.png","type":"image\/png"}],"author":"editor","twitter_card":"summary_large_image","twitter_misc":{"Escrito por":"editor","Est. tempo de leitura":"7 minutos"},"schema":{"@context":"https:\/\/schema.org","@graph":[{"@type":"Article","@id":"https:\/\/www.oarcanjo.net\/site\/plebiscito-resgate-da-divida-social-e-construcao-do-desenvolvimento-sustentavel\/#article","isPartOf":{"@id":"https:\/\/www.oarcanjo.net\/site\/plebiscito-resgate-da-divida-social-e-construcao-do-desenvolvimento-sustentavel\/"},"author":{"name":"editor","@id":"https:\/\/www.oarcanjo.net\/site\/#\/schema\/person\/f7024d007863202483a31326673a0838"},"headline":"Plebiscito: Resgate da d\u00edvida social e constru\u00e7\u00e3o do desenvolvimento sustent\u00e1vel","datePublished":"2010-09-06T16:08:43+00:00","dateModified":"2010-09-07T22:50:36+00:00","mainEntityOfPage":{"@id":"https:\/\/www.oarcanjo.net\/site\/plebiscito-resgate-da-divida-social-e-construcao-do-desenvolvimento-sustentavel\/"},"wordCount":1489,"commentCount":0,"publisher":{"@id":"https:\/\/www.oarcanjo.net\/site\/#organization"},"keywords":["grito dos exclu\u00eddos","igualdade social","Justi\u00e7a social","luta pela terra","mobiliza\u00e7\u00e3o popular","plebiscito sobre o limite da propriedade","Semana da P\u00e1tria"],"articleSection":["Destaques","Not\u00edcias"],"inLanguage":"pt-BR","potentialAction":[{"@type":"CommentAction","name":"Comment","target":["https:\/\/www.oarcanjo.net\/site\/plebiscito-resgate-da-divida-social-e-construcao-do-desenvolvimento-sustentavel\/#respond"]}]},{"@type":"WebPage","@id":"https:\/\/www.oarcanjo.net\/site\/plebiscito-resgate-da-divida-social-e-construcao-do-desenvolvimento-sustentavel\/","url":"https:\/\/www.oarcanjo.net\/site\/plebiscito-resgate-da-divida-social-e-construcao-do-desenvolvimento-sustentavel\/","name":"Plebiscito: Resgate da d\u00edvida social e constru\u00e7\u00e3o do desenvolvimento sustent\u00e1vel - O Arcanjo no ar","isPartOf":{"@id":"https:\/\/www.oarcanjo.net\/site\/#website"},"datePublished":"2010-09-06T16:08:43+00:00","dateModified":"2010-09-07T22:50:36+00:00","breadcrumb":{"@id":"https:\/\/www.oarcanjo.net\/site\/plebiscito-resgate-da-divida-social-e-construcao-do-desenvolvimento-sustentavel\/#breadcrumb"},"inLanguage":"pt-BR","potentialAction":[{"@type":"ReadAction","target":["https:\/\/www.oarcanjo.net\/site\/plebiscito-resgate-da-divida-social-e-construcao-do-desenvolvimento-sustentavel\/"]}]},{"@type":"BreadcrumbList","@id":"https:\/\/www.oarcanjo.net\/site\/plebiscito-resgate-da-divida-social-e-construcao-do-desenvolvimento-sustentavel\/#breadcrumb","itemListElement":[{"@type":"ListItem","position":1,"name":"In\u00edcio","item":"https:\/\/www.oarcanjo.net\/site\/"},{"@type":"ListItem","position":2,"name":"Plebiscito: Resgate da d\u00edvida social e constru\u00e7\u00e3o do desenvolvimento sustent\u00e1vel"}]},{"@type":"WebSite","@id":"https:\/\/www.oarcanjo.net\/site\/#website","url":"https:\/\/www.oarcanjo.net\/site\/","name":"O Arcanjo no ar","description":"Site da Par\u00f3quia S\u00e3o Miguel Arcanjo (Arquidiocese de SP)","publisher":{"@id":"https:\/\/www.oarcanjo.net\/site\/#organization"},"potentialAction":[{"@type":"SearchAction","target":{"@type":"EntryPoint","urlTemplate":"https:\/\/www.oarcanjo.net\/site\/?s={search_term_string}"},"query-input":{"@type":"PropertyValueSpecification","valueRequired":true,"valueName":"search_term_string"}}],"inLanguage":"pt-BR"},{"@type":"Organization","@id":"https:\/\/www.oarcanjo.net\/site\/#organization","name":"Par\u00f3quia S\u00e3o Miguel Arcanjo","url":"https:\/\/www.oarcanjo.net\/site\/","logo":{"@type":"ImageObject","inLanguage":"pt-BR","@id":"https:\/\/www.oarcanjo.net\/site\/#\/schema\/logo\/image\/","url":"https:\/\/www.oarcanjo.net\/site\/wp-content\/uploads\/LogoOArcanjo.png","contentUrl":"https:\/\/www.oarcanjo.net\/site\/wp-content\/uploads\/LogoOArcanjo.png","width":319,"height":99,"caption":"Par\u00f3quia S\u00e3o Miguel Arcanjo"},"image":{"@id":"https:\/\/www.oarcanjo.net\/site\/#\/schema\/logo\/image\/"},"sameAs":["https:\/\/www.facebook.com\/OArcanjoNoAr\/"]},{"@type":"Person","@id":"https:\/\/www.oarcanjo.net\/site\/#\/schema\/person\/f7024d007863202483a31326673a0838","name":"editor","sameAs":["http:\/\/www.oarcanjo.net"]}]}},"publishpress_future_action":{"enabled":false,"date":"2026-05-07 10:09:03","action":"category","newStatus":"draft","terms":[],"taxonomy":"category"},"publishpress_future_workflow_manual_trigger":{"enabledWorkflows":[]},"_links":{"self":[{"href":"https:\/\/www.oarcanjo.net\/site\/wp-json\/wp\/v2\/posts\/10803"}],"collection":[{"href":"https:\/\/www.oarcanjo.net\/site\/wp-json\/wp\/v2\/posts"}],"about":[{"href":"https:\/\/www.oarcanjo.net\/site\/wp-json\/wp\/v2\/types\/post"}],"author":[{"embeddable":true,"href":"https:\/\/www.oarcanjo.net\/site\/wp-json\/wp\/v2\/users\/5"}],"replies":[{"embeddable":true,"href":"https:\/\/www.oarcanjo.net\/site\/wp-json\/wp\/v2\/comments?post=10803"}],"version-history":[{"count":0,"href":"https:\/\/www.oarcanjo.net\/site\/wp-json\/wp\/v2\/posts\/10803\/revisions"}],"wp:attachment":[{"href":"https:\/\/www.oarcanjo.net\/site\/wp-json\/wp\/v2\/media?parent=10803"}],"wp:term":[{"taxonomy":"category","embeddable":true,"href":"https:\/\/www.oarcanjo.net\/site\/wp-json\/wp\/v2\/categories?post=10803"},{"taxonomy":"post_tag","embeddable":true,"href":"https:\/\/www.oarcanjo.net\/site\/wp-json\/wp\/v2\/tags?post=10803"}],"curies":[{"name":"wp","href":"https:\/\/api.w.org\/{rel}","templated":true}]}}