
{"id":10817,"date":"2017-09-13T00:00:04","date_gmt":"2017-09-13T03:00:04","guid":{"rendered":"http:\/\/www.oarcanjo.net\/site\/?p=10817"},"modified":"2017-07-31T07:10:06","modified_gmt":"2017-07-31T10:10:06","slug":"sao-maurilio-de-angers","status":"publish","type":"post","link":"https:\/\/www.oarcanjo.net\/site\/sao-maurilio-de-angers\/","title":{"rendered":"S\u00e3o Maur\u00edlio de Angers"},"content":{"rendered":"<p><img loading=\"lazy\" decoding=\"async\" src=\"http:\/\/1.bp.blogspot.com\/_H_QQWfUIxFY\/SqO0MOwfNsI\/AAAAAAAAAdU\/AAqvntUxxTY\/s400\/Maur%C3%ADlio+de+Angers+Santo.jpg\" alt=\"\" width=\"150\" height=\"190\" \/><\/p>\n<p>13 de Setembro<\/p>\n<p>Maur\u00edlio nasceu na segunda metade do s\u00e9culo IV, em Mil\u00e3o, na It\u00e1lia. Na juventude, viajou para a G\u00e1lia, agora Fran\u00e7a, atra\u00eddo pela fama do bispo mais ilustre de sua \u00e9poca, Martinho de Tours.<\/p>\n<p>Naquela \u00e9poca, a regi\u00e3o da G\u00e1lia tinha muito pouco conhecimento do Evangelho. J\u00e1 existiam v\u00e1rios bispos destacados pelas cidades, mas o cristianismo era um fen\u00f4meno particularmente urbano e poucos camponeses tinham acesso aos ensinamentos. A finalidade da miss\u00e3o de Maur\u00edlio era essa. Ap\u00f3s sua ordena\u00e7\u00e3o sacerdotal, saiu em miss\u00e3o para evangelizar os camponeses dos campos mais distantes das cidades.<\/p>\n<p>Ent\u00e3o, Maur\u00edlio entregou-se, de corpo e alma, \u00e0 vida de prega\u00e7\u00e3o, sempre pronto a ajudar os pobres e doentes. Seu esfor\u00e7o teve muito \u00eaxito, pois, em 423, chegou \u00e0 sua regi\u00e3o uma delega\u00e7\u00e3o de camponeses, que lhe pediram para ser o bispo de sua localidade. Maur\u00edlio recebeu, ent\u00e3o, a sua consagra\u00e7\u00e3o episcopal e iniciou um minist\u00e9rio que durou cerca de trinta anos.<\/p>\n<p>Foi assim que Maur\u00edlio tornou-se muito respeitado e amado pelos humildes lavradores. A voz da tradi\u00e7\u00e3o popular conta-nos as hist\u00f3rias de v\u00e1rios prod\u00edgios ocorridos por sua intercess\u00e3o. Com isso ganhou fama de santidade, que foi passada, ao longo do tempo, para as gera\u00e7\u00f5es crist\u00e3s.<\/p>\n<p>O que fez com que Maur\u00edlio se torna-se padroeiro dos jardineiros foi a sua demora para batizar um menino, que acabou falecendo sem o sacramento. Sentindo-se culpado, abandonou a diocese e foi para a Inglaterra, onde se transformou num jardineiro. Mas ele foi chamado de volta e aceitou continuar seu episcopado.<\/p>\n<p>O bispo Maur\u00edlio morreu em Angers, na Fran\u00e7a, em 13 de setembro de 453, onde foi sepultado na igreja que recebeu seu nome. Em 1239, suas rel\u00edquias foram colocadas em uma nova urna, mas depois de muitos s\u00e9culos acabaram se perdendo, quando, em 1791, a igreja foi demolida. Entretanto uma pequena parte foi salva e encontra-se, hoje, sob a guarda da catedral de Angers, da qual s\u00e3o Maur\u00edlio \u00e9 o padroeiro, sendo celebrado no dia de sua morte.<\/p>\n<div id=\"themify_builder_content-10817\" data-postid=\"10817\" class=\"themify_builder_content themify_builder_content-10817 themify_builder themify_builder_front\">\n\t<\/div>\n<!-- \/themify_builder_content -->","protected":false},"excerpt":{"rendered":"<p>13 de Setembro Maur\u00edlio nasceu na segunda metade do s\u00e9culo IV, em Mil\u00e3o, na It\u00e1lia. Na juventude, viajou para a G\u00e1lia, agora Fran\u00e7a, atra\u00eddo pela fama do bispo mais ilustre de sua \u00e9poca, Martinho de Tours. Naquela \u00e9poca, a regi\u00e3o da G\u00e1lia tinha muito pouco conhecimento do Evangelho. J\u00e1 existiam v\u00e1rios bispos destacados pelas cidades, [&hellip;]<\/p>\n","protected":false},"author":14,"featured_media":0,"comment_status":"open","ping_status":"open","sticky":false,"template":"","format":"standard","meta":{"ngg_post_thumbnail":0,"footnotes":""},"categories":[186],"tags":[],"yoast_head":"<!-- This site is optimized with the Yoast SEO plugin v23.5 - https:\/\/yoast.com\/wordpress\/plugins\/seo\/ -->\n<title>S\u00e3o Maur\u00edlio de Angers - O Arcanjo no ar<\/title>\n<meta name=\"robots\" content=\"index, follow, max-snippet:-1, max-image-preview:large, max-video-preview:-1\" \/>\n<link rel=\"canonical\" href=\"https:\/\/www.oarcanjo.net\/site\/sao-maurilio-de-angers\/\" \/>\n<meta property=\"og:locale\" content=\"pt_BR\" \/>\n<meta property=\"og:type\" content=\"article\" \/>\n<meta property=\"og:title\" content=\"S\u00e3o Maur\u00edlio de Angers - O Arcanjo no ar\" \/>\n<meta property=\"og:description\" content=\"13 de Setembro Maur\u00edlio nasceu na segunda metade do s\u00e9culo IV, em Mil\u00e3o, na It\u00e1lia. Na juventude, viajou para a G\u00e1lia, agora Fran\u00e7a, atra\u00eddo pela fama do bispo mais ilustre de sua \u00e9poca, Martinho de Tours. Naquela \u00e9poca, a regi\u00e3o da G\u00e1lia tinha muito pouco conhecimento do Evangelho. J\u00e1 existiam v\u00e1rios bispos destacados pelas cidades, [&hellip;]\" \/>\n<meta property=\"og:url\" content=\"https:\/\/www.oarcanjo.net\/site\/sao-maurilio-de-angers\/\" \/>\n<meta property=\"og:site_name\" content=\"O Arcanjo no ar\" \/>\n<meta property=\"article:publisher\" content=\"https:\/\/www.facebook.com\/OArcanjoNoAr\/\" \/>\n<meta property=\"article:published_time\" content=\"2017-09-13T03:00:04+00:00\" \/>\n<meta property=\"article:modified_time\" content=\"2017-07-31T10:10:06+00:00\" \/>\n<meta property=\"og:image\" content=\"http:\/\/1.bp.blogspot.com\/_H_QQWfUIxFY\/SqO0MOwfNsI\/AAAAAAAAAdU\/AAqvntUxxTY\/s400\/Maur%C3%ADlio+de+Angers+Santo.jpg\" \/>\n<meta name=\"author\" content=\"danilo\" \/>\n<meta name=\"twitter:card\" content=\"summary_large_image\" \/>\n<meta name=\"twitter:label1\" content=\"Escrito por\" \/>\n\t<meta name=\"twitter:data1\" content=\"danilo\" \/>\n\t<meta name=\"twitter:label2\" content=\"Est. tempo de leitura\" \/>\n\t<meta name=\"twitter:data2\" content=\"2 minutos\" \/>\n<script type=\"application\/ld+json\" class=\"yoast-schema-graph\">{\"@context\":\"https:\/\/schema.org\",\"@graph\":[{\"@type\":\"Article\",\"@id\":\"https:\/\/www.oarcanjo.net\/site\/sao-maurilio-de-angers\/#article\",\"isPartOf\":{\"@id\":\"https:\/\/www.oarcanjo.net\/site\/sao-maurilio-de-angers\/\"},\"author\":{\"name\":\"danilo\",\"@id\":\"https:\/\/www.oarcanjo.net\/site\/#\/schema\/person\/5eb9480bedd2f3c97e430ce128c29c6c\"},\"headline\":\"S\u00e3o Maur\u00edlio de Angers\",\"datePublished\":\"2017-09-13T03:00:04+00:00\",\"dateModified\":\"2017-07-31T10:10:06+00:00\",\"mainEntityOfPage\":{\"@id\":\"https:\/\/www.oarcanjo.net\/site\/sao-maurilio-de-angers\/\"},\"wordCount\":368,\"commentCount\":0,\"publisher\":{\"@id\":\"https:\/\/www.oarcanjo.net\/site\/#organization\"},\"image\":{\"@id\":\"https:\/\/www.oarcanjo.net\/site\/sao-maurilio-de-angers\/#primaryimage\"},\"thumbnailUrl\":\"http:\/\/1.bp.blogspot.com\/_H_QQWfUIxFY\/SqO0MOwfNsI\/AAAAAAAAAdU\/AAqvntUxxTY\/s400\/Maur%C3%ADlio+de+Angers+Santo.jpg\",\"articleSection\":[\"Testemunhos\"],\"inLanguage\":\"pt-BR\",\"potentialAction\":[{\"@type\":\"CommentAction\",\"name\":\"Comment\",\"target\":[\"https:\/\/www.oarcanjo.net\/site\/sao-maurilio-de-angers\/#respond\"]}]},{\"@type\":\"WebPage\",\"@id\":\"https:\/\/www.oarcanjo.net\/site\/sao-maurilio-de-angers\/\",\"url\":\"https:\/\/www.oarcanjo.net\/site\/sao-maurilio-de-angers\/\",\"name\":\"S\u00e3o Maur\u00edlio de Angers - O Arcanjo no ar\",\"isPartOf\":{\"@id\":\"https:\/\/www.oarcanjo.net\/site\/#website\"},\"primaryImageOfPage\":{\"@id\":\"https:\/\/www.oarcanjo.net\/site\/sao-maurilio-de-angers\/#primaryimage\"},\"image\":{\"@id\":\"https:\/\/www.oarcanjo.net\/site\/sao-maurilio-de-angers\/#primaryimage\"},\"thumbnailUrl\":\"http:\/\/1.bp.blogspot.com\/_H_QQWfUIxFY\/SqO0MOwfNsI\/AAAAAAAAAdU\/AAqvntUxxTY\/s400\/Maur%C3%ADlio+de+Angers+Santo.jpg\",\"datePublished\":\"2017-09-13T03:00:04+00:00\",\"dateModified\":\"2017-07-31T10:10:06+00:00\",\"breadcrumb\":{\"@id\":\"https:\/\/www.oarcanjo.net\/site\/sao-maurilio-de-angers\/#breadcrumb\"},\"inLanguage\":\"pt-BR\",\"potentialAction\":[{\"@type\":\"ReadAction\",\"target\":[\"https:\/\/www.oarcanjo.net\/site\/sao-maurilio-de-angers\/\"]}]},{\"@type\":\"ImageObject\",\"inLanguage\":\"pt-BR\",\"@id\":\"https:\/\/www.oarcanjo.net\/site\/sao-maurilio-de-angers\/#primaryimage\",\"url\":\"http:\/\/1.bp.blogspot.com\/_H_QQWfUIxFY\/SqO0MOwfNsI\/AAAAAAAAAdU\/AAqvntUxxTY\/s400\/Maur%C3%ADlio+de+Angers+Santo.jpg\",\"contentUrl\":\"http:\/\/1.bp.blogspot.com\/_H_QQWfUIxFY\/SqO0MOwfNsI\/AAAAAAAAAdU\/AAqvntUxxTY\/s400\/Maur%C3%ADlio+de+Angers+Santo.jpg\"},{\"@type\":\"BreadcrumbList\",\"@id\":\"https:\/\/www.oarcanjo.net\/site\/sao-maurilio-de-angers\/#breadcrumb\",\"itemListElement\":[{\"@type\":\"ListItem\",\"position\":1,\"name\":\"In\u00edcio\",\"item\":\"https:\/\/www.oarcanjo.net\/site\/\"},{\"@type\":\"ListItem\",\"position\":2,\"name\":\"S\u00e3o Maur\u00edlio de Angers\"}]},{\"@type\":\"WebSite\",\"@id\":\"https:\/\/www.oarcanjo.net\/site\/#website\",\"url\":\"https:\/\/www.oarcanjo.net\/site\/\",\"name\":\"O Arcanjo no ar\",\"description\":\"Site da Par\u00f3quia S\u00e3o Miguel Arcanjo (Arquidiocese de SP)\",\"publisher\":{\"@id\":\"https:\/\/www.oarcanjo.net\/site\/#organization\"},\"potentialAction\":[{\"@type\":\"SearchAction\",\"target\":{\"@type\":\"EntryPoint\",\"urlTemplate\":\"https:\/\/www.oarcanjo.net\/site\/?s={search_term_string}\"},\"query-input\":{\"@type\":\"PropertyValueSpecification\",\"valueRequired\":true,\"valueName\":\"search_term_string\"}}],\"inLanguage\":\"pt-BR\"},{\"@type\":\"Organization\",\"@id\":\"https:\/\/www.oarcanjo.net\/site\/#organization\",\"name\":\"Par\u00f3quia S\u00e3o Miguel Arcanjo\",\"url\":\"https:\/\/www.oarcanjo.net\/site\/\",\"logo\":{\"@type\":\"ImageObject\",\"inLanguage\":\"pt-BR\",\"@id\":\"https:\/\/www.oarcanjo.net\/site\/#\/schema\/logo\/image\/\",\"url\":\"https:\/\/www.oarcanjo.net\/site\/wp-content\/uploads\/LogoOArcanjo.png\",\"contentUrl\":\"https:\/\/www.oarcanjo.net\/site\/wp-content\/uploads\/LogoOArcanjo.png\",\"width\":319,\"height\":99,\"caption\":\"Par\u00f3quia S\u00e3o Miguel Arcanjo\"},\"image\":{\"@id\":\"https:\/\/www.oarcanjo.net\/site\/#\/schema\/logo\/image\/\"},\"sameAs\":[\"https:\/\/www.facebook.com\/OArcanjoNoAr\/\"]},{\"@type\":\"Person\",\"@id\":\"https:\/\/www.oarcanjo.net\/site\/#\/schema\/person\/5eb9480bedd2f3c97e430ce128c29c6c\",\"name\":\"danilo\"}]}<\/script>\n<!-- \/ Yoast SEO plugin. -->","yoast_head_json":{"title":"S\u00e3o Maur\u00edlio de Angers - O Arcanjo no ar","robots":{"index":"index","follow":"follow","max-snippet":"max-snippet:-1","max-image-preview":"max-image-preview:large","max-video-preview":"max-video-preview:-1"},"canonical":"https:\/\/www.oarcanjo.net\/site\/sao-maurilio-de-angers\/","og_locale":"pt_BR","og_type":"article","og_title":"S\u00e3o Maur\u00edlio de Angers - O Arcanjo no ar","og_description":"13 de Setembro Maur\u00edlio nasceu na segunda metade do s\u00e9culo IV, em Mil\u00e3o, na It\u00e1lia. Na juventude, viajou para a G\u00e1lia, agora Fran\u00e7a, atra\u00eddo pela fama do bispo mais ilustre de sua \u00e9poca, Martinho de Tours. Naquela \u00e9poca, a regi\u00e3o da G\u00e1lia tinha muito pouco conhecimento do Evangelho. J\u00e1 existiam v\u00e1rios bispos destacados pelas cidades, [&hellip;]","og_url":"https:\/\/www.oarcanjo.net\/site\/sao-maurilio-de-angers\/","og_site_name":"O Arcanjo no ar","article_publisher":"https:\/\/www.facebook.com\/OArcanjoNoAr\/","article_published_time":"2017-09-13T03:00:04+00:00","article_modified_time":"2017-07-31T10:10:06+00:00","og_image":[{"url":"http:\/\/1.bp.blogspot.com\/_H_QQWfUIxFY\/SqO0MOwfNsI\/AAAAAAAAAdU\/AAqvntUxxTY\/s400\/Maur%C3%ADlio+de+Angers+Santo.jpg"}],"author":"danilo","twitter_card":"summary_large_image","twitter_misc":{"Escrito por":"danilo","Est. tempo de leitura":"2 minutos"},"schema":{"@context":"https:\/\/schema.org","@graph":[{"@type":"Article","@id":"https:\/\/www.oarcanjo.net\/site\/sao-maurilio-de-angers\/#article","isPartOf":{"@id":"https:\/\/www.oarcanjo.net\/site\/sao-maurilio-de-angers\/"},"author":{"name":"danilo","@id":"https:\/\/www.oarcanjo.net\/site\/#\/schema\/person\/5eb9480bedd2f3c97e430ce128c29c6c"},"headline":"S\u00e3o Maur\u00edlio de Angers","datePublished":"2017-09-13T03:00:04+00:00","dateModified":"2017-07-31T10:10:06+00:00","mainEntityOfPage":{"@id":"https:\/\/www.oarcanjo.net\/site\/sao-maurilio-de-angers\/"},"wordCount":368,"commentCount":0,"publisher":{"@id":"https:\/\/www.oarcanjo.net\/site\/#organization"},"image":{"@id":"https:\/\/www.oarcanjo.net\/site\/sao-maurilio-de-angers\/#primaryimage"},"thumbnailUrl":"http:\/\/1.bp.blogspot.com\/_H_QQWfUIxFY\/SqO0MOwfNsI\/AAAAAAAAAdU\/AAqvntUxxTY\/s400\/Maur%C3%ADlio+de+Angers+Santo.jpg","articleSection":["Testemunhos"],"inLanguage":"pt-BR","potentialAction":[{"@type":"CommentAction","name":"Comment","target":["https:\/\/www.oarcanjo.net\/site\/sao-maurilio-de-angers\/#respond"]}]},{"@type":"WebPage","@id":"https:\/\/www.oarcanjo.net\/site\/sao-maurilio-de-angers\/","url":"https:\/\/www.oarcanjo.net\/site\/sao-maurilio-de-angers\/","name":"S\u00e3o Maur\u00edlio de Angers - O Arcanjo no ar","isPartOf":{"@id":"https:\/\/www.oarcanjo.net\/site\/#website"},"primaryImageOfPage":{"@id":"https:\/\/www.oarcanjo.net\/site\/sao-maurilio-de-angers\/#primaryimage"},"image":{"@id":"https:\/\/www.oarcanjo.net\/site\/sao-maurilio-de-angers\/#primaryimage"},"thumbnailUrl":"http:\/\/1.bp.blogspot.com\/_H_QQWfUIxFY\/SqO0MOwfNsI\/AAAAAAAAAdU\/AAqvntUxxTY\/s400\/Maur%C3%ADlio+de+Angers+Santo.jpg","datePublished":"2017-09-13T03:00:04+00:00","dateModified":"2017-07-31T10:10:06+00:00","breadcrumb":{"@id":"https:\/\/www.oarcanjo.net\/site\/sao-maurilio-de-angers\/#breadcrumb"},"inLanguage":"pt-BR","potentialAction":[{"@type":"ReadAction","target":["https:\/\/www.oarcanjo.net\/site\/sao-maurilio-de-angers\/"]}]},{"@type":"ImageObject","inLanguage":"pt-BR","@id":"https:\/\/www.oarcanjo.net\/site\/sao-maurilio-de-angers\/#primaryimage","url":"http:\/\/1.bp.blogspot.com\/_H_QQWfUIxFY\/SqO0MOwfNsI\/AAAAAAAAAdU\/AAqvntUxxTY\/s400\/Maur%C3%ADlio+de+Angers+Santo.jpg","contentUrl":"http:\/\/1.bp.blogspot.com\/_H_QQWfUIxFY\/SqO0MOwfNsI\/AAAAAAAAAdU\/AAqvntUxxTY\/s400\/Maur%C3%ADlio+de+Angers+Santo.jpg"},{"@type":"BreadcrumbList","@id":"https:\/\/www.oarcanjo.net\/site\/sao-maurilio-de-angers\/#breadcrumb","itemListElement":[{"@type":"ListItem","position":1,"name":"In\u00edcio","item":"https:\/\/www.oarcanjo.net\/site\/"},{"@type":"ListItem","position":2,"name":"S\u00e3o Maur\u00edlio de Angers"}]},{"@type":"WebSite","@id":"https:\/\/www.oarcanjo.net\/site\/#website","url":"https:\/\/www.oarcanjo.net\/site\/","name":"O Arcanjo no ar","description":"Site da Par\u00f3quia S\u00e3o Miguel Arcanjo (Arquidiocese de SP)","publisher":{"@id":"https:\/\/www.oarcanjo.net\/site\/#organization"},"potentialAction":[{"@type":"SearchAction","target":{"@type":"EntryPoint","urlTemplate":"https:\/\/www.oarcanjo.net\/site\/?s={search_term_string}"},"query-input":{"@type":"PropertyValueSpecification","valueRequired":true,"valueName":"search_term_string"}}],"inLanguage":"pt-BR"},{"@type":"Organization","@id":"https:\/\/www.oarcanjo.net\/site\/#organization","name":"Par\u00f3quia S\u00e3o Miguel Arcanjo","url":"https:\/\/www.oarcanjo.net\/site\/","logo":{"@type":"ImageObject","inLanguage":"pt-BR","@id":"https:\/\/www.oarcanjo.net\/site\/#\/schema\/logo\/image\/","url":"https:\/\/www.oarcanjo.net\/site\/wp-content\/uploads\/LogoOArcanjo.png","contentUrl":"https:\/\/www.oarcanjo.net\/site\/wp-content\/uploads\/LogoOArcanjo.png","width":319,"height":99,"caption":"Par\u00f3quia S\u00e3o Miguel Arcanjo"},"image":{"@id":"https:\/\/www.oarcanjo.net\/site\/#\/schema\/logo\/image\/"},"sameAs":["https:\/\/www.facebook.com\/OArcanjoNoAr\/"]},{"@type":"Person","@id":"https:\/\/www.oarcanjo.net\/site\/#\/schema\/person\/5eb9480bedd2f3c97e430ce128c29c6c","name":"danilo"}]}},"publishpress_future_action":{"enabled":false,"date":"2026-05-09 01:05:16","action":"category","newStatus":"draft","terms":[],"taxonomy":"category"},"publishpress_future_workflow_manual_trigger":{"enabledWorkflows":[]},"_links":{"self":[{"href":"https:\/\/www.oarcanjo.net\/site\/wp-json\/wp\/v2\/posts\/10817"}],"collection":[{"href":"https:\/\/www.oarcanjo.net\/site\/wp-json\/wp\/v2\/posts"}],"about":[{"href":"https:\/\/www.oarcanjo.net\/site\/wp-json\/wp\/v2\/types\/post"}],"author":[{"embeddable":true,"href":"https:\/\/www.oarcanjo.net\/site\/wp-json\/wp\/v2\/users\/14"}],"replies":[{"embeddable":true,"href":"https:\/\/www.oarcanjo.net\/site\/wp-json\/wp\/v2\/comments?post=10817"}],"version-history":[{"count":0,"href":"https:\/\/www.oarcanjo.net\/site\/wp-json\/wp\/v2\/posts\/10817\/revisions"}],"wp:attachment":[{"href":"https:\/\/www.oarcanjo.net\/site\/wp-json\/wp\/v2\/media?parent=10817"}],"wp:term":[{"taxonomy":"category","embeddable":true,"href":"https:\/\/www.oarcanjo.net\/site\/wp-json\/wp\/v2\/categories?post=10817"},{"taxonomy":"post_tag","embeddable":true,"href":"https:\/\/www.oarcanjo.net\/site\/wp-json\/wp\/v2\/tags?post=10817"}],"curies":[{"name":"wp","href":"https:\/\/api.w.org\/{rel}","templated":true}]}}