
{"id":10819,"date":"2017-09-13T00:01:50","date_gmt":"2017-09-13T03:01:50","guid":{"rendered":"http:\/\/www.oarcanjo.net\/site\/?p=10819"},"modified":"2017-07-31T08:28:45","modified_gmt":"2017-07-31T11:28:45","slug":"sao-joao-crisostomo","status":"publish","type":"post","link":"https:\/\/www.oarcanjo.net\/site\/sao-joao-crisostomo\/","title":{"rendered":"S\u00e3o Jo\u00e3o Cris\u00f3stomo"},"content":{"rendered":"<p><img loading=\"lazy\" decoding=\"async\" src=\"http:\/\/4.bp.blogspot.com\/_mtJsQ3STaBg\/R47JqaUeThI\/AAAAAAAAAPw\/IkjAGZxc3IY\/s400\/S%C3%A3o+Jo%C3%A3o+Cris%C3%B3stomo,+Patriarca+de+Constatinopola.jpg\" alt=\"\" width=\"266\" height=\"304\" \/><\/p>\n<p>13 de Setembro<\/p>\n<p>Jo\u00e3o Cris\u00f3stomo foi um grande orador do seu tempo. Todos os escritos dizem que multid\u00f5es se juntavam ao redor do p\u00falpito onde estivesse discursando. Tinha o dom da orat\u00f3ria e muita cultura, uma soma muito valiosa para a prega\u00e7\u00e3o do cristianismo.<\/p>\n<p>Jo\u00e3o nasceu no ano 309, em Antioquia, na S\u00edria, \u00c1sia Menor, procedente de fam\u00edlia muito rica considerada pela sociedade e pelo Estado. Seu pai era comandante de tropas imperiais no Oriente, um cargo que cedo causou sua morte. Mas a sua m\u00e3e, Antusa, piedosa e caridosa, agora santa, providenciou para o filho ser educado pelos maiores mestres do seu tempo, tanto cient\u00edficos quanto religiosos, n\u00e3o prejudicando sua forma\u00e7\u00e3o.<\/p>\n<p>O menino, desde pequeno, j\u00e1 demonstrava a voca\u00e7\u00e3o religiosa, grande intelig\u00eancia e dons especias. S\u00f3 n\u00e3o se tornou eremita no deserto por insist\u00eancia da m\u00e3e. Mas, depois que ela morreu, j\u00e1 conhecido pela sabedoria, prud\u00eancia e pela orat\u00f3ria eloq\u00fcente, foi viver na companhia de um monge no deserto durante quatro anos. Passou mais dois retirado numa gruta sozinho, estudando as Sagradas Escrituras e, ent\u00e3o, considerou-se pronto. Voltou para Antioquia e ordenou-se sacerdote.<\/p>\n<p>Sua cidade vivia a efervesc\u00eancia de uma revolta contra o imperador Teod\u00f3sio I. O povo quebrava est\u00e1tuas do imperador e de membros de sua fam\u00edlia. Teod\u00f3sio, em troca, agia ferozmente contra tudo e contra todos. Membros do senado estavam presos, fam\u00edlias inteiras tinham fugido e o povo s\u00f3 encontrava consolo nos discursos e prega\u00e7\u00f5es de Jo\u00e3o, chamado por eles de Cris\u00f3stomo, isto \u00e9,: &#8220;boca de ouro&#8221;. Tanto que foi o incumbido de dar \u00e0 popula\u00e7\u00e3o a not\u00edcia do perd\u00e3o imperial.<\/p>\n<p>Alguns anos se passaram, a fama do santo s\u00f3 crescia e, quando morreu o bispo de Constantinopla, Jo\u00e3o foi eleito para suced\u00ea-lo. Constantinopla era a grande capital do Imp\u00e9rio Romano, que havia transferido o centro da economia e cultura do mundo de ent\u00e3o para a \u00c1sia Menor. Entretanto para Jo\u00e3o era apenas um local onde o clero estava mais preocupado com os poderes e luxos terrenos do que os espirituais. L\u00e1 reinavam a ambi\u00e7\u00e3o, a avareza, a pol\u00edtica e a corrup\u00e7\u00e3o moral. Como bispo, abandonou, ent\u00e3o, os discursos e disp\u00f4s-se a enfrentar a luta e, como conseq\u00fc\u00eancia, a persegui\u00e7\u00e3o.<\/p>\n<p>Arrumou inimigos tanto entre o clero quanto na Corte. Todos, liderados pela imperatriz Eud\u00f3xia, conseguiram tirar Jo\u00e3o Cris\u00f3stomo do cargo, que foi condenado ao ex\u00edlio. Mas essa expuls\u00e3o da cidade provocou revolta t\u00e3o intensa na popula\u00e7\u00e3o que o bispo foi trazido de volta para reassumir seu cargo. Entretanto, dois meses depois, foi exilado pela segunda vez. Agora, j\u00e1 com a sa\u00fade muito debilitada, ele n\u00e3o resistiu e morreu. Era 14 de setembro de 407.<\/p>\n<p>Sua honra s\u00f3 foi limpa quando morreu a fam\u00edlia imperial e voltou a paz entre o clero na Igreja. O papa ordenou o restabelecimento de sua mem\u00f3ria. O corpo de Jo\u00e3o Cris\u00f3stomo foi trazido de volta a Constantinopla em 438, num longo cortejo em prociss\u00e3o solene. Mais tarde, suas rel\u00edquias foram trasladadas para Roma, onde repousam no Vaticano. Dos seus numerosos escritos destacasse o pequeno livro &#8220;Sobre o sacerd\u00f3cio&#8221;, um cl\u00e1ssico da espiritualidade mon\u00e1stica. S\u00e3o Jo\u00e3o Cris\u00f3stomo \u00e9 venerado um dia antes da data de sua morte, em 13 de setembro, com o t\u00edtulo de doutor da Igreja, sendo considerado um modelo para os oradores cl\u00e9rigos.<\/p>\n<div id=\"themify_builder_content-10819\" data-postid=\"10819\" class=\"themify_builder_content themify_builder_content-10819 themify_builder themify_builder_front\">\n\t<\/div>\n<!-- \/themify_builder_content -->","protected":false},"excerpt":{"rendered":"<p>13 de Setembro Jo\u00e3o Cris\u00f3stomo foi um grande orador do seu tempo. Todos os escritos dizem que multid\u00f5es se juntavam ao redor do p\u00falpito onde estivesse discursando. Tinha o dom da orat\u00f3ria e muita cultura, uma soma muito valiosa para a prega\u00e7\u00e3o do cristianismo. Jo\u00e3o nasceu no ano 309, em Antioquia, na S\u00edria, \u00c1sia Menor, [&hellip;]<\/p>\n","protected":false},"author":14,"featured_media":0,"comment_status":"open","ping_status":"open","sticky":false,"template":"","format":"standard","meta":{"ngg_post_thumbnail":0,"footnotes":""},"categories":[186],"tags":[],"yoast_head":"<!-- This site is optimized with the Yoast SEO plugin v23.5 - https:\/\/yoast.com\/wordpress\/plugins\/seo\/ -->\n<title>S\u00e3o Jo\u00e3o Cris\u00f3stomo - O Arcanjo no ar<\/title>\n<meta name=\"robots\" content=\"index, follow, max-snippet:-1, max-image-preview:large, max-video-preview:-1\" \/>\n<link rel=\"canonical\" href=\"https:\/\/www.oarcanjo.net\/site\/sao-joao-crisostomo\/\" \/>\n<meta property=\"og:locale\" content=\"pt_BR\" \/>\n<meta property=\"og:type\" content=\"article\" \/>\n<meta property=\"og:title\" content=\"S\u00e3o Jo\u00e3o Cris\u00f3stomo - O Arcanjo no ar\" \/>\n<meta property=\"og:description\" content=\"13 de Setembro Jo\u00e3o Cris\u00f3stomo foi um grande orador do seu tempo. Todos os escritos dizem que multid\u00f5es se juntavam ao redor do p\u00falpito onde estivesse discursando. Tinha o dom da orat\u00f3ria e muita cultura, uma soma muito valiosa para a prega\u00e7\u00e3o do cristianismo. Jo\u00e3o nasceu no ano 309, em Antioquia, na S\u00edria, \u00c1sia Menor, [&hellip;]\" \/>\n<meta property=\"og:url\" content=\"https:\/\/www.oarcanjo.net\/site\/sao-joao-crisostomo\/\" \/>\n<meta property=\"og:site_name\" content=\"O Arcanjo no ar\" \/>\n<meta property=\"article:publisher\" content=\"https:\/\/www.facebook.com\/OArcanjoNoAr\/\" \/>\n<meta property=\"article:published_time\" content=\"2017-09-13T03:01:50+00:00\" \/>\n<meta property=\"article:modified_time\" content=\"2017-07-31T11:28:45+00:00\" \/>\n<meta property=\"og:image\" content=\"http:\/\/4.bp.blogspot.com\/_mtJsQ3STaBg\/R47JqaUeThI\/AAAAAAAAAPw\/IkjAGZxc3IY\/s400\/S%C3%A3o+Jo%C3%A3o+Cris%C3%B3stomo,+Patriarca+de+Constatinopola.jpg\" \/>\n<meta name=\"author\" content=\"danilo\" \/>\n<meta name=\"twitter:card\" content=\"summary_large_image\" \/>\n<meta name=\"twitter:label1\" content=\"Escrito por\" \/>\n\t<meta name=\"twitter:data1\" content=\"danilo\" \/>\n\t<meta name=\"twitter:label2\" content=\"Est. tempo de leitura\" \/>\n\t<meta name=\"twitter:data2\" content=\"3 minutos\" \/>\n<script type=\"application\/ld+json\" class=\"yoast-schema-graph\">{\"@context\":\"https:\/\/schema.org\",\"@graph\":[{\"@type\":\"Article\",\"@id\":\"https:\/\/www.oarcanjo.net\/site\/sao-joao-crisostomo\/#article\",\"isPartOf\":{\"@id\":\"https:\/\/www.oarcanjo.net\/site\/sao-joao-crisostomo\/\"},\"author\":{\"name\":\"danilo\",\"@id\":\"https:\/\/www.oarcanjo.net\/site\/#\/schema\/person\/5eb9480bedd2f3c97e430ce128c29c6c\"},\"headline\":\"S\u00e3o Jo\u00e3o Cris\u00f3stomo\",\"datePublished\":\"2017-09-13T03:01:50+00:00\",\"dateModified\":\"2017-07-31T11:28:45+00:00\",\"mainEntityOfPage\":{\"@id\":\"https:\/\/www.oarcanjo.net\/site\/sao-joao-crisostomo\/\"},\"wordCount\":609,\"commentCount\":1,\"publisher\":{\"@id\":\"https:\/\/www.oarcanjo.net\/site\/#organization\"},\"image\":{\"@id\":\"https:\/\/www.oarcanjo.net\/site\/sao-joao-crisostomo\/#primaryimage\"},\"thumbnailUrl\":\"http:\/\/4.bp.blogspot.com\/_mtJsQ3STaBg\/R47JqaUeThI\/AAAAAAAAAPw\/IkjAGZxc3IY\/s400\/S%C3%A3o+Jo%C3%A3o+Cris%C3%B3stomo,+Patriarca+de+Constatinopola.jpg\",\"articleSection\":[\"Testemunhos\"],\"inLanguage\":\"pt-BR\",\"potentialAction\":[{\"@type\":\"CommentAction\",\"name\":\"Comment\",\"target\":[\"https:\/\/www.oarcanjo.net\/site\/sao-joao-crisostomo\/#respond\"]}]},{\"@type\":\"WebPage\",\"@id\":\"https:\/\/www.oarcanjo.net\/site\/sao-joao-crisostomo\/\",\"url\":\"https:\/\/www.oarcanjo.net\/site\/sao-joao-crisostomo\/\",\"name\":\"S\u00e3o Jo\u00e3o Cris\u00f3stomo - O Arcanjo no ar\",\"isPartOf\":{\"@id\":\"https:\/\/www.oarcanjo.net\/site\/#website\"},\"primaryImageOfPage\":{\"@id\":\"https:\/\/www.oarcanjo.net\/site\/sao-joao-crisostomo\/#primaryimage\"},\"image\":{\"@id\":\"https:\/\/www.oarcanjo.net\/site\/sao-joao-crisostomo\/#primaryimage\"},\"thumbnailUrl\":\"http:\/\/4.bp.blogspot.com\/_mtJsQ3STaBg\/R47JqaUeThI\/AAAAAAAAAPw\/IkjAGZxc3IY\/s400\/S%C3%A3o+Jo%C3%A3o+Cris%C3%B3stomo,+Patriarca+de+Constatinopola.jpg\",\"datePublished\":\"2017-09-13T03:01:50+00:00\",\"dateModified\":\"2017-07-31T11:28:45+00:00\",\"breadcrumb\":{\"@id\":\"https:\/\/www.oarcanjo.net\/site\/sao-joao-crisostomo\/#breadcrumb\"},\"inLanguage\":\"pt-BR\",\"potentialAction\":[{\"@type\":\"ReadAction\",\"target\":[\"https:\/\/www.oarcanjo.net\/site\/sao-joao-crisostomo\/\"]}]},{\"@type\":\"ImageObject\",\"inLanguage\":\"pt-BR\",\"@id\":\"https:\/\/www.oarcanjo.net\/site\/sao-joao-crisostomo\/#primaryimage\",\"url\":\"http:\/\/4.bp.blogspot.com\/_mtJsQ3STaBg\/R47JqaUeThI\/AAAAAAAAAPw\/IkjAGZxc3IY\/s400\/S%C3%A3o+Jo%C3%A3o+Cris%C3%B3stomo,+Patriarca+de+Constatinopola.jpg\",\"contentUrl\":\"http:\/\/4.bp.blogspot.com\/_mtJsQ3STaBg\/R47JqaUeThI\/AAAAAAAAAPw\/IkjAGZxc3IY\/s400\/S%C3%A3o+Jo%C3%A3o+Cris%C3%B3stomo,+Patriarca+de+Constatinopola.jpg\"},{\"@type\":\"BreadcrumbList\",\"@id\":\"https:\/\/www.oarcanjo.net\/site\/sao-joao-crisostomo\/#breadcrumb\",\"itemListElement\":[{\"@type\":\"ListItem\",\"position\":1,\"name\":\"In\u00edcio\",\"item\":\"https:\/\/www.oarcanjo.net\/site\/\"},{\"@type\":\"ListItem\",\"position\":2,\"name\":\"S\u00e3o Jo\u00e3o Cris\u00f3stomo\"}]},{\"@type\":\"WebSite\",\"@id\":\"https:\/\/www.oarcanjo.net\/site\/#website\",\"url\":\"https:\/\/www.oarcanjo.net\/site\/\",\"name\":\"O Arcanjo no ar\",\"description\":\"Site da Par\u00f3quia S\u00e3o Miguel Arcanjo (Arquidiocese de SP)\",\"publisher\":{\"@id\":\"https:\/\/www.oarcanjo.net\/site\/#organization\"},\"potentialAction\":[{\"@type\":\"SearchAction\",\"target\":{\"@type\":\"EntryPoint\",\"urlTemplate\":\"https:\/\/www.oarcanjo.net\/site\/?s={search_term_string}\"},\"query-input\":{\"@type\":\"PropertyValueSpecification\",\"valueRequired\":true,\"valueName\":\"search_term_string\"}}],\"inLanguage\":\"pt-BR\"},{\"@type\":\"Organization\",\"@id\":\"https:\/\/www.oarcanjo.net\/site\/#organization\",\"name\":\"Par\u00f3quia S\u00e3o Miguel Arcanjo\",\"url\":\"https:\/\/www.oarcanjo.net\/site\/\",\"logo\":{\"@type\":\"ImageObject\",\"inLanguage\":\"pt-BR\",\"@id\":\"https:\/\/www.oarcanjo.net\/site\/#\/schema\/logo\/image\/\",\"url\":\"https:\/\/www.oarcanjo.net\/site\/wp-content\/uploads\/LogoOArcanjo.png\",\"contentUrl\":\"https:\/\/www.oarcanjo.net\/site\/wp-content\/uploads\/LogoOArcanjo.png\",\"width\":319,\"height\":99,\"caption\":\"Par\u00f3quia S\u00e3o Miguel Arcanjo\"},\"image\":{\"@id\":\"https:\/\/www.oarcanjo.net\/site\/#\/schema\/logo\/image\/\"},\"sameAs\":[\"https:\/\/www.facebook.com\/OArcanjoNoAr\/\"]},{\"@type\":\"Person\",\"@id\":\"https:\/\/www.oarcanjo.net\/site\/#\/schema\/person\/5eb9480bedd2f3c97e430ce128c29c6c\",\"name\":\"danilo\"}]}<\/script>\n<!-- \/ Yoast SEO plugin. -->","yoast_head_json":{"title":"S\u00e3o Jo\u00e3o Cris\u00f3stomo - O Arcanjo no ar","robots":{"index":"index","follow":"follow","max-snippet":"max-snippet:-1","max-image-preview":"max-image-preview:large","max-video-preview":"max-video-preview:-1"},"canonical":"https:\/\/www.oarcanjo.net\/site\/sao-joao-crisostomo\/","og_locale":"pt_BR","og_type":"article","og_title":"S\u00e3o Jo\u00e3o Cris\u00f3stomo - O Arcanjo no ar","og_description":"13 de Setembro Jo\u00e3o Cris\u00f3stomo foi um grande orador do seu tempo. Todos os escritos dizem que multid\u00f5es se juntavam ao redor do p\u00falpito onde estivesse discursando. Tinha o dom da orat\u00f3ria e muita cultura, uma soma muito valiosa para a prega\u00e7\u00e3o do cristianismo. Jo\u00e3o nasceu no ano 309, em Antioquia, na S\u00edria, \u00c1sia Menor, [&hellip;]","og_url":"https:\/\/www.oarcanjo.net\/site\/sao-joao-crisostomo\/","og_site_name":"O Arcanjo no ar","article_publisher":"https:\/\/www.facebook.com\/OArcanjoNoAr\/","article_published_time":"2017-09-13T03:01:50+00:00","article_modified_time":"2017-07-31T11:28:45+00:00","og_image":[{"url":"http:\/\/4.bp.blogspot.com\/_mtJsQ3STaBg\/R47JqaUeThI\/AAAAAAAAAPw\/IkjAGZxc3IY\/s400\/S%C3%A3o+Jo%C3%A3o+Cris%C3%B3stomo,+Patriarca+de+Constatinopola.jpg"}],"author":"danilo","twitter_card":"summary_large_image","twitter_misc":{"Escrito por":"danilo","Est. tempo de leitura":"3 minutos"},"schema":{"@context":"https:\/\/schema.org","@graph":[{"@type":"Article","@id":"https:\/\/www.oarcanjo.net\/site\/sao-joao-crisostomo\/#article","isPartOf":{"@id":"https:\/\/www.oarcanjo.net\/site\/sao-joao-crisostomo\/"},"author":{"name":"danilo","@id":"https:\/\/www.oarcanjo.net\/site\/#\/schema\/person\/5eb9480bedd2f3c97e430ce128c29c6c"},"headline":"S\u00e3o Jo\u00e3o Cris\u00f3stomo","datePublished":"2017-09-13T03:01:50+00:00","dateModified":"2017-07-31T11:28:45+00:00","mainEntityOfPage":{"@id":"https:\/\/www.oarcanjo.net\/site\/sao-joao-crisostomo\/"},"wordCount":609,"commentCount":1,"publisher":{"@id":"https:\/\/www.oarcanjo.net\/site\/#organization"},"image":{"@id":"https:\/\/www.oarcanjo.net\/site\/sao-joao-crisostomo\/#primaryimage"},"thumbnailUrl":"http:\/\/4.bp.blogspot.com\/_mtJsQ3STaBg\/R47JqaUeThI\/AAAAAAAAAPw\/IkjAGZxc3IY\/s400\/S%C3%A3o+Jo%C3%A3o+Cris%C3%B3stomo,+Patriarca+de+Constatinopola.jpg","articleSection":["Testemunhos"],"inLanguage":"pt-BR","potentialAction":[{"@type":"CommentAction","name":"Comment","target":["https:\/\/www.oarcanjo.net\/site\/sao-joao-crisostomo\/#respond"]}]},{"@type":"WebPage","@id":"https:\/\/www.oarcanjo.net\/site\/sao-joao-crisostomo\/","url":"https:\/\/www.oarcanjo.net\/site\/sao-joao-crisostomo\/","name":"S\u00e3o Jo\u00e3o Cris\u00f3stomo - O Arcanjo no ar","isPartOf":{"@id":"https:\/\/www.oarcanjo.net\/site\/#website"},"primaryImageOfPage":{"@id":"https:\/\/www.oarcanjo.net\/site\/sao-joao-crisostomo\/#primaryimage"},"image":{"@id":"https:\/\/www.oarcanjo.net\/site\/sao-joao-crisostomo\/#primaryimage"},"thumbnailUrl":"http:\/\/4.bp.blogspot.com\/_mtJsQ3STaBg\/R47JqaUeThI\/AAAAAAAAAPw\/IkjAGZxc3IY\/s400\/S%C3%A3o+Jo%C3%A3o+Cris%C3%B3stomo,+Patriarca+de+Constatinopola.jpg","datePublished":"2017-09-13T03:01:50+00:00","dateModified":"2017-07-31T11:28:45+00:00","breadcrumb":{"@id":"https:\/\/www.oarcanjo.net\/site\/sao-joao-crisostomo\/#breadcrumb"},"inLanguage":"pt-BR","potentialAction":[{"@type":"ReadAction","target":["https:\/\/www.oarcanjo.net\/site\/sao-joao-crisostomo\/"]}]},{"@type":"ImageObject","inLanguage":"pt-BR","@id":"https:\/\/www.oarcanjo.net\/site\/sao-joao-crisostomo\/#primaryimage","url":"http:\/\/4.bp.blogspot.com\/_mtJsQ3STaBg\/R47JqaUeThI\/AAAAAAAAAPw\/IkjAGZxc3IY\/s400\/S%C3%A3o+Jo%C3%A3o+Cris%C3%B3stomo,+Patriarca+de+Constatinopola.jpg","contentUrl":"http:\/\/4.bp.blogspot.com\/_mtJsQ3STaBg\/R47JqaUeThI\/AAAAAAAAAPw\/IkjAGZxc3IY\/s400\/S%C3%A3o+Jo%C3%A3o+Cris%C3%B3stomo,+Patriarca+de+Constatinopola.jpg"},{"@type":"BreadcrumbList","@id":"https:\/\/www.oarcanjo.net\/site\/sao-joao-crisostomo\/#breadcrumb","itemListElement":[{"@type":"ListItem","position":1,"name":"In\u00edcio","item":"https:\/\/www.oarcanjo.net\/site\/"},{"@type":"ListItem","position":2,"name":"S\u00e3o Jo\u00e3o Cris\u00f3stomo"}]},{"@type":"WebSite","@id":"https:\/\/www.oarcanjo.net\/site\/#website","url":"https:\/\/www.oarcanjo.net\/site\/","name":"O Arcanjo no ar","description":"Site da Par\u00f3quia S\u00e3o Miguel Arcanjo (Arquidiocese de SP)","publisher":{"@id":"https:\/\/www.oarcanjo.net\/site\/#organization"},"potentialAction":[{"@type":"SearchAction","target":{"@type":"EntryPoint","urlTemplate":"https:\/\/www.oarcanjo.net\/site\/?s={search_term_string}"},"query-input":{"@type":"PropertyValueSpecification","valueRequired":true,"valueName":"search_term_string"}}],"inLanguage":"pt-BR"},{"@type":"Organization","@id":"https:\/\/www.oarcanjo.net\/site\/#organization","name":"Par\u00f3quia S\u00e3o Miguel Arcanjo","url":"https:\/\/www.oarcanjo.net\/site\/","logo":{"@type":"ImageObject","inLanguage":"pt-BR","@id":"https:\/\/www.oarcanjo.net\/site\/#\/schema\/logo\/image\/","url":"https:\/\/www.oarcanjo.net\/site\/wp-content\/uploads\/LogoOArcanjo.png","contentUrl":"https:\/\/www.oarcanjo.net\/site\/wp-content\/uploads\/LogoOArcanjo.png","width":319,"height":99,"caption":"Par\u00f3quia S\u00e3o Miguel Arcanjo"},"image":{"@id":"https:\/\/www.oarcanjo.net\/site\/#\/schema\/logo\/image\/"},"sameAs":["https:\/\/www.facebook.com\/OArcanjoNoAr\/"]},{"@type":"Person","@id":"https:\/\/www.oarcanjo.net\/site\/#\/schema\/person\/5eb9480bedd2f3c97e430ce128c29c6c","name":"danilo"}]}},"publishpress_future_action":{"enabled":false,"date":"2026-05-09 01:05:14","action":"category","newStatus":"draft","terms":[],"taxonomy":"category"},"publishpress_future_workflow_manual_trigger":{"enabledWorkflows":[]},"_links":{"self":[{"href":"https:\/\/www.oarcanjo.net\/site\/wp-json\/wp\/v2\/posts\/10819"}],"collection":[{"href":"https:\/\/www.oarcanjo.net\/site\/wp-json\/wp\/v2\/posts"}],"about":[{"href":"https:\/\/www.oarcanjo.net\/site\/wp-json\/wp\/v2\/types\/post"}],"author":[{"embeddable":true,"href":"https:\/\/www.oarcanjo.net\/site\/wp-json\/wp\/v2\/users\/14"}],"replies":[{"embeddable":true,"href":"https:\/\/www.oarcanjo.net\/site\/wp-json\/wp\/v2\/comments?post=10819"}],"version-history":[{"count":0,"href":"https:\/\/www.oarcanjo.net\/site\/wp-json\/wp\/v2\/posts\/10819\/revisions"}],"wp:attachment":[{"href":"https:\/\/www.oarcanjo.net\/site\/wp-json\/wp\/v2\/media?parent=10819"}],"wp:term":[{"taxonomy":"category","embeddable":true,"href":"https:\/\/www.oarcanjo.net\/site\/wp-json\/wp\/v2\/categories?post=10819"},{"taxonomy":"post_tag","embeddable":true,"href":"https:\/\/www.oarcanjo.net\/site\/wp-json\/wp\/v2\/tags?post=10819"}],"curies":[{"name":"wp","href":"https:\/\/api.w.org\/{rel}","templated":true}]}}